
{"id":9541,"date":"2012-07-31T13:57:18","date_gmt":"2012-07-31T11:57:18","guid":{"rendered":"http:\/\/www.blogdelaautoescuela.com\/blog\/?p=9541"},"modified":"2012-07-31T13:57:18","modified_gmt":"2012-07-31T11:57:18","slug":"si-vas-a-francia-con-tu-vehiculo-recuerda-llevar-un-etilometro","status":"publish","type":"post","link":"https:\/\/www.blogdelaautoescuela.com\/blog\/si-vas-a-francia-con-tu-vehiculo-recuerda-llevar-un-etilometro\/","title":{"rendered":"Si vas a Francia con tu veh\u00ed\u00adculo recuerda llevar un etil\u00f3metro"},"content":{"rendered":"<p style=\"text-align: center;\"><img loading=\"lazy\" decoding=\"async\" class=\"size-full wp-image-9542 aligncenter\" title=\"etilometro\" src=\"http:\/\/www.blogdelaautoescuela.com\/blog\/wp-content\/uploads\/2012\/07\/etilometro.jpg\" alt=\"etilometro\" width=\"400\" height=\"300\" \/><\/p>\n<p>Ya est\u00e1 aqu\u00ed\u00ad agosto, el mes de vacaciones por excelencia para la gran parte de los espa\u00f1oles.<\/p>\n<p>Muchos espa\u00f1oles viajar\u00e1n a <strong>Francia<\/strong>, uno de nuestros pa\u00ed\u00adses vecinos, utilizando su propio autom\u00f3vil, y por eso la <strong>Direcci\u00f3n General de Tr\u00e1fico<\/strong>, ha querido recordar que<strong> si viajamos por Francia en nuestro veh\u00ed\u00adculo deberemos llevar de forma obligatoria un etil\u00f3metro homologado<\/strong>, con independencia que sea qu\u00ed\u00admico o electr\u00f3nico.<\/p>\n<p>Desde el pasado <strong>1 de julio de 2012 en Francia ha entrado en vigor una normativa por la que todos los conductores<\/strong>, de cualquier tipo de veh\u00ed\u00adculo, que transiten por sus carreteras, con independencias que sean conductores franceses o extranjeros, <strong>deber\u00e1n llevar obligatoriamente un etil\u00f3metro homologado<\/strong>, la \u00fanica excepci\u00f3n a esta norma son los conductores de ciclomotores de cilindrada inferior o igual a 50cm3 y los conductores de veh\u00ed\u00adculos que est\u00e9n equipados con etil\u00f3metro  antiarranque.<\/p>\n<p>A pesar de que esta normativa ya ha entrado en vigor ahora mismo se encuentra en <strong>periodo de transici\u00f3n, por lo que los agentes no impondr\u00e1n a\u00fan sanciones<\/strong> pero s\u00ed\u00ad que recordar\u00e1n a los conductores la obligatoriedad de cumplir la normativa, a <strong>partir del 1 de noviembre ya se comenzar\u00e1 a multar<\/strong>, y en caso de que las Fuerzas del Orden francesas detecten a alg\u00fan conductor que no lleve el etil\u00f3metro le sancionar\u00e1n con una<strong> multa de 11 euros<\/strong>, que en caso de impago se puede incrementar hasta a los 33 euros.<\/p>\n<p>Recordamos adem\u00e1s que <strong>en Francia es l\u00ed\u00admite el alcohol es aire expirado debe ser menor a 0,25 mg\/l<\/strong>, si se supera esta tasa, hasta los 04 mg\/l se sanciona a los conductores con <strong>135 euros y la prohibci\u00f3n de conducir por suelo franc\u00e9s durante 3 a\u00f1os<\/strong> y<strong> si se supera los 0,4 mg\/l la sanci\u00f3n econ\u00f3mica se incrementa hasta los 4500 euros<\/strong> y se mantiene la prohici\u00f3n de conducir durante 3 a\u00f1os por Francia.<\/p>\n","protected":false},"excerpt":{"rendered":"<p>Ya est\u00e1 aqu\u00ed\u00ad agosto, el mes de vacaciones por excelencia para la gran parte de los espa\u00f1oles. Muchos espa\u00f1oles viajar\u00e1n a Francia, uno de nuestros pa\u00ed\u00adses vecinos, utilizando su propio autom\u00f3vil, y por eso la Direcci\u00f3n General de Tr\u00e1fico, ha querido recordar que si viajamos por Francia en nuestro veh\u00ed\u00adculo deberemos llevar de forma obligatoria [&hellip;]<\/p>\n","protected":false},"author":1,"featured_media":9542,"comment_status":"open","ping_status":"closed","sticky":false,"template":"","format":"standard","meta":{"footnotes":"","jetpack_publicize_message":"","jetpack_publicize_feature_enabled":true,"jetpack_social_post_already_shared":false,"jetpack_social_options":{"image_generator_settings":{"template":"highway","enabled":false},"version":2}},"categories":[12,19],"tags":[83,651,1672,1678],"class_list":["post-9541","post","type-post","status-publish","format-standard","has-post-thumbnail","hentry","category-noticias","category-seguridad-vial","tag-alcohol","tag-francia","tag-noticias","tag-seguridad-vial"],"wppr_data":[],"jetpack_publicize_connections":[],"yoast_head":"<!-- This site is optimized with the Yoast SEO plugin v24.7 - https:\/\/yoast.com\/wordpress\/plugins\/seo\/ -->\n<title>Si vas a Francia con tu veh\u00ed\u00adculo recuerda llevar un etil\u00f3metro<\/title>\n<meta name=\"description\" content=\"Si viajamos por Francia en nuestro veh\u00ed\u00adculo deberemos llevar de forma obligatoria un etil\u00f3metro homologado, con independencia que sea qu\u00ed\u00admico o electr\u00f3nico\" \/>\n<meta name=\"robots\" content=\"index, follow, max-snippet:-1, max-image-preview:large, max-video-preview:-1\" \/>\n<link rel=\"canonical\" href=\"https:\/\/www.blogdelaautoescuela.com\/blog\/si-vas-a-francia-con-tu-vehiculo-recuerda-llevar-un-etilometro\/\" \/>\n<meta property=\"og:locale\" content=\"es_ES\" \/>\n<meta property=\"og:type\" content=\"article\" \/>\n<meta property=\"og:title\" content=\"Si vas a Francia con tu veh\u00ed\u00adculo recuerda llevar un etil\u00f3metro\" \/>\n<meta property=\"og:description\" content=\"Si viajamos por Francia en nuestro veh\u00ed\u00adculo deberemos llevar de forma obligatoria un etil\u00f3metro homologado, con independencia que sea qu\u00ed\u00admico o electr\u00f3nico\" \/>\n<meta property=\"og:url\" content=\"https:\/\/www.blogdelaautoescuela.com\/blog\/si-vas-a-francia-con-tu-vehiculo-recuerda-llevar-un-etilometro\/\" \/>\n<meta property=\"og:site_name\" content=\"Blog de la autoescuela\" \/>\n<meta property=\"article:author\" content=\"https:\/\/www.facebook.com\/blogdelaautoescuela\" \/>\n<meta property=\"article:published_time\" content=\"2012-07-31T11:57:18+00:00\" \/>\n<meta property=\"og:image\" content=\"https:\/\/www.blogdelaautoescuela.com\/blog\/wp-content\/uploads\/2012\/07\/etilometro1.jpg\" \/>\n\t<meta property=\"og:image:width\" content=\"400\" \/>\n\t<meta property=\"og:image:height\" content=\"300\" \/>\n\t<meta property=\"og:image:type\" content=\"image\/jpeg\" \/>\n<meta name=\"author\" content=\"usr_blogauto\" \/>\n<meta name=\"twitter:label1\" content=\"Escrito por\" \/>\n\t<meta name=\"twitter:data1\" content=\"usr_blogauto\" \/>\n\t<meta name=\"twitter:label2\" content=\"Tiempo de lectura\" \/>\n\t<meta name=\"twitter:data2\" content=\"2 minutos\" \/>\n<script type=\"application\/ld+json\" class=\"yoast-schema-graph\">{\"@context\":\"https:\/\/schema.org\",\"@graph\":[{\"@type\":\"WebPage\",\"@id\":\"https:\/\/www.blogdelaautoescuela.com\/blog\/si-vas-a-francia-con-tu-vehiculo-recuerda-llevar-un-etilometro\/\",\"url\":\"https:\/\/www.blogdelaautoescuela.com\/blog\/si-vas-a-francia-con-tu-vehiculo-recuerda-llevar-un-etilometro\/\",\"name\":\"Si vas a Francia con tu veh\u00ed\u00adculo recuerda llevar un etil\u00f3metro\",\"isPartOf\":{\"@id\":\"https:\/\/www.blogdelaautoescuela.com\/blog\/#website\"},\"primaryImageOfPage\":{\"@id\":\"https:\/\/www.blogdelaautoescuela.com\/blog\/si-vas-a-francia-con-tu-vehiculo-recuerda-llevar-un-etilometro\/#primaryimage\"},\"image\":{\"@id\":\"https:\/\/www.blogdelaautoescuela.com\/blog\/si-vas-a-francia-con-tu-vehiculo-recuerda-llevar-un-etilometro\/#primaryimage\"},\"thumbnailUrl\":\"https:\/\/www.blogdelaautoescuela.com\/blog\/wp-content\/uploads\/2012\/07\/etilometro1.jpg\",\"datePublished\":\"2012-07-31T11:57:18+00:00\",\"author\":{\"@id\":\"https:\/\/www.blogdelaautoescuela.com\/blog\/#\/schema\/person\/f209a64ca5dfe74b9acb6317240e792f\"},\"description\":\"Si viajamos por Francia en nuestro veh\u00ed\u00adculo deberemos llevar de forma obligatoria un etil\u00f3metro homologado, con independencia que sea qu\u00ed\u00admico o electr\u00f3nico\",\"breadcrumb\":{\"@id\":\"https:\/\/www.blogdelaautoescuela.com\/blog\/si-vas-a-francia-con-tu-vehiculo-recuerda-llevar-un-etilometro\/#breadcrumb\"},\"inLanguage\":\"es\",\"potentialAction\":[{\"@type\":\"ReadAction\",\"target\":[\"https:\/\/www.blogdelaautoescuela.com\/blog\/si-vas-a-francia-con-tu-vehiculo-recuerda-llevar-un-etilometro\/\"]}]},{\"@type\":\"ImageObject\",\"inLanguage\":\"es\",\"@id\":\"https:\/\/www.blogdelaautoescuela.com\/blog\/si-vas-a-francia-con-tu-vehiculo-recuerda-llevar-un-etilometro\/#primaryimage\",\"url\":\"https:\/\/www.blogdelaautoescuela.com\/blog\/wp-content\/uploads\/2012\/07\/etilometro1.jpg\",\"contentUrl\":\"https:\/\/www.blogdelaautoescuela.com\/blog\/wp-content\/uploads\/2012\/07\/etilometro1.jpg\",\"width\":400,\"height\":300},{\"@type\":\"BreadcrumbList\",\"@id\":\"https:\/\/www.blogdelaautoescuela.com\/blog\/si-vas-a-francia-con-tu-vehiculo-recuerda-llevar-un-etilometro\/#breadcrumb\",\"itemListElement\":[{\"@type\":\"ListItem\",\"position\":1,\"name\":\"Portada\",\"item\":\"https:\/\/www.blogdelaautoescuela.com\/blog\/\"},{\"@type\":\"ListItem\",\"position\":2,\"name\":\"Si vas a Francia con tu veh\u00ed\u00adculo recuerda llevar un etil\u00f3metro\"}]},{\"@type\":\"WebSite\",\"@id\":\"https:\/\/www.blogdelaautoescuela.com\/blog\/#website\",\"url\":\"https:\/\/www.blogdelaautoescuela.com\/blog\/\",\"name\":\"Blog de la autoescuela\",\"description\":\"Noticias sobre autoescuelas y seguridad vial\",\"potentialAction\":[{\"@type\":\"SearchAction\",\"target\":{\"@type\":\"EntryPoint\",\"urlTemplate\":\"https:\/\/www.blogdelaautoescuela.com\/blog\/?s={search_term_string}\"},\"query-input\":{\"@type\":\"PropertyValueSpecification\",\"valueRequired\":true,\"valueName\":\"search_term_string\"}}],\"inLanguage\":\"es\"},{\"@type\":\"Person\",\"@id\":\"https:\/\/www.blogdelaautoescuela.com\/blog\/#\/schema\/person\/f209a64ca5dfe74b9acb6317240e792f\",\"name\":\"usr_blogauto\",\"image\":{\"@type\":\"ImageObject\",\"inLanguage\":\"es\",\"@id\":\"https:\/\/www.blogdelaautoescuela.com\/blog\/#\/schema\/person\/image\/\",\"url\":\"https:\/\/secure.gravatar.com\/avatar\/d3939d4ea521ac8421c86d2980321cc9?s=96&d=mm&r=g\",\"contentUrl\":\"https:\/\/secure.gravatar.com\/avatar\/d3939d4ea521ac8421c86d2980321cc9?s=96&d=mm&r=g\",\"caption\":\"usr_blogauto\"},\"description\":\"Blog dedicado a la conducci\u00f3n, las autoescuelas y la seguridad vial. Est\u00e1 creado por un grupo de profesionales de la formaci\u00f3n vial que comparten inquietudes y experiencias. Aqu\u00ed\u00ad podr\u00e1s encontrar informaci\u00f3n variada sobre el d\u00ed\u00ada a d\u00ed\u00ada de la autoescuela, ex\u00e1menes, test o novedades y consejos para una conducci\u00f3n m\u00e1s segura.\",\"sameAs\":[\"http:\/\/www.blogdelaautoescuela.com\/\",\"https:\/\/www.facebook.com\/blogdelaautoescuela\",\"https:\/\/x.com\/autoescuelas\"],\"url\":\"https:\/\/www.blogdelaautoescuela.com\/blog\/author\/usr_blogauto\/\"}]}<\/script>\n<!-- \/ Yoast SEO plugin. -->","yoast_head_json":{"title":"Si vas a Francia con tu veh\u00ed\u00adculo recuerda llevar un etil\u00f3metro","description":"Si viajamos por Francia en nuestro veh\u00ed\u00adculo deberemos llevar de forma obligatoria un etil\u00f3metro homologado, con independencia que sea qu\u00ed\u00admico o electr\u00f3nico","robots":{"index":"index","follow":"follow","max-snippet":"max-snippet:-1","max-image-preview":"max-image-preview:large","max-video-preview":"max-video-preview:-1"},"canonical":"https:\/\/www.blogdelaautoescuela.com\/blog\/si-vas-a-francia-con-tu-vehiculo-recuerda-llevar-un-etilometro\/","og_locale":"es_ES","og_type":"article","og_title":"Si vas a Francia con tu veh\u00ed\u00adculo recuerda llevar un etil\u00f3metro","og_description":"Si viajamos por Francia en nuestro veh\u00ed\u00adculo deberemos llevar de forma obligatoria un etil\u00f3metro homologado, con independencia que sea qu\u00ed\u00admico o electr\u00f3nico","og_url":"https:\/\/www.blogdelaautoescuela.com\/blog\/si-vas-a-francia-con-tu-vehiculo-recuerda-llevar-un-etilometro\/","og_site_name":"Blog de la autoescuela","article_author":"https:\/\/www.facebook.com\/blogdelaautoescuela","article_published_time":"2012-07-31T11:57:18+00:00","og_image":[{"width":400,"height":300,"url":"https:\/\/www.blogdelaautoescuela.com\/blog\/wp-content\/uploads\/2012\/07\/etilometro1.jpg","type":"image\/jpeg"}],"author":"usr_blogauto","twitter_misc":{"Escrito por":"usr_blogauto","Tiempo de lectura":"2 minutos"},"schema":{"@context":"https:\/\/schema.org","@graph":[{"@type":"WebPage","@id":"https:\/\/www.blogdelaautoescuela.com\/blog\/si-vas-a-francia-con-tu-vehiculo-recuerda-llevar-un-etilometro\/","url":"https:\/\/www.blogdelaautoescuela.com\/blog\/si-vas-a-francia-con-tu-vehiculo-recuerda-llevar-un-etilometro\/","name":"Si vas a Francia con tu veh\u00ed\u00adculo recuerda llevar un etil\u00f3metro","isPartOf":{"@id":"https:\/\/www.blogdelaautoescuela.com\/blog\/#website"},"primaryImageOfPage":{"@id":"https:\/\/www.blogdelaautoescuela.com\/blog\/si-vas-a-francia-con-tu-vehiculo-recuerda-llevar-un-etilometro\/#primaryimage"},"image":{"@id":"https:\/\/www.blogdelaautoescuela.com\/blog\/si-vas-a-francia-con-tu-vehiculo-recuerda-llevar-un-etilometro\/#primaryimage"},"thumbnailUrl":"https:\/\/www.blogdelaautoescuela.com\/blog\/wp-content\/uploads\/2012\/07\/etilometro1.jpg","datePublished":"2012-07-31T11:57:18+00:00","author":{"@id":"https:\/\/www.blogdelaautoescuela.com\/blog\/#\/schema\/person\/f209a64ca5dfe74b9acb6317240e792f"},"description":"Si viajamos por Francia en nuestro veh\u00ed\u00adculo deberemos llevar de forma obligatoria un etil\u00f3metro homologado, con independencia que sea qu\u00ed\u00admico o electr\u00f3nico","breadcrumb":{"@id":"https:\/\/www.blogdelaautoescuela.com\/blog\/si-vas-a-francia-con-tu-vehiculo-recuerda-llevar-un-etilometro\/#breadcrumb"},"inLanguage":"es","potentialAction":[{"@type":"ReadAction","target":["https:\/\/www.blogdelaautoescuela.com\/blog\/si-vas-a-francia-con-tu-vehiculo-recuerda-llevar-un-etilometro\/"]}]},{"@type":"ImageObject","inLanguage":"es","@id":"https:\/\/www.blogdelaautoescuela.com\/blog\/si-vas-a-francia-con-tu-vehiculo-recuerda-llevar-un-etilometro\/#primaryimage","url":"https:\/\/www.blogdelaautoescuela.com\/blog\/wp-content\/uploads\/2012\/07\/etilometro1.jpg","contentUrl":"https:\/\/www.blogdelaautoescuela.com\/blog\/wp-content\/uploads\/2012\/07\/etilometro1.jpg","width":400,"height":300},{"@type":"BreadcrumbList","@id":"https:\/\/www.blogdelaautoescuela.com\/blog\/si-vas-a-francia-con-tu-vehiculo-recuerda-llevar-un-etilometro\/#breadcrumb","itemListElement":[{"@type":"ListItem","position":1,"name":"Portada","item":"https:\/\/www.blogdelaautoescuela.com\/blog\/"},{"@type":"ListItem","position":2,"name":"Si vas a Francia con tu veh\u00ed\u00adculo recuerda llevar un etil\u00f3metro"}]},{"@type":"WebSite","@id":"https:\/\/www.blogdelaautoescuela.com\/blog\/#website","url":"https:\/\/www.blogdelaautoescuela.com\/blog\/","name":"Blog de la autoescuela","description":"Noticias sobre autoescuelas y seguridad vial","potentialAction":[{"@type":"SearchAction","target":{"@type":"EntryPoint","urlTemplate":"https:\/\/www.blogdelaautoescuela.com\/blog\/?s={search_term_string}"},"query-input":{"@type":"PropertyValueSpecification","valueRequired":true,"valueName":"search_term_string"}}],"inLanguage":"es"},{"@type":"Person","@id":"https:\/\/www.blogdelaautoescuela.com\/blog\/#\/schema\/person\/f209a64ca5dfe74b9acb6317240e792f","name":"usr_blogauto","image":{"@type":"ImageObject","inLanguage":"es","@id":"https:\/\/www.blogdelaautoescuela.com\/blog\/#\/schema\/person\/image\/","url":"https:\/\/secure.gravatar.com\/avatar\/d3939d4ea521ac8421c86d2980321cc9?s=96&d=mm&r=g","contentUrl":"https:\/\/secure.gravatar.com\/avatar\/d3939d4ea521ac8421c86d2980321cc9?s=96&d=mm&r=g","caption":"usr_blogauto"},"description":"Blog dedicado a la conducci\u00f3n, las autoescuelas y la seguridad vial. Est\u00e1 creado por un grupo de profesionales de la formaci\u00f3n vial que comparten inquietudes y experiencias. Aqu\u00ed\u00ad podr\u00e1s encontrar informaci\u00f3n variada sobre el d\u00ed\u00ada a d\u00ed\u00ada de la autoescuela, ex\u00e1menes, test o novedades y consejos para una conducci\u00f3n m\u00e1s segura.","sameAs":["http:\/\/www.blogdelaautoescuela.com\/","https:\/\/www.facebook.com\/blogdelaautoescuela","https:\/\/x.com\/autoescuelas"],"url":"https:\/\/www.blogdelaautoescuela.com\/blog\/author\/usr_blogauto\/"}]}},"jetpack_featured_media_url":"https:\/\/www.blogdelaautoescuela.com\/blog\/wp-content\/uploads\/2012\/07\/etilometro1.jpg","_links":{"self":[{"href":"https:\/\/www.blogdelaautoescuela.com\/blog\/wp-json\/wp\/v2\/posts\/9541","targetHints":{"allow":["GET"]}}],"collection":[{"href":"https:\/\/www.blogdelaautoescuela.com\/blog\/wp-json\/wp\/v2\/posts"}],"about":[{"href":"https:\/\/www.blogdelaautoescuela.com\/blog\/wp-json\/wp\/v2\/types\/post"}],"author":[{"embeddable":true,"href":"https:\/\/www.blogdelaautoescuela.com\/blog\/wp-json\/wp\/v2\/users\/1"}],"replies":[{"embeddable":true,"href":"https:\/\/www.blogdelaautoescuela.com\/blog\/wp-json\/wp\/v2\/comments?post=9541"}],"version-history":[{"count":0,"href":"https:\/\/www.blogdelaautoescuela.com\/blog\/wp-json\/wp\/v2\/posts\/9541\/revisions"}],"wp:featuredmedia":[{"embeddable":true,"href":"https:\/\/www.blogdelaautoescuela.com\/blog\/wp-json\/wp\/v2\/media\/9542"}],"wp:attachment":[{"href":"https:\/\/www.blogdelaautoescuela.com\/blog\/wp-json\/wp\/v2\/media?parent=9541"}],"wp:term":[{"taxonomy":"category","embeddable":true,"href":"https:\/\/www.blogdelaautoescuela.com\/blog\/wp-json\/wp\/v2\/categories?post=9541"},{"taxonomy":"post_tag","embeddable":true,"href":"https:\/\/www.blogdelaautoescuela.com\/blog\/wp-json\/wp\/v2\/tags?post=9541"}],"curies":[{"name":"wp","href":"https:\/\/api.w.org\/{rel}","templated":true}]}}