
{"id":9448,"date":"2012-07-04T18:56:26","date_gmt":"2012-07-04T16:56:26","guid":{"rendered":"http:\/\/www.blogdelaautoescuela.com\/blog\/?p=9448"},"modified":"2012-07-04T18:56:26","modified_gmt":"2012-07-04T16:56:26","slug":"como-ven-los-espanoles-los-nuevos-limites-de-velocidad-propuestos","status":"publish","type":"post","link":"https:\/\/www.blogdelaautoescuela.com\/blog\/como-ven-los-espanoles-los-nuevos-limites-de-velocidad-propuestos\/","title":{"rendered":"\u00bfC\u00f3mo ven los espa\u00f1oles los nuevos l\u00ed\u00admites de velocidad propuestos?"},"content":{"rendered":"<p style=\"text-align: center;\"><img loading=\"lazy\" decoding=\"async\" class=\"size-full wp-image-9449 aligncenter\" title=\"senal130\" src=\"http:\/\/www.blogdelaautoescuela.com\/blog\/wp-content\/uploads\/2012\/07\/senal130.gif\" alt=\"senal130\" width=\"400\" height=\"400\" \/><\/p>\n<p>Los conductores espa\u00f1oles est\u00e1n muy contentos con la<strong> propuesta del Gobierno de aumentar a 130 km\/h el l\u00ed\u00admite de velocidad m\u00e1ximo en autopistas y autov\u00ed\u00adas.<\/strong><\/p>\n<p>Seg\u00fan una <strong>encuesta online <\/strong>realizada por la plataforma de veh\u00ed\u00adculos en la red <strong>AutoScout24<\/strong>, <strong>el 73% de los conductores est\u00e1n a favor de que se instaure este nuevo l\u00ed\u00admite de velocidad<\/strong> frente al 27% que considera que aumentar la velocidad permitida puede afectar a la seguridad vial, a pesar que el l\u00ed\u00admite m\u00e1ximo se podr\u00ed\u00ada modificar en funci\u00f3n de las condiciones atmosf\u00e9ricas o de la v\u00ed\u00ada.<\/p>\n<p>La<strong> reducci\u00f3n a 90 km\/h en las v\u00ed\u00adas convencionales<\/strong> no est\u00e1 tambi\u00e9n vista por los encuestados ya que la mayor\u00ed\u00ada, <strong>el 64% opinan que esta reducci\u00f3n de la velocidad permitida se debe \u00fanicamente a motivos recaudatorios.<\/strong><\/p>\n<p>Un 14% de los espa\u00f1oles encuestados cree que la reducci\u00f3n de la velocidad en las carreteras convencionales es para c<strong>ompensar la subida del l\u00ed\u00admite en autov\u00ed\u00adas<\/strong>, mientras que el 10% opina que este cambio <strong>reducir\u00ed\u00ada la siniestralidad<\/strong>.<\/p>\n<p>El 12% de encuestados reparten sus votos en muy variadas posibles razones a esta bajada de la velocidad a 90 km\/h ,mientras que un 4% piensa que la \u00fanica intenci\u00f3n de esta medida es la de &#8220;tocar las narices&#8221;, otro 2% piensa que una cortina de humo para que no se hable de la crisis y un 1% cree que servir\u00e1 para reducir el gasto de combustible.<\/p>\n","protected":false},"excerpt":{"rendered":"<p>Los conductores espa\u00f1oles est\u00e1n muy contentos con la propuesta del Gobierno de aumentar a 130 km\/h el l\u00ed\u00admite de velocidad m\u00e1ximo en autopistas y autov\u00ed\u00adas. Seg\u00fan una encuesta online realizada por la plataforma de veh\u00ed\u00adculos en la red AutoScout24, el 73% de los conductores est\u00e1n a favor de que se instaure este nuevo l\u00ed\u00admite de [&hellip;]<\/p>\n","protected":false},"author":1,"featured_media":9449,"comment_status":"open","ping_status":"closed","sticky":false,"template":"","format":"standard","meta":{"footnotes":"","jetpack_publicize_message":"","jetpack_publicize_feature_enabled":true,"jetpack_social_post_already_shared":false,"jetpack_social_options":{"image_generator_settings":{"template":"highway","enabled":false},"version":2}},"categories":[12,19],"tags":[1672,1678,1360],"class_list":["post-9448","post","type-post","status-publish","format-standard","has-post-thumbnail","hentry","category-noticias","category-seguridad-vial","tag-noticias","tag-seguridad-vial","tag-velocidad"],"wppr_data":[],"jetpack_publicize_connections":[],"yoast_head":"<!-- This site is optimized with the Yoast SEO plugin v24.7 - https:\/\/yoast.com\/wordpress\/plugins\/seo\/ -->\n<title>\u00bfC\u00f3mo ven los espa\u00f1oles los nuevos l\u00ed\u00admites de velocidad propuestos?<\/title>\n<meta name=\"description\" content=\"Los conductores espa\u00f1oles est\u00e1n muy contentos con la propuesta del Gobierno de aumentar a 130 km\/h el l\u00ed\u00admite de velocidad m\u00e1ximo en autopistas y autov\u00ed\u00adas\" \/>\n<meta name=\"robots\" content=\"index, follow, max-snippet:-1, max-image-preview:large, max-video-preview:-1\" \/>\n<link rel=\"canonical\" href=\"https:\/\/www.blogdelaautoescuela.com\/blog\/como-ven-los-espanoles-los-nuevos-limites-de-velocidad-propuestos\/\" \/>\n<meta property=\"og:locale\" content=\"es_ES\" \/>\n<meta property=\"og:type\" content=\"article\" \/>\n<meta property=\"og:title\" content=\"\u00bfC\u00f3mo ven los espa\u00f1oles los nuevos l\u00ed\u00admites de velocidad propuestos?\" \/>\n<meta property=\"og:description\" content=\"Los conductores espa\u00f1oles est\u00e1n muy contentos con la propuesta del Gobierno de aumentar a 130 km\/h el l\u00ed\u00admite de velocidad m\u00e1ximo en autopistas y autov\u00ed\u00adas\" \/>\n<meta property=\"og:url\" content=\"https:\/\/www.blogdelaautoescuela.com\/blog\/como-ven-los-espanoles-los-nuevos-limites-de-velocidad-propuestos\/\" \/>\n<meta property=\"og:site_name\" content=\"Blog de la autoescuela\" \/>\n<meta property=\"article:author\" content=\"https:\/\/www.facebook.com\/blogdelaautoescuela\" \/>\n<meta property=\"article:published_time\" content=\"2012-07-04T16:56:26+00:00\" \/>\n<meta property=\"og:image\" content=\"https:\/\/www.blogdelaautoescuela.com\/blog\/wp-content\/uploads\/2012\/07\/senal1301.gif\" \/>\n\t<meta property=\"og:image:width\" content=\"400\" \/>\n\t<meta property=\"og:image:height\" content=\"400\" \/>\n\t<meta property=\"og:image:type\" content=\"image\/gif\" \/>\n<meta name=\"author\" content=\"usr_blogauto\" \/>\n<meta name=\"twitter:label1\" content=\"Escrito por\" \/>\n\t<meta name=\"twitter:data1\" content=\"usr_blogauto\" \/>\n\t<meta name=\"twitter:label2\" content=\"Tiempo de lectura\" \/>\n\t<meta name=\"twitter:data2\" content=\"1 minuto\" \/>\n<script type=\"application\/ld+json\" class=\"yoast-schema-graph\">{\"@context\":\"https:\/\/schema.org\",\"@graph\":[{\"@type\":\"WebPage\",\"@id\":\"https:\/\/www.blogdelaautoescuela.com\/blog\/como-ven-los-espanoles-los-nuevos-limites-de-velocidad-propuestos\/\",\"url\":\"https:\/\/www.blogdelaautoescuela.com\/blog\/como-ven-los-espanoles-los-nuevos-limites-de-velocidad-propuestos\/\",\"name\":\"\u00bfC\u00f3mo ven los espa\u00f1oles los nuevos l\u00ed\u00admites de velocidad propuestos?\",\"isPartOf\":{\"@id\":\"https:\/\/www.blogdelaautoescuela.com\/blog\/#website\"},\"primaryImageOfPage\":{\"@id\":\"https:\/\/www.blogdelaautoescuela.com\/blog\/como-ven-los-espanoles-los-nuevos-limites-de-velocidad-propuestos\/#primaryimage\"},\"image\":{\"@id\":\"https:\/\/www.blogdelaautoescuela.com\/blog\/como-ven-los-espanoles-los-nuevos-limites-de-velocidad-propuestos\/#primaryimage\"},\"thumbnailUrl\":\"https:\/\/www.blogdelaautoescuela.com\/blog\/wp-content\/uploads\/2012\/07\/senal1301.gif\",\"datePublished\":\"2012-07-04T16:56:26+00:00\",\"author\":{\"@id\":\"https:\/\/www.blogdelaautoescuela.com\/blog\/#\/schema\/person\/f209a64ca5dfe74b9acb6317240e792f\"},\"description\":\"Los conductores espa\u00f1oles est\u00e1n muy contentos con la propuesta del Gobierno de aumentar a 130 km\/h el l\u00ed\u00admite de velocidad m\u00e1ximo en autopistas y autov\u00ed\u00adas\",\"breadcrumb\":{\"@id\":\"https:\/\/www.blogdelaautoescuela.com\/blog\/como-ven-los-espanoles-los-nuevos-limites-de-velocidad-propuestos\/#breadcrumb\"},\"inLanguage\":\"es\",\"potentialAction\":[{\"@type\":\"ReadAction\",\"target\":[\"https:\/\/www.blogdelaautoescuela.com\/blog\/como-ven-los-espanoles-los-nuevos-limites-de-velocidad-propuestos\/\"]}]},{\"@type\":\"ImageObject\",\"inLanguage\":\"es\",\"@id\":\"https:\/\/www.blogdelaautoescuela.com\/blog\/como-ven-los-espanoles-los-nuevos-limites-de-velocidad-propuestos\/#primaryimage\",\"url\":\"https:\/\/www.blogdelaautoescuela.com\/blog\/wp-content\/uploads\/2012\/07\/senal1301.gif\",\"contentUrl\":\"https:\/\/www.blogdelaautoescuela.com\/blog\/wp-content\/uploads\/2012\/07\/senal1301.gif\",\"width\":400,\"height\":400},{\"@type\":\"BreadcrumbList\",\"@id\":\"https:\/\/www.blogdelaautoescuela.com\/blog\/como-ven-los-espanoles-los-nuevos-limites-de-velocidad-propuestos\/#breadcrumb\",\"itemListElement\":[{\"@type\":\"ListItem\",\"position\":1,\"name\":\"Portada\",\"item\":\"https:\/\/www.blogdelaautoescuela.com\/blog\/\"},{\"@type\":\"ListItem\",\"position\":2,\"name\":\"\u00bfC\u00f3mo ven los espa\u00f1oles los nuevos l\u00ed\u00admites de velocidad propuestos?\"}]},{\"@type\":\"WebSite\",\"@id\":\"https:\/\/www.blogdelaautoescuela.com\/blog\/#website\",\"url\":\"https:\/\/www.blogdelaautoescuela.com\/blog\/\",\"name\":\"Blog de la autoescuela\",\"description\":\"Noticias sobre autoescuelas y seguridad vial\",\"potentialAction\":[{\"@type\":\"SearchAction\",\"target\":{\"@type\":\"EntryPoint\",\"urlTemplate\":\"https:\/\/www.blogdelaautoescuela.com\/blog\/?s={search_term_string}\"},\"query-input\":{\"@type\":\"PropertyValueSpecification\",\"valueRequired\":true,\"valueName\":\"search_term_string\"}}],\"inLanguage\":\"es\"},{\"@type\":\"Person\",\"@id\":\"https:\/\/www.blogdelaautoescuela.com\/blog\/#\/schema\/person\/f209a64ca5dfe74b9acb6317240e792f\",\"name\":\"usr_blogauto\",\"image\":{\"@type\":\"ImageObject\",\"inLanguage\":\"es\",\"@id\":\"https:\/\/www.blogdelaautoescuela.com\/blog\/#\/schema\/person\/image\/\",\"url\":\"https:\/\/secure.gravatar.com\/avatar\/d3939d4ea521ac8421c86d2980321cc9?s=96&d=mm&r=g\",\"contentUrl\":\"https:\/\/secure.gravatar.com\/avatar\/d3939d4ea521ac8421c86d2980321cc9?s=96&d=mm&r=g\",\"caption\":\"usr_blogauto\"},\"description\":\"Blog dedicado a la conducci\u00f3n, las autoescuelas y la seguridad vial. Est\u00e1 creado por un grupo de profesionales de la formaci\u00f3n vial que comparten inquietudes y experiencias. Aqu\u00ed\u00ad podr\u00e1s encontrar informaci\u00f3n variada sobre el d\u00ed\u00ada a d\u00ed\u00ada de la autoescuela, ex\u00e1menes, test o novedades y consejos para una conducci\u00f3n m\u00e1s segura.\",\"sameAs\":[\"http:\/\/www.blogdelaautoescuela.com\/\",\"https:\/\/www.facebook.com\/blogdelaautoescuela\",\"https:\/\/x.com\/autoescuelas\"],\"url\":\"https:\/\/www.blogdelaautoescuela.com\/blog\/author\/usr_blogauto\/\"}]}<\/script>\n<!-- \/ Yoast SEO plugin. -->","yoast_head_json":{"title":"\u00bfC\u00f3mo ven los espa\u00f1oles los nuevos l\u00ed\u00admites de velocidad propuestos?","description":"Los conductores espa\u00f1oles est\u00e1n muy contentos con la propuesta del Gobierno de aumentar a 130 km\/h el l\u00ed\u00admite de velocidad m\u00e1ximo en autopistas y autov\u00ed\u00adas","robots":{"index":"index","follow":"follow","max-snippet":"max-snippet:-1","max-image-preview":"max-image-preview:large","max-video-preview":"max-video-preview:-1"},"canonical":"https:\/\/www.blogdelaautoescuela.com\/blog\/como-ven-los-espanoles-los-nuevos-limites-de-velocidad-propuestos\/","og_locale":"es_ES","og_type":"article","og_title":"\u00bfC\u00f3mo ven los espa\u00f1oles los nuevos l\u00ed\u00admites de velocidad propuestos?","og_description":"Los conductores espa\u00f1oles est\u00e1n muy contentos con la propuesta del Gobierno de aumentar a 130 km\/h el l\u00ed\u00admite de velocidad m\u00e1ximo en autopistas y autov\u00ed\u00adas","og_url":"https:\/\/www.blogdelaautoescuela.com\/blog\/como-ven-los-espanoles-los-nuevos-limites-de-velocidad-propuestos\/","og_site_name":"Blog de la autoescuela","article_author":"https:\/\/www.facebook.com\/blogdelaautoescuela","article_published_time":"2012-07-04T16:56:26+00:00","og_image":[{"width":400,"height":400,"url":"https:\/\/www.blogdelaautoescuela.com\/blog\/wp-content\/uploads\/2012\/07\/senal1301.gif","type":"image\/gif"}],"author":"usr_blogauto","twitter_misc":{"Escrito por":"usr_blogauto","Tiempo de lectura":"1 minuto"},"schema":{"@context":"https:\/\/schema.org","@graph":[{"@type":"WebPage","@id":"https:\/\/www.blogdelaautoescuela.com\/blog\/como-ven-los-espanoles-los-nuevos-limites-de-velocidad-propuestos\/","url":"https:\/\/www.blogdelaautoescuela.com\/blog\/como-ven-los-espanoles-los-nuevos-limites-de-velocidad-propuestos\/","name":"\u00bfC\u00f3mo ven los espa\u00f1oles los nuevos l\u00ed\u00admites de velocidad propuestos?","isPartOf":{"@id":"https:\/\/www.blogdelaautoescuela.com\/blog\/#website"},"primaryImageOfPage":{"@id":"https:\/\/www.blogdelaautoescuela.com\/blog\/como-ven-los-espanoles-los-nuevos-limites-de-velocidad-propuestos\/#primaryimage"},"image":{"@id":"https:\/\/www.blogdelaautoescuela.com\/blog\/como-ven-los-espanoles-los-nuevos-limites-de-velocidad-propuestos\/#primaryimage"},"thumbnailUrl":"https:\/\/www.blogdelaautoescuela.com\/blog\/wp-content\/uploads\/2012\/07\/senal1301.gif","datePublished":"2012-07-04T16:56:26+00:00","author":{"@id":"https:\/\/www.blogdelaautoescuela.com\/blog\/#\/schema\/person\/f209a64ca5dfe74b9acb6317240e792f"},"description":"Los conductores espa\u00f1oles est\u00e1n muy contentos con la propuesta del Gobierno de aumentar a 130 km\/h el l\u00ed\u00admite de velocidad m\u00e1ximo en autopistas y autov\u00ed\u00adas","breadcrumb":{"@id":"https:\/\/www.blogdelaautoescuela.com\/blog\/como-ven-los-espanoles-los-nuevos-limites-de-velocidad-propuestos\/#breadcrumb"},"inLanguage":"es","potentialAction":[{"@type":"ReadAction","target":["https:\/\/www.blogdelaautoescuela.com\/blog\/como-ven-los-espanoles-los-nuevos-limites-de-velocidad-propuestos\/"]}]},{"@type":"ImageObject","inLanguage":"es","@id":"https:\/\/www.blogdelaautoescuela.com\/blog\/como-ven-los-espanoles-los-nuevos-limites-de-velocidad-propuestos\/#primaryimage","url":"https:\/\/www.blogdelaautoescuela.com\/blog\/wp-content\/uploads\/2012\/07\/senal1301.gif","contentUrl":"https:\/\/www.blogdelaautoescuela.com\/blog\/wp-content\/uploads\/2012\/07\/senal1301.gif","width":400,"height":400},{"@type":"BreadcrumbList","@id":"https:\/\/www.blogdelaautoescuela.com\/blog\/como-ven-los-espanoles-los-nuevos-limites-de-velocidad-propuestos\/#breadcrumb","itemListElement":[{"@type":"ListItem","position":1,"name":"Portada","item":"https:\/\/www.blogdelaautoescuela.com\/blog\/"},{"@type":"ListItem","position":2,"name":"\u00bfC\u00f3mo ven los espa\u00f1oles los nuevos l\u00ed\u00admites de velocidad propuestos?"}]},{"@type":"WebSite","@id":"https:\/\/www.blogdelaautoescuela.com\/blog\/#website","url":"https:\/\/www.blogdelaautoescuela.com\/blog\/","name":"Blog de la autoescuela","description":"Noticias sobre autoescuelas y seguridad vial","potentialAction":[{"@type":"SearchAction","target":{"@type":"EntryPoint","urlTemplate":"https:\/\/www.blogdelaautoescuela.com\/blog\/?s={search_term_string}"},"query-input":{"@type":"PropertyValueSpecification","valueRequired":true,"valueName":"search_term_string"}}],"inLanguage":"es"},{"@type":"Person","@id":"https:\/\/www.blogdelaautoescuela.com\/blog\/#\/schema\/person\/f209a64ca5dfe74b9acb6317240e792f","name":"usr_blogauto","image":{"@type":"ImageObject","inLanguage":"es","@id":"https:\/\/www.blogdelaautoescuela.com\/blog\/#\/schema\/person\/image\/","url":"https:\/\/secure.gravatar.com\/avatar\/d3939d4ea521ac8421c86d2980321cc9?s=96&d=mm&r=g","contentUrl":"https:\/\/secure.gravatar.com\/avatar\/d3939d4ea521ac8421c86d2980321cc9?s=96&d=mm&r=g","caption":"usr_blogauto"},"description":"Blog dedicado a la conducci\u00f3n, las autoescuelas y la seguridad vial. Est\u00e1 creado por un grupo de profesionales de la formaci\u00f3n vial que comparten inquietudes y experiencias. Aqu\u00ed\u00ad podr\u00e1s encontrar informaci\u00f3n variada sobre el d\u00ed\u00ada a d\u00ed\u00ada de la autoescuela, ex\u00e1menes, test o novedades y consejos para una conducci\u00f3n m\u00e1s segura.","sameAs":["http:\/\/www.blogdelaautoescuela.com\/","https:\/\/www.facebook.com\/blogdelaautoescuela","https:\/\/x.com\/autoescuelas"],"url":"https:\/\/www.blogdelaautoescuela.com\/blog\/author\/usr_blogauto\/"}]}},"jetpack_featured_media_url":"https:\/\/www.blogdelaautoescuela.com\/blog\/wp-content\/uploads\/2012\/07\/senal1301.gif","_links":{"self":[{"href":"https:\/\/www.blogdelaautoescuela.com\/blog\/wp-json\/wp\/v2\/posts\/9448","targetHints":{"allow":["GET"]}}],"collection":[{"href":"https:\/\/www.blogdelaautoescuela.com\/blog\/wp-json\/wp\/v2\/posts"}],"about":[{"href":"https:\/\/www.blogdelaautoescuela.com\/blog\/wp-json\/wp\/v2\/types\/post"}],"author":[{"embeddable":true,"href":"https:\/\/www.blogdelaautoescuela.com\/blog\/wp-json\/wp\/v2\/users\/1"}],"replies":[{"embeddable":true,"href":"https:\/\/www.blogdelaautoescuela.com\/blog\/wp-json\/wp\/v2\/comments?post=9448"}],"version-history":[{"count":0,"href":"https:\/\/www.blogdelaautoescuela.com\/blog\/wp-json\/wp\/v2\/posts\/9448\/revisions"}],"wp:featuredmedia":[{"embeddable":true,"href":"https:\/\/www.blogdelaautoescuela.com\/blog\/wp-json\/wp\/v2\/media\/9449"}],"wp:attachment":[{"href":"https:\/\/www.blogdelaautoescuela.com\/blog\/wp-json\/wp\/v2\/media?parent=9448"}],"wp:term":[{"taxonomy":"category","embeddable":true,"href":"https:\/\/www.blogdelaautoescuela.com\/blog\/wp-json\/wp\/v2\/categories?post=9448"},{"taxonomy":"post_tag","embeddable":true,"href":"https:\/\/www.blogdelaautoescuela.com\/blog\/wp-json\/wp\/v2\/tags?post=9448"}],"curies":[{"name":"wp","href":"https:\/\/api.w.org\/{rel}","templated":true}]}}