
{"id":9423,"date":"2012-06-27T17:38:37","date_gmt":"2012-06-27T15:38:37","guid":{"rendered":"http:\/\/www.blogdelaautoescuela.com\/blog\/?p=9423"},"modified":"2012-06-27T17:38:37","modified_gmt":"2012-06-27T15:38:37","slug":"las-carreteras-la-iluminacion-y-los-accidentes-de-trafico","status":"publish","type":"post","link":"https:\/\/www.blogdelaautoescuela.com\/blog\/las-carreteras-la-iluminacion-y-los-accidentes-de-trafico\/","title":{"rendered":"Las carreteras, la iluminaci\u00f3n y los accidentes de tr\u00e1fico"},"content":{"rendered":"<p style=\"text-align: center;\"><img loading=\"lazy\" decoding=\"async\" class=\"alignnone size-full wp-image-9424\" title=\"carretera oscura\" src=\"http:\/\/www.blogdelaautoescuela.com\/blog\/wp-content\/uploads\/2012\/06\/carretera-oscura.jpg\" alt=\"carretera oscura\" width=\"400\" height=\"319\" \/><\/p>\n<p>Cada vez es m\u00e1s habitual ver <strong>carreteras sin iluminaci\u00f3n<\/strong>, pero&#8230; \u00bfte parece importante que las carreteras est\u00e9n iluminadas para <strong>reducir los accidentes de tr\u00e1fico<\/strong>?<\/p>\n<p>Un estudio de la <strong>Asociaci\u00f3n Espa\u00f1ola de la Carretera<\/strong> demuestra la <strong>relaci\u00f3n entre la falta de iluminaci\u00f3n de las carreteras y los accidentes<\/strong>, seg\u00fan los datos del estudio durante el 2010 el 17% de los accidentes con v\u00ed\u00adctimas que se produjeron tuvieron lugar de noche en v\u00ed\u00adas sin iluminar, de hecho durante el 2010 432 personas perdieron la vida en accidentes en los que detectaba la falta de iluminaci\u00f3n.<\/p>\n<p>Durante el a\u00f1o estudiado se produjeron un <strong>total 85.503 accidentes con v\u00ed\u00adctimas y de ellos el 30% se  produjo durante la noche y el crep\u00fasculo<\/strong> y, un <strong>20% se registr\u00f3  en v\u00ed\u00adas que carec\u00ed\u00adan de iluminaci\u00f3n.<\/strong><\/p>\n<p>Adem\u00e1s el 22% de los fallecidos y el 16% de los heridos graves en accidentes producidos en v\u00ed\u00adas interurbanas fueron en tramos sin iluminar.<\/p>\n<p>Una de las consecuencias de la crisis es que se est\u00e1n llevando <strong>apagones en las carreteras para ahorrar gastos<\/strong>, estos apagones quiz\u00e1 son necesarios pero <strong>Alfredo Berges, director general del ANFALUM<\/strong>, hace un llamamiento para que esos apagones se lleven a cabo siguiendo un<strong> criterio profesional y tras hacerse un an\u00e1lisis por especialistas<\/strong> para que no se perjudique la seguridad de esas v\u00ed\u00adas.<\/p>\n","protected":false},"excerpt":{"rendered":"<p>Cada vez es m\u00e1s habitual ver carreteras sin iluminaci\u00f3n, pero&#8230; \u00bfte parece importante que las carreteras est\u00e9n iluminadas para reducir los accidentes de tr\u00e1fico? Un estudio de la Asociaci\u00f3n Espa\u00f1ola de la Carretera demuestra la relaci\u00f3n entre la falta de iluminaci\u00f3n de las carreteras y los accidentes, seg\u00fan los datos del estudio durante el 2010 [&hellip;]<\/p>\n","protected":false},"author":1,"featured_media":9424,"comment_status":"open","ping_status":"closed","sticky":false,"template":"","format":"standard","meta":{"footnotes":"","jetpack_publicize_message":"","jetpack_publicize_feature_enabled":true,"jetpack_social_post_already_shared":false,"jetpack_social_options":{"image_generator_settings":{"template":"highway","enabled":false},"version":2}},"categories":[12,19],"tags":[50,276,1672,1678],"class_list":["post-9423","post","type-post","status-publish","format-standard","has-post-thumbnail","hentry","category-noticias","category-seguridad-vial","tag-accidentes","tag-carreteras","tag-noticias","tag-seguridad-vial"],"wppr_data":[],"jetpack_publicize_connections":[],"yoast_head":"<!-- This site is optimized with the Yoast SEO plugin v24.7 - https:\/\/yoast.com\/wordpress\/plugins\/seo\/ -->\n<title>Las carreteras, la iluminaci\u00f3n y los accidentes de tr\u00e1fico<\/title>\n<meta name=\"description\" content=\"Un estudio de la Asociaci\u00f3n Espa\u00f1ola de la Carretera demuestra la relaci\u00f3n entre la falta de iluminaci\u00f3n de las carreteras y los accidentes\" \/>\n<meta name=\"robots\" content=\"index, follow, max-snippet:-1, max-image-preview:large, max-video-preview:-1\" \/>\n<link rel=\"canonical\" href=\"https:\/\/www.blogdelaautoescuela.com\/blog\/las-carreteras-la-iluminacion-y-los-accidentes-de-trafico\/\" \/>\n<meta property=\"og:locale\" content=\"es_ES\" \/>\n<meta property=\"og:type\" content=\"article\" \/>\n<meta property=\"og:title\" content=\"Las carreteras, la iluminaci\u00f3n y los accidentes de tr\u00e1fico\" \/>\n<meta property=\"og:description\" content=\"Un estudio de la Asociaci\u00f3n Espa\u00f1ola de la Carretera demuestra la relaci\u00f3n entre la falta de iluminaci\u00f3n de las carreteras y los accidentes\" \/>\n<meta property=\"og:url\" content=\"https:\/\/www.blogdelaautoescuela.com\/blog\/las-carreteras-la-iluminacion-y-los-accidentes-de-trafico\/\" \/>\n<meta property=\"og:site_name\" content=\"Blog de la autoescuela\" \/>\n<meta property=\"article:author\" content=\"https:\/\/www.facebook.com\/blogdelaautoescuela\" \/>\n<meta property=\"article:published_time\" content=\"2012-06-27T15:38:37+00:00\" \/>\n<meta property=\"og:image\" content=\"https:\/\/www.blogdelaautoescuela.com\/blog\/wp-content\/uploads\/2012\/06\/carretera-oscura1.jpg\" \/>\n\t<meta property=\"og:image:width\" content=\"400\" \/>\n\t<meta property=\"og:image:height\" content=\"319\" \/>\n\t<meta property=\"og:image:type\" content=\"image\/jpeg\" \/>\n<meta name=\"author\" content=\"usr_blogauto\" \/>\n<meta name=\"twitter:label1\" content=\"Escrito por\" \/>\n\t<meta name=\"twitter:data1\" content=\"usr_blogauto\" \/>\n\t<meta name=\"twitter:label2\" content=\"Tiempo de lectura\" \/>\n\t<meta name=\"twitter:data2\" content=\"1 minuto\" \/>\n<script type=\"application\/ld+json\" class=\"yoast-schema-graph\">{\"@context\":\"https:\/\/schema.org\",\"@graph\":[{\"@type\":\"WebPage\",\"@id\":\"https:\/\/www.blogdelaautoescuela.com\/blog\/las-carreteras-la-iluminacion-y-los-accidentes-de-trafico\/\",\"url\":\"https:\/\/www.blogdelaautoescuela.com\/blog\/las-carreteras-la-iluminacion-y-los-accidentes-de-trafico\/\",\"name\":\"Las carreteras, la iluminaci\u00f3n y los accidentes de tr\u00e1fico\",\"isPartOf\":{\"@id\":\"https:\/\/www.blogdelaautoescuela.com\/blog\/#website\"},\"primaryImageOfPage\":{\"@id\":\"https:\/\/www.blogdelaautoescuela.com\/blog\/las-carreteras-la-iluminacion-y-los-accidentes-de-trafico\/#primaryimage\"},\"image\":{\"@id\":\"https:\/\/www.blogdelaautoescuela.com\/blog\/las-carreteras-la-iluminacion-y-los-accidentes-de-trafico\/#primaryimage\"},\"thumbnailUrl\":\"https:\/\/www.blogdelaautoescuela.com\/blog\/wp-content\/uploads\/2012\/06\/carretera-oscura1.jpg\",\"datePublished\":\"2012-06-27T15:38:37+00:00\",\"author\":{\"@id\":\"https:\/\/www.blogdelaautoescuela.com\/blog\/#\/schema\/person\/f209a64ca5dfe74b9acb6317240e792f\"},\"description\":\"Un estudio de la Asociaci\u00f3n Espa\u00f1ola de la Carretera demuestra la relaci\u00f3n entre la falta de iluminaci\u00f3n de las carreteras y los accidentes\",\"breadcrumb\":{\"@id\":\"https:\/\/www.blogdelaautoescuela.com\/blog\/las-carreteras-la-iluminacion-y-los-accidentes-de-trafico\/#breadcrumb\"},\"inLanguage\":\"es\",\"potentialAction\":[{\"@type\":\"ReadAction\",\"target\":[\"https:\/\/www.blogdelaautoescuela.com\/blog\/las-carreteras-la-iluminacion-y-los-accidentes-de-trafico\/\"]}]},{\"@type\":\"ImageObject\",\"inLanguage\":\"es\",\"@id\":\"https:\/\/www.blogdelaautoescuela.com\/blog\/las-carreteras-la-iluminacion-y-los-accidentes-de-trafico\/#primaryimage\",\"url\":\"https:\/\/www.blogdelaautoescuela.com\/blog\/wp-content\/uploads\/2012\/06\/carretera-oscura1.jpg\",\"contentUrl\":\"https:\/\/www.blogdelaautoescuela.com\/blog\/wp-content\/uploads\/2012\/06\/carretera-oscura1.jpg\",\"width\":400,\"height\":319},{\"@type\":\"BreadcrumbList\",\"@id\":\"https:\/\/www.blogdelaautoescuela.com\/blog\/las-carreteras-la-iluminacion-y-los-accidentes-de-trafico\/#breadcrumb\",\"itemListElement\":[{\"@type\":\"ListItem\",\"position\":1,\"name\":\"Portada\",\"item\":\"https:\/\/www.blogdelaautoescuela.com\/blog\/\"},{\"@type\":\"ListItem\",\"position\":2,\"name\":\"Las carreteras, la iluminaci\u00f3n y los accidentes de tr\u00e1fico\"}]},{\"@type\":\"WebSite\",\"@id\":\"https:\/\/www.blogdelaautoescuela.com\/blog\/#website\",\"url\":\"https:\/\/www.blogdelaautoescuela.com\/blog\/\",\"name\":\"Blog de la autoescuela\",\"description\":\"Noticias sobre autoescuelas y seguridad vial\",\"potentialAction\":[{\"@type\":\"SearchAction\",\"target\":{\"@type\":\"EntryPoint\",\"urlTemplate\":\"https:\/\/www.blogdelaautoescuela.com\/blog\/?s={search_term_string}\"},\"query-input\":{\"@type\":\"PropertyValueSpecification\",\"valueRequired\":true,\"valueName\":\"search_term_string\"}}],\"inLanguage\":\"es\"},{\"@type\":\"Person\",\"@id\":\"https:\/\/www.blogdelaautoescuela.com\/blog\/#\/schema\/person\/f209a64ca5dfe74b9acb6317240e792f\",\"name\":\"usr_blogauto\",\"image\":{\"@type\":\"ImageObject\",\"inLanguage\":\"es\",\"@id\":\"https:\/\/www.blogdelaautoescuela.com\/blog\/#\/schema\/person\/image\/\",\"url\":\"https:\/\/secure.gravatar.com\/avatar\/d3939d4ea521ac8421c86d2980321cc9?s=96&d=mm&r=g\",\"contentUrl\":\"https:\/\/secure.gravatar.com\/avatar\/d3939d4ea521ac8421c86d2980321cc9?s=96&d=mm&r=g\",\"caption\":\"usr_blogauto\"},\"description\":\"Blog dedicado a la conducci\u00f3n, las autoescuelas y la seguridad vial. Est\u00e1 creado por un grupo de profesionales de la formaci\u00f3n vial que comparten inquietudes y experiencias. Aqu\u00ed\u00ad podr\u00e1s encontrar informaci\u00f3n variada sobre el d\u00ed\u00ada a d\u00ed\u00ada de la autoescuela, ex\u00e1menes, test o novedades y consejos para una conducci\u00f3n m\u00e1s segura.\",\"sameAs\":[\"http:\/\/www.blogdelaautoescuela.com\/\",\"https:\/\/www.facebook.com\/blogdelaautoescuela\",\"https:\/\/x.com\/autoescuelas\"],\"url\":\"https:\/\/www.blogdelaautoescuela.com\/blog\/author\/usr_blogauto\/\"}]}<\/script>\n<!-- \/ Yoast SEO plugin. -->","yoast_head_json":{"title":"Las carreteras, la iluminaci\u00f3n y los accidentes de tr\u00e1fico","description":"Un estudio de la Asociaci\u00f3n Espa\u00f1ola de la Carretera demuestra la relaci\u00f3n entre la falta de iluminaci\u00f3n de las carreteras y los accidentes","robots":{"index":"index","follow":"follow","max-snippet":"max-snippet:-1","max-image-preview":"max-image-preview:large","max-video-preview":"max-video-preview:-1"},"canonical":"https:\/\/www.blogdelaautoescuela.com\/blog\/las-carreteras-la-iluminacion-y-los-accidentes-de-trafico\/","og_locale":"es_ES","og_type":"article","og_title":"Las carreteras, la iluminaci\u00f3n y los accidentes de tr\u00e1fico","og_description":"Un estudio de la Asociaci\u00f3n Espa\u00f1ola de la Carretera demuestra la relaci\u00f3n entre la falta de iluminaci\u00f3n de las carreteras y los accidentes","og_url":"https:\/\/www.blogdelaautoescuela.com\/blog\/las-carreteras-la-iluminacion-y-los-accidentes-de-trafico\/","og_site_name":"Blog de la autoescuela","article_author":"https:\/\/www.facebook.com\/blogdelaautoescuela","article_published_time":"2012-06-27T15:38:37+00:00","og_image":[{"width":400,"height":319,"url":"https:\/\/www.blogdelaautoescuela.com\/blog\/wp-content\/uploads\/2012\/06\/carretera-oscura1.jpg","type":"image\/jpeg"}],"author":"usr_blogauto","twitter_misc":{"Escrito por":"usr_blogauto","Tiempo de lectura":"1 minuto"},"schema":{"@context":"https:\/\/schema.org","@graph":[{"@type":"WebPage","@id":"https:\/\/www.blogdelaautoescuela.com\/blog\/las-carreteras-la-iluminacion-y-los-accidentes-de-trafico\/","url":"https:\/\/www.blogdelaautoescuela.com\/blog\/las-carreteras-la-iluminacion-y-los-accidentes-de-trafico\/","name":"Las carreteras, la iluminaci\u00f3n y los accidentes de tr\u00e1fico","isPartOf":{"@id":"https:\/\/www.blogdelaautoescuela.com\/blog\/#website"},"primaryImageOfPage":{"@id":"https:\/\/www.blogdelaautoescuela.com\/blog\/las-carreteras-la-iluminacion-y-los-accidentes-de-trafico\/#primaryimage"},"image":{"@id":"https:\/\/www.blogdelaautoescuela.com\/blog\/las-carreteras-la-iluminacion-y-los-accidentes-de-trafico\/#primaryimage"},"thumbnailUrl":"https:\/\/www.blogdelaautoescuela.com\/blog\/wp-content\/uploads\/2012\/06\/carretera-oscura1.jpg","datePublished":"2012-06-27T15:38:37+00:00","author":{"@id":"https:\/\/www.blogdelaautoescuela.com\/blog\/#\/schema\/person\/f209a64ca5dfe74b9acb6317240e792f"},"description":"Un estudio de la Asociaci\u00f3n Espa\u00f1ola de la Carretera demuestra la relaci\u00f3n entre la falta de iluminaci\u00f3n de las carreteras y los accidentes","breadcrumb":{"@id":"https:\/\/www.blogdelaautoescuela.com\/blog\/las-carreteras-la-iluminacion-y-los-accidentes-de-trafico\/#breadcrumb"},"inLanguage":"es","potentialAction":[{"@type":"ReadAction","target":["https:\/\/www.blogdelaautoescuela.com\/blog\/las-carreteras-la-iluminacion-y-los-accidentes-de-trafico\/"]}]},{"@type":"ImageObject","inLanguage":"es","@id":"https:\/\/www.blogdelaautoescuela.com\/blog\/las-carreteras-la-iluminacion-y-los-accidentes-de-trafico\/#primaryimage","url":"https:\/\/www.blogdelaautoescuela.com\/blog\/wp-content\/uploads\/2012\/06\/carretera-oscura1.jpg","contentUrl":"https:\/\/www.blogdelaautoescuela.com\/blog\/wp-content\/uploads\/2012\/06\/carretera-oscura1.jpg","width":400,"height":319},{"@type":"BreadcrumbList","@id":"https:\/\/www.blogdelaautoescuela.com\/blog\/las-carreteras-la-iluminacion-y-los-accidentes-de-trafico\/#breadcrumb","itemListElement":[{"@type":"ListItem","position":1,"name":"Portada","item":"https:\/\/www.blogdelaautoescuela.com\/blog\/"},{"@type":"ListItem","position":2,"name":"Las carreteras, la iluminaci\u00f3n y los accidentes de tr\u00e1fico"}]},{"@type":"WebSite","@id":"https:\/\/www.blogdelaautoescuela.com\/blog\/#website","url":"https:\/\/www.blogdelaautoescuela.com\/blog\/","name":"Blog de la autoescuela","description":"Noticias sobre autoescuelas y seguridad vial","potentialAction":[{"@type":"SearchAction","target":{"@type":"EntryPoint","urlTemplate":"https:\/\/www.blogdelaautoescuela.com\/blog\/?s={search_term_string}"},"query-input":{"@type":"PropertyValueSpecification","valueRequired":true,"valueName":"search_term_string"}}],"inLanguage":"es"},{"@type":"Person","@id":"https:\/\/www.blogdelaautoescuela.com\/blog\/#\/schema\/person\/f209a64ca5dfe74b9acb6317240e792f","name":"usr_blogauto","image":{"@type":"ImageObject","inLanguage":"es","@id":"https:\/\/www.blogdelaautoescuela.com\/blog\/#\/schema\/person\/image\/","url":"https:\/\/secure.gravatar.com\/avatar\/d3939d4ea521ac8421c86d2980321cc9?s=96&d=mm&r=g","contentUrl":"https:\/\/secure.gravatar.com\/avatar\/d3939d4ea521ac8421c86d2980321cc9?s=96&d=mm&r=g","caption":"usr_blogauto"},"description":"Blog dedicado a la conducci\u00f3n, las autoescuelas y la seguridad vial. Est\u00e1 creado por un grupo de profesionales de la formaci\u00f3n vial que comparten inquietudes y experiencias. Aqu\u00ed\u00ad podr\u00e1s encontrar informaci\u00f3n variada sobre el d\u00ed\u00ada a d\u00ed\u00ada de la autoescuela, ex\u00e1menes, test o novedades y consejos para una conducci\u00f3n m\u00e1s segura.","sameAs":["http:\/\/www.blogdelaautoescuela.com\/","https:\/\/www.facebook.com\/blogdelaautoescuela","https:\/\/x.com\/autoescuelas"],"url":"https:\/\/www.blogdelaautoescuela.com\/blog\/author\/usr_blogauto\/"}]}},"jetpack_featured_media_url":"https:\/\/www.blogdelaautoescuela.com\/blog\/wp-content\/uploads\/2012\/06\/carretera-oscura1.jpg","_links":{"self":[{"href":"https:\/\/www.blogdelaautoescuela.com\/blog\/wp-json\/wp\/v2\/posts\/9423","targetHints":{"allow":["GET"]}}],"collection":[{"href":"https:\/\/www.blogdelaautoescuela.com\/blog\/wp-json\/wp\/v2\/posts"}],"about":[{"href":"https:\/\/www.blogdelaautoescuela.com\/blog\/wp-json\/wp\/v2\/types\/post"}],"author":[{"embeddable":true,"href":"https:\/\/www.blogdelaautoescuela.com\/blog\/wp-json\/wp\/v2\/users\/1"}],"replies":[{"embeddable":true,"href":"https:\/\/www.blogdelaautoescuela.com\/blog\/wp-json\/wp\/v2\/comments?post=9423"}],"version-history":[{"count":0,"href":"https:\/\/www.blogdelaautoescuela.com\/blog\/wp-json\/wp\/v2\/posts\/9423\/revisions"}],"wp:featuredmedia":[{"embeddable":true,"href":"https:\/\/www.blogdelaautoescuela.com\/blog\/wp-json\/wp\/v2\/media\/9424"}],"wp:attachment":[{"href":"https:\/\/www.blogdelaautoescuela.com\/blog\/wp-json\/wp\/v2\/media?parent=9423"}],"wp:term":[{"taxonomy":"category","embeddable":true,"href":"https:\/\/www.blogdelaautoescuela.com\/blog\/wp-json\/wp\/v2\/categories?post=9423"},{"taxonomy":"post_tag","embeddable":true,"href":"https:\/\/www.blogdelaautoescuela.com\/blog\/wp-json\/wp\/v2\/tags?post=9423"}],"curies":[{"name":"wp","href":"https:\/\/api.w.org\/{rel}","templated":true}]}}