
{"id":9363,"date":"2012-06-19T17:20:33","date_gmt":"2012-06-19T15:20:33","guid":{"rendered":"http:\/\/www.blogdelaautoescuela.com\/blog\/?p=9363"},"modified":"2012-06-19T17:20:33","modified_gmt":"2012-06-19T15:20:33","slug":"en-barcelona-van-a-velar-por-la-seguridad-de-los-peatones","status":"publish","type":"post","link":"https:\/\/www.blogdelaautoescuela.com\/blog\/en-barcelona-van-a-velar-por-la-seguridad-de-los-peatones\/","title":{"rendered":"En Barcelona van a velar por la seguridad de los peatones"},"content":{"rendered":"<div><\/div>\n<p style=\"text-align: center;\"><img loading=\"lazy\" decoding=\"async\" class=\"alignnone size-full wp-image-2792\" title=\"paso de peatones\" src=\"http:\/\/www.blogdelaautoescuela.com\/blog\/wp-content\/uploads\/2009\/12\/paso-peatones.jpg\" alt=\"paso de peatones\" width=\"400\" height=\"264\" \/><\/p>\n<div>Ya hemos comentado en muchas ocasiones que los <strong>peatones son unos de los colectivos m\u00e1s d\u00e9biles en la seguridad vial<\/strong>, por eso tratar de<strong> evitar atropellos<\/strong> es fundamental.<\/div>\n<div><\/div>\n<div>Durante el 2011 murieron en Barcelona 31 personas en  accidentes de  tr\u00e1fico, de las cuales <strong>13 eran peatones<\/strong>,<strong> y en los cinco  primeros meses  del 2012 ya han perdido la vida 10 peatones<\/strong>,\u00a0 el doble de los que perecieron en la misma fecha del a\u00f1o pasado, por eso en la ciudad Condal han decido tomar cartas en el asunto.<\/div>\n<div><\/div>\n<div>Para tratar de <strong>reducir la alta siniestralidad entre los peatones<\/strong> en Barcelona se van a <strong>revisar sus m\u00e1s de 15.000 pasos para peatones<\/strong>, adem\u00e1s la Guardia Urbana reforzar\u00e1 tambi\u00e9n el <strong>control  de la velocidad<\/strong> en general, y en las zonas 30 en particular, y aumentar\u00e1  esfuerzos en garantizar el cumplimiento de la <strong>preferencia de paso <\/strong>en  los pasos de peatones.<\/div>\n<div><\/div>\n<div>Entre las medidas para mejorar la seguridad de los peatones tambi\u00e9n se encuentra la <strong>prevenci\u00f3n de las alcoholemias y de las distraciones.<\/strong><\/div>\n<div><\/div>\n<div>En Barcelona tambi\u00e9n han decido apostar por los <strong>caminos escolares<\/strong>, en la actualidad en la ciudad hay 8 caminos escolares que gu\u00ed\u00adan a 32 colegios, y se pretende reforzarlos con 5 caminos m\u00e1s, con lo que se llegar\u00ed\u00ada a 50 colegios.<\/div>\n<div><\/div>\n<div>Esperamos que todas estas medidas cumplan con su objetivo, reducir la siniestralidad entre peatones.<\/div>\n","protected":false},"excerpt":{"rendered":"<p>Ya hemos comentado en muchas ocasiones que los peatones son unos de los colectivos m\u00e1s d\u00e9biles en la seguridad vial, por eso tratar de evitar atropellos es fundamental. Durante el 2011 murieron en Barcelona 31 personas en accidentes de tr\u00e1fico, de las cuales 13 eran peatones, y en los cinco primeros meses del 2012 ya [&hellip;]<\/p>\n","protected":false},"author":1,"featured_media":2792,"comment_status":"open","ping_status":"closed","sticky":false,"template":"","format":"standard","meta":{"footnotes":"","jetpack_publicize_message":"","jetpack_publicize_feature_enabled":true,"jetpack_social_post_already_shared":false,"jetpack_social_options":{"image_generator_settings":{"template":"highway","enabled":false},"version":2}},"categories":[12,19],"tags":[208,984,986,1678],"class_list":["post-9363","post","type-post","status-publish","format-standard","has-post-thumbnail","hentry","category-noticias","category-seguridad-vial","tag-barcelona","tag-peaton","tag-peatones","tag-seguridad-vial"],"wppr_data":[],"jetpack_publicize_connections":[],"yoast_head":"<!-- This site is optimized with the Yoast SEO plugin v24.7 - https:\/\/yoast.com\/wordpress\/plugins\/seo\/ -->\n<title>En Barcelona van a velar por la seguridad de los peatones<\/title>\n<meta name=\"description\" content=\"en Barcelona se van a revisar sus m\u00e1s de 15.000 pasos para peatones, se reforzar\u00e1 el control de la velocidad, y garantizar el cumplimiento de la preferencia de paso en los pasos de peatones\" \/>\n<meta name=\"robots\" content=\"index, follow, max-snippet:-1, max-image-preview:large, max-video-preview:-1\" \/>\n<link rel=\"canonical\" href=\"https:\/\/www.blogdelaautoescuela.com\/blog\/en-barcelona-van-a-velar-por-la-seguridad-de-los-peatones\/\" \/>\n<meta property=\"og:locale\" content=\"es_ES\" \/>\n<meta property=\"og:type\" content=\"article\" \/>\n<meta property=\"og:title\" content=\"En Barcelona van a velar por la seguridad de los peatones\" \/>\n<meta property=\"og:description\" content=\"en Barcelona se van a revisar sus m\u00e1s de 15.000 pasos para peatones, se reforzar\u00e1 el control de la velocidad, y garantizar el cumplimiento de la preferencia de paso en los pasos de peatones\" \/>\n<meta property=\"og:url\" content=\"https:\/\/www.blogdelaautoescuela.com\/blog\/en-barcelona-van-a-velar-por-la-seguridad-de-los-peatones\/\" \/>\n<meta property=\"og:site_name\" content=\"Blog de la autoescuela\" \/>\n<meta property=\"article:author\" content=\"https:\/\/www.facebook.com\/blogdelaautoescuela\" \/>\n<meta property=\"article:published_time\" content=\"2012-06-19T15:20:33+00:00\" \/>\n<meta property=\"og:image\" content=\"https:\/\/www.blogdelaautoescuela.com\/blog\/wp-content\/uploads\/2009\/12\/paso-peatones1.jpg\" \/>\n\t<meta property=\"og:image:width\" content=\"400\" \/>\n\t<meta property=\"og:image:height\" content=\"264\" \/>\n\t<meta property=\"og:image:type\" content=\"image\/jpeg\" \/>\n<meta name=\"author\" content=\"usr_blogauto\" \/>\n<meta name=\"twitter:label1\" content=\"Escrito por\" \/>\n\t<meta name=\"twitter:data1\" content=\"usr_blogauto\" \/>\n\t<meta name=\"twitter:label2\" content=\"Tiempo de lectura\" \/>\n\t<meta name=\"twitter:data2\" content=\"1 minuto\" \/>\n<script type=\"application\/ld+json\" class=\"yoast-schema-graph\">{\"@context\":\"https:\/\/schema.org\",\"@graph\":[{\"@type\":\"WebPage\",\"@id\":\"https:\/\/www.blogdelaautoescuela.com\/blog\/en-barcelona-van-a-velar-por-la-seguridad-de-los-peatones\/\",\"url\":\"https:\/\/www.blogdelaautoescuela.com\/blog\/en-barcelona-van-a-velar-por-la-seguridad-de-los-peatones\/\",\"name\":\"En Barcelona van a velar por la seguridad de los peatones\",\"isPartOf\":{\"@id\":\"https:\/\/www.blogdelaautoescuela.com\/blog\/#website\"},\"primaryImageOfPage\":{\"@id\":\"https:\/\/www.blogdelaautoescuela.com\/blog\/en-barcelona-van-a-velar-por-la-seguridad-de-los-peatones\/#primaryimage\"},\"image\":{\"@id\":\"https:\/\/www.blogdelaautoescuela.com\/blog\/en-barcelona-van-a-velar-por-la-seguridad-de-los-peatones\/#primaryimage\"},\"thumbnailUrl\":\"https:\/\/www.blogdelaautoescuela.com\/blog\/wp-content\/uploads\/2009\/12\/paso-peatones1.jpg\",\"datePublished\":\"2012-06-19T15:20:33+00:00\",\"author\":{\"@id\":\"https:\/\/www.blogdelaautoescuela.com\/blog\/#\/schema\/person\/f209a64ca5dfe74b9acb6317240e792f\"},\"description\":\"en Barcelona se van a revisar sus m\u00e1s de 15.000 pasos para peatones, se reforzar\u00e1 el control de la velocidad, y garantizar el cumplimiento de la preferencia de paso en los pasos de peatones\",\"breadcrumb\":{\"@id\":\"https:\/\/www.blogdelaautoescuela.com\/blog\/en-barcelona-van-a-velar-por-la-seguridad-de-los-peatones\/#breadcrumb\"},\"inLanguage\":\"es\",\"potentialAction\":[{\"@type\":\"ReadAction\",\"target\":[\"https:\/\/www.blogdelaautoescuela.com\/blog\/en-barcelona-van-a-velar-por-la-seguridad-de-los-peatones\/\"]}]},{\"@type\":\"ImageObject\",\"inLanguage\":\"es\",\"@id\":\"https:\/\/www.blogdelaautoescuela.com\/blog\/en-barcelona-van-a-velar-por-la-seguridad-de-los-peatones\/#primaryimage\",\"url\":\"https:\/\/www.blogdelaautoescuela.com\/blog\/wp-content\/uploads\/2009\/12\/paso-peatones1.jpg\",\"contentUrl\":\"https:\/\/www.blogdelaautoescuela.com\/blog\/wp-content\/uploads\/2009\/12\/paso-peatones1.jpg\",\"width\":400,\"height\":264},{\"@type\":\"BreadcrumbList\",\"@id\":\"https:\/\/www.blogdelaautoescuela.com\/blog\/en-barcelona-van-a-velar-por-la-seguridad-de-los-peatones\/#breadcrumb\",\"itemListElement\":[{\"@type\":\"ListItem\",\"position\":1,\"name\":\"Portada\",\"item\":\"https:\/\/www.blogdelaautoescuela.com\/blog\/\"},{\"@type\":\"ListItem\",\"position\":2,\"name\":\"En Barcelona van a velar por la seguridad de los peatones\"}]},{\"@type\":\"WebSite\",\"@id\":\"https:\/\/www.blogdelaautoescuela.com\/blog\/#website\",\"url\":\"https:\/\/www.blogdelaautoescuela.com\/blog\/\",\"name\":\"Blog de la autoescuela\",\"description\":\"Noticias sobre autoescuelas y seguridad vial\",\"potentialAction\":[{\"@type\":\"SearchAction\",\"target\":{\"@type\":\"EntryPoint\",\"urlTemplate\":\"https:\/\/www.blogdelaautoescuela.com\/blog\/?s={search_term_string}\"},\"query-input\":{\"@type\":\"PropertyValueSpecification\",\"valueRequired\":true,\"valueName\":\"search_term_string\"}}],\"inLanguage\":\"es\"},{\"@type\":\"Person\",\"@id\":\"https:\/\/www.blogdelaautoescuela.com\/blog\/#\/schema\/person\/f209a64ca5dfe74b9acb6317240e792f\",\"name\":\"usr_blogauto\",\"image\":{\"@type\":\"ImageObject\",\"inLanguage\":\"es\",\"@id\":\"https:\/\/www.blogdelaautoescuela.com\/blog\/#\/schema\/person\/image\/\",\"url\":\"https:\/\/secure.gravatar.com\/avatar\/d3939d4ea521ac8421c86d2980321cc9?s=96&d=mm&r=g\",\"contentUrl\":\"https:\/\/secure.gravatar.com\/avatar\/d3939d4ea521ac8421c86d2980321cc9?s=96&d=mm&r=g\",\"caption\":\"usr_blogauto\"},\"description\":\"Blog dedicado a la conducci\u00f3n, las autoescuelas y la seguridad vial. Est\u00e1 creado por un grupo de profesionales de la formaci\u00f3n vial que comparten inquietudes y experiencias. Aqu\u00ed\u00ad podr\u00e1s encontrar informaci\u00f3n variada sobre el d\u00ed\u00ada a d\u00ed\u00ada de la autoescuela, ex\u00e1menes, test o novedades y consejos para una conducci\u00f3n m\u00e1s segura.\",\"sameAs\":[\"http:\/\/www.blogdelaautoescuela.com\/\",\"https:\/\/www.facebook.com\/blogdelaautoescuela\",\"https:\/\/x.com\/autoescuelas\"],\"url\":\"https:\/\/www.blogdelaautoescuela.com\/blog\/author\/usr_blogauto\/\"}]}<\/script>\n<!-- \/ Yoast SEO plugin. -->","yoast_head_json":{"title":"En Barcelona van a velar por la seguridad de los peatones","description":"en Barcelona se van a revisar sus m\u00e1s de 15.000 pasos para peatones, se reforzar\u00e1 el control de la velocidad, y garantizar el cumplimiento de la preferencia de paso en los pasos de peatones","robots":{"index":"index","follow":"follow","max-snippet":"max-snippet:-1","max-image-preview":"max-image-preview:large","max-video-preview":"max-video-preview:-1"},"canonical":"https:\/\/www.blogdelaautoescuela.com\/blog\/en-barcelona-van-a-velar-por-la-seguridad-de-los-peatones\/","og_locale":"es_ES","og_type":"article","og_title":"En Barcelona van a velar por la seguridad de los peatones","og_description":"en Barcelona se van a revisar sus m\u00e1s de 15.000 pasos para peatones, se reforzar\u00e1 el control de la velocidad, y garantizar el cumplimiento de la preferencia de paso en los pasos de peatones","og_url":"https:\/\/www.blogdelaautoescuela.com\/blog\/en-barcelona-van-a-velar-por-la-seguridad-de-los-peatones\/","og_site_name":"Blog de la autoescuela","article_author":"https:\/\/www.facebook.com\/blogdelaautoescuela","article_published_time":"2012-06-19T15:20:33+00:00","og_image":[{"width":400,"height":264,"url":"https:\/\/www.blogdelaautoescuela.com\/blog\/wp-content\/uploads\/2009\/12\/paso-peatones1.jpg","type":"image\/jpeg"}],"author":"usr_blogauto","twitter_misc":{"Escrito por":"usr_blogauto","Tiempo de lectura":"1 minuto"},"schema":{"@context":"https:\/\/schema.org","@graph":[{"@type":"WebPage","@id":"https:\/\/www.blogdelaautoescuela.com\/blog\/en-barcelona-van-a-velar-por-la-seguridad-de-los-peatones\/","url":"https:\/\/www.blogdelaautoescuela.com\/blog\/en-barcelona-van-a-velar-por-la-seguridad-de-los-peatones\/","name":"En Barcelona van a velar por la seguridad de los peatones","isPartOf":{"@id":"https:\/\/www.blogdelaautoescuela.com\/blog\/#website"},"primaryImageOfPage":{"@id":"https:\/\/www.blogdelaautoescuela.com\/blog\/en-barcelona-van-a-velar-por-la-seguridad-de-los-peatones\/#primaryimage"},"image":{"@id":"https:\/\/www.blogdelaautoescuela.com\/blog\/en-barcelona-van-a-velar-por-la-seguridad-de-los-peatones\/#primaryimage"},"thumbnailUrl":"https:\/\/www.blogdelaautoescuela.com\/blog\/wp-content\/uploads\/2009\/12\/paso-peatones1.jpg","datePublished":"2012-06-19T15:20:33+00:00","author":{"@id":"https:\/\/www.blogdelaautoescuela.com\/blog\/#\/schema\/person\/f209a64ca5dfe74b9acb6317240e792f"},"description":"en Barcelona se van a revisar sus m\u00e1s de 15.000 pasos para peatones, se reforzar\u00e1 el control de la velocidad, y garantizar el cumplimiento de la preferencia de paso en los pasos de peatones","breadcrumb":{"@id":"https:\/\/www.blogdelaautoescuela.com\/blog\/en-barcelona-van-a-velar-por-la-seguridad-de-los-peatones\/#breadcrumb"},"inLanguage":"es","potentialAction":[{"@type":"ReadAction","target":["https:\/\/www.blogdelaautoescuela.com\/blog\/en-barcelona-van-a-velar-por-la-seguridad-de-los-peatones\/"]}]},{"@type":"ImageObject","inLanguage":"es","@id":"https:\/\/www.blogdelaautoescuela.com\/blog\/en-barcelona-van-a-velar-por-la-seguridad-de-los-peatones\/#primaryimage","url":"https:\/\/www.blogdelaautoescuela.com\/blog\/wp-content\/uploads\/2009\/12\/paso-peatones1.jpg","contentUrl":"https:\/\/www.blogdelaautoescuela.com\/blog\/wp-content\/uploads\/2009\/12\/paso-peatones1.jpg","width":400,"height":264},{"@type":"BreadcrumbList","@id":"https:\/\/www.blogdelaautoescuela.com\/blog\/en-barcelona-van-a-velar-por-la-seguridad-de-los-peatones\/#breadcrumb","itemListElement":[{"@type":"ListItem","position":1,"name":"Portada","item":"https:\/\/www.blogdelaautoescuela.com\/blog\/"},{"@type":"ListItem","position":2,"name":"En Barcelona van a velar por la seguridad de los peatones"}]},{"@type":"WebSite","@id":"https:\/\/www.blogdelaautoescuela.com\/blog\/#website","url":"https:\/\/www.blogdelaautoescuela.com\/blog\/","name":"Blog de la autoescuela","description":"Noticias sobre autoescuelas y seguridad vial","potentialAction":[{"@type":"SearchAction","target":{"@type":"EntryPoint","urlTemplate":"https:\/\/www.blogdelaautoescuela.com\/blog\/?s={search_term_string}"},"query-input":{"@type":"PropertyValueSpecification","valueRequired":true,"valueName":"search_term_string"}}],"inLanguage":"es"},{"@type":"Person","@id":"https:\/\/www.blogdelaautoescuela.com\/blog\/#\/schema\/person\/f209a64ca5dfe74b9acb6317240e792f","name":"usr_blogauto","image":{"@type":"ImageObject","inLanguage":"es","@id":"https:\/\/www.blogdelaautoescuela.com\/blog\/#\/schema\/person\/image\/","url":"https:\/\/secure.gravatar.com\/avatar\/d3939d4ea521ac8421c86d2980321cc9?s=96&d=mm&r=g","contentUrl":"https:\/\/secure.gravatar.com\/avatar\/d3939d4ea521ac8421c86d2980321cc9?s=96&d=mm&r=g","caption":"usr_blogauto"},"description":"Blog dedicado a la conducci\u00f3n, las autoescuelas y la seguridad vial. Est\u00e1 creado por un grupo de profesionales de la formaci\u00f3n vial que comparten inquietudes y experiencias. Aqu\u00ed\u00ad podr\u00e1s encontrar informaci\u00f3n variada sobre el d\u00ed\u00ada a d\u00ed\u00ada de la autoescuela, ex\u00e1menes, test o novedades y consejos para una conducci\u00f3n m\u00e1s segura.","sameAs":["http:\/\/www.blogdelaautoescuela.com\/","https:\/\/www.facebook.com\/blogdelaautoescuela","https:\/\/x.com\/autoescuelas"],"url":"https:\/\/www.blogdelaautoescuela.com\/blog\/author\/usr_blogauto\/"}]}},"jetpack_featured_media_url":"https:\/\/www.blogdelaautoescuela.com\/blog\/wp-content\/uploads\/2009\/12\/paso-peatones1.jpg","_links":{"self":[{"href":"https:\/\/www.blogdelaautoescuela.com\/blog\/wp-json\/wp\/v2\/posts\/9363","targetHints":{"allow":["GET"]}}],"collection":[{"href":"https:\/\/www.blogdelaautoescuela.com\/blog\/wp-json\/wp\/v2\/posts"}],"about":[{"href":"https:\/\/www.blogdelaautoescuela.com\/blog\/wp-json\/wp\/v2\/types\/post"}],"author":[{"embeddable":true,"href":"https:\/\/www.blogdelaautoescuela.com\/blog\/wp-json\/wp\/v2\/users\/1"}],"replies":[{"embeddable":true,"href":"https:\/\/www.blogdelaautoescuela.com\/blog\/wp-json\/wp\/v2\/comments?post=9363"}],"version-history":[{"count":0,"href":"https:\/\/www.blogdelaautoescuela.com\/blog\/wp-json\/wp\/v2\/posts\/9363\/revisions"}],"wp:featuredmedia":[{"embeddable":true,"href":"https:\/\/www.blogdelaautoescuela.com\/blog\/wp-json\/wp\/v2\/media\/2792"}],"wp:attachment":[{"href":"https:\/\/www.blogdelaautoescuela.com\/blog\/wp-json\/wp\/v2\/media?parent=9363"}],"wp:term":[{"taxonomy":"category","embeddable":true,"href":"https:\/\/www.blogdelaautoescuela.com\/blog\/wp-json\/wp\/v2\/categories?post=9363"},{"taxonomy":"post_tag","embeddable":true,"href":"https:\/\/www.blogdelaautoescuela.com\/blog\/wp-json\/wp\/v2\/tags?post=9363"}],"curies":[{"name":"wp","href":"https:\/\/api.w.org\/{rel}","templated":true}]}}