
{"id":9296,"date":"2012-06-06T17:16:03","date_gmt":"2012-06-06T15:16:03","guid":{"rendered":"http:\/\/www.blogdelaautoescuela.com\/blog\/?p=9296"},"modified":"2012-06-06T17:16:03","modified_gmt":"2012-06-06T15:16:03","slug":"espana-es-el-pais-de-europa-donde-mas-ciclistas-mueren-en-accidente","status":"publish","type":"post","link":"https:\/\/www.blogdelaautoescuela.com\/blog\/espana-es-el-pais-de-europa-donde-mas-ciclistas-mueren-en-accidente\/","title":{"rendered":"Espa\u00f1a es el pa\u00ed\u00ads de Europa donde m\u00e1s ciclistas mueren en accidente"},"content":{"rendered":"<p style=\"text-align: center;\"><img loading=\"lazy\" decoding=\"async\" class=\"alignnone size-full wp-image-2907\" title=\"ciclista\" src=\"http:\/\/www.blogdelaautoescuela.com\/blog\/wp-content\/uploads\/2009\/12\/ciclista.jpg\" alt=\"ciclista\" width=\"400\" height=\"252\" \/><\/p>\n<p>Los <strong>ciclistas son uno de los colectivos m\u00e1s vulnerables<\/strong>, por lo que el  resto de usuarios de la v\u00ed\u00ada debemos respetarles y ser solidarios cuando  nos cruzamos con ellos en las carreteras.<\/p>\n<p>Desgraciadamente <strong>Espa\u00f1a est\u00e1 a la cabeza de Europa en el n\u00famero de ciclistas fallecidos en accidente.<\/strong> En nuestro pa\u00ed\u00ads, <strong>dos de cada diez ciclistas han sufrido un accidente<\/strong> y la  mayor\u00ed\u00ada de ellos (77,5%) ha tenido como consecuencia una ca\u00ed\u00adda o un  atropello (14,2%).<\/p>\n<p>S\u00f3lo durante el a\u00f1o 2010, 3496 ciclistas espa\u00f1oles fueron v\u00ed\u00adctimas de accidentes de tr\u00e1fico y 67 de ellos perdieron la vida, lo que suposo un incremente de un 20% de los ciclistas fallecidos en accidentes durante el 2009.<\/p>\n<p>Entre las <strong>principales quejas de los ciclistas<\/strong> est\u00e1 que se encuentra su  exposici\u00f3n y consideran que los coches, ni moderan la velocidad cuando  les adelantan, ni respetan la distancia lateral de seguridad, dos  infracciones muy comunes que desencadenan en accidente.<\/p>\n<p>La <strong>mayor concentraci\u00f3n de accidentes de bicicleta en Espa\u00f1a se registra fuera de las ciudades<\/strong>,  algo que no ocurre en el resto de pa\u00ed\u00adses europeos donde la mayor parte  de los accidentes se producen en zona urbana.<\/p>\n<p>Por edades los <strong>ciclistas con mayor \u00ed\u00adndice de accidentes<\/strong> son los j\u00f3venes de entre 15 y 17 a\u00f1os y los mayores, con edades entre 55 y 64 a\u00f1oss. Mientras que <strong>por sexos,<\/strong> los <strong>hombres son quienes sufren m\u00e1s accidentes en bici<\/strong>, pero tambi\u00e9n el n\u00famero de ciclistas es mayor entre los hombres que entre las mujeres.<\/p>\n","protected":false},"excerpt":{"rendered":"<p>Los ciclistas son uno de los colectivos m\u00e1s vulnerables, por lo que el resto de usuarios de la v\u00ed\u00ada debemos respetarles y ser solidarios cuando nos cruzamos con ellos en las carreteras. Desgraciadamente Espa\u00f1a est\u00e1 a la cabeza de Europa en el n\u00famero de ciclistas fallecidos en accidente. En nuestro pa\u00ed\u00ads, dos de cada diez [&hellip;]<\/p>\n","protected":false},"author":1,"featured_media":2907,"comment_status":"open","ping_status":"closed","sticky":false,"template":"","format":"standard","meta":{"footnotes":"","jetpack_publicize_message":"","jetpack_publicize_feature_enabled":true,"jetpack_social_post_already_shared":false,"jetpack_social_options":{"image_generator_settings":{"template":"highway","enabled":false},"version":2}},"categories":[12,19],"tags":[50,318,1672,1678],"class_list":["post-9296","post","type-post","status-publish","format-standard","has-post-thumbnail","hentry","category-noticias","category-seguridad-vial","tag-accidentes","tag-ciclistas","tag-noticias","tag-seguridad-vial"],"wppr_data":[],"jetpack_publicize_connections":[],"yoast_head":"<!-- This site is optimized with the Yoast SEO plugin v24.7 - https:\/\/yoast.com\/wordpress\/plugins\/seo\/ -->\n<title>Espa\u00f1a es el pa\u00ed\u00ads de Europa donde m\u00e1s ciclistas mueren en accidente<\/title>\n<meta name=\"description\" content=\"Espa\u00f1a est\u00e1 a la cabeza de Europa en el n\u00famero de ciclistas fallecidos en accidente. En nuestro pa\u00ed\u00ads, dos de cada diez ciclistas han sufrido un accidente\" \/>\n<meta name=\"robots\" content=\"index, follow, max-snippet:-1, max-image-preview:large, max-video-preview:-1\" \/>\n<link rel=\"canonical\" href=\"https:\/\/www.blogdelaautoescuela.com\/blog\/espana-es-el-pais-de-europa-donde-mas-ciclistas-mueren-en-accidente\/\" \/>\n<meta property=\"og:locale\" content=\"es_ES\" \/>\n<meta property=\"og:type\" content=\"article\" \/>\n<meta property=\"og:title\" content=\"Espa\u00f1a es el pa\u00ed\u00ads de Europa donde m\u00e1s ciclistas mueren en accidente\" \/>\n<meta property=\"og:description\" content=\"Espa\u00f1a est\u00e1 a la cabeza de Europa en el n\u00famero de ciclistas fallecidos en accidente. En nuestro pa\u00ed\u00ads, dos de cada diez ciclistas han sufrido un accidente\" \/>\n<meta property=\"og:url\" content=\"https:\/\/www.blogdelaautoescuela.com\/blog\/espana-es-el-pais-de-europa-donde-mas-ciclistas-mueren-en-accidente\/\" \/>\n<meta property=\"og:site_name\" content=\"Blog de la autoescuela\" \/>\n<meta property=\"article:author\" content=\"https:\/\/www.facebook.com\/blogdelaautoescuela\" \/>\n<meta property=\"article:published_time\" content=\"2012-06-06T15:16:03+00:00\" \/>\n<meta property=\"og:image\" content=\"https:\/\/www.blogdelaautoescuela.com\/blog\/wp-content\/uploads\/2009\/12\/ciclista1.jpg\" \/>\n\t<meta property=\"og:image:width\" content=\"400\" \/>\n\t<meta property=\"og:image:height\" content=\"252\" \/>\n\t<meta property=\"og:image:type\" content=\"image\/jpeg\" \/>\n<meta name=\"author\" content=\"usr_blogauto\" \/>\n<meta name=\"twitter:label1\" content=\"Escrito por\" \/>\n\t<meta name=\"twitter:data1\" content=\"usr_blogauto\" \/>\n\t<meta name=\"twitter:label2\" content=\"Tiempo de lectura\" \/>\n\t<meta name=\"twitter:data2\" content=\"1 minuto\" \/>\n<script type=\"application\/ld+json\" class=\"yoast-schema-graph\">{\"@context\":\"https:\/\/schema.org\",\"@graph\":[{\"@type\":\"WebPage\",\"@id\":\"https:\/\/www.blogdelaautoescuela.com\/blog\/espana-es-el-pais-de-europa-donde-mas-ciclistas-mueren-en-accidente\/\",\"url\":\"https:\/\/www.blogdelaautoescuela.com\/blog\/espana-es-el-pais-de-europa-donde-mas-ciclistas-mueren-en-accidente\/\",\"name\":\"Espa\u00f1a es el pa\u00ed\u00ads de Europa donde m\u00e1s ciclistas mueren en accidente\",\"isPartOf\":{\"@id\":\"https:\/\/www.blogdelaautoescuela.com\/blog\/#website\"},\"primaryImageOfPage\":{\"@id\":\"https:\/\/www.blogdelaautoescuela.com\/blog\/espana-es-el-pais-de-europa-donde-mas-ciclistas-mueren-en-accidente\/#primaryimage\"},\"image\":{\"@id\":\"https:\/\/www.blogdelaautoescuela.com\/blog\/espana-es-el-pais-de-europa-donde-mas-ciclistas-mueren-en-accidente\/#primaryimage\"},\"thumbnailUrl\":\"https:\/\/www.blogdelaautoescuela.com\/blog\/wp-content\/uploads\/2009\/12\/ciclista1.jpg\",\"datePublished\":\"2012-06-06T15:16:03+00:00\",\"author\":{\"@id\":\"https:\/\/www.blogdelaautoescuela.com\/blog\/#\/schema\/person\/f209a64ca5dfe74b9acb6317240e792f\"},\"description\":\"Espa\u00f1a est\u00e1 a la cabeza de Europa en el n\u00famero de ciclistas fallecidos en accidente. En nuestro pa\u00ed\u00ads, dos de cada diez ciclistas han sufrido un accidente\",\"breadcrumb\":{\"@id\":\"https:\/\/www.blogdelaautoescuela.com\/blog\/espana-es-el-pais-de-europa-donde-mas-ciclistas-mueren-en-accidente\/#breadcrumb\"},\"inLanguage\":\"es\",\"potentialAction\":[{\"@type\":\"ReadAction\",\"target\":[\"https:\/\/www.blogdelaautoescuela.com\/blog\/espana-es-el-pais-de-europa-donde-mas-ciclistas-mueren-en-accidente\/\"]}]},{\"@type\":\"ImageObject\",\"inLanguage\":\"es\",\"@id\":\"https:\/\/www.blogdelaautoescuela.com\/blog\/espana-es-el-pais-de-europa-donde-mas-ciclistas-mueren-en-accidente\/#primaryimage\",\"url\":\"https:\/\/www.blogdelaautoescuela.com\/blog\/wp-content\/uploads\/2009\/12\/ciclista1.jpg\",\"contentUrl\":\"https:\/\/www.blogdelaautoescuela.com\/blog\/wp-content\/uploads\/2009\/12\/ciclista1.jpg\",\"width\":400,\"height\":252},{\"@type\":\"BreadcrumbList\",\"@id\":\"https:\/\/www.blogdelaautoescuela.com\/blog\/espana-es-el-pais-de-europa-donde-mas-ciclistas-mueren-en-accidente\/#breadcrumb\",\"itemListElement\":[{\"@type\":\"ListItem\",\"position\":1,\"name\":\"Portada\",\"item\":\"https:\/\/www.blogdelaautoescuela.com\/blog\/\"},{\"@type\":\"ListItem\",\"position\":2,\"name\":\"Espa\u00f1a es el pa\u00ed\u00ads de Europa donde m\u00e1s ciclistas mueren en accidente\"}]},{\"@type\":\"WebSite\",\"@id\":\"https:\/\/www.blogdelaautoescuela.com\/blog\/#website\",\"url\":\"https:\/\/www.blogdelaautoescuela.com\/blog\/\",\"name\":\"Blog de la autoescuela\",\"description\":\"Noticias sobre autoescuelas y seguridad vial\",\"potentialAction\":[{\"@type\":\"SearchAction\",\"target\":{\"@type\":\"EntryPoint\",\"urlTemplate\":\"https:\/\/www.blogdelaautoescuela.com\/blog\/?s={search_term_string}\"},\"query-input\":{\"@type\":\"PropertyValueSpecification\",\"valueRequired\":true,\"valueName\":\"search_term_string\"}}],\"inLanguage\":\"es\"},{\"@type\":\"Person\",\"@id\":\"https:\/\/www.blogdelaautoescuela.com\/blog\/#\/schema\/person\/f209a64ca5dfe74b9acb6317240e792f\",\"name\":\"usr_blogauto\",\"image\":{\"@type\":\"ImageObject\",\"inLanguage\":\"es\",\"@id\":\"https:\/\/www.blogdelaautoescuela.com\/blog\/#\/schema\/person\/image\/\",\"url\":\"https:\/\/secure.gravatar.com\/avatar\/d3939d4ea521ac8421c86d2980321cc9?s=96&d=mm&r=g\",\"contentUrl\":\"https:\/\/secure.gravatar.com\/avatar\/d3939d4ea521ac8421c86d2980321cc9?s=96&d=mm&r=g\",\"caption\":\"usr_blogauto\"},\"description\":\"Blog dedicado a la conducci\u00f3n, las autoescuelas y la seguridad vial. Est\u00e1 creado por un grupo de profesionales de la formaci\u00f3n vial que comparten inquietudes y experiencias. Aqu\u00ed\u00ad podr\u00e1s encontrar informaci\u00f3n variada sobre el d\u00ed\u00ada a d\u00ed\u00ada de la autoescuela, ex\u00e1menes, test o novedades y consejos para una conducci\u00f3n m\u00e1s segura.\",\"sameAs\":[\"http:\/\/www.blogdelaautoescuela.com\/\",\"https:\/\/www.facebook.com\/blogdelaautoescuela\",\"https:\/\/x.com\/autoescuelas\"],\"url\":\"https:\/\/www.blogdelaautoescuela.com\/blog\/author\/usr_blogauto\/\"}]}<\/script>\n<!-- \/ Yoast SEO plugin. -->","yoast_head_json":{"title":"Espa\u00f1a es el pa\u00ed\u00ads de Europa donde m\u00e1s ciclistas mueren en accidente","description":"Espa\u00f1a est\u00e1 a la cabeza de Europa en el n\u00famero de ciclistas fallecidos en accidente. En nuestro pa\u00ed\u00ads, dos de cada diez ciclistas han sufrido un accidente","robots":{"index":"index","follow":"follow","max-snippet":"max-snippet:-1","max-image-preview":"max-image-preview:large","max-video-preview":"max-video-preview:-1"},"canonical":"https:\/\/www.blogdelaautoescuela.com\/blog\/espana-es-el-pais-de-europa-donde-mas-ciclistas-mueren-en-accidente\/","og_locale":"es_ES","og_type":"article","og_title":"Espa\u00f1a es el pa\u00ed\u00ads de Europa donde m\u00e1s ciclistas mueren en accidente","og_description":"Espa\u00f1a est\u00e1 a la cabeza de Europa en el n\u00famero de ciclistas fallecidos en accidente. En nuestro pa\u00ed\u00ads, dos de cada diez ciclistas han sufrido un accidente","og_url":"https:\/\/www.blogdelaautoescuela.com\/blog\/espana-es-el-pais-de-europa-donde-mas-ciclistas-mueren-en-accidente\/","og_site_name":"Blog de la autoescuela","article_author":"https:\/\/www.facebook.com\/blogdelaautoescuela","article_published_time":"2012-06-06T15:16:03+00:00","og_image":[{"width":400,"height":252,"url":"https:\/\/www.blogdelaautoescuela.com\/blog\/wp-content\/uploads\/2009\/12\/ciclista1.jpg","type":"image\/jpeg"}],"author":"usr_blogauto","twitter_misc":{"Escrito por":"usr_blogauto","Tiempo de lectura":"1 minuto"},"schema":{"@context":"https:\/\/schema.org","@graph":[{"@type":"WebPage","@id":"https:\/\/www.blogdelaautoescuela.com\/blog\/espana-es-el-pais-de-europa-donde-mas-ciclistas-mueren-en-accidente\/","url":"https:\/\/www.blogdelaautoescuela.com\/blog\/espana-es-el-pais-de-europa-donde-mas-ciclistas-mueren-en-accidente\/","name":"Espa\u00f1a es el pa\u00ed\u00ads de Europa donde m\u00e1s ciclistas mueren en accidente","isPartOf":{"@id":"https:\/\/www.blogdelaautoescuela.com\/blog\/#website"},"primaryImageOfPage":{"@id":"https:\/\/www.blogdelaautoescuela.com\/blog\/espana-es-el-pais-de-europa-donde-mas-ciclistas-mueren-en-accidente\/#primaryimage"},"image":{"@id":"https:\/\/www.blogdelaautoescuela.com\/blog\/espana-es-el-pais-de-europa-donde-mas-ciclistas-mueren-en-accidente\/#primaryimage"},"thumbnailUrl":"https:\/\/www.blogdelaautoescuela.com\/blog\/wp-content\/uploads\/2009\/12\/ciclista1.jpg","datePublished":"2012-06-06T15:16:03+00:00","author":{"@id":"https:\/\/www.blogdelaautoescuela.com\/blog\/#\/schema\/person\/f209a64ca5dfe74b9acb6317240e792f"},"description":"Espa\u00f1a est\u00e1 a la cabeza de Europa en el n\u00famero de ciclistas fallecidos en accidente. En nuestro pa\u00ed\u00ads, dos de cada diez ciclistas han sufrido un accidente","breadcrumb":{"@id":"https:\/\/www.blogdelaautoescuela.com\/blog\/espana-es-el-pais-de-europa-donde-mas-ciclistas-mueren-en-accidente\/#breadcrumb"},"inLanguage":"es","potentialAction":[{"@type":"ReadAction","target":["https:\/\/www.blogdelaautoescuela.com\/blog\/espana-es-el-pais-de-europa-donde-mas-ciclistas-mueren-en-accidente\/"]}]},{"@type":"ImageObject","inLanguage":"es","@id":"https:\/\/www.blogdelaautoescuela.com\/blog\/espana-es-el-pais-de-europa-donde-mas-ciclistas-mueren-en-accidente\/#primaryimage","url":"https:\/\/www.blogdelaautoescuela.com\/blog\/wp-content\/uploads\/2009\/12\/ciclista1.jpg","contentUrl":"https:\/\/www.blogdelaautoescuela.com\/blog\/wp-content\/uploads\/2009\/12\/ciclista1.jpg","width":400,"height":252},{"@type":"BreadcrumbList","@id":"https:\/\/www.blogdelaautoescuela.com\/blog\/espana-es-el-pais-de-europa-donde-mas-ciclistas-mueren-en-accidente\/#breadcrumb","itemListElement":[{"@type":"ListItem","position":1,"name":"Portada","item":"https:\/\/www.blogdelaautoescuela.com\/blog\/"},{"@type":"ListItem","position":2,"name":"Espa\u00f1a es el pa\u00ed\u00ads de Europa donde m\u00e1s ciclistas mueren en accidente"}]},{"@type":"WebSite","@id":"https:\/\/www.blogdelaautoescuela.com\/blog\/#website","url":"https:\/\/www.blogdelaautoescuela.com\/blog\/","name":"Blog de la autoescuela","description":"Noticias sobre autoescuelas y seguridad vial","potentialAction":[{"@type":"SearchAction","target":{"@type":"EntryPoint","urlTemplate":"https:\/\/www.blogdelaautoescuela.com\/blog\/?s={search_term_string}"},"query-input":{"@type":"PropertyValueSpecification","valueRequired":true,"valueName":"search_term_string"}}],"inLanguage":"es"},{"@type":"Person","@id":"https:\/\/www.blogdelaautoescuela.com\/blog\/#\/schema\/person\/f209a64ca5dfe74b9acb6317240e792f","name":"usr_blogauto","image":{"@type":"ImageObject","inLanguage":"es","@id":"https:\/\/www.blogdelaautoescuela.com\/blog\/#\/schema\/person\/image\/","url":"https:\/\/secure.gravatar.com\/avatar\/d3939d4ea521ac8421c86d2980321cc9?s=96&d=mm&r=g","contentUrl":"https:\/\/secure.gravatar.com\/avatar\/d3939d4ea521ac8421c86d2980321cc9?s=96&d=mm&r=g","caption":"usr_blogauto"},"description":"Blog dedicado a la conducci\u00f3n, las autoescuelas y la seguridad vial. Est\u00e1 creado por un grupo de profesionales de la formaci\u00f3n vial que comparten inquietudes y experiencias. Aqu\u00ed\u00ad podr\u00e1s encontrar informaci\u00f3n variada sobre el d\u00ed\u00ada a d\u00ed\u00ada de la autoescuela, ex\u00e1menes, test o novedades y consejos para una conducci\u00f3n m\u00e1s segura.","sameAs":["http:\/\/www.blogdelaautoescuela.com\/","https:\/\/www.facebook.com\/blogdelaautoescuela","https:\/\/x.com\/autoescuelas"],"url":"https:\/\/www.blogdelaautoescuela.com\/blog\/author\/usr_blogauto\/"}]}},"jetpack_featured_media_url":"https:\/\/www.blogdelaautoescuela.com\/blog\/wp-content\/uploads\/2009\/12\/ciclista1.jpg","_links":{"self":[{"href":"https:\/\/www.blogdelaautoescuela.com\/blog\/wp-json\/wp\/v2\/posts\/9296","targetHints":{"allow":["GET"]}}],"collection":[{"href":"https:\/\/www.blogdelaautoescuela.com\/blog\/wp-json\/wp\/v2\/posts"}],"about":[{"href":"https:\/\/www.blogdelaautoescuela.com\/blog\/wp-json\/wp\/v2\/types\/post"}],"author":[{"embeddable":true,"href":"https:\/\/www.blogdelaautoescuela.com\/blog\/wp-json\/wp\/v2\/users\/1"}],"replies":[{"embeddable":true,"href":"https:\/\/www.blogdelaautoescuela.com\/blog\/wp-json\/wp\/v2\/comments?post=9296"}],"version-history":[{"count":0,"href":"https:\/\/www.blogdelaautoescuela.com\/blog\/wp-json\/wp\/v2\/posts\/9296\/revisions"}],"wp:featuredmedia":[{"embeddable":true,"href":"https:\/\/www.blogdelaautoescuela.com\/blog\/wp-json\/wp\/v2\/media\/2907"}],"wp:attachment":[{"href":"https:\/\/www.blogdelaautoescuela.com\/blog\/wp-json\/wp\/v2\/media?parent=9296"}],"wp:term":[{"taxonomy":"category","embeddable":true,"href":"https:\/\/www.blogdelaautoescuela.com\/blog\/wp-json\/wp\/v2\/categories?post=9296"},{"taxonomy":"post_tag","embeddable":true,"href":"https:\/\/www.blogdelaautoescuela.com\/blog\/wp-json\/wp\/v2\/tags?post=9296"}],"curies":[{"name":"wp","href":"https:\/\/api.w.org\/{rel}","templated":true}]}}