
{"id":9005,"date":"2012-04-30T12:43:20","date_gmt":"2012-04-30T10:43:20","guid":{"rendered":"http:\/\/www.blogdelaautoescuela.com\/blog\/?p=9005"},"modified":"2014-12-12T13:47:52","modified_gmt":"2014-12-12T12:47:52","slug":"la-comision-europea-alerta-de-los-malos-datos-de-la-siniestralidad-vial","status":"publish","type":"post","link":"https:\/\/www.blogdelaautoescuela.com\/blog\/la-comision-europea-alerta-de-los-malos-datos-de-la-siniestralidad-vial\/","title":{"rendered":"La Comisi\u00f3n Europea alerta de los malos datos de la siniestralidad vial"},"content":{"rendered":"<p style=\"text-align: center;\"><img loading=\"lazy\" decoding=\"async\" class=\"aligncenter size-full wp-image-9006\" title=\"uni\u00f3n europea\" src=\"http:\/\/www.blogdelaautoescuela.com\/blog\/wp-content\/uploads\/2012\/04\/ue.jpg\" alt=\"uni\u00f3n europea\" width=\"408\" height=\"288\" \/><\/p>\n<p style=\"text-align: justify;\">El vicepresidente de la <strong>Comisi\u00f3n Europea<\/strong> y Comisario de Transportes, Siim Kallas, alert\u00f3 la semana pasada, durante la presentaci\u00f3n de los datos provisionales de 2011, de los <strong>malos datos de siniestralidad vial<\/strong> en la <strong>Uni\u00f3n Europea<\/strong>.<\/p>\n<p style=\"text-align: justify;\">Durante el a\u00f1o 2011 los <strong>accidentes de tr\u00e1fico mortales<\/strong> s\u00f3lo se redujeron un 2% pero, en algunos pa\u00ed\u00adses como <strong>Alemania, Suecia, B\u00e9lgica o Luxemburgo<\/strong>, las v\u00ed\u00adctimas mortales se dispararon un <strong>10%<\/strong>.<\/p>\n<p style=\"text-align: justify;\">Kallas se\u00f1al\u00f3 que cada d\u00ed\u00ada mueren una media de <strong>85 personas<\/strong> en las carreteras europeas y que estas cifras podr\u00ed\u00adan impedir la consecuci\u00f3n del objetivo de reducir a la mitad el n\u00famero de v\u00ed\u00adctimas mortales por la siniestralidad vial en el a\u00f1o 2020.<\/p>\n<p style=\"text-align: justify;\">Por ello, este a\u00f1o la Comisi\u00f3n Europea enviar\u00e1 a los <strong>27 estados miembros<\/strong> una petici\u00f3n de informaci\u00f3n para que los gobiernos se\u00f1alen cu\u00e1les son, a su parecer, los planes a trav\u00e9s de los cuales se podr\u00ed\u00ada mejorar la seguridad vial.<\/p>\n<p style=\"text-align: justify;\">Quiz\u00e1 os\u00a0interese:<\/p>\n<ul>\n<li><a title=\"II encuentro espa\u00f1ol de firmantes...\" href=\"http:\/\/www.blogdelaautoescuela.com\/blog\/ii-encuentro-espanol-de-firmantes-de-la-carta-europea-de-la-seguridad-vial\/\" target=\"_blank\">II encuentro espa\u00f1ol de firmantes de la &#8216;Carta europea de la seguridad vial&#8217;.<\/a><\/li>\n<li><a title=\"Los Ministerio de Trabajo e Interior...\" href=\"http:\/\/www.blogdelaautoescuela.com\/blog\/los-ministerios-de-trabajo-e-interior-se-unen-por-la-seguridad-vial\/\" target=\"_blank\">Los Ministerios de Trabajo e Interior se unen por la seguridad vial.<\/a><\/li>\n<\/ul>\n<h1 style=\"font-family: Georgia, 'Times New Roman', Times, serif; width: 490px; font-size: 2.6em; color: #50a0be; line-height: normal; padding: 0px; margin: 0px 0px 1px 0px;\"><\/h1>\n","protected":false},"excerpt":{"rendered":"<p>Durante el a\u00f1o 2011 los accidentes de tr\u00e1fico mortales s\u00f3lo se redujeron un 2% pero, en algunos pa\u00ed\u00adses como Alemania, Suecia, B\u00e9lgica o Luxemburgo, las v\u00ed\u00adctimas mortales se dispararon un 10%.<\/p>\n","protected":false},"author":1,"featured_media":9006,"comment_status":"open","ping_status":"closed","sticky":false,"template":"","format":"standard","meta":{"footnotes":"","jetpack_publicize_message":"","jetpack_publicize_feature_enabled":true,"jetpack_social_post_already_shared":false,"jetpack_social_options":{"image_generator_settings":{"template":"highway","enabled":false},"version":2}},"categories":[12,19],"tags":[52,286,349,1678,1174,1243,1370],"class_list":["post-9005","post","type-post","status-publish","format-standard","has-post-thumbnail","hentry","category-noticias","category-seguridad-vial","tag-accidentes-de-trafico","tag-carta-europea","tag-comision-europea","tag-seguridad-vial","tag-seguridad-vial-europea","tag-siniestralidad-vial-europa","tag-victimas-mortales"],"wppr_data":{"cwp_meta_box_check":"No","cwp_rev_product_name":"","cwp_rev_product_image":"","cwp_image_link":"image","cwp_rev_price":""},"jetpack_publicize_connections":[],"yoast_head":"<!-- This site is optimized with the Yoast SEO plugin v24.7 - https:\/\/yoast.com\/wordpress\/plugins\/seo\/ -->\n<title>La Comisi\u00f3n Europea alerta de los malos datos de la siniestralidad vial<\/title>\n<meta name=\"description\" content=\"Durante el a\u00f1o 2011 los accidentes de tr\u00e1fico mortales s\u00f3lo se redujeron un 2% pero, en algunos pa\u00ed\u00adses como Alemania, Suecia, B\u00e9lgica o Luxemburgo, las v\u00ed\u00adctimas mortales se dispararon un 10%.\" \/>\n<meta name=\"robots\" content=\"index, follow, max-snippet:-1, max-image-preview:large, max-video-preview:-1\" \/>\n<link rel=\"canonical\" href=\"https:\/\/www.blogdelaautoescuela.com\/blog\/la-comision-europea-alerta-de-los-malos-datos-de-la-siniestralidad-vial\/\" \/>\n<meta property=\"og:locale\" content=\"es_ES\" \/>\n<meta property=\"og:type\" content=\"article\" \/>\n<meta property=\"og:title\" content=\"La Comisi\u00f3n Europea alerta de los malos datos de la siniestralidad vial\" \/>\n<meta property=\"og:description\" content=\"Durante el a\u00f1o 2011 los accidentes de tr\u00e1fico mortales s\u00f3lo se redujeron un 2% pero, en algunos pa\u00ed\u00adses como Alemania, Suecia, B\u00e9lgica o Luxemburgo, las v\u00ed\u00adctimas mortales se dispararon un 10%.\" \/>\n<meta property=\"og:url\" content=\"https:\/\/www.blogdelaautoescuela.com\/blog\/la-comision-europea-alerta-de-los-malos-datos-de-la-siniestralidad-vial\/\" \/>\n<meta property=\"og:site_name\" content=\"Blog de la autoescuela\" \/>\n<meta property=\"article:author\" content=\"https:\/\/www.facebook.com\/blogdelaautoescuela\" \/>\n<meta property=\"article:published_time\" content=\"2012-04-30T10:43:20+00:00\" \/>\n<meta property=\"article:modified_time\" content=\"2014-12-12T12:47:52+00:00\" \/>\n<meta property=\"og:image\" content=\"https:\/\/www.blogdelaautoescuela.com\/blog\/wp-content\/uploads\/2012\/04\/ue1.jpg\" \/>\n\t<meta property=\"og:image:width\" content=\"729\" \/>\n\t<meta property=\"og:image:height\" content=\"514\" \/>\n\t<meta property=\"og:image:type\" content=\"image\/jpeg\" \/>\n<meta name=\"author\" content=\"usr_blogauto\" \/>\n<meta name=\"twitter:label1\" content=\"Escrito por\" \/>\n\t<meta name=\"twitter:data1\" content=\"usr_blogauto\" \/>\n\t<meta name=\"twitter:label2\" content=\"Tiempo de lectura\" \/>\n\t<meta name=\"twitter:data2\" content=\"1 minuto\" \/>\n<script type=\"application\/ld+json\" class=\"yoast-schema-graph\">{\"@context\":\"https:\/\/schema.org\",\"@graph\":[{\"@type\":\"WebPage\",\"@id\":\"https:\/\/www.blogdelaautoescuela.com\/blog\/la-comision-europea-alerta-de-los-malos-datos-de-la-siniestralidad-vial\/\",\"url\":\"https:\/\/www.blogdelaautoescuela.com\/blog\/la-comision-europea-alerta-de-los-malos-datos-de-la-siniestralidad-vial\/\",\"name\":\"La Comisi\u00f3n Europea alerta de los malos datos de la siniestralidad vial\",\"isPartOf\":{\"@id\":\"https:\/\/www.blogdelaautoescuela.com\/blog\/#website\"},\"primaryImageOfPage\":{\"@id\":\"https:\/\/www.blogdelaautoescuela.com\/blog\/la-comision-europea-alerta-de-los-malos-datos-de-la-siniestralidad-vial\/#primaryimage\"},\"image\":{\"@id\":\"https:\/\/www.blogdelaautoescuela.com\/blog\/la-comision-europea-alerta-de-los-malos-datos-de-la-siniestralidad-vial\/#primaryimage\"},\"thumbnailUrl\":\"https:\/\/www.blogdelaautoescuela.com\/blog\/wp-content\/uploads\/2012\/04\/ue1.jpg\",\"datePublished\":\"2012-04-30T10:43:20+00:00\",\"dateModified\":\"2014-12-12T12:47:52+00:00\",\"author\":{\"@id\":\"https:\/\/www.blogdelaautoescuela.com\/blog\/#\/schema\/person\/f209a64ca5dfe74b9acb6317240e792f\"},\"description\":\"Durante el a\u00f1o 2011 los accidentes de tr\u00e1fico mortales s\u00f3lo se redujeron un 2% pero, en algunos pa\u00ed\u00adses como Alemania, Suecia, B\u00e9lgica o Luxemburgo, las v\u00ed\u00adctimas mortales se dispararon un 10%.\",\"breadcrumb\":{\"@id\":\"https:\/\/www.blogdelaautoescuela.com\/blog\/la-comision-europea-alerta-de-los-malos-datos-de-la-siniestralidad-vial\/#breadcrumb\"},\"inLanguage\":\"es\",\"potentialAction\":[{\"@type\":\"ReadAction\",\"target\":[\"https:\/\/www.blogdelaautoescuela.com\/blog\/la-comision-europea-alerta-de-los-malos-datos-de-la-siniestralidad-vial\/\"]}]},{\"@type\":\"ImageObject\",\"inLanguage\":\"es\",\"@id\":\"https:\/\/www.blogdelaautoescuela.com\/blog\/la-comision-europea-alerta-de-los-malos-datos-de-la-siniestralidad-vial\/#primaryimage\",\"url\":\"https:\/\/www.blogdelaautoescuela.com\/blog\/wp-content\/uploads\/2012\/04\/ue1.jpg\",\"contentUrl\":\"https:\/\/www.blogdelaautoescuela.com\/blog\/wp-content\/uploads\/2012\/04\/ue1.jpg\",\"width\":729,\"height\":514},{\"@type\":\"BreadcrumbList\",\"@id\":\"https:\/\/www.blogdelaautoescuela.com\/blog\/la-comision-europea-alerta-de-los-malos-datos-de-la-siniestralidad-vial\/#breadcrumb\",\"itemListElement\":[{\"@type\":\"ListItem\",\"position\":1,\"name\":\"Portada\",\"item\":\"https:\/\/www.blogdelaautoescuela.com\/blog\/\"},{\"@type\":\"ListItem\",\"position\":2,\"name\":\"La Comisi\u00f3n Europea alerta de los malos datos de la siniestralidad vial\"}]},{\"@type\":\"WebSite\",\"@id\":\"https:\/\/www.blogdelaautoescuela.com\/blog\/#website\",\"url\":\"https:\/\/www.blogdelaautoescuela.com\/blog\/\",\"name\":\"Blog de la autoescuela\",\"description\":\"Noticias sobre autoescuelas y seguridad vial\",\"potentialAction\":[{\"@type\":\"SearchAction\",\"target\":{\"@type\":\"EntryPoint\",\"urlTemplate\":\"https:\/\/www.blogdelaautoescuela.com\/blog\/?s={search_term_string}\"},\"query-input\":{\"@type\":\"PropertyValueSpecification\",\"valueRequired\":true,\"valueName\":\"search_term_string\"}}],\"inLanguage\":\"es\"},{\"@type\":\"Person\",\"@id\":\"https:\/\/www.blogdelaautoescuela.com\/blog\/#\/schema\/person\/f209a64ca5dfe74b9acb6317240e792f\",\"name\":\"usr_blogauto\",\"image\":{\"@type\":\"ImageObject\",\"inLanguage\":\"es\",\"@id\":\"https:\/\/www.blogdelaautoescuela.com\/blog\/#\/schema\/person\/image\/\",\"url\":\"https:\/\/secure.gravatar.com\/avatar\/d3939d4ea521ac8421c86d2980321cc9?s=96&d=mm&r=g\",\"contentUrl\":\"https:\/\/secure.gravatar.com\/avatar\/d3939d4ea521ac8421c86d2980321cc9?s=96&d=mm&r=g\",\"caption\":\"usr_blogauto\"},\"description\":\"Blog dedicado a la conducci\u00f3n, las autoescuelas y la seguridad vial. Est\u00e1 creado por un grupo de profesionales de la formaci\u00f3n vial que comparten inquietudes y experiencias. Aqu\u00ed\u00ad podr\u00e1s encontrar informaci\u00f3n variada sobre el d\u00ed\u00ada a d\u00ed\u00ada de la autoescuela, ex\u00e1menes, test o novedades y consejos para una conducci\u00f3n m\u00e1s segura.\",\"sameAs\":[\"http:\/\/www.blogdelaautoescuela.com\/\",\"https:\/\/www.facebook.com\/blogdelaautoescuela\",\"https:\/\/x.com\/autoescuelas\"],\"url\":\"https:\/\/www.blogdelaautoescuela.com\/blog\/author\/usr_blogauto\/\"}]}<\/script>\n<!-- \/ Yoast SEO plugin. -->","yoast_head_json":{"title":"La Comisi\u00f3n Europea alerta de los malos datos de la siniestralidad vial","description":"Durante el a\u00f1o 2011 los accidentes de tr\u00e1fico mortales s\u00f3lo se redujeron un 2% pero, en algunos pa\u00ed\u00adses como Alemania, Suecia, B\u00e9lgica o Luxemburgo, las v\u00ed\u00adctimas mortales se dispararon un 10%.","robots":{"index":"index","follow":"follow","max-snippet":"max-snippet:-1","max-image-preview":"max-image-preview:large","max-video-preview":"max-video-preview:-1"},"canonical":"https:\/\/www.blogdelaautoescuela.com\/blog\/la-comision-europea-alerta-de-los-malos-datos-de-la-siniestralidad-vial\/","og_locale":"es_ES","og_type":"article","og_title":"La Comisi\u00f3n Europea alerta de los malos datos de la siniestralidad vial","og_description":"Durante el a\u00f1o 2011 los accidentes de tr\u00e1fico mortales s\u00f3lo se redujeron un 2% pero, en algunos pa\u00ed\u00adses como Alemania, Suecia, B\u00e9lgica o Luxemburgo, las v\u00ed\u00adctimas mortales se dispararon un 10%.","og_url":"https:\/\/www.blogdelaautoescuela.com\/blog\/la-comision-europea-alerta-de-los-malos-datos-de-la-siniestralidad-vial\/","og_site_name":"Blog de la autoescuela","article_author":"https:\/\/www.facebook.com\/blogdelaautoescuela","article_published_time":"2012-04-30T10:43:20+00:00","article_modified_time":"2014-12-12T12:47:52+00:00","og_image":[{"width":729,"height":514,"url":"https:\/\/www.blogdelaautoescuela.com\/blog\/wp-content\/uploads\/2012\/04\/ue1.jpg","type":"image\/jpeg"}],"author":"usr_blogauto","twitter_misc":{"Escrito por":"usr_blogauto","Tiempo de lectura":"1 minuto"},"schema":{"@context":"https:\/\/schema.org","@graph":[{"@type":"WebPage","@id":"https:\/\/www.blogdelaautoescuela.com\/blog\/la-comision-europea-alerta-de-los-malos-datos-de-la-siniestralidad-vial\/","url":"https:\/\/www.blogdelaautoescuela.com\/blog\/la-comision-europea-alerta-de-los-malos-datos-de-la-siniestralidad-vial\/","name":"La Comisi\u00f3n Europea alerta de los malos datos de la siniestralidad vial","isPartOf":{"@id":"https:\/\/www.blogdelaautoescuela.com\/blog\/#website"},"primaryImageOfPage":{"@id":"https:\/\/www.blogdelaautoescuela.com\/blog\/la-comision-europea-alerta-de-los-malos-datos-de-la-siniestralidad-vial\/#primaryimage"},"image":{"@id":"https:\/\/www.blogdelaautoescuela.com\/blog\/la-comision-europea-alerta-de-los-malos-datos-de-la-siniestralidad-vial\/#primaryimage"},"thumbnailUrl":"https:\/\/www.blogdelaautoescuela.com\/blog\/wp-content\/uploads\/2012\/04\/ue1.jpg","datePublished":"2012-04-30T10:43:20+00:00","dateModified":"2014-12-12T12:47:52+00:00","author":{"@id":"https:\/\/www.blogdelaautoescuela.com\/blog\/#\/schema\/person\/f209a64ca5dfe74b9acb6317240e792f"},"description":"Durante el a\u00f1o 2011 los accidentes de tr\u00e1fico mortales s\u00f3lo se redujeron un 2% pero, en algunos pa\u00ed\u00adses como Alemania, Suecia, B\u00e9lgica o Luxemburgo, las v\u00ed\u00adctimas mortales se dispararon un 10%.","breadcrumb":{"@id":"https:\/\/www.blogdelaautoescuela.com\/blog\/la-comision-europea-alerta-de-los-malos-datos-de-la-siniestralidad-vial\/#breadcrumb"},"inLanguage":"es","potentialAction":[{"@type":"ReadAction","target":["https:\/\/www.blogdelaautoescuela.com\/blog\/la-comision-europea-alerta-de-los-malos-datos-de-la-siniestralidad-vial\/"]}]},{"@type":"ImageObject","inLanguage":"es","@id":"https:\/\/www.blogdelaautoescuela.com\/blog\/la-comision-europea-alerta-de-los-malos-datos-de-la-siniestralidad-vial\/#primaryimage","url":"https:\/\/www.blogdelaautoescuela.com\/blog\/wp-content\/uploads\/2012\/04\/ue1.jpg","contentUrl":"https:\/\/www.blogdelaautoescuela.com\/blog\/wp-content\/uploads\/2012\/04\/ue1.jpg","width":729,"height":514},{"@type":"BreadcrumbList","@id":"https:\/\/www.blogdelaautoescuela.com\/blog\/la-comision-europea-alerta-de-los-malos-datos-de-la-siniestralidad-vial\/#breadcrumb","itemListElement":[{"@type":"ListItem","position":1,"name":"Portada","item":"https:\/\/www.blogdelaautoescuela.com\/blog\/"},{"@type":"ListItem","position":2,"name":"La Comisi\u00f3n Europea alerta de los malos datos de la siniestralidad vial"}]},{"@type":"WebSite","@id":"https:\/\/www.blogdelaautoescuela.com\/blog\/#website","url":"https:\/\/www.blogdelaautoescuela.com\/blog\/","name":"Blog de la autoescuela","description":"Noticias sobre autoescuelas y seguridad vial","potentialAction":[{"@type":"SearchAction","target":{"@type":"EntryPoint","urlTemplate":"https:\/\/www.blogdelaautoescuela.com\/blog\/?s={search_term_string}"},"query-input":{"@type":"PropertyValueSpecification","valueRequired":true,"valueName":"search_term_string"}}],"inLanguage":"es"},{"@type":"Person","@id":"https:\/\/www.blogdelaautoescuela.com\/blog\/#\/schema\/person\/f209a64ca5dfe74b9acb6317240e792f","name":"usr_blogauto","image":{"@type":"ImageObject","inLanguage":"es","@id":"https:\/\/www.blogdelaautoescuela.com\/blog\/#\/schema\/person\/image\/","url":"https:\/\/secure.gravatar.com\/avatar\/d3939d4ea521ac8421c86d2980321cc9?s=96&d=mm&r=g","contentUrl":"https:\/\/secure.gravatar.com\/avatar\/d3939d4ea521ac8421c86d2980321cc9?s=96&d=mm&r=g","caption":"usr_blogauto"},"description":"Blog dedicado a la conducci\u00f3n, las autoescuelas y la seguridad vial. Est\u00e1 creado por un grupo de profesionales de la formaci\u00f3n vial que comparten inquietudes y experiencias. Aqu\u00ed\u00ad podr\u00e1s encontrar informaci\u00f3n variada sobre el d\u00ed\u00ada a d\u00ed\u00ada de la autoescuela, ex\u00e1menes, test o novedades y consejos para una conducci\u00f3n m\u00e1s segura.","sameAs":["http:\/\/www.blogdelaautoescuela.com\/","https:\/\/www.facebook.com\/blogdelaautoescuela","https:\/\/x.com\/autoescuelas"],"url":"https:\/\/www.blogdelaautoescuela.com\/blog\/author\/usr_blogauto\/"}]}},"jetpack_featured_media_url":"https:\/\/www.blogdelaautoescuela.com\/blog\/wp-content\/uploads\/2012\/04\/ue1.jpg","_links":{"self":[{"href":"https:\/\/www.blogdelaautoescuela.com\/blog\/wp-json\/wp\/v2\/posts\/9005","targetHints":{"allow":["GET"]}}],"collection":[{"href":"https:\/\/www.blogdelaautoescuela.com\/blog\/wp-json\/wp\/v2\/posts"}],"about":[{"href":"https:\/\/www.blogdelaautoescuela.com\/blog\/wp-json\/wp\/v2\/types\/post"}],"author":[{"embeddable":true,"href":"https:\/\/www.blogdelaautoescuela.com\/blog\/wp-json\/wp\/v2\/users\/1"}],"replies":[{"embeddable":true,"href":"https:\/\/www.blogdelaautoescuela.com\/blog\/wp-json\/wp\/v2\/comments?post=9005"}],"version-history":[{"count":0,"href":"https:\/\/www.blogdelaautoescuela.com\/blog\/wp-json\/wp\/v2\/posts\/9005\/revisions"}],"wp:featuredmedia":[{"embeddable":true,"href":"https:\/\/www.blogdelaautoescuela.com\/blog\/wp-json\/wp\/v2\/media\/9006"}],"wp:attachment":[{"href":"https:\/\/www.blogdelaautoescuela.com\/blog\/wp-json\/wp\/v2\/media?parent=9005"}],"wp:term":[{"taxonomy":"category","embeddable":true,"href":"https:\/\/www.blogdelaautoescuela.com\/blog\/wp-json\/wp\/v2\/categories?post=9005"},{"taxonomy":"post_tag","embeddable":true,"href":"https:\/\/www.blogdelaautoescuela.com\/blog\/wp-json\/wp\/v2\/tags?post=9005"}],"curies":[{"name":"wp","href":"https:\/\/api.w.org\/{rel}","templated":true}]}}