
{"id":8959,"date":"2012-04-24T10:50:49","date_gmt":"2012-04-24T08:50:49","guid":{"rendered":"http:\/\/www.blogdelaautoescuela.com\/blog\/?p=8959"},"modified":"2014-12-12T13:11:08","modified_gmt":"2014-12-12T12:11:08","slug":"ii-encuentro-espanol-de-firmantes-de-la-carta-europea-de-la-seguridad-vial","status":"publish","type":"post","link":"https:\/\/www.blogdelaautoescuela.com\/blog\/ii-encuentro-espanol-de-firmantes-de-la-carta-europea-de-la-seguridad-vial\/","title":{"rendered":"II encuentro espa\u00f1ol de firmantes de la &#8216;Carta europea de la seguridad vial&#8217;"},"content":{"rendered":"<p style=\"text-align: center;\"><img loading=\"lazy\" decoding=\"async\" class=\"aligncenter size-large wp-image-8960\" title=\"Carta europea de la Seguridad Vial\" src=\"http:\/\/www.blogdelaautoescuela.com\/blog\/wp-content\/uploads\/2012\/04\/ES_Inverse_Quadri-1024x637.jpg\" alt=\"Carta europea de la Seguridad Vial\" width=\"442\" height=\"275\" \/><\/p>\n<p style=\"text-align: justify;\">El pr\u00f3ximo <strong>21 de junio de 2012<\/strong>, a las 09.00 horas, tendr\u00e1 lugar en <strong>Alcobendas <\/strong>(Madrid) el\u00a0II encuentro espa\u00f1ol de firmantes de la &#8216;<strong>Carta europea de la seguridad vial<\/strong>&#8216;.<\/p>\n<p style=\"text-align: justify;\">El acto, que se celebrar\u00e1 en el sal\u00f3n de actos del polideportivo Valdelasfuentes (C\/ Miguel de Cervantes, s\/n) pretende ser un punto de encuentro de las empresas, asociaciones o autoridades espa\u00f1olas que se hayan comprometido a &#8220;llevar a cabo acciones concretas y a compartir sus buenas pr\u00e1cticas para resolver los problemas de <strong>seguridad vial<\/strong> de sus entornos cotidianos&#8221;.<\/p>\n<p style=\"text-align: justify;\">El <strong>programa <\/strong>de este evento incluye:<\/p>\n<ul style=\"text-align: justify;\">\n<li><em>09:00 a 09:30<\/em>. \u00a0Acreditaciones<\/li>\n<li><em>09:30 a 10:00<\/em>. Presentaci\u00f3n de la Jornada<\/li>\n<li><em>10:00 a 11:15<\/em>. Dos mesas redondas simult\u00e1neas: &#8216;La responsabilidad compartida en la consecuci\u00f3n\u00a0de la Seguridad Vial: visi\u00f3n desde la intervenci\u00f3n asociativa&#8217; y &#8216;La responsabilidad compartida en la consecuci\u00f3n&#8217;.<\/li>\n<li><em>11:15 a 11:45<\/em>. Pausa.<\/li>\n<li><em>11:45 a 13.00. <\/em>Mesas redondas simultaneas: \u00a0&#8216;La responsabilidad compartida en la consecuci\u00f3n\u00a0de la Seguridad Vial: la gesti\u00f3n de la seguridad vial desde la\u00a0administraci\u00f3n p\u00fablica&#8217; y\u00a0\u00a0&#8216;La responsabilidad compartida en la consecuci\u00f3n\u00a0de la Seguridad Vial: la aportaci\u00f3n de los centros de formaci\u00f3n&#8217;.<\/li>\n<li><em>13:00 a 13:30<\/em>. Ponencia &#8216;La Carta Europea de Seguridad Vial en la pol\u00ed\u00adtica internacional de\u00a0Seguridad Vial&#8217;.<\/li>\n<li><em>13:30<\/em>. Acto de clausura de la Jornada.<\/li>\n<\/ul>\n<p style=\"text-align: justify;\">Para m\u00e1s informaci\u00f3n, consulte la <a title=\"Carta europea de la seguridad vial\" href=\"http:\/\/www.erscharter.eu\/\" target=\"_blank\">p\u00e1gina web de la Carta europea de la seguridad vial.<\/a><\/p>\n","protected":false},"excerpt":{"rendered":"<p>El pr\u00f3ximo 21 de junio de 2012 tendr\u00e1 lugar en Alcobendas (Madrid) el II encuentro espa\u00f1ol de firmantes de la &#8216;Carta europea de la seguridad vial&#8217;.<\/p>\n","protected":false},"author":1,"featured_media":8960,"comment_status":"open","ping_status":"closed","sticky":false,"template":"","format":"standard","meta":{"footnotes":"","jetpack_publicize_message":"","jetpack_publicize_feature_enabled":true,"jetpack_social_post_already_shared":false,"jetpack_social_options":{"image_generator_settings":{"template":"highway","enabled":false},"version":2}},"categories":[4,20],"tags":[286,548,585,635,1678],"class_list":["post-8959","post","type-post","status-publish","format-standard","has-post-thumbnail","hentry","category-campanas-de-seguridad-vial","category-seguridad-vial-en-empresas","tag-carta-europea","tag-encuentro-espanol","tag-european-road-safety-charter","tag-firmantes","tag-seguridad-vial"],"wppr_data":{"cwp_meta_box_check":"No","cwp_rev_product_name":"","cwp_rev_product_image":"","cwp_image_link":"image","cwp_rev_price":""},"jetpack_publicize_connections":[],"yoast_head":"<!-- This site is optimized with the Yoast SEO plugin v24.7 - https:\/\/yoast.com\/wordpress\/plugins\/seo\/ -->\n<title>II encuentro espa\u00f1ol de firmantes de la &#039;Carta europea de la seguridad vial&#039;<\/title>\n<meta name=\"description\" content=\"El pr\u00f3ximo 21 de junio de 2012 tendr\u00e1 lugar en Alcobendas (Madrid) el II encuentro espa\u00f1ol de firmantes de la &#039;Carta europea de la seguridad vial&#039;.\" \/>\n<meta name=\"robots\" content=\"index, follow, max-snippet:-1, max-image-preview:large, max-video-preview:-1\" \/>\n<link rel=\"canonical\" href=\"https:\/\/www.blogdelaautoescuela.com\/blog\/ii-encuentro-espanol-de-firmantes-de-la-carta-europea-de-la-seguridad-vial\/\" \/>\n<meta property=\"og:locale\" content=\"es_ES\" \/>\n<meta property=\"og:type\" content=\"article\" \/>\n<meta property=\"og:title\" content=\"II encuentro espa\u00f1ol de firmantes de la &#039;Carta europea de la seguridad vial&#039;\" \/>\n<meta property=\"og:description\" content=\"El pr\u00f3ximo 21 de junio de 2012 tendr\u00e1 lugar en Alcobendas (Madrid) el II encuentro espa\u00f1ol de firmantes de la &#039;Carta europea de la seguridad vial&#039;.\" \/>\n<meta property=\"og:url\" content=\"https:\/\/www.blogdelaautoescuela.com\/blog\/ii-encuentro-espanol-de-firmantes-de-la-carta-europea-de-la-seguridad-vial\/\" \/>\n<meta property=\"og:site_name\" content=\"Blog de la autoescuela\" \/>\n<meta property=\"article:author\" content=\"https:\/\/www.facebook.com\/blogdelaautoescuela\" \/>\n<meta property=\"article:published_time\" content=\"2012-04-24T08:50:49+00:00\" \/>\n<meta property=\"article:modified_time\" content=\"2014-12-12T12:11:08+00:00\" \/>\n<meta property=\"og:image\" content=\"https:\/\/www.blogdelaautoescuela.com\/blog\/wp-content\/uploads\/2012\/04\/ES_Inverse_Quadri1.jpg\" \/>\n\t<meta property=\"og:image:width\" content=\"1636\" \/>\n\t<meta property=\"og:image:height\" content=\"1019\" \/>\n\t<meta property=\"og:image:type\" content=\"image\/jpeg\" \/>\n<meta name=\"author\" content=\"usr_blogauto\" \/>\n<meta name=\"twitter:label1\" content=\"Escrito por\" \/>\n\t<meta name=\"twitter:data1\" content=\"usr_blogauto\" \/>\n\t<meta name=\"twitter:label2\" content=\"Tiempo de lectura\" \/>\n\t<meta name=\"twitter:data2\" content=\"1 minuto\" \/>\n<script type=\"application\/ld+json\" class=\"yoast-schema-graph\">{\"@context\":\"https:\/\/schema.org\",\"@graph\":[{\"@type\":\"WebPage\",\"@id\":\"https:\/\/www.blogdelaautoescuela.com\/blog\/ii-encuentro-espanol-de-firmantes-de-la-carta-europea-de-la-seguridad-vial\/\",\"url\":\"https:\/\/www.blogdelaautoescuela.com\/blog\/ii-encuentro-espanol-de-firmantes-de-la-carta-europea-de-la-seguridad-vial\/\",\"name\":\"II encuentro espa\u00f1ol de firmantes de la 'Carta europea de la seguridad vial'\",\"isPartOf\":{\"@id\":\"https:\/\/www.blogdelaautoescuela.com\/blog\/#website\"},\"primaryImageOfPage\":{\"@id\":\"https:\/\/www.blogdelaautoescuela.com\/blog\/ii-encuentro-espanol-de-firmantes-de-la-carta-europea-de-la-seguridad-vial\/#primaryimage\"},\"image\":{\"@id\":\"https:\/\/www.blogdelaautoescuela.com\/blog\/ii-encuentro-espanol-de-firmantes-de-la-carta-europea-de-la-seguridad-vial\/#primaryimage\"},\"thumbnailUrl\":\"https:\/\/www.blogdelaautoescuela.com\/blog\/wp-content\/uploads\/2012\/04\/ES_Inverse_Quadri1.jpg\",\"datePublished\":\"2012-04-24T08:50:49+00:00\",\"dateModified\":\"2014-12-12T12:11:08+00:00\",\"author\":{\"@id\":\"https:\/\/www.blogdelaautoescuela.com\/blog\/#\/schema\/person\/f209a64ca5dfe74b9acb6317240e792f\"},\"description\":\"El pr\u00f3ximo 21 de junio de 2012 tendr\u00e1 lugar en Alcobendas (Madrid) el II encuentro espa\u00f1ol de firmantes de la 'Carta europea de la seguridad vial'.\",\"breadcrumb\":{\"@id\":\"https:\/\/www.blogdelaautoescuela.com\/blog\/ii-encuentro-espanol-de-firmantes-de-la-carta-europea-de-la-seguridad-vial\/#breadcrumb\"},\"inLanguage\":\"es\",\"potentialAction\":[{\"@type\":\"ReadAction\",\"target\":[\"https:\/\/www.blogdelaautoescuela.com\/blog\/ii-encuentro-espanol-de-firmantes-de-la-carta-europea-de-la-seguridad-vial\/\"]}]},{\"@type\":\"ImageObject\",\"inLanguage\":\"es\",\"@id\":\"https:\/\/www.blogdelaautoescuela.com\/blog\/ii-encuentro-espanol-de-firmantes-de-la-carta-europea-de-la-seguridad-vial\/#primaryimage\",\"url\":\"https:\/\/www.blogdelaautoescuela.com\/blog\/wp-content\/uploads\/2012\/04\/ES_Inverse_Quadri1.jpg\",\"contentUrl\":\"https:\/\/www.blogdelaautoescuela.com\/blog\/wp-content\/uploads\/2012\/04\/ES_Inverse_Quadri1.jpg\",\"width\":1636,\"height\":1019},{\"@type\":\"BreadcrumbList\",\"@id\":\"https:\/\/www.blogdelaautoescuela.com\/blog\/ii-encuentro-espanol-de-firmantes-de-la-carta-europea-de-la-seguridad-vial\/#breadcrumb\",\"itemListElement\":[{\"@type\":\"ListItem\",\"position\":1,\"name\":\"Portada\",\"item\":\"https:\/\/www.blogdelaautoescuela.com\/blog\/\"},{\"@type\":\"ListItem\",\"position\":2,\"name\":\"II encuentro espa\u00f1ol de firmantes de la &#8216;Carta europea de la seguridad vial&#8217;\"}]},{\"@type\":\"WebSite\",\"@id\":\"https:\/\/www.blogdelaautoescuela.com\/blog\/#website\",\"url\":\"https:\/\/www.blogdelaautoescuela.com\/blog\/\",\"name\":\"Blog de la autoescuela\",\"description\":\"Noticias sobre autoescuelas y seguridad vial\",\"potentialAction\":[{\"@type\":\"SearchAction\",\"target\":{\"@type\":\"EntryPoint\",\"urlTemplate\":\"https:\/\/www.blogdelaautoescuela.com\/blog\/?s={search_term_string}\"},\"query-input\":{\"@type\":\"PropertyValueSpecification\",\"valueRequired\":true,\"valueName\":\"search_term_string\"}}],\"inLanguage\":\"es\"},{\"@type\":\"Person\",\"@id\":\"https:\/\/www.blogdelaautoescuela.com\/blog\/#\/schema\/person\/f209a64ca5dfe74b9acb6317240e792f\",\"name\":\"usr_blogauto\",\"image\":{\"@type\":\"ImageObject\",\"inLanguage\":\"es\",\"@id\":\"https:\/\/www.blogdelaautoescuela.com\/blog\/#\/schema\/person\/image\/\",\"url\":\"https:\/\/secure.gravatar.com\/avatar\/d3939d4ea521ac8421c86d2980321cc9?s=96&d=mm&r=g\",\"contentUrl\":\"https:\/\/secure.gravatar.com\/avatar\/d3939d4ea521ac8421c86d2980321cc9?s=96&d=mm&r=g\",\"caption\":\"usr_blogauto\"},\"description\":\"Blog dedicado a la conducci\u00f3n, las autoescuelas y la seguridad vial. Est\u00e1 creado por un grupo de profesionales de la formaci\u00f3n vial que comparten inquietudes y experiencias. Aqu\u00ed\u00ad podr\u00e1s encontrar informaci\u00f3n variada sobre el d\u00ed\u00ada a d\u00ed\u00ada de la autoescuela, ex\u00e1menes, test o novedades y consejos para una conducci\u00f3n m\u00e1s segura.\",\"sameAs\":[\"http:\/\/www.blogdelaautoescuela.com\/\",\"https:\/\/www.facebook.com\/blogdelaautoescuela\",\"https:\/\/x.com\/autoescuelas\"],\"url\":\"https:\/\/www.blogdelaautoescuela.com\/blog\/author\/usr_blogauto\/\"}]}<\/script>\n<!-- \/ Yoast SEO plugin. -->","yoast_head_json":{"title":"II encuentro espa\u00f1ol de firmantes de la 'Carta europea de la seguridad vial'","description":"El pr\u00f3ximo 21 de junio de 2012 tendr\u00e1 lugar en Alcobendas (Madrid) el II encuentro espa\u00f1ol de firmantes de la 'Carta europea de la seguridad vial'.","robots":{"index":"index","follow":"follow","max-snippet":"max-snippet:-1","max-image-preview":"max-image-preview:large","max-video-preview":"max-video-preview:-1"},"canonical":"https:\/\/www.blogdelaautoescuela.com\/blog\/ii-encuentro-espanol-de-firmantes-de-la-carta-europea-de-la-seguridad-vial\/","og_locale":"es_ES","og_type":"article","og_title":"II encuentro espa\u00f1ol de firmantes de la 'Carta europea de la seguridad vial'","og_description":"El pr\u00f3ximo 21 de junio de 2012 tendr\u00e1 lugar en Alcobendas (Madrid) el II encuentro espa\u00f1ol de firmantes de la 'Carta europea de la seguridad vial'.","og_url":"https:\/\/www.blogdelaautoescuela.com\/blog\/ii-encuentro-espanol-de-firmantes-de-la-carta-europea-de-la-seguridad-vial\/","og_site_name":"Blog de la autoescuela","article_author":"https:\/\/www.facebook.com\/blogdelaautoescuela","article_published_time":"2012-04-24T08:50:49+00:00","article_modified_time":"2014-12-12T12:11:08+00:00","og_image":[{"width":1636,"height":1019,"url":"https:\/\/www.blogdelaautoescuela.com\/blog\/wp-content\/uploads\/2012\/04\/ES_Inverse_Quadri1.jpg","type":"image\/jpeg"}],"author":"usr_blogauto","twitter_misc":{"Escrito por":"usr_blogauto","Tiempo de lectura":"1 minuto"},"schema":{"@context":"https:\/\/schema.org","@graph":[{"@type":"WebPage","@id":"https:\/\/www.blogdelaautoescuela.com\/blog\/ii-encuentro-espanol-de-firmantes-de-la-carta-europea-de-la-seguridad-vial\/","url":"https:\/\/www.blogdelaautoescuela.com\/blog\/ii-encuentro-espanol-de-firmantes-de-la-carta-europea-de-la-seguridad-vial\/","name":"II encuentro espa\u00f1ol de firmantes de la 'Carta europea de la seguridad vial'","isPartOf":{"@id":"https:\/\/www.blogdelaautoescuela.com\/blog\/#website"},"primaryImageOfPage":{"@id":"https:\/\/www.blogdelaautoescuela.com\/blog\/ii-encuentro-espanol-de-firmantes-de-la-carta-europea-de-la-seguridad-vial\/#primaryimage"},"image":{"@id":"https:\/\/www.blogdelaautoescuela.com\/blog\/ii-encuentro-espanol-de-firmantes-de-la-carta-europea-de-la-seguridad-vial\/#primaryimage"},"thumbnailUrl":"https:\/\/www.blogdelaautoescuela.com\/blog\/wp-content\/uploads\/2012\/04\/ES_Inverse_Quadri1.jpg","datePublished":"2012-04-24T08:50:49+00:00","dateModified":"2014-12-12T12:11:08+00:00","author":{"@id":"https:\/\/www.blogdelaautoescuela.com\/blog\/#\/schema\/person\/f209a64ca5dfe74b9acb6317240e792f"},"description":"El pr\u00f3ximo 21 de junio de 2012 tendr\u00e1 lugar en Alcobendas (Madrid) el II encuentro espa\u00f1ol de firmantes de la 'Carta europea de la seguridad vial'.","breadcrumb":{"@id":"https:\/\/www.blogdelaautoescuela.com\/blog\/ii-encuentro-espanol-de-firmantes-de-la-carta-europea-de-la-seguridad-vial\/#breadcrumb"},"inLanguage":"es","potentialAction":[{"@type":"ReadAction","target":["https:\/\/www.blogdelaautoescuela.com\/blog\/ii-encuentro-espanol-de-firmantes-de-la-carta-europea-de-la-seguridad-vial\/"]}]},{"@type":"ImageObject","inLanguage":"es","@id":"https:\/\/www.blogdelaautoescuela.com\/blog\/ii-encuentro-espanol-de-firmantes-de-la-carta-europea-de-la-seguridad-vial\/#primaryimage","url":"https:\/\/www.blogdelaautoescuela.com\/blog\/wp-content\/uploads\/2012\/04\/ES_Inverse_Quadri1.jpg","contentUrl":"https:\/\/www.blogdelaautoescuela.com\/blog\/wp-content\/uploads\/2012\/04\/ES_Inverse_Quadri1.jpg","width":1636,"height":1019},{"@type":"BreadcrumbList","@id":"https:\/\/www.blogdelaautoescuela.com\/blog\/ii-encuentro-espanol-de-firmantes-de-la-carta-europea-de-la-seguridad-vial\/#breadcrumb","itemListElement":[{"@type":"ListItem","position":1,"name":"Portada","item":"https:\/\/www.blogdelaautoescuela.com\/blog\/"},{"@type":"ListItem","position":2,"name":"II encuentro espa\u00f1ol de firmantes de la &#8216;Carta europea de la seguridad vial&#8217;"}]},{"@type":"WebSite","@id":"https:\/\/www.blogdelaautoescuela.com\/blog\/#website","url":"https:\/\/www.blogdelaautoescuela.com\/blog\/","name":"Blog de la autoescuela","description":"Noticias sobre autoescuelas y seguridad vial","potentialAction":[{"@type":"SearchAction","target":{"@type":"EntryPoint","urlTemplate":"https:\/\/www.blogdelaautoescuela.com\/blog\/?s={search_term_string}"},"query-input":{"@type":"PropertyValueSpecification","valueRequired":true,"valueName":"search_term_string"}}],"inLanguage":"es"},{"@type":"Person","@id":"https:\/\/www.blogdelaautoescuela.com\/blog\/#\/schema\/person\/f209a64ca5dfe74b9acb6317240e792f","name":"usr_blogauto","image":{"@type":"ImageObject","inLanguage":"es","@id":"https:\/\/www.blogdelaautoescuela.com\/blog\/#\/schema\/person\/image\/","url":"https:\/\/secure.gravatar.com\/avatar\/d3939d4ea521ac8421c86d2980321cc9?s=96&d=mm&r=g","contentUrl":"https:\/\/secure.gravatar.com\/avatar\/d3939d4ea521ac8421c86d2980321cc9?s=96&d=mm&r=g","caption":"usr_blogauto"},"description":"Blog dedicado a la conducci\u00f3n, las autoescuelas y la seguridad vial. Est\u00e1 creado por un grupo de profesionales de la formaci\u00f3n vial que comparten inquietudes y experiencias. Aqu\u00ed\u00ad podr\u00e1s encontrar informaci\u00f3n variada sobre el d\u00ed\u00ada a d\u00ed\u00ada de la autoescuela, ex\u00e1menes, test o novedades y consejos para una conducci\u00f3n m\u00e1s segura.","sameAs":["http:\/\/www.blogdelaautoescuela.com\/","https:\/\/www.facebook.com\/blogdelaautoescuela","https:\/\/x.com\/autoescuelas"],"url":"https:\/\/www.blogdelaautoescuela.com\/blog\/author\/usr_blogauto\/"}]}},"jetpack_featured_media_url":"https:\/\/www.blogdelaautoescuela.com\/blog\/wp-content\/uploads\/2012\/04\/ES_Inverse_Quadri1.jpg","_links":{"self":[{"href":"https:\/\/www.blogdelaautoescuela.com\/blog\/wp-json\/wp\/v2\/posts\/8959","targetHints":{"allow":["GET"]}}],"collection":[{"href":"https:\/\/www.blogdelaautoescuela.com\/blog\/wp-json\/wp\/v2\/posts"}],"about":[{"href":"https:\/\/www.blogdelaautoescuela.com\/blog\/wp-json\/wp\/v2\/types\/post"}],"author":[{"embeddable":true,"href":"https:\/\/www.blogdelaautoescuela.com\/blog\/wp-json\/wp\/v2\/users\/1"}],"replies":[{"embeddable":true,"href":"https:\/\/www.blogdelaautoescuela.com\/blog\/wp-json\/wp\/v2\/comments?post=8959"}],"version-history":[{"count":0,"href":"https:\/\/www.blogdelaautoescuela.com\/blog\/wp-json\/wp\/v2\/posts\/8959\/revisions"}],"wp:featuredmedia":[{"embeddable":true,"href":"https:\/\/www.blogdelaautoescuela.com\/blog\/wp-json\/wp\/v2\/media\/8960"}],"wp:attachment":[{"href":"https:\/\/www.blogdelaautoescuela.com\/blog\/wp-json\/wp\/v2\/media?parent=8959"}],"wp:term":[{"taxonomy":"category","embeddable":true,"href":"https:\/\/www.blogdelaautoescuela.com\/blog\/wp-json\/wp\/v2\/categories?post=8959"},{"taxonomy":"post_tag","embeddable":true,"href":"https:\/\/www.blogdelaautoescuela.com\/blog\/wp-json\/wp\/v2\/tags?post=8959"}],"curies":[{"name":"wp","href":"https:\/\/api.w.org\/{rel}","templated":true}]}}