
{"id":8598,"date":"2012-03-01T09:00:17","date_gmt":"2012-03-01T07:00:17","guid":{"rendered":"http:\/\/www.blogdelaautoescuela.com\/blog\/?p=8598"},"modified":"2012-03-01T09:00:17","modified_gmt":"2012-03-01T07:00:17","slug":"teorica-permiso-conduccion-preventiva-2%c2%aa-parte","status":"publish","type":"post","link":"https:\/\/www.blogdelaautoescuela.com\/blog\/teorica-permiso-conduccion-preventiva-2%c2%aa-parte\/","title":{"rendered":"Seguridad Vial: Conducci\u00f3n preventiva 2\u00aa parte"},"content":{"rendered":"<p>Estos d\u00ed\u00adas pasados hemos comprendido que la <strong>observaci\u00f3n <\/strong>es fundamental para obtener la informaci\u00f3n necesaria para la conducci\u00f3n preventiva y que una anticipaci\u00f3n constante redunda en nuestra propia seguridad vial y, por tanto, ayuda a la seguridad vial colectiva.<\/p>\n<p><strong>No siempre las cosas salen como uno espera.<\/strong> Por eso es necesario anticiparse y reaccionar en caso necesario. Debemos dominar nuestro espacio de conducci\u00f3n.<\/p>\n<p><strong>\u00bfQu\u00e9 podemos hacer cuando es el conductor que nos sigue el que no respeta las distancias?<\/strong> La primera medida ser\u00e1 aumentar la distancia con el veh\u00ed\u00adculo que nos precede. Lo siguiente, evitar acelerar, porque eso no resolver\u00e1 nada y aumentar\u00e1 el peligro en caso de que surja un problema. Si nos vemos en la necesidad de frenar o de girar hacia alg\u00fan sitio, comenzaremos nuestra maniobra mucho antes, quitando velocidad con suavidad y tiempo suficientes y, en el caso de desplazamientos laterales, utilizaremos los indicadores de direcci\u00f3n con mucha antelaci\u00f3n, de forma que el conductor que nos sigue tenga tiempo de reaccionar.<\/p>\n<p><strong>La conducci\u00f3n preventiva<\/strong> exige una preocupaci\u00f3n constante por la <strong>separaci\u00f3n lateral<\/strong>, \u00a0circulemos en l\u00ed\u00adnea recta y por nuestro carril, por lo que pueda suceder. Un conductor que cambia repentinamente de rumbo, un peat\u00f3n que irrumpe en la calzada, el ocupante de un veh\u00ed\u00adculo que sin pensarlo abre la puerta\u20ac\u00a6 Todos esos posibles problemas que pueden aparecer nos llevan a la necesidad de mantenernos suficientemente alejados lateralmente del resto de usuarios de la v\u00ed\u00ada.<\/p>\n<p>En ciudad esa separaci\u00f3n ser\u00e1 proporcional a la anchura y caracter\u00ed\u00adsticas de la calzada y a la velocidad a la que circulamos, sin olvidar factores como el tr\u00e1fico.<\/p>\n<p>Al final, la idea es que, mientras circulamos, constantemente debemos dejar un margen lateral de seguridad suficiente para cubrir las variaciones de trayectoria que como conductores vamos experimentando y que tambi\u00e9n van experimentando los dem\u00e1s.<\/p>\n<p><a href=\"http:\/\/www.arisoft.es\/b2c\/index.php?page=pp_producto.php&amp;md=0&amp;ref=AECURSOADVD\"><strong>Adquiera nuestro v\u00ed\u00addeo curso para el permiso &#8220;A&#8221; en DVD<\/strong><\/a><\/p>\n<p>Javier Merino<br \/>\nProfesor de Formaci\u00f3n Vial<\/p>\n","protected":false},"excerpt":{"rendered":"<p>Estos d\u00ed\u00adas pasados hemos comprendido que la observaci\u00f3n es fundamental para obtener la informaci\u00f3n necesaria para la conducci\u00f3n preventiva y que una anticipaci\u00f3n constante redunda en nuestra propia seguridad vial y, por tanto, ayuda a la seguridad vial colectiva. No siempre las cosas salen como uno espera. Por eso es necesario anticiparse y reaccionar en [&hellip;]<\/p>\n","protected":false},"author":1,"featured_media":0,"comment_status":"open","ping_status":"closed","sticky":false,"template":"","format":"standard","meta":{"footnotes":"","jetpack_publicize_message":"","jetpack_publicize_feature_enabled":true,"jetpack_social_post_already_shared":false,"jetpack_social_options":{"image_generator_settings":{"template":"highway","enabled":false},"version":2}},"categories":[22],"tags":[372,1666,374,566,875],"class_list":["post-8598","post","type-post","status-publish","format-standard","hentry","category-permiso-a-videos-autoescuela","tag-conduccion-defensiva","tag-conduccion-eficiente","tag-conduccion-preventiva","tag-espejos-retrovisores","tag-meteorologia-adversa"],"wppr_data":[],"jetpack_publicize_connections":[],"yoast_head":"<!-- This site is optimized with the Yoast SEO plugin v24.7 - https:\/\/yoast.com\/wordpress\/plugins\/seo\/ -->\n<title>Seguridad Vial: Conducci\u00f3n preventiva 2\u00aa parte<\/title>\n<meta name=\"description\" content=\"Fragmento del curso multimedia para la obtenci\u00f3n del permiso de motocicleta de la clase &quot;A&quot;. Los contenidos del curso est\u00e1n basados en la Orden Ministerial 2323\/2011.\" \/>\n<meta name=\"robots\" content=\"index, follow, max-snippet:-1, max-image-preview:large, max-video-preview:-1\" \/>\n<link rel=\"canonical\" href=\"https:\/\/www.blogdelaautoescuela.com\/blog\/teorica-permiso-conduccion-preventiva-2\u00aa-parte\/\" \/>\n<meta property=\"og:locale\" content=\"es_ES\" \/>\n<meta property=\"og:type\" content=\"article\" \/>\n<meta property=\"og:title\" content=\"Seguridad Vial: Conducci\u00f3n preventiva 2\u00aa parte\" \/>\n<meta property=\"og:description\" content=\"Fragmento del curso multimedia para la obtenci\u00f3n del permiso de motocicleta de la clase &quot;A&quot;. Los contenidos del curso est\u00e1n basados en la Orden Ministerial 2323\/2011.\" \/>\n<meta property=\"og:url\" content=\"https:\/\/www.blogdelaautoescuela.com\/blog\/teorica-permiso-conduccion-preventiva-2\u00aa-parte\/\" \/>\n<meta property=\"og:site_name\" content=\"Blog de la autoescuela\" \/>\n<meta property=\"article:author\" content=\"https:\/\/www.facebook.com\/blogdelaautoescuela\" \/>\n<meta property=\"article:published_time\" content=\"2012-03-01T07:00:17+00:00\" \/>\n<meta name=\"author\" content=\"usr_blogauto\" \/>\n<meta name=\"twitter:label1\" content=\"Escrito por\" \/>\n\t<meta name=\"twitter:data1\" content=\"usr_blogauto\" \/>\n\t<meta name=\"twitter:label2\" content=\"Tiempo de lectura\" \/>\n\t<meta name=\"twitter:data2\" content=\"2 minutos\" \/>\n<script type=\"application\/ld+json\" class=\"yoast-schema-graph\">{\"@context\":\"https:\/\/schema.org\",\"@graph\":[{\"@type\":\"WebPage\",\"@id\":\"https:\/\/www.blogdelaautoescuela.com\/blog\/teorica-permiso-conduccion-preventiva-2%c2%aa-parte\/\",\"url\":\"https:\/\/www.blogdelaautoescuela.com\/blog\/teorica-permiso-conduccion-preventiva-2%c2%aa-parte\/\",\"name\":\"Seguridad Vial: Conducci\u00f3n preventiva 2\u00aa parte\",\"isPartOf\":{\"@id\":\"https:\/\/www.blogdelaautoescuela.com\/blog\/#website\"},\"datePublished\":\"2012-03-01T07:00:17+00:00\",\"author\":{\"@id\":\"https:\/\/www.blogdelaautoescuela.com\/blog\/#\/schema\/person\/f209a64ca5dfe74b9acb6317240e792f\"},\"description\":\"Fragmento del curso multimedia para la obtenci\u00f3n del permiso de motocicleta de la clase \\\"A\\\". Los contenidos del curso est\u00e1n basados en la Orden Ministerial 2323\/2011.\",\"breadcrumb\":{\"@id\":\"https:\/\/www.blogdelaautoescuela.com\/blog\/teorica-permiso-conduccion-preventiva-2%c2%aa-parte\/#breadcrumb\"},\"inLanguage\":\"es\",\"potentialAction\":[{\"@type\":\"ReadAction\",\"target\":[\"https:\/\/www.blogdelaautoescuela.com\/blog\/teorica-permiso-conduccion-preventiva-2%c2%aa-parte\/\"]}]},{\"@type\":\"BreadcrumbList\",\"@id\":\"https:\/\/www.blogdelaautoescuela.com\/blog\/teorica-permiso-conduccion-preventiva-2%c2%aa-parte\/#breadcrumb\",\"itemListElement\":[{\"@type\":\"ListItem\",\"position\":1,\"name\":\"Portada\",\"item\":\"https:\/\/www.blogdelaautoescuela.com\/blog\/\"},{\"@type\":\"ListItem\",\"position\":2,\"name\":\"Seguridad Vial: Conducci\u00f3n preventiva 2\u00aa parte\"}]},{\"@type\":\"WebSite\",\"@id\":\"https:\/\/www.blogdelaautoescuela.com\/blog\/#website\",\"url\":\"https:\/\/www.blogdelaautoescuela.com\/blog\/\",\"name\":\"Blog de la autoescuela\",\"description\":\"Noticias sobre autoescuelas y seguridad vial\",\"potentialAction\":[{\"@type\":\"SearchAction\",\"target\":{\"@type\":\"EntryPoint\",\"urlTemplate\":\"https:\/\/www.blogdelaautoescuela.com\/blog\/?s={search_term_string}\"},\"query-input\":{\"@type\":\"PropertyValueSpecification\",\"valueRequired\":true,\"valueName\":\"search_term_string\"}}],\"inLanguage\":\"es\"},{\"@type\":\"Person\",\"@id\":\"https:\/\/www.blogdelaautoescuela.com\/blog\/#\/schema\/person\/f209a64ca5dfe74b9acb6317240e792f\",\"name\":\"usr_blogauto\",\"image\":{\"@type\":\"ImageObject\",\"inLanguage\":\"es\",\"@id\":\"https:\/\/www.blogdelaautoescuela.com\/blog\/#\/schema\/person\/image\/\",\"url\":\"https:\/\/secure.gravatar.com\/avatar\/d3939d4ea521ac8421c86d2980321cc9?s=96&d=mm&r=g\",\"contentUrl\":\"https:\/\/secure.gravatar.com\/avatar\/d3939d4ea521ac8421c86d2980321cc9?s=96&d=mm&r=g\",\"caption\":\"usr_blogauto\"},\"description\":\"Blog dedicado a la conducci\u00f3n, las autoescuelas y la seguridad vial. Est\u00e1 creado por un grupo de profesionales de la formaci\u00f3n vial que comparten inquietudes y experiencias. Aqu\u00ed\u00ad podr\u00e1s encontrar informaci\u00f3n variada sobre el d\u00ed\u00ada a d\u00ed\u00ada de la autoescuela, ex\u00e1menes, test o novedades y consejos para una conducci\u00f3n m\u00e1s segura.\",\"sameAs\":[\"http:\/\/www.blogdelaautoescuela.com\/\",\"https:\/\/www.facebook.com\/blogdelaautoescuela\",\"https:\/\/x.com\/autoescuelas\"],\"url\":\"https:\/\/www.blogdelaautoescuela.com\/blog\/author\/usr_blogauto\/\"}]}<\/script>\n<!-- \/ Yoast SEO plugin. -->","yoast_head_json":{"title":"Seguridad Vial: Conducci\u00f3n preventiva 2\u00aa parte","description":"Fragmento del curso multimedia para la obtenci\u00f3n del permiso de motocicleta de la clase \"A\". Los contenidos del curso est\u00e1n basados en la Orden Ministerial 2323\/2011.","robots":{"index":"index","follow":"follow","max-snippet":"max-snippet:-1","max-image-preview":"max-image-preview:large","max-video-preview":"max-video-preview:-1"},"canonical":"https:\/\/www.blogdelaautoescuela.com\/blog\/teorica-permiso-conduccion-preventiva-2\u00aa-parte\/","og_locale":"es_ES","og_type":"article","og_title":"Seguridad Vial: Conducci\u00f3n preventiva 2\u00aa parte","og_description":"Fragmento del curso multimedia para la obtenci\u00f3n del permiso de motocicleta de la clase \"A\". Los contenidos del curso est\u00e1n basados en la Orden Ministerial 2323\/2011.","og_url":"https:\/\/www.blogdelaautoescuela.com\/blog\/teorica-permiso-conduccion-preventiva-2\u00aa-parte\/","og_site_name":"Blog de la autoescuela","article_author":"https:\/\/www.facebook.com\/blogdelaautoescuela","article_published_time":"2012-03-01T07:00:17+00:00","author":"usr_blogauto","twitter_misc":{"Escrito por":"usr_blogauto","Tiempo de lectura":"2 minutos"},"schema":{"@context":"https:\/\/schema.org","@graph":[{"@type":"WebPage","@id":"https:\/\/www.blogdelaautoescuela.com\/blog\/teorica-permiso-conduccion-preventiva-2%c2%aa-parte\/","url":"https:\/\/www.blogdelaautoescuela.com\/blog\/teorica-permiso-conduccion-preventiva-2%c2%aa-parte\/","name":"Seguridad Vial: Conducci\u00f3n preventiva 2\u00aa parte","isPartOf":{"@id":"https:\/\/www.blogdelaautoescuela.com\/blog\/#website"},"datePublished":"2012-03-01T07:00:17+00:00","author":{"@id":"https:\/\/www.blogdelaautoescuela.com\/blog\/#\/schema\/person\/f209a64ca5dfe74b9acb6317240e792f"},"description":"Fragmento del curso multimedia para la obtenci\u00f3n del permiso de motocicleta de la clase \"A\". Los contenidos del curso est\u00e1n basados en la Orden Ministerial 2323\/2011.","breadcrumb":{"@id":"https:\/\/www.blogdelaautoescuela.com\/blog\/teorica-permiso-conduccion-preventiva-2%c2%aa-parte\/#breadcrumb"},"inLanguage":"es","potentialAction":[{"@type":"ReadAction","target":["https:\/\/www.blogdelaautoescuela.com\/blog\/teorica-permiso-conduccion-preventiva-2%c2%aa-parte\/"]}]},{"@type":"BreadcrumbList","@id":"https:\/\/www.blogdelaautoescuela.com\/blog\/teorica-permiso-conduccion-preventiva-2%c2%aa-parte\/#breadcrumb","itemListElement":[{"@type":"ListItem","position":1,"name":"Portada","item":"https:\/\/www.blogdelaautoescuela.com\/blog\/"},{"@type":"ListItem","position":2,"name":"Seguridad Vial: Conducci\u00f3n preventiva 2\u00aa parte"}]},{"@type":"WebSite","@id":"https:\/\/www.blogdelaautoescuela.com\/blog\/#website","url":"https:\/\/www.blogdelaautoescuela.com\/blog\/","name":"Blog de la autoescuela","description":"Noticias sobre autoescuelas y seguridad vial","potentialAction":[{"@type":"SearchAction","target":{"@type":"EntryPoint","urlTemplate":"https:\/\/www.blogdelaautoescuela.com\/blog\/?s={search_term_string}"},"query-input":{"@type":"PropertyValueSpecification","valueRequired":true,"valueName":"search_term_string"}}],"inLanguage":"es"},{"@type":"Person","@id":"https:\/\/www.blogdelaautoescuela.com\/blog\/#\/schema\/person\/f209a64ca5dfe74b9acb6317240e792f","name":"usr_blogauto","image":{"@type":"ImageObject","inLanguage":"es","@id":"https:\/\/www.blogdelaautoescuela.com\/blog\/#\/schema\/person\/image\/","url":"https:\/\/secure.gravatar.com\/avatar\/d3939d4ea521ac8421c86d2980321cc9?s=96&d=mm&r=g","contentUrl":"https:\/\/secure.gravatar.com\/avatar\/d3939d4ea521ac8421c86d2980321cc9?s=96&d=mm&r=g","caption":"usr_blogauto"},"description":"Blog dedicado a la conducci\u00f3n, las autoescuelas y la seguridad vial. Est\u00e1 creado por un grupo de profesionales de la formaci\u00f3n vial que comparten inquietudes y experiencias. Aqu\u00ed\u00ad podr\u00e1s encontrar informaci\u00f3n variada sobre el d\u00ed\u00ada a d\u00ed\u00ada de la autoescuela, ex\u00e1menes, test o novedades y consejos para una conducci\u00f3n m\u00e1s segura.","sameAs":["http:\/\/www.blogdelaautoescuela.com\/","https:\/\/www.facebook.com\/blogdelaautoescuela","https:\/\/x.com\/autoescuelas"],"url":"https:\/\/www.blogdelaautoescuela.com\/blog\/author\/usr_blogauto\/"}]}},"jetpack_featured_media_url":"","_links":{"self":[{"href":"https:\/\/www.blogdelaautoescuela.com\/blog\/wp-json\/wp\/v2\/posts\/8598","targetHints":{"allow":["GET"]}}],"collection":[{"href":"https:\/\/www.blogdelaautoescuela.com\/blog\/wp-json\/wp\/v2\/posts"}],"about":[{"href":"https:\/\/www.blogdelaautoescuela.com\/blog\/wp-json\/wp\/v2\/types\/post"}],"author":[{"embeddable":true,"href":"https:\/\/www.blogdelaautoescuela.com\/blog\/wp-json\/wp\/v2\/users\/1"}],"replies":[{"embeddable":true,"href":"https:\/\/www.blogdelaautoescuela.com\/blog\/wp-json\/wp\/v2\/comments?post=8598"}],"version-history":[{"count":0,"href":"https:\/\/www.blogdelaautoescuela.com\/blog\/wp-json\/wp\/v2\/posts\/8598\/revisions"}],"wp:attachment":[{"href":"https:\/\/www.blogdelaautoescuela.com\/blog\/wp-json\/wp\/v2\/media?parent=8598"}],"wp:term":[{"taxonomy":"category","embeddable":true,"href":"https:\/\/www.blogdelaautoescuela.com\/blog\/wp-json\/wp\/v2\/categories?post=8598"},{"taxonomy":"post_tag","embeddable":true,"href":"https:\/\/www.blogdelaautoescuela.com\/blog\/wp-json\/wp\/v2\/tags?post=8598"}],"curies":[{"name":"wp","href":"https:\/\/api.w.org\/{rel}","templated":true}]}}