
{"id":8556,"date":"2012-02-24T09:00:33","date_gmt":"2012-02-24T07:00:33","guid":{"rendered":"http:\/\/www.blogdelaautoescuela.com\/blog\/?p=8556"},"modified":"2012-02-24T09:00:33","modified_gmt":"2012-02-24T07:00:33","slug":"seguridad-vial-l-meteorologia-1%c2%aa-parte","status":"publish","type":"post","link":"https:\/\/www.blogdelaautoescuela.com\/blog\/seguridad-vial-l-meteorologia-1%c2%aa-parte\/","title":{"rendered":"Seguridad Vial: Meteorolog\u00ed\u00ada 1\u00aa parte"},"content":{"rendered":"<p><strong>El mal tiempo <\/strong>no acompa\u00f1a para conducir motocicletas, pero seguro que podemos encontrar soluciones para hacer una <strong>conducci\u00f3n m\u00e1s segura<\/strong>. Esto es lo que debes tener en cuenta<\/p>\n<p>El fr\u00ed\u00ado y el mal tiempo incomodan para ir sobre dos ruedas,\u00a0pues estamos expuestos a los elementos, pero\u00a0tambi\u00e9n es verdad que con un <strong>equipamiento adaptado<\/strong> eso no es un problema y en realidad nos mojaremos menos e iremos m\u00e1s\u00a0y mejor abrigados que quienes vamos en coche.<\/p>\n<p>Sin embargo, tambi\u00e9n debemos <strong>aumentar la atenci\u00f3n, aumentar las distancias<\/strong>, para evitar situaciones de riesgo habituales.<\/p>\n<p>Tendremos presente que los conductores tienen menos visibilidad, debido a que sus cristales est\u00e1n h\u00famedos por fuera y empa\u00f1ados por dentro, por lo tanto su visibilidad ser\u00e1 peor y pueden hacer maniobras imprevisibles, ya que nos ver\u00e1n menos.<\/p>\n<p>Los pasos de peatones son otro gran problema para la seguridad, a los ayuntamientos les ha dado por pintar todo el paso de dos colores diferentes. El color blanco de las lineas del paso puede estar acompa\u00f1ado de otras lineas de otro color que pueden hacer ese paso de peatones muy deslizante. Nos aconsejan que no pisemos las franjas blancas, pero si todo est\u00e1 pintado&#8230;. es imposible no pisarlas y el riesgo de ca\u00ed\u00adda es muy alto. Os recuerdo que lo mejor es <strong>no pisar ninguna se\u00f1al de las que est\u00e1n pintadas en el asfalto,<\/strong> todas suelen ser muy resbaladizas. A los coches no les afecta demasiado, pero en los veh\u00ed\u00adculos de dos ruedas les disminuye la seguridad.<\/p>\n<p><a href=\"http:\/\/www.arisoft.es\/b2c\/index.php?page=pp_producto.php&amp;md=0&amp;ref=AECURSOADVD\"><strong>Adquiera nuestro v\u00ed\u00addeo curso para el permiso &#8220;A&#8221; en DVD<\/strong><\/a><\/p>\n<p>Javier Merino<br \/>\nProfesor de Formaci\u00f3n Vial<\/p>\n","protected":false},"excerpt":{"rendered":"<p>El mal tiempo no acompa\u00f1a para conducir motocicletas, pero seguro que podemos encontrar soluciones para hacer una conducci\u00f3n m\u00e1s segura. Esto es lo que debes tener en cuenta El fr\u00ed\u00ado y el mal tiempo incomodan para ir sobre dos ruedas,\u00a0pues estamos expuestos a los elementos, pero\u00a0tambi\u00e9n es verdad que con un equipamiento adaptado eso no [&hellip;]<\/p>\n","protected":false},"author":1,"featured_media":0,"comment_status":"open","ping_status":"closed","sticky":false,"template":"","format":"standard","meta":{"footnotes":"","jetpack_publicize_message":"","jetpack_publicize_feature_enabled":true,"jetpack_social_post_already_shared":false,"jetpack_social_options":{"image_generator_settings":{"template":"highway","enabled":false},"version":2}},"categories":[22],"tags":[1666,374,566,848,875],"class_list":["post-8556","post","type-post","status-publish","format-standard","hentry","category-permiso-a-videos-autoescuela","tag-conduccion-eficiente","tag-conduccion-preventiva","tag-espejos-retrovisores","tag-marcas-viales","tag-meteorologia-adversa"],"wppr_data":[],"jetpack_publicize_connections":[],"yoast_head":"<!-- This site is optimized with the Yoast SEO plugin v24.7 - https:\/\/yoast.com\/wordpress\/plugins\/seo\/ -->\n<title>Seguridad Vial: Meteorolog\u00ed\u00ada 1\u00aa parte<\/title>\n<meta name=\"description\" content=\"Fragmento del curso multimedia para la obtenci\u00f3n del permiso de motocicleta de la clase &quot;A&quot;. Los contenidos del curso est\u00e1n basados en la Orden Ministerial 2323\/2011.\" \/>\n<meta name=\"robots\" content=\"index, follow, max-snippet:-1, max-image-preview:large, max-video-preview:-1\" \/>\n<link rel=\"canonical\" href=\"https:\/\/www.blogdelaautoescuela.com\/blog\/seguridad-vial-l-meteorologia-1\u00aa-parte\/\" \/>\n<meta property=\"og:locale\" content=\"es_ES\" \/>\n<meta property=\"og:type\" content=\"article\" \/>\n<meta property=\"og:title\" content=\"Seguridad Vial: Meteorolog\u00ed\u00ada 1\u00aa parte\" \/>\n<meta property=\"og:description\" content=\"Fragmento del curso multimedia para la obtenci\u00f3n del permiso de motocicleta de la clase &quot;A&quot;. Los contenidos del curso est\u00e1n basados en la Orden Ministerial 2323\/2011.\" \/>\n<meta property=\"og:url\" content=\"https:\/\/www.blogdelaautoescuela.com\/blog\/seguridad-vial-l-meteorologia-1\u00aa-parte\/\" \/>\n<meta property=\"og:site_name\" content=\"Blog de la autoescuela\" \/>\n<meta property=\"article:author\" content=\"https:\/\/www.facebook.com\/blogdelaautoescuela\" \/>\n<meta property=\"article:published_time\" content=\"2012-02-24T07:00:33+00:00\" \/>\n<meta name=\"author\" content=\"usr_blogauto\" \/>\n<meta name=\"twitter:label1\" content=\"Escrito por\" \/>\n\t<meta name=\"twitter:data1\" content=\"usr_blogauto\" \/>\n\t<meta name=\"twitter:label2\" content=\"Tiempo de lectura\" \/>\n\t<meta name=\"twitter:data2\" content=\"1 minuto\" \/>\n<script type=\"application\/ld+json\" class=\"yoast-schema-graph\">{\"@context\":\"https:\/\/schema.org\",\"@graph\":[{\"@type\":\"WebPage\",\"@id\":\"https:\/\/www.blogdelaautoescuela.com\/blog\/seguridad-vial-l-meteorologia-1%c2%aa-parte\/\",\"url\":\"https:\/\/www.blogdelaautoescuela.com\/blog\/seguridad-vial-l-meteorologia-1%c2%aa-parte\/\",\"name\":\"Seguridad Vial: Meteorolog\u00ed\u00ada 1\u00aa parte\",\"isPartOf\":{\"@id\":\"https:\/\/www.blogdelaautoescuela.com\/blog\/#website\"},\"datePublished\":\"2012-02-24T07:00:33+00:00\",\"author\":{\"@id\":\"https:\/\/www.blogdelaautoescuela.com\/blog\/#\/schema\/person\/f209a64ca5dfe74b9acb6317240e792f\"},\"description\":\"Fragmento del curso multimedia para la obtenci\u00f3n del permiso de motocicleta de la clase \\\"A\\\". Los contenidos del curso est\u00e1n basados en la Orden Ministerial 2323\/2011.\",\"breadcrumb\":{\"@id\":\"https:\/\/www.blogdelaautoescuela.com\/blog\/seguridad-vial-l-meteorologia-1%c2%aa-parte\/#breadcrumb\"},\"inLanguage\":\"es\",\"potentialAction\":[{\"@type\":\"ReadAction\",\"target\":[\"https:\/\/www.blogdelaautoescuela.com\/blog\/seguridad-vial-l-meteorologia-1%c2%aa-parte\/\"]}]},{\"@type\":\"BreadcrumbList\",\"@id\":\"https:\/\/www.blogdelaautoescuela.com\/blog\/seguridad-vial-l-meteorologia-1%c2%aa-parte\/#breadcrumb\",\"itemListElement\":[{\"@type\":\"ListItem\",\"position\":1,\"name\":\"Portada\",\"item\":\"https:\/\/www.blogdelaautoescuela.com\/blog\/\"},{\"@type\":\"ListItem\",\"position\":2,\"name\":\"Seguridad Vial: Meteorolog\u00ed\u00ada 1\u00aa parte\"}]},{\"@type\":\"WebSite\",\"@id\":\"https:\/\/www.blogdelaautoescuela.com\/blog\/#website\",\"url\":\"https:\/\/www.blogdelaautoescuela.com\/blog\/\",\"name\":\"Blog de la autoescuela\",\"description\":\"Noticias sobre autoescuelas y seguridad vial\",\"potentialAction\":[{\"@type\":\"SearchAction\",\"target\":{\"@type\":\"EntryPoint\",\"urlTemplate\":\"https:\/\/www.blogdelaautoescuela.com\/blog\/?s={search_term_string}\"},\"query-input\":{\"@type\":\"PropertyValueSpecification\",\"valueRequired\":true,\"valueName\":\"search_term_string\"}}],\"inLanguage\":\"es\"},{\"@type\":\"Person\",\"@id\":\"https:\/\/www.blogdelaautoescuela.com\/blog\/#\/schema\/person\/f209a64ca5dfe74b9acb6317240e792f\",\"name\":\"usr_blogauto\",\"image\":{\"@type\":\"ImageObject\",\"inLanguage\":\"es\",\"@id\":\"https:\/\/www.blogdelaautoescuela.com\/blog\/#\/schema\/person\/image\/\",\"url\":\"https:\/\/secure.gravatar.com\/avatar\/d3939d4ea521ac8421c86d2980321cc9?s=96&d=mm&r=g\",\"contentUrl\":\"https:\/\/secure.gravatar.com\/avatar\/d3939d4ea521ac8421c86d2980321cc9?s=96&d=mm&r=g\",\"caption\":\"usr_blogauto\"},\"description\":\"Blog dedicado a la conducci\u00f3n, las autoescuelas y la seguridad vial. Est\u00e1 creado por un grupo de profesionales de la formaci\u00f3n vial que comparten inquietudes y experiencias. Aqu\u00ed\u00ad podr\u00e1s encontrar informaci\u00f3n variada sobre el d\u00ed\u00ada a d\u00ed\u00ada de la autoescuela, ex\u00e1menes, test o novedades y consejos para una conducci\u00f3n m\u00e1s segura.\",\"sameAs\":[\"http:\/\/www.blogdelaautoescuela.com\/\",\"https:\/\/www.facebook.com\/blogdelaautoescuela\",\"https:\/\/x.com\/autoescuelas\"],\"url\":\"https:\/\/www.blogdelaautoescuela.com\/blog\/author\/usr_blogauto\/\"}]}<\/script>\n<!-- \/ Yoast SEO plugin. -->","yoast_head_json":{"title":"Seguridad Vial: Meteorolog\u00ed\u00ada 1\u00aa parte","description":"Fragmento del curso multimedia para la obtenci\u00f3n del permiso de motocicleta de la clase \"A\". Los contenidos del curso est\u00e1n basados en la Orden Ministerial 2323\/2011.","robots":{"index":"index","follow":"follow","max-snippet":"max-snippet:-1","max-image-preview":"max-image-preview:large","max-video-preview":"max-video-preview:-1"},"canonical":"https:\/\/www.blogdelaautoescuela.com\/blog\/seguridad-vial-l-meteorologia-1\u00aa-parte\/","og_locale":"es_ES","og_type":"article","og_title":"Seguridad Vial: Meteorolog\u00ed\u00ada 1\u00aa parte","og_description":"Fragmento del curso multimedia para la obtenci\u00f3n del permiso de motocicleta de la clase \"A\". Los contenidos del curso est\u00e1n basados en la Orden Ministerial 2323\/2011.","og_url":"https:\/\/www.blogdelaautoescuela.com\/blog\/seguridad-vial-l-meteorologia-1\u00aa-parte\/","og_site_name":"Blog de la autoescuela","article_author":"https:\/\/www.facebook.com\/blogdelaautoescuela","article_published_time":"2012-02-24T07:00:33+00:00","author":"usr_blogauto","twitter_misc":{"Escrito por":"usr_blogauto","Tiempo de lectura":"1 minuto"},"schema":{"@context":"https:\/\/schema.org","@graph":[{"@type":"WebPage","@id":"https:\/\/www.blogdelaautoescuela.com\/blog\/seguridad-vial-l-meteorologia-1%c2%aa-parte\/","url":"https:\/\/www.blogdelaautoescuela.com\/blog\/seguridad-vial-l-meteorologia-1%c2%aa-parte\/","name":"Seguridad Vial: Meteorolog\u00ed\u00ada 1\u00aa parte","isPartOf":{"@id":"https:\/\/www.blogdelaautoescuela.com\/blog\/#website"},"datePublished":"2012-02-24T07:00:33+00:00","author":{"@id":"https:\/\/www.blogdelaautoescuela.com\/blog\/#\/schema\/person\/f209a64ca5dfe74b9acb6317240e792f"},"description":"Fragmento del curso multimedia para la obtenci\u00f3n del permiso de motocicleta de la clase \"A\". Los contenidos del curso est\u00e1n basados en la Orden Ministerial 2323\/2011.","breadcrumb":{"@id":"https:\/\/www.blogdelaautoescuela.com\/blog\/seguridad-vial-l-meteorologia-1%c2%aa-parte\/#breadcrumb"},"inLanguage":"es","potentialAction":[{"@type":"ReadAction","target":["https:\/\/www.blogdelaautoescuela.com\/blog\/seguridad-vial-l-meteorologia-1%c2%aa-parte\/"]}]},{"@type":"BreadcrumbList","@id":"https:\/\/www.blogdelaautoescuela.com\/blog\/seguridad-vial-l-meteorologia-1%c2%aa-parte\/#breadcrumb","itemListElement":[{"@type":"ListItem","position":1,"name":"Portada","item":"https:\/\/www.blogdelaautoescuela.com\/blog\/"},{"@type":"ListItem","position":2,"name":"Seguridad Vial: Meteorolog\u00ed\u00ada 1\u00aa parte"}]},{"@type":"WebSite","@id":"https:\/\/www.blogdelaautoescuela.com\/blog\/#website","url":"https:\/\/www.blogdelaautoescuela.com\/blog\/","name":"Blog de la autoescuela","description":"Noticias sobre autoescuelas y seguridad vial","potentialAction":[{"@type":"SearchAction","target":{"@type":"EntryPoint","urlTemplate":"https:\/\/www.blogdelaautoescuela.com\/blog\/?s={search_term_string}"},"query-input":{"@type":"PropertyValueSpecification","valueRequired":true,"valueName":"search_term_string"}}],"inLanguage":"es"},{"@type":"Person","@id":"https:\/\/www.blogdelaautoescuela.com\/blog\/#\/schema\/person\/f209a64ca5dfe74b9acb6317240e792f","name":"usr_blogauto","image":{"@type":"ImageObject","inLanguage":"es","@id":"https:\/\/www.blogdelaautoescuela.com\/blog\/#\/schema\/person\/image\/","url":"https:\/\/secure.gravatar.com\/avatar\/d3939d4ea521ac8421c86d2980321cc9?s=96&d=mm&r=g","contentUrl":"https:\/\/secure.gravatar.com\/avatar\/d3939d4ea521ac8421c86d2980321cc9?s=96&d=mm&r=g","caption":"usr_blogauto"},"description":"Blog dedicado a la conducci\u00f3n, las autoescuelas y la seguridad vial. Est\u00e1 creado por un grupo de profesionales de la formaci\u00f3n vial que comparten inquietudes y experiencias. Aqu\u00ed\u00ad podr\u00e1s encontrar informaci\u00f3n variada sobre el d\u00ed\u00ada a d\u00ed\u00ada de la autoescuela, ex\u00e1menes, test o novedades y consejos para una conducci\u00f3n m\u00e1s segura.","sameAs":["http:\/\/www.blogdelaautoescuela.com\/","https:\/\/www.facebook.com\/blogdelaautoescuela","https:\/\/x.com\/autoescuelas"],"url":"https:\/\/www.blogdelaautoescuela.com\/blog\/author\/usr_blogauto\/"}]}},"jetpack_featured_media_url":"","_links":{"self":[{"href":"https:\/\/www.blogdelaautoescuela.com\/blog\/wp-json\/wp\/v2\/posts\/8556","targetHints":{"allow":["GET"]}}],"collection":[{"href":"https:\/\/www.blogdelaautoescuela.com\/blog\/wp-json\/wp\/v2\/posts"}],"about":[{"href":"https:\/\/www.blogdelaautoescuela.com\/blog\/wp-json\/wp\/v2\/types\/post"}],"author":[{"embeddable":true,"href":"https:\/\/www.blogdelaautoescuela.com\/blog\/wp-json\/wp\/v2\/users\/1"}],"replies":[{"embeddable":true,"href":"https:\/\/www.blogdelaautoescuela.com\/blog\/wp-json\/wp\/v2\/comments?post=8556"}],"version-history":[{"count":0,"href":"https:\/\/www.blogdelaautoescuela.com\/blog\/wp-json\/wp\/v2\/posts\/8556\/revisions"}],"wp:attachment":[{"href":"https:\/\/www.blogdelaautoescuela.com\/blog\/wp-json\/wp\/v2\/media?parent=8556"}],"wp:term":[{"taxonomy":"category","embeddable":true,"href":"https:\/\/www.blogdelaautoescuela.com\/blog\/wp-json\/wp\/v2\/categories?post=8556"},{"taxonomy":"post_tag","embeddable":true,"href":"https:\/\/www.blogdelaautoescuela.com\/blog\/wp-json\/wp\/v2\/tags?post=8556"}],"curies":[{"name":"wp","href":"https:\/\/api.w.org\/{rel}","templated":true}]}}