
{"id":8486,"date":"2012-02-15T11:41:00","date_gmt":"2012-02-15T10:41:00","guid":{"rendered":"http:\/\/www.blogdelaautoescuela.com\/blog\/?p=8486"},"modified":"2012-02-15T11:41:00","modified_gmt":"2012-02-15T10:41:00","slug":"la-sexta-edicion-de-fit-to-drive-se-celebrara-en-barcelona","status":"publish","type":"post","link":"https:\/\/www.blogdelaautoescuela.com\/blog\/la-sexta-edicion-de-fit-to-drive-se-celebrara-en-barcelona\/","title":{"rendered":"La sexta edici\u00f3n de Fit to Drive se celebrar\u00e1 en Barcelona"},"content":{"rendered":"<p style=\"text-align: center;\"><img loading=\"lazy\" decoding=\"async\" class=\"size-full wp-image-8487  aligncenter\" title=\"Fit to Drive\" src=\"http:\/\/www.blogdelaautoescuela.com\/blog\/wp-content\/uploads\/2012\/02\/Fit-to-Drive.jpg\" alt=\"Fit to Drive\" width=\"400\" height=\"200\" \/><\/p>\n<p>Durante el <strong>26 y el 27 de abril<\/strong> se va a celebrar la sexta edici\u00f3n del <strong>congreso Fit to Drive,<\/strong> y por primera vez se celebrar\u00e1 en Espa\u00f1a, m\u00e1s concretamente en <strong>Barcelona.<\/strong><\/p>\n<p>El congreso est\u00e1 organizado por la <strong>Asociaci\u00f3n alemana de agencias de inspecci\u00f3n t\u00e9cnica (Verband der T\u00ed\u0153V e. V.)<\/strong> en colaboraci\u00f3n con <strong>Etrasa<\/strong>, el <strong>Servei Catal\u00ed\u00a0 de Tr\u00ed\u00a0nsit <\/strong>(Generalitat de Catalunya), el <strong>consejo general de colegios oficiales de psic\u00f3logos <\/strong>y la<strong> unidad de investigaci\u00f3n de psiconom\u00ed\u00ada de la universidad de Valenc<\/strong>ia.<\/p>\n<p>Durante su desarrollo expertos en seguridad vial debatir\u00e1n sobre los<strong> requisitos que garantizan las aptitudes individuales a la hora de conducir.<\/strong><\/p>\n<p>Los temas que se tratar\u00e1n durante el Fit to Drive ser\u00e1n:<\/p>\n<ul>\n<li>la prevenci\u00f3n primaria en la ense\u00f1anza preescolar<\/li>\n<li>la escuela y la educaci\u00f3n-formaci\u00f3n vial<\/li>\n<li>la prevenci\u00f3n general a trav\u00e9s de la legislaci\u00f3n y su aplicaci\u00f3n<\/li>\n<li>los sistemas de permisos por puntos<\/li>\n<li>la prevenci\u00f3n secundaria con un enfoque especial sobre la persistencia del consumo de alcohol durante la conducci\u00f3n<\/li>\n<li>la evaluaci\u00f3n de riesgos en materia m\u00e9dica y psicol\u00f3gica<\/li>\n<li>la aptitud para conducir la evaluaci\u00f3n<\/li>\n<li> el tr\u00e1fico<\/li>\n<li> atenci\u00f3n psicol\u00f3gica<\/li>\n<li>rehabilitaci\u00f3n y terapia en diferentes pa\u00ed\u00adses de la UE<\/li>\n<li>la rehabilitaci\u00f3n y los estudios comparativos de la seguridad vial en Europa.<\/li>\n<\/ul>\n<p>Entre las ponencias que se van a desarrollar, se encuentran las siguientes:<\/p>\n<ul>\n<li>&#8220;El papel de la CIECA en la seguridad vial. Nuevas estrategias&#8221;.<\/li>\n<li> &#8220;Naturalistic Driving: hacia una nueva metodolog\u00ed\u00ada de la investigaci\u00f3n de la seguridad vial&#8221;.<\/li>\n<li> &#8220;\u00bfMejores conductores con sistemas de asistencia? El efecto de la intervenci\u00f3n y las estrategias de emergencia&#8221;.<\/li>\n<li> &#8220;Meta-an\u00e1lisis sobre los efectos de sustancias psicoactivas en la conducci\u00f3n&#8221;.<\/li>\n<li> &#8220;El papel de las editoriales en la Seguridad Vial&#8221;.<\/li>\n<li> &#8220;Resultados del proyecto DRUID&#8221;.<\/li>\n<li> &#8220;Evaluaci\u00f3n de riesgos y formaci\u00f3n para la seguridad vial laboral&#8221;.<\/li>\n<li> &#8220;El cambio de actitudes para reducir las conductas de riesgo&#8221;.<\/li>\n<li> &#8220;El abuso de las drogas en los conductores adolescentes. Una visi\u00f3n internacional&#8221;.<\/li>\n<li> &#8220;Resultados del estudio sobre educaci\u00f3n vial para ni\u00f1os y j\u00f3venes&#8221;.<\/li>\n<li> &#8220;El camino a seguir para una formaci\u00f3n integral a largo plazo para los conductores noveles&#8221;.<\/li>\n<li> &#8220;El sistema espa\u00f1ol de evaluaci\u00f3n de conductores. Programaci\u00f3n actual y futura planificaci\u00f3n&#8221;.<\/li>\n<li> &#8220;Desarrollo de la Seguridad Vial en Francia&#8221;.<\/li>\n<li> &#8220;Educaci\u00f3n Vial en Espa\u00f1a.&#8221;<\/li>\n<\/ul>\n","protected":false},"excerpt":{"rendered":"<p>Durante el 26 y el 27 de abril se va a celebrar la sexta edici\u00f3n del congreso Fit to Drive, y por primera vez se celebrar\u00e1 en Espa\u00f1a, m\u00e1s concretamente en Barcelona. El congreso est\u00e1 organizado por la Asociaci\u00f3n alemana de agencias de inspecci\u00f3n t\u00e9cnica (Verband der T\u00ed\u0153V e. V.) en colaboraci\u00f3n con Etrasa, el [&hellip;]<\/p>\n","protected":false},"author":1,"featured_media":8487,"comment_status":"open","ping_status":"closed","sticky":false,"template":"","format":"standard","meta":{"footnotes":"","jetpack_publicize_message":"","jetpack_publicize_feature_enabled":true,"jetpack_social_post_already_shared":false,"jetpack_social_options":{"image_generator_settings":{"template":"highway","enabled":false},"version":2}},"categories":[12,19],"tags":[391,1672,1678],"class_list":["post-8486","post","type-post","status-publish","format-standard","has-post-thumbnail","hentry","category-noticias","category-seguridad-vial","tag-congreso","tag-noticias","tag-seguridad-vial"],"wppr_data":[],"jetpack_publicize_connections":[],"yoast_head":"<!-- This site is optimized with the Yoast SEO plugin v24.7 - https:\/\/yoast.com\/wordpress\/plugins\/seo\/ -->\n<title>La sexta edici\u00f3n de Fit to Drive se celebrar\u00e1 en Barcelona<\/title>\n<meta name=\"description\" content=\"Durante el 26 y el 27 de abril se va a celebrar la sexta edici\u00f3n del congreso Fit to Drive, y por primera vez se celebrar\u00e1 en Espa\u00f1a, m\u00e1s concretamente en Barcelona\" \/>\n<meta name=\"robots\" content=\"index, follow, max-snippet:-1, max-image-preview:large, max-video-preview:-1\" \/>\n<link rel=\"canonical\" href=\"https:\/\/www.blogdelaautoescuela.com\/blog\/la-sexta-edicion-de-fit-to-drive-se-celebrara-en-barcelona\/\" \/>\n<meta property=\"og:locale\" content=\"es_ES\" \/>\n<meta property=\"og:type\" content=\"article\" \/>\n<meta property=\"og:title\" content=\"La sexta edici\u00f3n de Fit to Drive se celebrar\u00e1 en Barcelona\" \/>\n<meta property=\"og:description\" content=\"Durante el 26 y el 27 de abril se va a celebrar la sexta edici\u00f3n del congreso Fit to Drive, y por primera vez se celebrar\u00e1 en Espa\u00f1a, m\u00e1s concretamente en Barcelona\" \/>\n<meta property=\"og:url\" content=\"https:\/\/www.blogdelaautoescuela.com\/blog\/la-sexta-edicion-de-fit-to-drive-se-celebrara-en-barcelona\/\" \/>\n<meta property=\"og:site_name\" content=\"Blog de la autoescuela\" \/>\n<meta property=\"article:author\" content=\"https:\/\/www.facebook.com\/blogdelaautoescuela\" \/>\n<meta property=\"article:published_time\" content=\"2012-02-15T10:41:00+00:00\" \/>\n<meta property=\"og:image\" content=\"https:\/\/www.blogdelaautoescuela.com\/blog\/wp-content\/uploads\/2012\/02\/Fit-to-Drive1.jpg\" \/>\n\t<meta property=\"og:image:width\" content=\"400\" \/>\n\t<meta property=\"og:image:height\" content=\"200\" \/>\n\t<meta property=\"og:image:type\" content=\"image\/jpeg\" \/>\n<meta name=\"author\" content=\"usr_blogauto\" \/>\n<meta name=\"twitter:label1\" content=\"Escrito por\" \/>\n\t<meta name=\"twitter:data1\" content=\"usr_blogauto\" \/>\n\t<meta name=\"twitter:label2\" content=\"Tiempo de lectura\" \/>\n\t<meta name=\"twitter:data2\" content=\"2 minutos\" \/>\n<script type=\"application\/ld+json\" class=\"yoast-schema-graph\">{\"@context\":\"https:\/\/schema.org\",\"@graph\":[{\"@type\":\"WebPage\",\"@id\":\"https:\/\/www.blogdelaautoescuela.com\/blog\/la-sexta-edicion-de-fit-to-drive-se-celebrara-en-barcelona\/\",\"url\":\"https:\/\/www.blogdelaautoescuela.com\/blog\/la-sexta-edicion-de-fit-to-drive-se-celebrara-en-barcelona\/\",\"name\":\"La sexta edici\u00f3n de Fit to Drive se celebrar\u00e1 en Barcelona\",\"isPartOf\":{\"@id\":\"https:\/\/www.blogdelaautoescuela.com\/blog\/#website\"},\"primaryImageOfPage\":{\"@id\":\"https:\/\/www.blogdelaautoescuela.com\/blog\/la-sexta-edicion-de-fit-to-drive-se-celebrara-en-barcelona\/#primaryimage\"},\"image\":{\"@id\":\"https:\/\/www.blogdelaautoescuela.com\/blog\/la-sexta-edicion-de-fit-to-drive-se-celebrara-en-barcelona\/#primaryimage\"},\"thumbnailUrl\":\"https:\/\/www.blogdelaautoescuela.com\/blog\/wp-content\/uploads\/2012\/02\/Fit-to-Drive1.jpg\",\"datePublished\":\"2012-02-15T10:41:00+00:00\",\"author\":{\"@id\":\"https:\/\/www.blogdelaautoescuela.com\/blog\/#\/schema\/person\/f209a64ca5dfe74b9acb6317240e792f\"},\"description\":\"Durante el 26 y el 27 de abril se va a celebrar la sexta edici\u00f3n del congreso Fit to Drive, y por primera vez se celebrar\u00e1 en Espa\u00f1a, m\u00e1s concretamente en Barcelona\",\"breadcrumb\":{\"@id\":\"https:\/\/www.blogdelaautoescuela.com\/blog\/la-sexta-edicion-de-fit-to-drive-se-celebrara-en-barcelona\/#breadcrumb\"},\"inLanguage\":\"es\",\"potentialAction\":[{\"@type\":\"ReadAction\",\"target\":[\"https:\/\/www.blogdelaautoescuela.com\/blog\/la-sexta-edicion-de-fit-to-drive-se-celebrara-en-barcelona\/\"]}]},{\"@type\":\"ImageObject\",\"inLanguage\":\"es\",\"@id\":\"https:\/\/www.blogdelaautoescuela.com\/blog\/la-sexta-edicion-de-fit-to-drive-se-celebrara-en-barcelona\/#primaryimage\",\"url\":\"https:\/\/www.blogdelaautoescuela.com\/blog\/wp-content\/uploads\/2012\/02\/Fit-to-Drive1.jpg\",\"contentUrl\":\"https:\/\/www.blogdelaautoescuela.com\/blog\/wp-content\/uploads\/2012\/02\/Fit-to-Drive1.jpg\",\"width\":400,\"height\":200},{\"@type\":\"BreadcrumbList\",\"@id\":\"https:\/\/www.blogdelaautoescuela.com\/blog\/la-sexta-edicion-de-fit-to-drive-se-celebrara-en-barcelona\/#breadcrumb\",\"itemListElement\":[{\"@type\":\"ListItem\",\"position\":1,\"name\":\"Portada\",\"item\":\"https:\/\/www.blogdelaautoescuela.com\/blog\/\"},{\"@type\":\"ListItem\",\"position\":2,\"name\":\"La sexta edici\u00f3n de Fit to Drive se celebrar\u00e1 en Barcelona\"}]},{\"@type\":\"WebSite\",\"@id\":\"https:\/\/www.blogdelaautoescuela.com\/blog\/#website\",\"url\":\"https:\/\/www.blogdelaautoescuela.com\/blog\/\",\"name\":\"Blog de la autoescuela\",\"description\":\"Noticias sobre autoescuelas y seguridad vial\",\"potentialAction\":[{\"@type\":\"SearchAction\",\"target\":{\"@type\":\"EntryPoint\",\"urlTemplate\":\"https:\/\/www.blogdelaautoescuela.com\/blog\/?s={search_term_string}\"},\"query-input\":{\"@type\":\"PropertyValueSpecification\",\"valueRequired\":true,\"valueName\":\"search_term_string\"}}],\"inLanguage\":\"es\"},{\"@type\":\"Person\",\"@id\":\"https:\/\/www.blogdelaautoescuela.com\/blog\/#\/schema\/person\/f209a64ca5dfe74b9acb6317240e792f\",\"name\":\"usr_blogauto\",\"image\":{\"@type\":\"ImageObject\",\"inLanguage\":\"es\",\"@id\":\"https:\/\/www.blogdelaautoescuela.com\/blog\/#\/schema\/person\/image\/\",\"url\":\"https:\/\/secure.gravatar.com\/avatar\/d3939d4ea521ac8421c86d2980321cc9?s=96&d=mm&r=g\",\"contentUrl\":\"https:\/\/secure.gravatar.com\/avatar\/d3939d4ea521ac8421c86d2980321cc9?s=96&d=mm&r=g\",\"caption\":\"usr_blogauto\"},\"description\":\"Blog dedicado a la conducci\u00f3n, las autoescuelas y la seguridad vial. Est\u00e1 creado por un grupo de profesionales de la formaci\u00f3n vial que comparten inquietudes y experiencias. Aqu\u00ed\u00ad podr\u00e1s encontrar informaci\u00f3n variada sobre el d\u00ed\u00ada a d\u00ed\u00ada de la autoescuela, ex\u00e1menes, test o novedades y consejos para una conducci\u00f3n m\u00e1s segura.\",\"sameAs\":[\"http:\/\/www.blogdelaautoescuela.com\/\",\"https:\/\/www.facebook.com\/blogdelaautoescuela\",\"https:\/\/x.com\/autoescuelas\"],\"url\":\"https:\/\/www.blogdelaautoescuela.com\/blog\/author\/usr_blogauto\/\"}]}<\/script>\n<!-- \/ Yoast SEO plugin. -->","yoast_head_json":{"title":"La sexta edici\u00f3n de Fit to Drive se celebrar\u00e1 en Barcelona","description":"Durante el 26 y el 27 de abril se va a celebrar la sexta edici\u00f3n del congreso Fit to Drive, y por primera vez se celebrar\u00e1 en Espa\u00f1a, m\u00e1s concretamente en Barcelona","robots":{"index":"index","follow":"follow","max-snippet":"max-snippet:-1","max-image-preview":"max-image-preview:large","max-video-preview":"max-video-preview:-1"},"canonical":"https:\/\/www.blogdelaautoescuela.com\/blog\/la-sexta-edicion-de-fit-to-drive-se-celebrara-en-barcelona\/","og_locale":"es_ES","og_type":"article","og_title":"La sexta edici\u00f3n de Fit to Drive se celebrar\u00e1 en Barcelona","og_description":"Durante el 26 y el 27 de abril se va a celebrar la sexta edici\u00f3n del congreso Fit to Drive, y por primera vez se celebrar\u00e1 en Espa\u00f1a, m\u00e1s concretamente en Barcelona","og_url":"https:\/\/www.blogdelaautoescuela.com\/blog\/la-sexta-edicion-de-fit-to-drive-se-celebrara-en-barcelona\/","og_site_name":"Blog de la autoescuela","article_author":"https:\/\/www.facebook.com\/blogdelaautoescuela","article_published_time":"2012-02-15T10:41:00+00:00","og_image":[{"width":400,"height":200,"url":"https:\/\/www.blogdelaautoescuela.com\/blog\/wp-content\/uploads\/2012\/02\/Fit-to-Drive1.jpg","type":"image\/jpeg"}],"author":"usr_blogauto","twitter_misc":{"Escrito por":"usr_blogauto","Tiempo de lectura":"2 minutos"},"schema":{"@context":"https:\/\/schema.org","@graph":[{"@type":"WebPage","@id":"https:\/\/www.blogdelaautoescuela.com\/blog\/la-sexta-edicion-de-fit-to-drive-se-celebrara-en-barcelona\/","url":"https:\/\/www.blogdelaautoescuela.com\/blog\/la-sexta-edicion-de-fit-to-drive-se-celebrara-en-barcelona\/","name":"La sexta edici\u00f3n de Fit to Drive se celebrar\u00e1 en Barcelona","isPartOf":{"@id":"https:\/\/www.blogdelaautoescuela.com\/blog\/#website"},"primaryImageOfPage":{"@id":"https:\/\/www.blogdelaautoescuela.com\/blog\/la-sexta-edicion-de-fit-to-drive-se-celebrara-en-barcelona\/#primaryimage"},"image":{"@id":"https:\/\/www.blogdelaautoescuela.com\/blog\/la-sexta-edicion-de-fit-to-drive-se-celebrara-en-barcelona\/#primaryimage"},"thumbnailUrl":"https:\/\/www.blogdelaautoescuela.com\/blog\/wp-content\/uploads\/2012\/02\/Fit-to-Drive1.jpg","datePublished":"2012-02-15T10:41:00+00:00","author":{"@id":"https:\/\/www.blogdelaautoescuela.com\/blog\/#\/schema\/person\/f209a64ca5dfe74b9acb6317240e792f"},"description":"Durante el 26 y el 27 de abril se va a celebrar la sexta edici\u00f3n del congreso Fit to Drive, y por primera vez se celebrar\u00e1 en Espa\u00f1a, m\u00e1s concretamente en Barcelona","breadcrumb":{"@id":"https:\/\/www.blogdelaautoescuela.com\/blog\/la-sexta-edicion-de-fit-to-drive-se-celebrara-en-barcelona\/#breadcrumb"},"inLanguage":"es","potentialAction":[{"@type":"ReadAction","target":["https:\/\/www.blogdelaautoescuela.com\/blog\/la-sexta-edicion-de-fit-to-drive-se-celebrara-en-barcelona\/"]}]},{"@type":"ImageObject","inLanguage":"es","@id":"https:\/\/www.blogdelaautoescuela.com\/blog\/la-sexta-edicion-de-fit-to-drive-se-celebrara-en-barcelona\/#primaryimage","url":"https:\/\/www.blogdelaautoescuela.com\/blog\/wp-content\/uploads\/2012\/02\/Fit-to-Drive1.jpg","contentUrl":"https:\/\/www.blogdelaautoescuela.com\/blog\/wp-content\/uploads\/2012\/02\/Fit-to-Drive1.jpg","width":400,"height":200},{"@type":"BreadcrumbList","@id":"https:\/\/www.blogdelaautoescuela.com\/blog\/la-sexta-edicion-de-fit-to-drive-se-celebrara-en-barcelona\/#breadcrumb","itemListElement":[{"@type":"ListItem","position":1,"name":"Portada","item":"https:\/\/www.blogdelaautoescuela.com\/blog\/"},{"@type":"ListItem","position":2,"name":"La sexta edici\u00f3n de Fit to Drive se celebrar\u00e1 en Barcelona"}]},{"@type":"WebSite","@id":"https:\/\/www.blogdelaautoescuela.com\/blog\/#website","url":"https:\/\/www.blogdelaautoescuela.com\/blog\/","name":"Blog de la autoescuela","description":"Noticias sobre autoescuelas y seguridad vial","potentialAction":[{"@type":"SearchAction","target":{"@type":"EntryPoint","urlTemplate":"https:\/\/www.blogdelaautoescuela.com\/blog\/?s={search_term_string}"},"query-input":{"@type":"PropertyValueSpecification","valueRequired":true,"valueName":"search_term_string"}}],"inLanguage":"es"},{"@type":"Person","@id":"https:\/\/www.blogdelaautoescuela.com\/blog\/#\/schema\/person\/f209a64ca5dfe74b9acb6317240e792f","name":"usr_blogauto","image":{"@type":"ImageObject","inLanguage":"es","@id":"https:\/\/www.blogdelaautoescuela.com\/blog\/#\/schema\/person\/image\/","url":"https:\/\/secure.gravatar.com\/avatar\/d3939d4ea521ac8421c86d2980321cc9?s=96&d=mm&r=g","contentUrl":"https:\/\/secure.gravatar.com\/avatar\/d3939d4ea521ac8421c86d2980321cc9?s=96&d=mm&r=g","caption":"usr_blogauto"},"description":"Blog dedicado a la conducci\u00f3n, las autoescuelas y la seguridad vial. Est\u00e1 creado por un grupo de profesionales de la formaci\u00f3n vial que comparten inquietudes y experiencias. Aqu\u00ed\u00ad podr\u00e1s encontrar informaci\u00f3n variada sobre el d\u00ed\u00ada a d\u00ed\u00ada de la autoescuela, ex\u00e1menes, test o novedades y consejos para una conducci\u00f3n m\u00e1s segura.","sameAs":["http:\/\/www.blogdelaautoescuela.com\/","https:\/\/www.facebook.com\/blogdelaautoescuela","https:\/\/x.com\/autoescuelas"],"url":"https:\/\/www.blogdelaautoescuela.com\/blog\/author\/usr_blogauto\/"}]}},"jetpack_featured_media_url":"https:\/\/www.blogdelaautoescuela.com\/blog\/wp-content\/uploads\/2012\/02\/Fit-to-Drive1.jpg","_links":{"self":[{"href":"https:\/\/www.blogdelaautoescuela.com\/blog\/wp-json\/wp\/v2\/posts\/8486","targetHints":{"allow":["GET"]}}],"collection":[{"href":"https:\/\/www.blogdelaautoescuela.com\/blog\/wp-json\/wp\/v2\/posts"}],"about":[{"href":"https:\/\/www.blogdelaautoescuela.com\/blog\/wp-json\/wp\/v2\/types\/post"}],"author":[{"embeddable":true,"href":"https:\/\/www.blogdelaautoescuela.com\/blog\/wp-json\/wp\/v2\/users\/1"}],"replies":[{"embeddable":true,"href":"https:\/\/www.blogdelaautoescuela.com\/blog\/wp-json\/wp\/v2\/comments?post=8486"}],"version-history":[{"count":0,"href":"https:\/\/www.blogdelaautoescuela.com\/blog\/wp-json\/wp\/v2\/posts\/8486\/revisions"}],"wp:featuredmedia":[{"embeddable":true,"href":"https:\/\/www.blogdelaautoescuela.com\/blog\/wp-json\/wp\/v2\/media\/8487"}],"wp:attachment":[{"href":"https:\/\/www.blogdelaautoescuela.com\/blog\/wp-json\/wp\/v2\/media?parent=8486"}],"wp:term":[{"taxonomy":"category","embeddable":true,"href":"https:\/\/www.blogdelaautoescuela.com\/blog\/wp-json\/wp\/v2\/categories?post=8486"},{"taxonomy":"post_tag","embeddable":true,"href":"https:\/\/www.blogdelaautoescuela.com\/blog\/wp-json\/wp\/v2\/tags?post=8486"}],"curies":[{"name":"wp","href":"https:\/\/api.w.org\/{rel}","templated":true}]}}