
{"id":828,"date":"2009-03-30T11:05:45","date_gmt":"2009-03-30T10:05:45","guid":{"rendered":"http:\/\/www.blogdelaautoescuela.com\/blog\/?p=828"},"modified":"2009-03-30T11:05:45","modified_gmt":"2009-03-30T10:05:45","slug":"cursos-de-reciclaje-gratuitos-en-la-rioja","status":"publish","type":"post","link":"https:\/\/www.blogdelaautoescuela.com\/blog\/cursos-de-reciclaje-gratuitos-en-la-rioja\/","title":{"rendered":"Cursos de reciclaje gratuitos en La Rioja"},"content":{"rendered":"<p style=\"text-align: center;\"><img loading=\"lazy\" decoding=\"async\" class=\"size-full wp-image-829 aligncenter\" title=\"clase-teorica\" src=\"http:\/\/www.blogdelaautoescuela.com\/blog\/wp-content\/uploads\/2009\/03\/clase-teorica.jpg\" alt=\"\" width=\"400\" height=\"299\" \/><\/p>\n<p>Desde hoy y hasta el jueves, 2 de abril, <strong>20 autoescuelas de La Rioja impartir\u00e1n cursos de reciclaje<\/strong> a todas las personas que quieran actualizar sus conocimientos en temas relacionados con el tr\u00e1fico y la seguridad vial.<\/p>\n<p>Los cursos se dar\u00e1n de 20:00 a 21:00 horas, sin necesidad de inscripci\u00f3n previa y <strong>de forma gratuita<\/strong>, s\u00f3lo hay que acudir a las clases en la autoescuela elegida. Los temas que se impartir\u00e1n en estas jornadas est\u00e1n relacionados con la conservaci\u00f3n de los puntos, la circulaci\u00f3n en glorietas, la actuaci\u00f3n en caso de accidente y las medidas de seguridad de los ni\u00f1os dentro de los veh\u00ed\u00adculos, seg\u00fan <strong>Servando Mart\u00ed\u00adnez, Presidente de la Asociaci\u00f3n de Autoescuelas de La Rioja<\/strong>, la elecci\u00f3n de estos temas se debe a que &#8220;<em>La normativa legal es muy amplia y, a pesar de todas las campa\u00f1as informativas que se han realizado, la gente todav\u00ed\u00ada tiene muchas dudas sobre la p\u00e9rdida de puntos en el carn\u00e9, c\u00f3mo circular en una glorieta, en las intersecciones, si tienen que utilizar alumbrado cuando llueve, c\u00f3mo actuar en caso de un accidente para minimizar las consecuencias, si est\u00e1n cumpliendo las normas de seguridad con sus hijos, entre muchos otros temas&#8221;.<\/em><\/p>\n<p>Seg\u00fan indica <strong>Jos\u00e9 Mar\u00ed\u00ada Z\u00fa\u00f1iga, Coordinador de Educaci\u00f3n de Seguridad Vial de la Direcci\u00f3n General de Tr\u00e1fico<\/strong>, esta iniciativa naci\u00f3 en la<strong> Comisi\u00f3n Auton\u00f3mica de Seguridad Vial <\/strong>y fue bien recibida por las autoescuelas. Adem\u00e1s tambi\u00e9n indic\u00f3 que estos cursos est\u00e1n destinados a todos los usuarios que transitan por las v\u00ed\u00adas p\u00fablicas, ya sean conductores o peatonas, <em>&#8220;Despu\u00e9s de cierto tiempo, todos los conductores necesitan reciclarse y actualizar los conocimientos que tienden a ser olvidados. Adem\u00e1s, hay aspectos novedosos de la legislaci\u00f3n en materia de tr\u00e1fico y de seguridad vial que se desconocen&#8221;.<\/em><\/p>\n<p>Con anterioridad a estas jornadas la <strong>DGT dict\u00f3 cursos de actualizaci\u00f3n sobre las materias que se van a tratar en los cursos a los profesores de las autoescuelas.<\/strong><\/p>\n<p>Durante estas jornadas los participantes, adem\u00e1s de actualizar sus conocimientos, tambi\u00e9n podr\u00e1n conocer las innovaciones que se han incorporado en las autoescuelas, como por ejemplo las pantallas t\u00e1ctiles.<!--more--><\/p>\n<p>En esta iniciativa participan, seg\u00fan ha indicado Servando Mart\u00ed\u00adnez, autoescuelas de Logro\u00f1o, Calahorra, Arnedo, Haro, Santo Domingo, Alfaro, Villamediana, Cenicero y Mendavia. En Logro\u00f1o y Calahorra a cada autoescuela se le ha asignado un tema, de este modo los interesados podr\u00e1n acudir cada d\u00ed\u00ada a una sin que se masifiquen las clases, y en el resto de localidades cada d\u00ed\u00ada se abordar\u00e1 un tema.<\/p>\n<p>La asignaci\u00f3n de los temas en las autoescuelas de Logro\u00f1o y Calahorra son:<\/p>\n<ul>\n<li><strong>C\u00f3mo conservar los puntos: <\/strong>en Logro\u00f1o se impartir\u00e1 en las autoescuelas El Campus, Servanda y Chile. En Calahorra el curso se dar\u00e1 en Autoescuela Calahorra.<\/li>\n<li><strong>C\u00f3mo circular en una glorieta: <\/strong>En Logro\u00f1o se impartir\u00e1 en Traffic, Vial e Iba\u00f1ez, en Calahorra no tenemos constancia.<\/li>\n<li><strong>C\u00f3mo actuar en caso de accidente:<\/strong> En Logro\u00f1o se dar\u00e1 en las autoescuelas M\u00f3naco, Mayor y Ebro. En Calahorra se impartir\u00e1 en Muro Anto\u00f1anzas.<\/li>\n<li><strong>Seguridad infantil:<\/strong> en Logro\u00f1o se podr\u00e1 asistir a las Autoesceulas Sarrami\u00e1n y en Calahorra a la autoescuela Ribera.<\/li>\n<\/ul>\n<p>Tanto <strong>Jos\u00e9 Mar\u00ed\u00ada Z\u00fa\u00f1iga<\/strong> como <strong>Servando Mart\u00ed\u00adnez<\/strong> esperan que estos cursos sean un \u00e9xito y se puedan repetir cada a\u00f1o, nosotros adem\u00e1s tambi\u00e9n deseamos que esta iniciativa se propague por el resto de Espa\u00f1a para evitar que se produzcan situaciones como que el <a href=\"http:\/\/www.blogdelaautoescuela.com\/blog\/el-965-de-los-conductores-espanoles-suspenderian-el-examen-teorico\/#comment-1161\">96,5% de los conductores espa\u00f1oles suspender\u00ed\u00adan el examen te\u00f3rico<\/a>.<\/p>\n<p>Fuente: <a href=\"http:\/\/www.elcorreodigital.com\/vizcaya\/20090330\/rioja\/autoescuelas-riojanas-abren-desde-20090330.html\">El correo digital<\/a><\/p>\n","protected":false},"excerpt":{"rendered":"<p>Desde hoy y hasta el jueves, 2 de abril, 20 autoescuelas de La Rioja impartir\u00e1n cursos de reciclaje a todas las personas que quieran actualizar sus conocimientos en temas relacionados con el tr\u00e1fico y la seguridad vial. Los cursos se dar\u00e1n de 20:00 a 21:00 horas, sin necesidad de inscripci\u00f3n previa y de forma gratuita, [&hellip;]<\/p>\n","protected":false},"author":1,"featured_media":829,"comment_status":"open","ping_status":"closed","sticky":false,"template":"","format":"standard","meta":{"footnotes":"","jetpack_publicize_message":"","jetpack_publicize_feature_enabled":true,"jetpack_social_post_already_shared":false,"jetpack_social_options":{"image_generator_settings":{"template":"highway","enabled":false},"version":2}},"categories":[3,12],"tags":[1664,527,1672,1678],"class_list":["post-828","post","type-post","status-publish","format-standard","has-post-thumbnail","hentry","category-autoescuela","category-noticias","tag-autoescuela","tag-educacion-vial","tag-noticias","tag-seguridad-vial"],"wppr_data":[],"jetpack_publicize_connections":[],"yoast_head":"<!-- This site is optimized with the Yoast SEO plugin v24.7 - https:\/\/yoast.com\/wordpress\/plugins\/seo\/ -->\n<title>Cursos de reciclaje gratuitos en La Rioja<\/title>\n<meta name=\"description\" content=\"20 autoescuelas de La Rioja impartir\u00e1n cursos de reciclaje a todas las personas que quieran actualizar sus conocimientos en temas relacionados con el tr\u00e1fico y la seguridad vial.\" \/>\n<meta name=\"robots\" content=\"index, follow, max-snippet:-1, max-image-preview:large, max-video-preview:-1\" \/>\n<link rel=\"canonical\" href=\"https:\/\/www.blogdelaautoescuela.com\/blog\/cursos-de-reciclaje-gratuitos-en-la-rioja\/\" \/>\n<meta property=\"og:locale\" content=\"es_ES\" \/>\n<meta property=\"og:type\" content=\"article\" \/>\n<meta property=\"og:title\" content=\"Cursos de reciclaje gratuitos en La Rioja\" \/>\n<meta property=\"og:description\" content=\"20 autoescuelas de La Rioja impartir\u00e1n cursos de reciclaje a todas las personas que quieran actualizar sus conocimientos en temas relacionados con el tr\u00e1fico y la seguridad vial.\" \/>\n<meta property=\"og:url\" content=\"https:\/\/www.blogdelaautoescuela.com\/blog\/cursos-de-reciclaje-gratuitos-en-la-rioja\/\" \/>\n<meta property=\"og:site_name\" content=\"Blog de la autoescuela\" \/>\n<meta property=\"article:author\" content=\"https:\/\/www.facebook.com\/blogdelaautoescuela\" \/>\n<meta property=\"article:published_time\" content=\"2009-03-30T10:05:45+00:00\" \/>\n<meta property=\"og:image\" content=\"https:\/\/www.blogdelaautoescuela.com\/blog\/wp-content\/uploads\/2009\/03\/clase-teorica1.jpg\" \/>\n\t<meta property=\"og:image:width\" content=\"400\" \/>\n\t<meta property=\"og:image:height\" content=\"299\" \/>\n\t<meta property=\"og:image:type\" content=\"image\/jpeg\" \/>\n<meta name=\"author\" content=\"usr_blogauto\" \/>\n<meta name=\"twitter:label1\" content=\"Escrito por\" \/>\n\t<meta name=\"twitter:data1\" content=\"usr_blogauto\" \/>\n\t<meta name=\"twitter:label2\" content=\"Tiempo de lectura\" \/>\n\t<meta name=\"twitter:data2\" content=\"3 minutos\" \/>\n<script type=\"application\/ld+json\" class=\"yoast-schema-graph\">{\"@context\":\"https:\/\/schema.org\",\"@graph\":[{\"@type\":\"WebPage\",\"@id\":\"https:\/\/www.blogdelaautoescuela.com\/blog\/cursos-de-reciclaje-gratuitos-en-la-rioja\/\",\"url\":\"https:\/\/www.blogdelaautoescuela.com\/blog\/cursos-de-reciclaje-gratuitos-en-la-rioja\/\",\"name\":\"Cursos de reciclaje gratuitos en La Rioja\",\"isPartOf\":{\"@id\":\"https:\/\/www.blogdelaautoescuela.com\/blog\/#website\"},\"primaryImageOfPage\":{\"@id\":\"https:\/\/www.blogdelaautoescuela.com\/blog\/cursos-de-reciclaje-gratuitos-en-la-rioja\/#primaryimage\"},\"image\":{\"@id\":\"https:\/\/www.blogdelaautoescuela.com\/blog\/cursos-de-reciclaje-gratuitos-en-la-rioja\/#primaryimage\"},\"thumbnailUrl\":\"https:\/\/www.blogdelaautoescuela.com\/blog\/wp-content\/uploads\/2009\/03\/clase-teorica1.jpg\",\"datePublished\":\"2009-03-30T10:05:45+00:00\",\"author\":{\"@id\":\"https:\/\/www.blogdelaautoescuela.com\/blog\/#\/schema\/person\/f209a64ca5dfe74b9acb6317240e792f\"},\"description\":\"20 autoescuelas de La Rioja impartir\u00e1n cursos de reciclaje a todas las personas que quieran actualizar sus conocimientos en temas relacionados con el tr\u00e1fico y la seguridad vial.\",\"breadcrumb\":{\"@id\":\"https:\/\/www.blogdelaautoescuela.com\/blog\/cursos-de-reciclaje-gratuitos-en-la-rioja\/#breadcrumb\"},\"inLanguage\":\"es\",\"potentialAction\":[{\"@type\":\"ReadAction\",\"target\":[\"https:\/\/www.blogdelaautoescuela.com\/blog\/cursos-de-reciclaje-gratuitos-en-la-rioja\/\"]}]},{\"@type\":\"ImageObject\",\"inLanguage\":\"es\",\"@id\":\"https:\/\/www.blogdelaautoescuela.com\/blog\/cursos-de-reciclaje-gratuitos-en-la-rioja\/#primaryimage\",\"url\":\"https:\/\/www.blogdelaautoescuela.com\/blog\/wp-content\/uploads\/2009\/03\/clase-teorica1.jpg\",\"contentUrl\":\"https:\/\/www.blogdelaautoescuela.com\/blog\/wp-content\/uploads\/2009\/03\/clase-teorica1.jpg\",\"width\":400,\"height\":299},{\"@type\":\"BreadcrumbList\",\"@id\":\"https:\/\/www.blogdelaautoescuela.com\/blog\/cursos-de-reciclaje-gratuitos-en-la-rioja\/#breadcrumb\",\"itemListElement\":[{\"@type\":\"ListItem\",\"position\":1,\"name\":\"Portada\",\"item\":\"https:\/\/www.blogdelaautoescuela.com\/blog\/\"},{\"@type\":\"ListItem\",\"position\":2,\"name\":\"Cursos de reciclaje gratuitos en La Rioja\"}]},{\"@type\":\"WebSite\",\"@id\":\"https:\/\/www.blogdelaautoescuela.com\/blog\/#website\",\"url\":\"https:\/\/www.blogdelaautoescuela.com\/blog\/\",\"name\":\"Blog de la autoescuela\",\"description\":\"Noticias sobre autoescuelas y seguridad vial\",\"potentialAction\":[{\"@type\":\"SearchAction\",\"target\":{\"@type\":\"EntryPoint\",\"urlTemplate\":\"https:\/\/www.blogdelaautoescuela.com\/blog\/?s={search_term_string}\"},\"query-input\":{\"@type\":\"PropertyValueSpecification\",\"valueRequired\":true,\"valueName\":\"search_term_string\"}}],\"inLanguage\":\"es\"},{\"@type\":\"Person\",\"@id\":\"https:\/\/www.blogdelaautoescuela.com\/blog\/#\/schema\/person\/f209a64ca5dfe74b9acb6317240e792f\",\"name\":\"usr_blogauto\",\"image\":{\"@type\":\"ImageObject\",\"inLanguage\":\"es\",\"@id\":\"https:\/\/www.blogdelaautoescuela.com\/blog\/#\/schema\/person\/image\/\",\"url\":\"https:\/\/secure.gravatar.com\/avatar\/d3939d4ea521ac8421c86d2980321cc9?s=96&d=mm&r=g\",\"contentUrl\":\"https:\/\/secure.gravatar.com\/avatar\/d3939d4ea521ac8421c86d2980321cc9?s=96&d=mm&r=g\",\"caption\":\"usr_blogauto\"},\"description\":\"Blog dedicado a la conducci\u00f3n, las autoescuelas y la seguridad vial. Est\u00e1 creado por un grupo de profesionales de la formaci\u00f3n vial que comparten inquietudes y experiencias. Aqu\u00ed\u00ad podr\u00e1s encontrar informaci\u00f3n variada sobre el d\u00ed\u00ada a d\u00ed\u00ada de la autoescuela, ex\u00e1menes, test o novedades y consejos para una conducci\u00f3n m\u00e1s segura.\",\"sameAs\":[\"http:\/\/www.blogdelaautoescuela.com\/\",\"https:\/\/www.facebook.com\/blogdelaautoescuela\",\"https:\/\/x.com\/autoescuelas\"],\"url\":\"https:\/\/www.blogdelaautoescuela.com\/blog\/author\/usr_blogauto\/\"}]}<\/script>\n<!-- \/ Yoast SEO plugin. -->","yoast_head_json":{"title":"Cursos de reciclaje gratuitos en La Rioja","description":"20 autoescuelas de La Rioja impartir\u00e1n cursos de reciclaje a todas las personas que quieran actualizar sus conocimientos en temas relacionados con el tr\u00e1fico y la seguridad vial.","robots":{"index":"index","follow":"follow","max-snippet":"max-snippet:-1","max-image-preview":"max-image-preview:large","max-video-preview":"max-video-preview:-1"},"canonical":"https:\/\/www.blogdelaautoescuela.com\/blog\/cursos-de-reciclaje-gratuitos-en-la-rioja\/","og_locale":"es_ES","og_type":"article","og_title":"Cursos de reciclaje gratuitos en La Rioja","og_description":"20 autoescuelas de La Rioja impartir\u00e1n cursos de reciclaje a todas las personas que quieran actualizar sus conocimientos en temas relacionados con el tr\u00e1fico y la seguridad vial.","og_url":"https:\/\/www.blogdelaautoescuela.com\/blog\/cursos-de-reciclaje-gratuitos-en-la-rioja\/","og_site_name":"Blog de la autoescuela","article_author":"https:\/\/www.facebook.com\/blogdelaautoescuela","article_published_time":"2009-03-30T10:05:45+00:00","og_image":[{"width":400,"height":299,"url":"https:\/\/www.blogdelaautoescuela.com\/blog\/wp-content\/uploads\/2009\/03\/clase-teorica1.jpg","type":"image\/jpeg"}],"author":"usr_blogauto","twitter_misc":{"Escrito por":"usr_blogauto","Tiempo de lectura":"3 minutos"},"schema":{"@context":"https:\/\/schema.org","@graph":[{"@type":"WebPage","@id":"https:\/\/www.blogdelaautoescuela.com\/blog\/cursos-de-reciclaje-gratuitos-en-la-rioja\/","url":"https:\/\/www.blogdelaautoescuela.com\/blog\/cursos-de-reciclaje-gratuitos-en-la-rioja\/","name":"Cursos de reciclaje gratuitos en La Rioja","isPartOf":{"@id":"https:\/\/www.blogdelaautoescuela.com\/blog\/#website"},"primaryImageOfPage":{"@id":"https:\/\/www.blogdelaautoescuela.com\/blog\/cursos-de-reciclaje-gratuitos-en-la-rioja\/#primaryimage"},"image":{"@id":"https:\/\/www.blogdelaautoescuela.com\/blog\/cursos-de-reciclaje-gratuitos-en-la-rioja\/#primaryimage"},"thumbnailUrl":"https:\/\/www.blogdelaautoescuela.com\/blog\/wp-content\/uploads\/2009\/03\/clase-teorica1.jpg","datePublished":"2009-03-30T10:05:45+00:00","author":{"@id":"https:\/\/www.blogdelaautoescuela.com\/blog\/#\/schema\/person\/f209a64ca5dfe74b9acb6317240e792f"},"description":"20 autoescuelas de La Rioja impartir\u00e1n cursos de reciclaje a todas las personas que quieran actualizar sus conocimientos en temas relacionados con el tr\u00e1fico y la seguridad vial.","breadcrumb":{"@id":"https:\/\/www.blogdelaautoescuela.com\/blog\/cursos-de-reciclaje-gratuitos-en-la-rioja\/#breadcrumb"},"inLanguage":"es","potentialAction":[{"@type":"ReadAction","target":["https:\/\/www.blogdelaautoescuela.com\/blog\/cursos-de-reciclaje-gratuitos-en-la-rioja\/"]}]},{"@type":"ImageObject","inLanguage":"es","@id":"https:\/\/www.blogdelaautoescuela.com\/blog\/cursos-de-reciclaje-gratuitos-en-la-rioja\/#primaryimage","url":"https:\/\/www.blogdelaautoescuela.com\/blog\/wp-content\/uploads\/2009\/03\/clase-teorica1.jpg","contentUrl":"https:\/\/www.blogdelaautoescuela.com\/blog\/wp-content\/uploads\/2009\/03\/clase-teorica1.jpg","width":400,"height":299},{"@type":"BreadcrumbList","@id":"https:\/\/www.blogdelaautoescuela.com\/blog\/cursos-de-reciclaje-gratuitos-en-la-rioja\/#breadcrumb","itemListElement":[{"@type":"ListItem","position":1,"name":"Portada","item":"https:\/\/www.blogdelaautoescuela.com\/blog\/"},{"@type":"ListItem","position":2,"name":"Cursos de reciclaje gratuitos en La Rioja"}]},{"@type":"WebSite","@id":"https:\/\/www.blogdelaautoescuela.com\/blog\/#website","url":"https:\/\/www.blogdelaautoescuela.com\/blog\/","name":"Blog de la autoescuela","description":"Noticias sobre autoescuelas y seguridad vial","potentialAction":[{"@type":"SearchAction","target":{"@type":"EntryPoint","urlTemplate":"https:\/\/www.blogdelaautoescuela.com\/blog\/?s={search_term_string}"},"query-input":{"@type":"PropertyValueSpecification","valueRequired":true,"valueName":"search_term_string"}}],"inLanguage":"es"},{"@type":"Person","@id":"https:\/\/www.blogdelaautoescuela.com\/blog\/#\/schema\/person\/f209a64ca5dfe74b9acb6317240e792f","name":"usr_blogauto","image":{"@type":"ImageObject","inLanguage":"es","@id":"https:\/\/www.blogdelaautoescuela.com\/blog\/#\/schema\/person\/image\/","url":"https:\/\/secure.gravatar.com\/avatar\/d3939d4ea521ac8421c86d2980321cc9?s=96&d=mm&r=g","contentUrl":"https:\/\/secure.gravatar.com\/avatar\/d3939d4ea521ac8421c86d2980321cc9?s=96&d=mm&r=g","caption":"usr_blogauto"},"description":"Blog dedicado a la conducci\u00f3n, las autoescuelas y la seguridad vial. Est\u00e1 creado por un grupo de profesionales de la formaci\u00f3n vial que comparten inquietudes y experiencias. Aqu\u00ed\u00ad podr\u00e1s encontrar informaci\u00f3n variada sobre el d\u00ed\u00ada a d\u00ed\u00ada de la autoescuela, ex\u00e1menes, test o novedades y consejos para una conducci\u00f3n m\u00e1s segura.","sameAs":["http:\/\/www.blogdelaautoescuela.com\/","https:\/\/www.facebook.com\/blogdelaautoescuela","https:\/\/x.com\/autoescuelas"],"url":"https:\/\/www.blogdelaautoescuela.com\/blog\/author\/usr_blogauto\/"}]}},"jetpack_featured_media_url":"https:\/\/www.blogdelaautoescuela.com\/blog\/wp-content\/uploads\/2009\/03\/clase-teorica1.jpg","_links":{"self":[{"href":"https:\/\/www.blogdelaautoescuela.com\/blog\/wp-json\/wp\/v2\/posts\/828","targetHints":{"allow":["GET"]}}],"collection":[{"href":"https:\/\/www.blogdelaautoescuela.com\/blog\/wp-json\/wp\/v2\/posts"}],"about":[{"href":"https:\/\/www.blogdelaautoescuela.com\/blog\/wp-json\/wp\/v2\/types\/post"}],"author":[{"embeddable":true,"href":"https:\/\/www.blogdelaautoescuela.com\/blog\/wp-json\/wp\/v2\/users\/1"}],"replies":[{"embeddable":true,"href":"https:\/\/www.blogdelaautoescuela.com\/blog\/wp-json\/wp\/v2\/comments?post=828"}],"version-history":[{"count":0,"href":"https:\/\/www.blogdelaautoescuela.com\/blog\/wp-json\/wp\/v2\/posts\/828\/revisions"}],"wp:featuredmedia":[{"embeddable":true,"href":"https:\/\/www.blogdelaautoescuela.com\/blog\/wp-json\/wp\/v2\/media\/829"}],"wp:attachment":[{"href":"https:\/\/www.blogdelaautoescuela.com\/blog\/wp-json\/wp\/v2\/media?parent=828"}],"wp:term":[{"taxonomy":"category","embeddable":true,"href":"https:\/\/www.blogdelaautoescuela.com\/blog\/wp-json\/wp\/v2\/categories?post=828"},{"taxonomy":"post_tag","embeddable":true,"href":"https:\/\/www.blogdelaautoescuela.com\/blog\/wp-json\/wp\/v2\/tags?post=828"}],"curies":[{"name":"wp","href":"https:\/\/api.w.org\/{rel}","templated":true}]}}