
{"id":8163,"date":"2012-01-25T11:36:59","date_gmt":"2012-01-25T10:36:59","guid":{"rendered":"http:\/\/www.blogdelaautoescuela.com\/blog\/?p=8163"},"modified":"2012-01-25T11:36:59","modified_gmt":"2012-01-25T10:36:59","slug":"los-tramos-blancos-de-las-carreteras-europeas","status":"publish","type":"post","link":"https:\/\/www.blogdelaautoescuela.com\/blog\/los-tramos-blancos-de-las-carreteras-europeas\/","title":{"rendered":"Los tramos blancos de las carreteras europeas"},"content":{"rendered":"<p style=\"text-align: center;\"><img loading=\"lazy\" decoding=\"async\" class=\"size-full wp-image-961  aligncenter\" title=\"carretera\" src=\"http:\/\/www.blogdelaautoescuela.com\/blog\/wp-content\/uploads\/2009\/04\/carretera.jpg\" alt=\"carretera\" width=\"400\" height=\"265\" \/><\/p>\n<p>Al igual que existen <strong>&#8220;puntos negros&#8221;<\/strong> en las carreteras, en los que hay una alta concentraci\u00f3n de accidentes de tr\u00e1fico, tambi\u00e9n <strong>existen tramos blancos en los que no se registran accidentes.<\/strong><\/p>\n<p>Seg\u00fan los primeros datos del<strong> proyecto Whiteroads<\/strong>, realizado por la Asociaci\u00f3n Espa\u00f1ola de la  Carretera (AEC)  y la <strong>Federaci\u00f3n Europea de Carreteras (ERF)<\/strong> por encargo  de la Comisi\u00f3n  Europea, <strong>en Europa hay 21.519 kil\u00f3metros de v\u00ed\u00adas en las que no se han registrado accidentes mortales durante los \u00faltimos 5 a\u00f1os.<\/strong><\/p>\n<p>En total e Europa, concretamente en los 22 pa\u00ed\u00adses que se han incluido en el estudio, hay<strong> 669 tramos de al menos 15 kil\u00f3metros\u00a0 en los que no se han producido accidentes mortales en 5 a\u00f1os consecutivos<\/strong>,   lo que representa\u00a0 al 38% de la red transeuropea de carreteras   analizada.<\/p>\n<p>En concreto, los <strong>m\u00e1s de 55.000 kil\u00f3metros analizados<\/strong> corresponden a Austria, B\u00e9lgica, Bulgaria, Chipre, Dinamarca,   Eslovaquia, Eslovenia, Espa\u00f1a, Estonia, Finlandia, Grecia, Holanda,   Hungr\u00ed\u00ada, Irlanda, Italia, Letonia, Lituania, Luxemburgo, Polonia,   Portugal, Ruman\u00ed\u00ada y Suecia.<\/p>\n<p>Con los datos que se han obtenido en esta primera fase del <strong>proyecto Whiteroads<\/strong> se realizar\u00e1 un <strong>retrato robot de las carreteras europeas en las que no se producen muertes por accidente de tr\u00e1fico<\/strong> para que de este modo se puedan transladar las caracter\u00ed\u00adasticas de estas carreteras al resto de las v\u00ed\u00adas en las que s\u00ed\u00ad se producen accidentes y se mejoren las condiciones generales de seguridad de las carreteras europeas.<\/p>\n","protected":false},"excerpt":{"rendered":"<p>Al igual que existen &#8220;puntos negros&#8221; en las carreteras, en los que hay una alta concentraci\u00f3n de accidentes de tr\u00e1fico, tambi\u00e9n existen tramos blancos en los que no se registran accidentes. Seg\u00fan los primeros datos del proyecto Whiteroads, realizado por la Asociaci\u00f3n Espa\u00f1ola de la Carretera (AEC) y la Federaci\u00f3n Europea de Carreteras (ERF) por [&hellip;]<\/p>\n","protected":false},"author":1,"featured_media":961,"comment_status":"open","ping_status":"closed","sticky":false,"template":"","format":"standard","meta":{"footnotes":"","jetpack_publicize_message":"","jetpack_publicize_feature_enabled":true,"jetpack_social_post_already_shared":false,"jetpack_social_options":{"image_generator_settings":{"template":"highway","enabled":false},"version":2}},"categories":[12,19],"tags":[1672,1678,1327],"class_list":["post-8163","post","type-post","status-publish","format-standard","has-post-thumbnail","hentry","category-noticias","category-seguridad-vial","tag-noticias","tag-seguridad-vial","tag-tramos-blancos"],"wppr_data":[],"jetpack_publicize_connections":[],"yoast_head":"<!-- This site is optimized with the Yoast SEO plugin v24.7 - https:\/\/yoast.com\/wordpress\/plugins\/seo\/ -->\n<title>Los tramos blancos de las carreteras europeas<\/title>\n<meta name=\"description\" content=\"Al igual que existen &quot;puntos negros&quot; en las carreteras, en los que hay una alta concentraci\u00f3n de accidentes de tr\u00e1fico, tambi\u00e9n existen tramos blancos en los que no se registran accidentes\" \/>\n<meta name=\"robots\" content=\"index, follow, max-snippet:-1, max-image-preview:large, max-video-preview:-1\" \/>\n<link rel=\"canonical\" href=\"https:\/\/www.blogdelaautoescuela.com\/blog\/los-tramos-blancos-de-las-carreteras-europeas\/\" \/>\n<meta property=\"og:locale\" content=\"es_ES\" \/>\n<meta property=\"og:type\" content=\"article\" \/>\n<meta property=\"og:title\" content=\"Los tramos blancos de las carreteras europeas\" \/>\n<meta property=\"og:description\" content=\"Al igual que existen &quot;puntos negros&quot; en las carreteras, en los que hay una alta concentraci\u00f3n de accidentes de tr\u00e1fico, tambi\u00e9n existen tramos blancos en los que no se registran accidentes\" \/>\n<meta property=\"og:url\" content=\"https:\/\/www.blogdelaautoescuela.com\/blog\/los-tramos-blancos-de-las-carreteras-europeas\/\" \/>\n<meta property=\"og:site_name\" content=\"Blog de la autoescuela\" \/>\n<meta property=\"article:author\" content=\"https:\/\/www.facebook.com\/blogdelaautoescuela\" \/>\n<meta property=\"article:published_time\" content=\"2012-01-25T10:36:59+00:00\" \/>\n<meta property=\"og:image\" content=\"https:\/\/www.blogdelaautoescuela.com\/blog\/wp-content\/uploads\/2009\/04\/carretera1.jpg\" \/>\n\t<meta property=\"og:image:width\" content=\"400\" \/>\n\t<meta property=\"og:image:height\" content=\"265\" \/>\n\t<meta property=\"og:image:type\" content=\"image\/jpeg\" \/>\n<meta name=\"author\" content=\"usr_blogauto\" \/>\n<meta name=\"twitter:label1\" content=\"Escrito por\" \/>\n\t<meta name=\"twitter:data1\" content=\"usr_blogauto\" \/>\n\t<meta name=\"twitter:label2\" content=\"Tiempo de lectura\" \/>\n\t<meta name=\"twitter:data2\" content=\"1 minuto\" \/>\n<script type=\"application\/ld+json\" class=\"yoast-schema-graph\">{\"@context\":\"https:\/\/schema.org\",\"@graph\":[{\"@type\":\"WebPage\",\"@id\":\"https:\/\/www.blogdelaautoescuela.com\/blog\/los-tramos-blancos-de-las-carreteras-europeas\/\",\"url\":\"https:\/\/www.blogdelaautoescuela.com\/blog\/los-tramos-blancos-de-las-carreteras-europeas\/\",\"name\":\"Los tramos blancos de las carreteras europeas\",\"isPartOf\":{\"@id\":\"https:\/\/www.blogdelaautoescuela.com\/blog\/#website\"},\"primaryImageOfPage\":{\"@id\":\"https:\/\/www.blogdelaautoescuela.com\/blog\/los-tramos-blancos-de-las-carreteras-europeas\/#primaryimage\"},\"image\":{\"@id\":\"https:\/\/www.blogdelaautoescuela.com\/blog\/los-tramos-blancos-de-las-carreteras-europeas\/#primaryimage\"},\"thumbnailUrl\":\"https:\/\/www.blogdelaautoescuela.com\/blog\/wp-content\/uploads\/2009\/04\/carretera1.jpg\",\"datePublished\":\"2012-01-25T10:36:59+00:00\",\"author\":{\"@id\":\"https:\/\/www.blogdelaautoescuela.com\/blog\/#\/schema\/person\/f209a64ca5dfe74b9acb6317240e792f\"},\"description\":\"Al igual que existen \\\"puntos negros\\\" en las carreteras, en los que hay una alta concentraci\u00f3n de accidentes de tr\u00e1fico, tambi\u00e9n existen tramos blancos en los que no se registran accidentes\",\"breadcrumb\":{\"@id\":\"https:\/\/www.blogdelaautoescuela.com\/blog\/los-tramos-blancos-de-las-carreteras-europeas\/#breadcrumb\"},\"inLanguage\":\"es\",\"potentialAction\":[{\"@type\":\"ReadAction\",\"target\":[\"https:\/\/www.blogdelaautoescuela.com\/blog\/los-tramos-blancos-de-las-carreteras-europeas\/\"]}]},{\"@type\":\"ImageObject\",\"inLanguage\":\"es\",\"@id\":\"https:\/\/www.blogdelaautoescuela.com\/blog\/los-tramos-blancos-de-las-carreteras-europeas\/#primaryimage\",\"url\":\"https:\/\/www.blogdelaautoescuela.com\/blog\/wp-content\/uploads\/2009\/04\/carretera1.jpg\",\"contentUrl\":\"https:\/\/www.blogdelaautoescuela.com\/blog\/wp-content\/uploads\/2009\/04\/carretera1.jpg\",\"width\":400,\"height\":265},{\"@type\":\"BreadcrumbList\",\"@id\":\"https:\/\/www.blogdelaautoescuela.com\/blog\/los-tramos-blancos-de-las-carreteras-europeas\/#breadcrumb\",\"itemListElement\":[{\"@type\":\"ListItem\",\"position\":1,\"name\":\"Portada\",\"item\":\"https:\/\/www.blogdelaautoescuela.com\/blog\/\"},{\"@type\":\"ListItem\",\"position\":2,\"name\":\"Los tramos blancos de las carreteras europeas\"}]},{\"@type\":\"WebSite\",\"@id\":\"https:\/\/www.blogdelaautoescuela.com\/blog\/#website\",\"url\":\"https:\/\/www.blogdelaautoescuela.com\/blog\/\",\"name\":\"Blog de la autoescuela\",\"description\":\"Noticias sobre autoescuelas y seguridad vial\",\"potentialAction\":[{\"@type\":\"SearchAction\",\"target\":{\"@type\":\"EntryPoint\",\"urlTemplate\":\"https:\/\/www.blogdelaautoescuela.com\/blog\/?s={search_term_string}\"},\"query-input\":{\"@type\":\"PropertyValueSpecification\",\"valueRequired\":true,\"valueName\":\"search_term_string\"}}],\"inLanguage\":\"es\"},{\"@type\":\"Person\",\"@id\":\"https:\/\/www.blogdelaautoescuela.com\/blog\/#\/schema\/person\/f209a64ca5dfe74b9acb6317240e792f\",\"name\":\"usr_blogauto\",\"image\":{\"@type\":\"ImageObject\",\"inLanguage\":\"es\",\"@id\":\"https:\/\/www.blogdelaautoescuela.com\/blog\/#\/schema\/person\/image\/\",\"url\":\"https:\/\/secure.gravatar.com\/avatar\/d3939d4ea521ac8421c86d2980321cc9?s=96&d=mm&r=g\",\"contentUrl\":\"https:\/\/secure.gravatar.com\/avatar\/d3939d4ea521ac8421c86d2980321cc9?s=96&d=mm&r=g\",\"caption\":\"usr_blogauto\"},\"description\":\"Blog dedicado a la conducci\u00f3n, las autoescuelas y la seguridad vial. Est\u00e1 creado por un grupo de profesionales de la formaci\u00f3n vial que comparten inquietudes y experiencias. Aqu\u00ed\u00ad podr\u00e1s encontrar informaci\u00f3n variada sobre el d\u00ed\u00ada a d\u00ed\u00ada de la autoescuela, ex\u00e1menes, test o novedades y consejos para una conducci\u00f3n m\u00e1s segura.\",\"sameAs\":[\"http:\/\/www.blogdelaautoescuela.com\/\",\"https:\/\/www.facebook.com\/blogdelaautoescuela\",\"https:\/\/x.com\/autoescuelas\"],\"url\":\"https:\/\/www.blogdelaautoescuela.com\/blog\/author\/usr_blogauto\/\"}]}<\/script>\n<!-- \/ Yoast SEO plugin. -->","yoast_head_json":{"title":"Los tramos blancos de las carreteras europeas","description":"Al igual que existen \"puntos negros\" en las carreteras, en los que hay una alta concentraci\u00f3n de accidentes de tr\u00e1fico, tambi\u00e9n existen tramos blancos en los que no se registran accidentes","robots":{"index":"index","follow":"follow","max-snippet":"max-snippet:-1","max-image-preview":"max-image-preview:large","max-video-preview":"max-video-preview:-1"},"canonical":"https:\/\/www.blogdelaautoescuela.com\/blog\/los-tramos-blancos-de-las-carreteras-europeas\/","og_locale":"es_ES","og_type":"article","og_title":"Los tramos blancos de las carreteras europeas","og_description":"Al igual que existen \"puntos negros\" en las carreteras, en los que hay una alta concentraci\u00f3n de accidentes de tr\u00e1fico, tambi\u00e9n existen tramos blancos en los que no se registran accidentes","og_url":"https:\/\/www.blogdelaautoescuela.com\/blog\/los-tramos-blancos-de-las-carreteras-europeas\/","og_site_name":"Blog de la autoescuela","article_author":"https:\/\/www.facebook.com\/blogdelaautoescuela","article_published_time":"2012-01-25T10:36:59+00:00","og_image":[{"width":400,"height":265,"url":"https:\/\/www.blogdelaautoescuela.com\/blog\/wp-content\/uploads\/2009\/04\/carretera1.jpg","type":"image\/jpeg"}],"author":"usr_blogauto","twitter_misc":{"Escrito por":"usr_blogauto","Tiempo de lectura":"1 minuto"},"schema":{"@context":"https:\/\/schema.org","@graph":[{"@type":"WebPage","@id":"https:\/\/www.blogdelaautoescuela.com\/blog\/los-tramos-blancos-de-las-carreteras-europeas\/","url":"https:\/\/www.blogdelaautoescuela.com\/blog\/los-tramos-blancos-de-las-carreteras-europeas\/","name":"Los tramos blancos de las carreteras europeas","isPartOf":{"@id":"https:\/\/www.blogdelaautoescuela.com\/blog\/#website"},"primaryImageOfPage":{"@id":"https:\/\/www.blogdelaautoescuela.com\/blog\/los-tramos-blancos-de-las-carreteras-europeas\/#primaryimage"},"image":{"@id":"https:\/\/www.blogdelaautoescuela.com\/blog\/los-tramos-blancos-de-las-carreteras-europeas\/#primaryimage"},"thumbnailUrl":"https:\/\/www.blogdelaautoescuela.com\/blog\/wp-content\/uploads\/2009\/04\/carretera1.jpg","datePublished":"2012-01-25T10:36:59+00:00","author":{"@id":"https:\/\/www.blogdelaautoescuela.com\/blog\/#\/schema\/person\/f209a64ca5dfe74b9acb6317240e792f"},"description":"Al igual que existen \"puntos negros\" en las carreteras, en los que hay una alta concentraci\u00f3n de accidentes de tr\u00e1fico, tambi\u00e9n existen tramos blancos en los que no se registran accidentes","breadcrumb":{"@id":"https:\/\/www.blogdelaautoescuela.com\/blog\/los-tramos-blancos-de-las-carreteras-europeas\/#breadcrumb"},"inLanguage":"es","potentialAction":[{"@type":"ReadAction","target":["https:\/\/www.blogdelaautoescuela.com\/blog\/los-tramos-blancos-de-las-carreteras-europeas\/"]}]},{"@type":"ImageObject","inLanguage":"es","@id":"https:\/\/www.blogdelaautoescuela.com\/blog\/los-tramos-blancos-de-las-carreteras-europeas\/#primaryimage","url":"https:\/\/www.blogdelaautoescuela.com\/blog\/wp-content\/uploads\/2009\/04\/carretera1.jpg","contentUrl":"https:\/\/www.blogdelaautoescuela.com\/blog\/wp-content\/uploads\/2009\/04\/carretera1.jpg","width":400,"height":265},{"@type":"BreadcrumbList","@id":"https:\/\/www.blogdelaautoescuela.com\/blog\/los-tramos-blancos-de-las-carreteras-europeas\/#breadcrumb","itemListElement":[{"@type":"ListItem","position":1,"name":"Portada","item":"https:\/\/www.blogdelaautoescuela.com\/blog\/"},{"@type":"ListItem","position":2,"name":"Los tramos blancos de las carreteras europeas"}]},{"@type":"WebSite","@id":"https:\/\/www.blogdelaautoescuela.com\/blog\/#website","url":"https:\/\/www.blogdelaautoescuela.com\/blog\/","name":"Blog de la autoescuela","description":"Noticias sobre autoescuelas y seguridad vial","potentialAction":[{"@type":"SearchAction","target":{"@type":"EntryPoint","urlTemplate":"https:\/\/www.blogdelaautoescuela.com\/blog\/?s={search_term_string}"},"query-input":{"@type":"PropertyValueSpecification","valueRequired":true,"valueName":"search_term_string"}}],"inLanguage":"es"},{"@type":"Person","@id":"https:\/\/www.blogdelaautoescuela.com\/blog\/#\/schema\/person\/f209a64ca5dfe74b9acb6317240e792f","name":"usr_blogauto","image":{"@type":"ImageObject","inLanguage":"es","@id":"https:\/\/www.blogdelaautoescuela.com\/blog\/#\/schema\/person\/image\/","url":"https:\/\/secure.gravatar.com\/avatar\/d3939d4ea521ac8421c86d2980321cc9?s=96&d=mm&r=g","contentUrl":"https:\/\/secure.gravatar.com\/avatar\/d3939d4ea521ac8421c86d2980321cc9?s=96&d=mm&r=g","caption":"usr_blogauto"},"description":"Blog dedicado a la conducci\u00f3n, las autoescuelas y la seguridad vial. Est\u00e1 creado por un grupo de profesionales de la formaci\u00f3n vial que comparten inquietudes y experiencias. Aqu\u00ed\u00ad podr\u00e1s encontrar informaci\u00f3n variada sobre el d\u00ed\u00ada a d\u00ed\u00ada de la autoescuela, ex\u00e1menes, test o novedades y consejos para una conducci\u00f3n m\u00e1s segura.","sameAs":["http:\/\/www.blogdelaautoescuela.com\/","https:\/\/www.facebook.com\/blogdelaautoescuela","https:\/\/x.com\/autoescuelas"],"url":"https:\/\/www.blogdelaautoescuela.com\/blog\/author\/usr_blogauto\/"}]}},"jetpack_featured_media_url":"https:\/\/www.blogdelaautoescuela.com\/blog\/wp-content\/uploads\/2009\/04\/carretera1.jpg","_links":{"self":[{"href":"https:\/\/www.blogdelaautoescuela.com\/blog\/wp-json\/wp\/v2\/posts\/8163","targetHints":{"allow":["GET"]}}],"collection":[{"href":"https:\/\/www.blogdelaautoescuela.com\/blog\/wp-json\/wp\/v2\/posts"}],"about":[{"href":"https:\/\/www.blogdelaautoescuela.com\/blog\/wp-json\/wp\/v2\/types\/post"}],"author":[{"embeddable":true,"href":"https:\/\/www.blogdelaautoescuela.com\/blog\/wp-json\/wp\/v2\/users\/1"}],"replies":[{"embeddable":true,"href":"https:\/\/www.blogdelaautoescuela.com\/blog\/wp-json\/wp\/v2\/comments?post=8163"}],"version-history":[{"count":0,"href":"https:\/\/www.blogdelaautoescuela.com\/blog\/wp-json\/wp\/v2\/posts\/8163\/revisions"}],"wp:featuredmedia":[{"embeddable":true,"href":"https:\/\/www.blogdelaautoescuela.com\/blog\/wp-json\/wp\/v2\/media\/961"}],"wp:attachment":[{"href":"https:\/\/www.blogdelaautoescuela.com\/blog\/wp-json\/wp\/v2\/media?parent=8163"}],"wp:term":[{"taxonomy":"category","embeddable":true,"href":"https:\/\/www.blogdelaautoescuela.com\/blog\/wp-json\/wp\/v2\/categories?post=8163"},{"taxonomy":"post_tag","embeddable":true,"href":"https:\/\/www.blogdelaautoescuela.com\/blog\/wp-json\/wp\/v2\/tags?post=8163"}],"curies":[{"name":"wp","href":"https:\/\/api.w.org\/{rel}","templated":true}]}}