
{"id":7814,"date":"2011-11-24T12:23:08","date_gmt":"2011-11-24T10:23:08","guid":{"rendered":"http:\/\/www.blogdelaautoescuela.com\/blog\/?p=7814"},"modified":"2011-11-24T12:23:08","modified_gmt":"2011-11-24T10:23:08","slug":"cicefov-apuesta-por-la-formacion-y-la-unificacion-de-criterios","status":"publish","type":"post","link":"https:\/\/www.blogdelaautoescuela.com\/blog\/cicefov-apuesta-por-la-formacion-y-la-unificacion-de-criterios\/","title":{"rendered":"CICEFOV apuesta por la formaci\u00f3n y la unificaci\u00f3n de criterios"},"content":{"rendered":"<p style=\"text-align: center;\"><img loading=\"lazy\" decoding=\"async\" class=\"size-full wp-image-7815  aligncenter\" title=\"rosario\" src=\"http:\/\/www.blogdelaautoescuela.com\/blog\/wp-content\/uploads\/2011\/11\/rosario.jpg\" alt=\"rosario\" width=\"400\" height=\"300\" \/><\/p>\n<p>Recientemente, entre el 17 al 19 de noviembre, se ha celebrado en Rosario (Argentina) el<strong> V Encuentro Iberoamericano de Centros de Educaci\u00f3n y Formaci\u00f3n Vial<\/strong>, organizado por la <strong>Confederaci\u00f3n Iberioamericana de Centros de Educaci\u00f3n y Formaci\u00f3n Vial (CICEFOV)<\/strong>.<\/p>\n<p>Durante la celebraci\u00f3n de este encuentro se puso de manifiesto la<strong> necesidad de que haya una formaci\u00f3n reglada de los conductores<\/strong>, y aunque se ha avanzado en materia de formaci\u00f3n vial los expertos reconocen que a\u00fan queda un largo camino por recorrer.<\/p>\n<p>Entre las <strong>peticiones de CICEFOV <\/strong>se encuentra que <strong>se unifiquen los criterios de evaluaci\u00f3n de conductores<\/strong> para el otorgamiento de las licencias de conducir y que se eztablencan<strong> est\u00e1ndares de calidad en la formaci\u00f3n de los profesores y examinadores<\/strong>, <strong>unificando adem\u00e1s los modelos de ex\u00e1menes<\/strong> de las diferentes categor\u00ed\u00adas y dot\u00e1ndolos de unos <strong>est\u00e1ndares m\u00ed\u00adnimos de formaci\u00f3n inicial.<\/strong><\/p>\n<p>Desde el <strong>Encuentro Iberoamericano de Centros de Educaci\u00f3n y Formaci\u00f3n Vial<\/strong> se ha sugerido <strong>que se incluyan en los planes de Prevenci\u00f3n de Riesgos Laborales de las empresas la formaci\u00f3n vial.<\/strong><\/p>\n<p>Durante la celebraci\u00f3n de este encuentro adem\u00e1s<strong> se reeligi\u00f3 como presidente de CICEFOV a Jos\u00e9 Miguel Baez<\/strong>, que tambi\u00e9n ocupa el puesto de presidente de la Confederaci\u00f3n Nacional de Autoescuelas (CNAE) en nuestro pa\u00ed\u00ads.<\/p>\n","protected":false},"excerpt":{"rendered":"<p>Recientemente, entre el 17 al 19 de noviembre, se ha celebrado en Rosario (Argentina) el V Encuentro Iberoamericano de Centros de Educaci\u00f3n y Formaci\u00f3n Vial, organizado por la Confederaci\u00f3n Iberioamericana de Centros de Educaci\u00f3n y Formaci\u00f3n Vial (CICEFOV). Durante la celebraci\u00f3n de este encuentro se puso de manifiesto la necesidad de que haya una formaci\u00f3n [&hellip;]<\/p>\n","protected":false},"author":1,"featured_media":7815,"comment_status":"open","ping_status":"closed","sticky":false,"template":"","format":"standard","meta":{"footnotes":"","jetpack_publicize_message":"","jetpack_publicize_feature_enabled":true,"jetpack_social_post_already_shared":false,"jetpack_social_options":{"image_generator_settings":{"template":"highway","enabled":false},"version":2}},"categories":[12,19],"tags":[393,1678],"class_list":["post-7814","post","type-post","status-publish","format-standard","has-post-thumbnail","hentry","category-noticias","category-seguridad-vial","tag-congreso-iberoamericano","tag-seguridad-vial"],"wppr_data":[],"jetpack_publicize_connections":[],"yoast_head":"<!-- This site is optimized with the Yoast SEO plugin v24.7 - https:\/\/yoast.com\/wordpress\/plugins\/seo\/ -->\n<title>CICEFOV apuesta por la formaci\u00f3n y la unificaci\u00f3n de criterios<\/title>\n<meta name=\"description\" content=\"CICEFOV pide que se unifiquen los criterios de evaluaci\u00f3n de conductores y que se eztablencan est\u00e1ndares de calidad en la formaci\u00f3n de los profesores y examinadores\" \/>\n<meta name=\"robots\" content=\"index, follow, max-snippet:-1, max-image-preview:large, max-video-preview:-1\" \/>\n<link rel=\"canonical\" href=\"https:\/\/www.blogdelaautoescuela.com\/blog\/cicefov-apuesta-por-la-formacion-y-la-unificacion-de-criterios\/\" \/>\n<meta property=\"og:locale\" content=\"es_ES\" \/>\n<meta property=\"og:type\" content=\"article\" \/>\n<meta property=\"og:title\" content=\"CICEFOV apuesta por la formaci\u00f3n y la unificaci\u00f3n de criterios\" \/>\n<meta property=\"og:description\" content=\"CICEFOV pide que se unifiquen los criterios de evaluaci\u00f3n de conductores y que se eztablencan est\u00e1ndares de calidad en la formaci\u00f3n de los profesores y examinadores\" \/>\n<meta property=\"og:url\" content=\"https:\/\/www.blogdelaautoescuela.com\/blog\/cicefov-apuesta-por-la-formacion-y-la-unificacion-de-criterios\/\" \/>\n<meta property=\"og:site_name\" content=\"Blog de la autoescuela\" \/>\n<meta property=\"article:author\" content=\"https:\/\/www.facebook.com\/blogdelaautoescuela\" \/>\n<meta property=\"article:published_time\" content=\"2011-11-24T10:23:08+00:00\" \/>\n<meta property=\"og:image\" content=\"https:\/\/www.blogdelaautoescuela.com\/blog\/wp-content\/uploads\/2011\/11\/rosario1.jpg\" \/>\n\t<meta property=\"og:image:width\" content=\"400\" \/>\n\t<meta property=\"og:image:height\" content=\"300\" \/>\n\t<meta property=\"og:image:type\" content=\"image\/jpeg\" \/>\n<meta name=\"author\" content=\"usr_blogauto\" \/>\n<meta name=\"twitter:label1\" content=\"Escrito por\" \/>\n\t<meta name=\"twitter:data1\" content=\"usr_blogauto\" \/>\n\t<meta name=\"twitter:label2\" content=\"Tiempo de lectura\" \/>\n\t<meta name=\"twitter:data2\" content=\"1 minuto\" \/>\n<script type=\"application\/ld+json\" class=\"yoast-schema-graph\">{\"@context\":\"https:\/\/schema.org\",\"@graph\":[{\"@type\":\"WebPage\",\"@id\":\"https:\/\/www.blogdelaautoescuela.com\/blog\/cicefov-apuesta-por-la-formacion-y-la-unificacion-de-criterios\/\",\"url\":\"https:\/\/www.blogdelaautoescuela.com\/blog\/cicefov-apuesta-por-la-formacion-y-la-unificacion-de-criterios\/\",\"name\":\"CICEFOV apuesta por la formaci\u00f3n y la unificaci\u00f3n de criterios\",\"isPartOf\":{\"@id\":\"https:\/\/www.blogdelaautoescuela.com\/blog\/#website\"},\"primaryImageOfPage\":{\"@id\":\"https:\/\/www.blogdelaautoescuela.com\/blog\/cicefov-apuesta-por-la-formacion-y-la-unificacion-de-criterios\/#primaryimage\"},\"image\":{\"@id\":\"https:\/\/www.blogdelaautoescuela.com\/blog\/cicefov-apuesta-por-la-formacion-y-la-unificacion-de-criterios\/#primaryimage\"},\"thumbnailUrl\":\"https:\/\/www.blogdelaautoescuela.com\/blog\/wp-content\/uploads\/2011\/11\/rosario1.jpg\",\"datePublished\":\"2011-11-24T10:23:08+00:00\",\"author\":{\"@id\":\"https:\/\/www.blogdelaautoescuela.com\/blog\/#\/schema\/person\/f209a64ca5dfe74b9acb6317240e792f\"},\"description\":\"CICEFOV pide que se unifiquen los criterios de evaluaci\u00f3n de conductores y que se eztablencan est\u00e1ndares de calidad en la formaci\u00f3n de los profesores y examinadores\",\"breadcrumb\":{\"@id\":\"https:\/\/www.blogdelaautoescuela.com\/blog\/cicefov-apuesta-por-la-formacion-y-la-unificacion-de-criterios\/#breadcrumb\"},\"inLanguage\":\"es\",\"potentialAction\":[{\"@type\":\"ReadAction\",\"target\":[\"https:\/\/www.blogdelaautoescuela.com\/blog\/cicefov-apuesta-por-la-formacion-y-la-unificacion-de-criterios\/\"]}]},{\"@type\":\"ImageObject\",\"inLanguage\":\"es\",\"@id\":\"https:\/\/www.blogdelaautoescuela.com\/blog\/cicefov-apuesta-por-la-formacion-y-la-unificacion-de-criterios\/#primaryimage\",\"url\":\"https:\/\/www.blogdelaautoescuela.com\/blog\/wp-content\/uploads\/2011\/11\/rosario1.jpg\",\"contentUrl\":\"https:\/\/www.blogdelaautoescuela.com\/blog\/wp-content\/uploads\/2011\/11\/rosario1.jpg\",\"width\":400,\"height\":300},{\"@type\":\"BreadcrumbList\",\"@id\":\"https:\/\/www.blogdelaautoescuela.com\/blog\/cicefov-apuesta-por-la-formacion-y-la-unificacion-de-criterios\/#breadcrumb\",\"itemListElement\":[{\"@type\":\"ListItem\",\"position\":1,\"name\":\"Portada\",\"item\":\"https:\/\/www.blogdelaautoescuela.com\/blog\/\"},{\"@type\":\"ListItem\",\"position\":2,\"name\":\"CICEFOV apuesta por la formaci\u00f3n y la unificaci\u00f3n de criterios\"}]},{\"@type\":\"WebSite\",\"@id\":\"https:\/\/www.blogdelaautoescuela.com\/blog\/#website\",\"url\":\"https:\/\/www.blogdelaautoescuela.com\/blog\/\",\"name\":\"Blog de la autoescuela\",\"description\":\"Noticias sobre autoescuelas y seguridad vial\",\"potentialAction\":[{\"@type\":\"SearchAction\",\"target\":{\"@type\":\"EntryPoint\",\"urlTemplate\":\"https:\/\/www.blogdelaautoescuela.com\/blog\/?s={search_term_string}\"},\"query-input\":{\"@type\":\"PropertyValueSpecification\",\"valueRequired\":true,\"valueName\":\"search_term_string\"}}],\"inLanguage\":\"es\"},{\"@type\":\"Person\",\"@id\":\"https:\/\/www.blogdelaautoescuela.com\/blog\/#\/schema\/person\/f209a64ca5dfe74b9acb6317240e792f\",\"name\":\"usr_blogauto\",\"image\":{\"@type\":\"ImageObject\",\"inLanguage\":\"es\",\"@id\":\"https:\/\/www.blogdelaautoescuela.com\/blog\/#\/schema\/person\/image\/\",\"url\":\"https:\/\/secure.gravatar.com\/avatar\/d3939d4ea521ac8421c86d2980321cc9?s=96&d=mm&r=g\",\"contentUrl\":\"https:\/\/secure.gravatar.com\/avatar\/d3939d4ea521ac8421c86d2980321cc9?s=96&d=mm&r=g\",\"caption\":\"usr_blogauto\"},\"description\":\"Blog dedicado a la conducci\u00f3n, las autoescuelas y la seguridad vial. Est\u00e1 creado por un grupo de profesionales de la formaci\u00f3n vial que comparten inquietudes y experiencias. Aqu\u00ed\u00ad podr\u00e1s encontrar informaci\u00f3n variada sobre el d\u00ed\u00ada a d\u00ed\u00ada de la autoescuela, ex\u00e1menes, test o novedades y consejos para una conducci\u00f3n m\u00e1s segura.\",\"sameAs\":[\"http:\/\/www.blogdelaautoescuela.com\/\",\"https:\/\/www.facebook.com\/blogdelaautoescuela\",\"https:\/\/x.com\/autoescuelas\"],\"url\":\"https:\/\/www.blogdelaautoescuela.com\/blog\/author\/usr_blogauto\/\"}]}<\/script>\n<!-- \/ Yoast SEO plugin. -->","yoast_head_json":{"title":"CICEFOV apuesta por la formaci\u00f3n y la unificaci\u00f3n de criterios","description":"CICEFOV pide que se unifiquen los criterios de evaluaci\u00f3n de conductores y que se eztablencan est\u00e1ndares de calidad en la formaci\u00f3n de los profesores y examinadores","robots":{"index":"index","follow":"follow","max-snippet":"max-snippet:-1","max-image-preview":"max-image-preview:large","max-video-preview":"max-video-preview:-1"},"canonical":"https:\/\/www.blogdelaautoescuela.com\/blog\/cicefov-apuesta-por-la-formacion-y-la-unificacion-de-criterios\/","og_locale":"es_ES","og_type":"article","og_title":"CICEFOV apuesta por la formaci\u00f3n y la unificaci\u00f3n de criterios","og_description":"CICEFOV pide que se unifiquen los criterios de evaluaci\u00f3n de conductores y que se eztablencan est\u00e1ndares de calidad en la formaci\u00f3n de los profesores y examinadores","og_url":"https:\/\/www.blogdelaautoescuela.com\/blog\/cicefov-apuesta-por-la-formacion-y-la-unificacion-de-criterios\/","og_site_name":"Blog de la autoescuela","article_author":"https:\/\/www.facebook.com\/blogdelaautoescuela","article_published_time":"2011-11-24T10:23:08+00:00","og_image":[{"width":400,"height":300,"url":"https:\/\/www.blogdelaautoescuela.com\/blog\/wp-content\/uploads\/2011\/11\/rosario1.jpg","type":"image\/jpeg"}],"author":"usr_blogauto","twitter_misc":{"Escrito por":"usr_blogauto","Tiempo de lectura":"1 minuto"},"schema":{"@context":"https:\/\/schema.org","@graph":[{"@type":"WebPage","@id":"https:\/\/www.blogdelaautoescuela.com\/blog\/cicefov-apuesta-por-la-formacion-y-la-unificacion-de-criterios\/","url":"https:\/\/www.blogdelaautoescuela.com\/blog\/cicefov-apuesta-por-la-formacion-y-la-unificacion-de-criterios\/","name":"CICEFOV apuesta por la formaci\u00f3n y la unificaci\u00f3n de criterios","isPartOf":{"@id":"https:\/\/www.blogdelaautoescuela.com\/blog\/#website"},"primaryImageOfPage":{"@id":"https:\/\/www.blogdelaautoescuela.com\/blog\/cicefov-apuesta-por-la-formacion-y-la-unificacion-de-criterios\/#primaryimage"},"image":{"@id":"https:\/\/www.blogdelaautoescuela.com\/blog\/cicefov-apuesta-por-la-formacion-y-la-unificacion-de-criterios\/#primaryimage"},"thumbnailUrl":"https:\/\/www.blogdelaautoescuela.com\/blog\/wp-content\/uploads\/2011\/11\/rosario1.jpg","datePublished":"2011-11-24T10:23:08+00:00","author":{"@id":"https:\/\/www.blogdelaautoescuela.com\/blog\/#\/schema\/person\/f209a64ca5dfe74b9acb6317240e792f"},"description":"CICEFOV pide que se unifiquen los criterios de evaluaci\u00f3n de conductores y que se eztablencan est\u00e1ndares de calidad en la formaci\u00f3n de los profesores y examinadores","breadcrumb":{"@id":"https:\/\/www.blogdelaautoescuela.com\/blog\/cicefov-apuesta-por-la-formacion-y-la-unificacion-de-criterios\/#breadcrumb"},"inLanguage":"es","potentialAction":[{"@type":"ReadAction","target":["https:\/\/www.blogdelaautoescuela.com\/blog\/cicefov-apuesta-por-la-formacion-y-la-unificacion-de-criterios\/"]}]},{"@type":"ImageObject","inLanguage":"es","@id":"https:\/\/www.blogdelaautoescuela.com\/blog\/cicefov-apuesta-por-la-formacion-y-la-unificacion-de-criterios\/#primaryimage","url":"https:\/\/www.blogdelaautoescuela.com\/blog\/wp-content\/uploads\/2011\/11\/rosario1.jpg","contentUrl":"https:\/\/www.blogdelaautoescuela.com\/blog\/wp-content\/uploads\/2011\/11\/rosario1.jpg","width":400,"height":300},{"@type":"BreadcrumbList","@id":"https:\/\/www.blogdelaautoescuela.com\/blog\/cicefov-apuesta-por-la-formacion-y-la-unificacion-de-criterios\/#breadcrumb","itemListElement":[{"@type":"ListItem","position":1,"name":"Portada","item":"https:\/\/www.blogdelaautoescuela.com\/blog\/"},{"@type":"ListItem","position":2,"name":"CICEFOV apuesta por la formaci\u00f3n y la unificaci\u00f3n de criterios"}]},{"@type":"WebSite","@id":"https:\/\/www.blogdelaautoescuela.com\/blog\/#website","url":"https:\/\/www.blogdelaautoescuela.com\/blog\/","name":"Blog de la autoescuela","description":"Noticias sobre autoescuelas y seguridad vial","potentialAction":[{"@type":"SearchAction","target":{"@type":"EntryPoint","urlTemplate":"https:\/\/www.blogdelaautoescuela.com\/blog\/?s={search_term_string}"},"query-input":{"@type":"PropertyValueSpecification","valueRequired":true,"valueName":"search_term_string"}}],"inLanguage":"es"},{"@type":"Person","@id":"https:\/\/www.blogdelaautoescuela.com\/blog\/#\/schema\/person\/f209a64ca5dfe74b9acb6317240e792f","name":"usr_blogauto","image":{"@type":"ImageObject","inLanguage":"es","@id":"https:\/\/www.blogdelaautoescuela.com\/blog\/#\/schema\/person\/image\/","url":"https:\/\/secure.gravatar.com\/avatar\/d3939d4ea521ac8421c86d2980321cc9?s=96&d=mm&r=g","contentUrl":"https:\/\/secure.gravatar.com\/avatar\/d3939d4ea521ac8421c86d2980321cc9?s=96&d=mm&r=g","caption":"usr_blogauto"},"description":"Blog dedicado a la conducci\u00f3n, las autoescuelas y la seguridad vial. Est\u00e1 creado por un grupo de profesionales de la formaci\u00f3n vial que comparten inquietudes y experiencias. Aqu\u00ed\u00ad podr\u00e1s encontrar informaci\u00f3n variada sobre el d\u00ed\u00ada a d\u00ed\u00ada de la autoescuela, ex\u00e1menes, test o novedades y consejos para una conducci\u00f3n m\u00e1s segura.","sameAs":["http:\/\/www.blogdelaautoescuela.com\/","https:\/\/www.facebook.com\/blogdelaautoescuela","https:\/\/x.com\/autoescuelas"],"url":"https:\/\/www.blogdelaautoescuela.com\/blog\/author\/usr_blogauto\/"}]}},"jetpack_featured_media_url":"https:\/\/www.blogdelaautoescuela.com\/blog\/wp-content\/uploads\/2011\/11\/rosario1.jpg","_links":{"self":[{"href":"https:\/\/www.blogdelaautoescuela.com\/blog\/wp-json\/wp\/v2\/posts\/7814","targetHints":{"allow":["GET"]}}],"collection":[{"href":"https:\/\/www.blogdelaautoescuela.com\/blog\/wp-json\/wp\/v2\/posts"}],"about":[{"href":"https:\/\/www.blogdelaautoescuela.com\/blog\/wp-json\/wp\/v2\/types\/post"}],"author":[{"embeddable":true,"href":"https:\/\/www.blogdelaautoescuela.com\/blog\/wp-json\/wp\/v2\/users\/1"}],"replies":[{"embeddable":true,"href":"https:\/\/www.blogdelaautoescuela.com\/blog\/wp-json\/wp\/v2\/comments?post=7814"}],"version-history":[{"count":0,"href":"https:\/\/www.blogdelaautoescuela.com\/blog\/wp-json\/wp\/v2\/posts\/7814\/revisions"}],"wp:featuredmedia":[{"embeddable":true,"href":"https:\/\/www.blogdelaautoescuela.com\/blog\/wp-json\/wp\/v2\/media\/7815"}],"wp:attachment":[{"href":"https:\/\/www.blogdelaautoescuela.com\/blog\/wp-json\/wp\/v2\/media?parent=7814"}],"wp:term":[{"taxonomy":"category","embeddable":true,"href":"https:\/\/www.blogdelaautoescuela.com\/blog\/wp-json\/wp\/v2\/categories?post=7814"},{"taxonomy":"post_tag","embeddable":true,"href":"https:\/\/www.blogdelaautoescuela.com\/blog\/wp-json\/wp\/v2\/tags?post=7814"}],"curies":[{"name":"wp","href":"https:\/\/api.w.org\/{rel}","templated":true}]}}