
{"id":7794,"date":"2011-11-16T12:09:10","date_gmt":"2011-11-16T10:09:10","guid":{"rendered":"http:\/\/www.blogdelaautoescuela.com\/blog\/?p=7794"},"modified":"2011-11-16T12:09:10","modified_gmt":"2011-11-16T10:09:10","slug":"novedades-para-motos-y-bicis-en-el-futuro-reglamento-general-de-circulacion","status":"publish","type":"post","link":"https:\/\/www.blogdelaautoescuela.com\/blog\/novedades-para-motos-y-bicis-en-el-futuro-reglamento-general-de-circulacion\/","title":{"rendered":"Novedades para motos y bicis en el futuro Reglamento General de Circulaci\u00f3n"},"content":{"rendered":"<p style=\"text-align: center;\"><img loading=\"lazy\" decoding=\"async\" class=\"size-full wp-image-1271  aligncenter\" title=\"motos\" src=\"http:\/\/www.blogdelaautoescuela.com\/blog\/wp-content\/uploads\/2009\/06\/motos.jpg\" alt=\"motos\" width=\"400\" height=\"300\" \/><\/p>\n<p>Cada vez es m\u00e1s habitual ver motos en las ciudades\u00a0 y es que no s\u00f3lo es m\u00e1s f\u00e1cil encontrar aparcamiento para las motos adem\u00e1s en ciudad se convierten en veh\u00ed\u00adculos m\u00e1s r\u00e1pidos, y si se aprueba el<strong> borrador del futuro Reglamento General de Circulaci\u00f3n<\/strong>, que llevar\u00e1 por nombre <strong><span style=\"font-size: small;\">&#8220;Reglamento General de Circulaci\u00f3n Urbana e Interurbana&#8221;<\/span><\/strong> las motos van a ser a\u00fan m\u00e1s r\u00e1pidas, porque la DGT propone que <strong>en caso de atasco las motos puedan circular por el arc\u00e9n.<\/strong><\/p>\n<p>Para que las motos puedan utilizar los arcenes para circular en el borrador del Reglamento se pone como condici\u00f3n que<strong> las motos no superen los 30 km\/h<\/strong> y que el <strong>tr\u00e1fico est\u00e9 parado por congesti\u00f3n en los carriles de la v\u00ed\u00ada.<\/strong><\/p>\n<p>Otra de las medidas que se podr\u00ed\u00adan aprobar es que <strong>los veh\u00ed\u00adculos de dos ruedas puedan <\/strong><span style=\"font-size: small;\"><strong>&#8220;zigzaguear&#8221; entre el resto de los  veh\u00ed\u00adculos parados en un sem\u00e1foro o intersecci\u00f3n<\/strong> circulando &#8220;con  precauci\u00f3n&#8221; entre ellos, para situarse delante de \u00e9stos en la l\u00ed\u00adnea de  detenci\u00f3n. Esta situaci\u00f3n ya est\u00e1 muy extendida en la pr\u00e1crica pero no se recoge en la normativa.<\/span><\/p>\n<p><span style=\"font-size: small;\">El futuro reglamento tambi\u00e9n recoge<strong> medidas espec\u00ed\u00adficas para las bicicletas,<\/strong> por ejemplo se permitir\u00e1 a los ciclistas <\/span><span style=\"font-size: small;\"> <strong>circular por el centro de la calzada en aquellas v\u00ed\u00adas con un l\u00ed\u00admite m\u00e1ximo de velocidad de 50 kil\u00f3metros por h<\/strong>ora. Adem\u00e1s los ciclistas tambi\u00e9n podr\u00e1n <\/span><span style=\"font-size: small;\"><strong>circular en posici\u00f3n paralela, en columna de a dos<\/strong>, y peg\u00e1ndose lo m\u00e1ximo posible al extremo derecho de la v\u00ed\u00ada y podr\u00e1n <\/span><span style=\"font-size: small;\">adelantar y rebasar a otros veh\u00ed\u00adculos por la derecha o por la izquierda, seg\u00fan sea m\u00e1s conveniente para su seguridad.<\/span><\/p>\n<p><span style=\"font-size: small;\">Otra de las novedades para<strong> los ciclistas es que podr\u00e1n circular <\/strong><\/span><span style=\"font-size: small;\"><strong>por las aceras de m\u00e1s de tres metros de  ancho<\/strong> cuando la densidad de peatones lo permita y siempre a una  distancia m\u00ed\u00adnima de un metro de la fachada de los edificios.<\/span><\/p>\n<p><span style=\"font-size: small;\"><br \/>\n<\/span><\/p>\n","protected":false},"excerpt":{"rendered":"<p>Cada vez es m\u00e1s habitual ver motos en las ciudades\u00a0 y es que no s\u00f3lo es m\u00e1s f\u00e1cil encontrar aparcamiento para las motos adem\u00e1s en ciudad se convierten en veh\u00ed\u00adculos m\u00e1s r\u00e1pidos, y si se aprueba el borrador del futuro Reglamento General de Circulaci\u00f3n, que llevar\u00e1 por nombre &#8220;Reglamento General de Circulaci\u00f3n Urbana e Interurbana&#8221; [&hellip;]<\/p>\n","protected":false},"author":1,"featured_media":1271,"comment_status":"open","ping_status":"closed","sticky":false,"template":"","format":"standard","meta":{"footnotes":"","jetpack_publicize_message":"","jetpack_publicize_feature_enabled":true,"jetpack_social_post_already_shared":false,"jetpack_social_options":{"image_generator_settings":{"template":"highway","enabled":false},"version":2}},"categories":[11,12,19],"tags":[1671,1672,1107],"class_list":["post-7794","post","type-post","status-publish","format-standard","has-post-thumbnail","hentry","category-moto","category-noticias","category-seguridad-vial","tag-moto","tag-noticias","tag-reglamento-de-circulacion"],"wppr_data":[],"jetpack_publicize_connections":[],"yoast_head":"<!-- This site is optimized with the Yoast SEO plugin v24.7 - https:\/\/yoast.com\/wordpress\/plugins\/seo\/ -->\n<title>Novedades para motos y bicis en el futuro Reglamento General de Circulaci\u00f3n<\/title>\n<meta name=\"description\" content=\"si se aprueba el borrador del futuro Reglamento General de Circulaci\u00f3n las motos van a ser a\u00fan m\u00e1s r\u00e1pidas, la DGT propone que en caso de atasco las motos puedan circular por el arc\u00e9n\" \/>\n<meta name=\"robots\" content=\"index, follow, max-snippet:-1, max-image-preview:large, max-video-preview:-1\" \/>\n<link rel=\"canonical\" href=\"https:\/\/www.blogdelaautoescuela.com\/blog\/novedades-para-motos-y-bicis-en-el-futuro-reglamento-general-de-circulacion\/\" \/>\n<meta property=\"og:locale\" content=\"es_ES\" \/>\n<meta property=\"og:type\" content=\"article\" \/>\n<meta property=\"og:title\" content=\"Novedades para motos y bicis en el futuro Reglamento General de Circulaci\u00f3n\" \/>\n<meta property=\"og:description\" content=\"si se aprueba el borrador del futuro Reglamento General de Circulaci\u00f3n las motos van a ser a\u00fan m\u00e1s r\u00e1pidas, la DGT propone que en caso de atasco las motos puedan circular por el arc\u00e9n\" \/>\n<meta property=\"og:url\" content=\"https:\/\/www.blogdelaautoescuela.com\/blog\/novedades-para-motos-y-bicis-en-el-futuro-reglamento-general-de-circulacion\/\" \/>\n<meta property=\"og:site_name\" content=\"Blog de la autoescuela\" \/>\n<meta property=\"article:author\" content=\"https:\/\/www.facebook.com\/blogdelaautoescuela\" \/>\n<meta property=\"article:published_time\" content=\"2011-11-16T10:09:10+00:00\" \/>\n<meta property=\"og:image\" content=\"https:\/\/www.blogdelaautoescuela.com\/blog\/wp-content\/uploads\/2009\/06\/motos1.jpg\" \/>\n\t<meta property=\"og:image:width\" content=\"400\" \/>\n\t<meta property=\"og:image:height\" content=\"300\" \/>\n\t<meta property=\"og:image:type\" content=\"image\/jpeg\" \/>\n<meta name=\"author\" content=\"usr_blogauto\" \/>\n<meta name=\"twitter:label1\" content=\"Escrito por\" \/>\n\t<meta name=\"twitter:data1\" content=\"usr_blogauto\" \/>\n\t<meta name=\"twitter:label2\" content=\"Tiempo de lectura\" \/>\n\t<meta name=\"twitter:data2\" content=\"2 minutos\" \/>\n<script type=\"application\/ld+json\" class=\"yoast-schema-graph\">{\"@context\":\"https:\/\/schema.org\",\"@graph\":[{\"@type\":\"WebPage\",\"@id\":\"https:\/\/www.blogdelaautoescuela.com\/blog\/novedades-para-motos-y-bicis-en-el-futuro-reglamento-general-de-circulacion\/\",\"url\":\"https:\/\/www.blogdelaautoescuela.com\/blog\/novedades-para-motos-y-bicis-en-el-futuro-reglamento-general-de-circulacion\/\",\"name\":\"Novedades para motos y bicis en el futuro Reglamento General de Circulaci\u00f3n\",\"isPartOf\":{\"@id\":\"https:\/\/www.blogdelaautoescuela.com\/blog\/#website\"},\"primaryImageOfPage\":{\"@id\":\"https:\/\/www.blogdelaautoescuela.com\/blog\/novedades-para-motos-y-bicis-en-el-futuro-reglamento-general-de-circulacion\/#primaryimage\"},\"image\":{\"@id\":\"https:\/\/www.blogdelaautoescuela.com\/blog\/novedades-para-motos-y-bicis-en-el-futuro-reglamento-general-de-circulacion\/#primaryimage\"},\"thumbnailUrl\":\"https:\/\/www.blogdelaautoescuela.com\/blog\/wp-content\/uploads\/2009\/06\/motos1.jpg\",\"datePublished\":\"2011-11-16T10:09:10+00:00\",\"author\":{\"@id\":\"https:\/\/www.blogdelaautoescuela.com\/blog\/#\/schema\/person\/f209a64ca5dfe74b9acb6317240e792f\"},\"description\":\"si se aprueba el borrador del futuro Reglamento General de Circulaci\u00f3n las motos van a ser a\u00fan m\u00e1s r\u00e1pidas, la DGT propone que en caso de atasco las motos puedan circular por el arc\u00e9n\",\"breadcrumb\":{\"@id\":\"https:\/\/www.blogdelaautoescuela.com\/blog\/novedades-para-motos-y-bicis-en-el-futuro-reglamento-general-de-circulacion\/#breadcrumb\"},\"inLanguage\":\"es\",\"potentialAction\":[{\"@type\":\"ReadAction\",\"target\":[\"https:\/\/www.blogdelaautoescuela.com\/blog\/novedades-para-motos-y-bicis-en-el-futuro-reglamento-general-de-circulacion\/\"]}]},{\"@type\":\"ImageObject\",\"inLanguage\":\"es\",\"@id\":\"https:\/\/www.blogdelaautoescuela.com\/blog\/novedades-para-motos-y-bicis-en-el-futuro-reglamento-general-de-circulacion\/#primaryimage\",\"url\":\"https:\/\/www.blogdelaautoescuela.com\/blog\/wp-content\/uploads\/2009\/06\/motos1.jpg\",\"contentUrl\":\"https:\/\/www.blogdelaautoescuela.com\/blog\/wp-content\/uploads\/2009\/06\/motos1.jpg\",\"width\":400,\"height\":300},{\"@type\":\"BreadcrumbList\",\"@id\":\"https:\/\/www.blogdelaautoescuela.com\/blog\/novedades-para-motos-y-bicis-en-el-futuro-reglamento-general-de-circulacion\/#breadcrumb\",\"itemListElement\":[{\"@type\":\"ListItem\",\"position\":1,\"name\":\"Portada\",\"item\":\"https:\/\/www.blogdelaautoescuela.com\/blog\/\"},{\"@type\":\"ListItem\",\"position\":2,\"name\":\"Novedades para motos y bicis en el futuro Reglamento General de Circulaci\u00f3n\"}]},{\"@type\":\"WebSite\",\"@id\":\"https:\/\/www.blogdelaautoescuela.com\/blog\/#website\",\"url\":\"https:\/\/www.blogdelaautoescuela.com\/blog\/\",\"name\":\"Blog de la autoescuela\",\"description\":\"Noticias sobre autoescuelas y seguridad vial\",\"potentialAction\":[{\"@type\":\"SearchAction\",\"target\":{\"@type\":\"EntryPoint\",\"urlTemplate\":\"https:\/\/www.blogdelaautoescuela.com\/blog\/?s={search_term_string}\"},\"query-input\":{\"@type\":\"PropertyValueSpecification\",\"valueRequired\":true,\"valueName\":\"search_term_string\"}}],\"inLanguage\":\"es\"},{\"@type\":\"Person\",\"@id\":\"https:\/\/www.blogdelaautoescuela.com\/blog\/#\/schema\/person\/f209a64ca5dfe74b9acb6317240e792f\",\"name\":\"usr_blogauto\",\"image\":{\"@type\":\"ImageObject\",\"inLanguage\":\"es\",\"@id\":\"https:\/\/www.blogdelaautoescuela.com\/blog\/#\/schema\/person\/image\/\",\"url\":\"https:\/\/secure.gravatar.com\/avatar\/d3939d4ea521ac8421c86d2980321cc9?s=96&d=mm&r=g\",\"contentUrl\":\"https:\/\/secure.gravatar.com\/avatar\/d3939d4ea521ac8421c86d2980321cc9?s=96&d=mm&r=g\",\"caption\":\"usr_blogauto\"},\"description\":\"Blog dedicado a la conducci\u00f3n, las autoescuelas y la seguridad vial. Est\u00e1 creado por un grupo de profesionales de la formaci\u00f3n vial que comparten inquietudes y experiencias. Aqu\u00ed\u00ad podr\u00e1s encontrar informaci\u00f3n variada sobre el d\u00ed\u00ada a d\u00ed\u00ada de la autoescuela, ex\u00e1menes, test o novedades y consejos para una conducci\u00f3n m\u00e1s segura.\",\"sameAs\":[\"http:\/\/www.blogdelaautoescuela.com\/\",\"https:\/\/www.facebook.com\/blogdelaautoescuela\",\"https:\/\/x.com\/autoescuelas\"],\"url\":\"https:\/\/www.blogdelaautoescuela.com\/blog\/author\/usr_blogauto\/\"}]}<\/script>\n<!-- \/ Yoast SEO plugin. -->","yoast_head_json":{"title":"Novedades para motos y bicis en el futuro Reglamento General de Circulaci\u00f3n","description":"si se aprueba el borrador del futuro Reglamento General de Circulaci\u00f3n las motos van a ser a\u00fan m\u00e1s r\u00e1pidas, la DGT propone que en caso de atasco las motos puedan circular por el arc\u00e9n","robots":{"index":"index","follow":"follow","max-snippet":"max-snippet:-1","max-image-preview":"max-image-preview:large","max-video-preview":"max-video-preview:-1"},"canonical":"https:\/\/www.blogdelaautoescuela.com\/blog\/novedades-para-motos-y-bicis-en-el-futuro-reglamento-general-de-circulacion\/","og_locale":"es_ES","og_type":"article","og_title":"Novedades para motos y bicis en el futuro Reglamento General de Circulaci\u00f3n","og_description":"si se aprueba el borrador del futuro Reglamento General de Circulaci\u00f3n las motos van a ser a\u00fan m\u00e1s r\u00e1pidas, la DGT propone que en caso de atasco las motos puedan circular por el arc\u00e9n","og_url":"https:\/\/www.blogdelaautoescuela.com\/blog\/novedades-para-motos-y-bicis-en-el-futuro-reglamento-general-de-circulacion\/","og_site_name":"Blog de la autoescuela","article_author":"https:\/\/www.facebook.com\/blogdelaautoescuela","article_published_time":"2011-11-16T10:09:10+00:00","og_image":[{"width":400,"height":300,"url":"https:\/\/www.blogdelaautoescuela.com\/blog\/wp-content\/uploads\/2009\/06\/motos1.jpg","type":"image\/jpeg"}],"author":"usr_blogauto","twitter_misc":{"Escrito por":"usr_blogauto","Tiempo de lectura":"2 minutos"},"schema":{"@context":"https:\/\/schema.org","@graph":[{"@type":"WebPage","@id":"https:\/\/www.blogdelaautoescuela.com\/blog\/novedades-para-motos-y-bicis-en-el-futuro-reglamento-general-de-circulacion\/","url":"https:\/\/www.blogdelaautoescuela.com\/blog\/novedades-para-motos-y-bicis-en-el-futuro-reglamento-general-de-circulacion\/","name":"Novedades para motos y bicis en el futuro Reglamento General de Circulaci\u00f3n","isPartOf":{"@id":"https:\/\/www.blogdelaautoescuela.com\/blog\/#website"},"primaryImageOfPage":{"@id":"https:\/\/www.blogdelaautoescuela.com\/blog\/novedades-para-motos-y-bicis-en-el-futuro-reglamento-general-de-circulacion\/#primaryimage"},"image":{"@id":"https:\/\/www.blogdelaautoescuela.com\/blog\/novedades-para-motos-y-bicis-en-el-futuro-reglamento-general-de-circulacion\/#primaryimage"},"thumbnailUrl":"https:\/\/www.blogdelaautoescuela.com\/blog\/wp-content\/uploads\/2009\/06\/motos1.jpg","datePublished":"2011-11-16T10:09:10+00:00","author":{"@id":"https:\/\/www.blogdelaautoescuela.com\/blog\/#\/schema\/person\/f209a64ca5dfe74b9acb6317240e792f"},"description":"si se aprueba el borrador del futuro Reglamento General de Circulaci\u00f3n las motos van a ser a\u00fan m\u00e1s r\u00e1pidas, la DGT propone que en caso de atasco las motos puedan circular por el arc\u00e9n","breadcrumb":{"@id":"https:\/\/www.blogdelaautoescuela.com\/blog\/novedades-para-motos-y-bicis-en-el-futuro-reglamento-general-de-circulacion\/#breadcrumb"},"inLanguage":"es","potentialAction":[{"@type":"ReadAction","target":["https:\/\/www.blogdelaautoescuela.com\/blog\/novedades-para-motos-y-bicis-en-el-futuro-reglamento-general-de-circulacion\/"]}]},{"@type":"ImageObject","inLanguage":"es","@id":"https:\/\/www.blogdelaautoescuela.com\/blog\/novedades-para-motos-y-bicis-en-el-futuro-reglamento-general-de-circulacion\/#primaryimage","url":"https:\/\/www.blogdelaautoescuela.com\/blog\/wp-content\/uploads\/2009\/06\/motos1.jpg","contentUrl":"https:\/\/www.blogdelaautoescuela.com\/blog\/wp-content\/uploads\/2009\/06\/motos1.jpg","width":400,"height":300},{"@type":"BreadcrumbList","@id":"https:\/\/www.blogdelaautoescuela.com\/blog\/novedades-para-motos-y-bicis-en-el-futuro-reglamento-general-de-circulacion\/#breadcrumb","itemListElement":[{"@type":"ListItem","position":1,"name":"Portada","item":"https:\/\/www.blogdelaautoescuela.com\/blog\/"},{"@type":"ListItem","position":2,"name":"Novedades para motos y bicis en el futuro Reglamento General de Circulaci\u00f3n"}]},{"@type":"WebSite","@id":"https:\/\/www.blogdelaautoescuela.com\/blog\/#website","url":"https:\/\/www.blogdelaautoescuela.com\/blog\/","name":"Blog de la autoescuela","description":"Noticias sobre autoescuelas y seguridad vial","potentialAction":[{"@type":"SearchAction","target":{"@type":"EntryPoint","urlTemplate":"https:\/\/www.blogdelaautoescuela.com\/blog\/?s={search_term_string}"},"query-input":{"@type":"PropertyValueSpecification","valueRequired":true,"valueName":"search_term_string"}}],"inLanguage":"es"},{"@type":"Person","@id":"https:\/\/www.blogdelaautoescuela.com\/blog\/#\/schema\/person\/f209a64ca5dfe74b9acb6317240e792f","name":"usr_blogauto","image":{"@type":"ImageObject","inLanguage":"es","@id":"https:\/\/www.blogdelaautoescuela.com\/blog\/#\/schema\/person\/image\/","url":"https:\/\/secure.gravatar.com\/avatar\/d3939d4ea521ac8421c86d2980321cc9?s=96&d=mm&r=g","contentUrl":"https:\/\/secure.gravatar.com\/avatar\/d3939d4ea521ac8421c86d2980321cc9?s=96&d=mm&r=g","caption":"usr_blogauto"},"description":"Blog dedicado a la conducci\u00f3n, las autoescuelas y la seguridad vial. Est\u00e1 creado por un grupo de profesionales de la formaci\u00f3n vial que comparten inquietudes y experiencias. Aqu\u00ed\u00ad podr\u00e1s encontrar informaci\u00f3n variada sobre el d\u00ed\u00ada a d\u00ed\u00ada de la autoescuela, ex\u00e1menes, test o novedades y consejos para una conducci\u00f3n m\u00e1s segura.","sameAs":["http:\/\/www.blogdelaautoescuela.com\/","https:\/\/www.facebook.com\/blogdelaautoescuela","https:\/\/x.com\/autoescuelas"],"url":"https:\/\/www.blogdelaautoescuela.com\/blog\/author\/usr_blogauto\/"}]}},"jetpack_featured_media_url":"https:\/\/www.blogdelaautoescuela.com\/blog\/wp-content\/uploads\/2009\/06\/motos1.jpg","_links":{"self":[{"href":"https:\/\/www.blogdelaautoescuela.com\/blog\/wp-json\/wp\/v2\/posts\/7794","targetHints":{"allow":["GET"]}}],"collection":[{"href":"https:\/\/www.blogdelaautoescuela.com\/blog\/wp-json\/wp\/v2\/posts"}],"about":[{"href":"https:\/\/www.blogdelaautoescuela.com\/blog\/wp-json\/wp\/v2\/types\/post"}],"author":[{"embeddable":true,"href":"https:\/\/www.blogdelaautoescuela.com\/blog\/wp-json\/wp\/v2\/users\/1"}],"replies":[{"embeddable":true,"href":"https:\/\/www.blogdelaautoescuela.com\/blog\/wp-json\/wp\/v2\/comments?post=7794"}],"version-history":[{"count":0,"href":"https:\/\/www.blogdelaautoescuela.com\/blog\/wp-json\/wp\/v2\/posts\/7794\/revisions"}],"wp:featuredmedia":[{"embeddable":true,"href":"https:\/\/www.blogdelaautoescuela.com\/blog\/wp-json\/wp\/v2\/media\/1271"}],"wp:attachment":[{"href":"https:\/\/www.blogdelaautoescuela.com\/blog\/wp-json\/wp\/v2\/media?parent=7794"}],"wp:term":[{"taxonomy":"category","embeddable":true,"href":"https:\/\/www.blogdelaautoescuela.com\/blog\/wp-json\/wp\/v2\/categories?post=7794"},{"taxonomy":"post_tag","embeddable":true,"href":"https:\/\/www.blogdelaautoescuela.com\/blog\/wp-json\/wp\/v2\/tags?post=7794"}],"curies":[{"name":"wp","href":"https:\/\/api.w.org\/{rel}","templated":true}]}}