
{"id":7764,"date":"2011-11-10T12:14:22","date_gmt":"2011-11-10T10:14:22","guid":{"rendered":"http:\/\/www.blogdelaautoescuela.com\/blog\/?p=7764"},"modified":"2011-11-10T12:14:22","modified_gmt":"2011-11-10T10:14:22","slug":"los-empresarios-se-unen-por-la-seguridad-vial-en-segovia","status":"publish","type":"post","link":"https:\/\/www.blogdelaautoescuela.com\/blog\/los-empresarios-se-unen-por-la-seguridad-vial-en-segovia\/","title":{"rendered":"Los empresarios se unen por la Seguridad Vial en Segovia"},"content":{"rendered":"<p><img loading=\"lazy\" decoding=\"async\" class=\"aligncenter size-full wp-image-7765\" title=\"fessvial\" src=\"http:\/\/www.blogdelaautoescuela.com\/blog\/wp-content\/uploads\/2011\/11\/fessvial.jpg\" alt=\"fessvial\" width=\"400\" height=\"289\" \/><\/p>\n<p>Los <strong>empresarios segovianos<\/strong> de diferentes sectores se han <strong>unido por la seguridad vial<\/strong> y han organizado las las <strong>Primeras Jornadas de Seguridad Vial.<\/strong><\/p>\n<p>En la celebraci\u00f3n de estas jornadas participan la<strong> Federaci\u00f3n Empresarial Segoviana (FES)<\/strong>,\u00a0 conjuntamente con el <strong>Gremio Segoviano de Talleres de Reparaci\u00f3n de Autom\u00f3viles y Afines (GESTRAA)<\/strong> y la <strong>Asociaci\u00f3n Provincial de Autoescuelas de Segovia (APAE).<\/strong><\/p>\n<p>Estas <strong>Primeras Jornadas de Seguridad Vial<\/strong> llevar\u00e1n el nombre de <strong>&#8220;Fess.vial&#8221; <\/strong>y con ellas se pretende concienciar a los ciudadanos sobre el <strong>problema que generan los accidentes de tr\u00e1fico y la necesidad de reducir la siniestralidad.<\/strong><\/p>\n<p>Para lograr su objetivo durante los d\u00ed\u00adas comprendidos <strong>entre el 29 de noviembre y el 1 de diciembre <\/strong>se van a realizar diferentes actividades, conferencias, talleres, desmostraciones y una jornada de puertas abiertas.<\/p>\n<p>Entre las actividades que se llevar\u00e1n a cabo en estas primeras <strong>Primeras Jornadas de Seguridad Vial Fess.vial <\/strong>tambi\u00e9n se va a llevar a cabo una exhibici\u00f3n de medios de la Agrupaci\u00f3n de Tr\u00e1fico de la Guardia Civil, adem\u00e1s habr\u00e1 <strong>simuladores de conducci\u00f3n<\/strong>, de vuelcos, y se realizar\u00e1n pruebas de conducci\u00f3n reales.<\/p>\n<p>La <strong>presidenta de la Asociaci\u00f3n Provincial de Autoescuelas, Irene  Herranz<\/strong>, explic\u00f3 que la crisis est\u00e1 afectando de forma especial a todos  los sectores e incidiendo en la seguridad vial, algo que tambi\u00e9n avala <strong>Jos\u00e9 Luis Horcajo, presidente del Gremio de Talleres de Reparaci\u00f3n de Autom\u00f3viles<\/strong>, que asegura que os veh\u00ed\u00adculos que se llevan para ser revisados por mec\u00e1nicos para ser  sometidos a labores de mantenimiento, son muchos menos que antes, y los  propietarios alargan los plazos para pasar las revisiones o sustituir  elementos de seguridad.<\/p>\n","protected":false},"excerpt":{"rendered":"<p>Los empresarios segovianos de diferentes sectores se han unido por la seguridad vial y han organizado las las Primeras Jornadas de Seguridad Vial. En la celebraci\u00f3n de estas jornadas participan la Federaci\u00f3n Empresarial Segoviana (FES),\u00a0 conjuntamente con el Gremio Segoviano de Talleres de Reparaci\u00f3n de Autom\u00f3viles y Afines (GESTRAA) y la Asociaci\u00f3n Provincial de Autoescuelas [&hellip;]<\/p>\n","protected":false},"author":1,"featured_media":7765,"comment_status":"open","ping_status":"closed","sticky":false,"template":"","format":"standard","meta":{"footnotes":"","jetpack_publicize_message":"","jetpack_publicize_feature_enabled":true,"jetpack_social_post_already_shared":false,"jetpack_social_options":{"image_generator_settings":{"template":"highway","enabled":false},"version":2}},"categories":[12,19],"tags":[769,1156,1678],"class_list":["post-7764","post","type-post","status-publish","format-standard","has-post-thumbnail","hentry","category-noticias","category-seguridad-vial","tag-jornada","tag-segovia","tag-seguridad-vial"],"wppr_data":[],"jetpack_publicize_connections":[],"yoast_head":"<!-- This site is optimized with the Yoast SEO plugin v24.7 - https:\/\/yoast.com\/wordpress\/plugins\/seo\/ -->\n<title>Los empresarios se unen por la Seguridad Vial en Segovia<\/title>\n<meta name=\"description\" content=\"Los empresarios segovianos de diferentes sectores se han unido por la seguridad vial y han organizado las las Primeras Jornadas de Seguridad Vial.\" \/>\n<meta name=\"robots\" content=\"index, follow, max-snippet:-1, max-image-preview:large, max-video-preview:-1\" \/>\n<link rel=\"canonical\" href=\"https:\/\/www.blogdelaautoescuela.com\/blog\/los-empresarios-se-unen-por-la-seguridad-vial-en-segovia\/\" \/>\n<meta property=\"og:locale\" content=\"es_ES\" \/>\n<meta property=\"og:type\" content=\"article\" \/>\n<meta property=\"og:title\" content=\"Los empresarios se unen por la Seguridad Vial en Segovia\" \/>\n<meta property=\"og:description\" content=\"Los empresarios segovianos de diferentes sectores se han unido por la seguridad vial y han organizado las las Primeras Jornadas de Seguridad Vial.\" \/>\n<meta property=\"og:url\" content=\"https:\/\/www.blogdelaautoescuela.com\/blog\/los-empresarios-se-unen-por-la-seguridad-vial-en-segovia\/\" \/>\n<meta property=\"og:site_name\" content=\"Blog de la autoescuela\" \/>\n<meta property=\"article:author\" content=\"https:\/\/www.facebook.com\/blogdelaautoescuela\" \/>\n<meta property=\"article:published_time\" content=\"2011-11-10T10:14:22+00:00\" \/>\n<meta property=\"og:image\" content=\"https:\/\/www.blogdelaautoescuela.com\/blog\/wp-content\/uploads\/2011\/11\/fessvial1.jpg\" \/>\n\t<meta property=\"og:image:width\" content=\"400\" \/>\n\t<meta property=\"og:image:height\" content=\"289\" \/>\n\t<meta property=\"og:image:type\" content=\"image\/jpeg\" \/>\n<meta name=\"author\" content=\"usr_blogauto\" \/>\n<meta name=\"twitter:label1\" content=\"Escrito por\" \/>\n\t<meta name=\"twitter:data1\" content=\"usr_blogauto\" \/>\n\t<meta name=\"twitter:label2\" content=\"Tiempo de lectura\" \/>\n\t<meta name=\"twitter:data2\" content=\"1 minuto\" \/>\n<script type=\"application\/ld+json\" class=\"yoast-schema-graph\">{\"@context\":\"https:\/\/schema.org\",\"@graph\":[{\"@type\":\"WebPage\",\"@id\":\"https:\/\/www.blogdelaautoescuela.com\/blog\/los-empresarios-se-unen-por-la-seguridad-vial-en-segovia\/\",\"url\":\"https:\/\/www.blogdelaautoescuela.com\/blog\/los-empresarios-se-unen-por-la-seguridad-vial-en-segovia\/\",\"name\":\"Los empresarios se unen por la Seguridad Vial en Segovia\",\"isPartOf\":{\"@id\":\"https:\/\/www.blogdelaautoescuela.com\/blog\/#website\"},\"primaryImageOfPage\":{\"@id\":\"https:\/\/www.blogdelaautoescuela.com\/blog\/los-empresarios-se-unen-por-la-seguridad-vial-en-segovia\/#primaryimage\"},\"image\":{\"@id\":\"https:\/\/www.blogdelaautoescuela.com\/blog\/los-empresarios-se-unen-por-la-seguridad-vial-en-segovia\/#primaryimage\"},\"thumbnailUrl\":\"https:\/\/www.blogdelaautoescuela.com\/blog\/wp-content\/uploads\/2011\/11\/fessvial1.jpg\",\"datePublished\":\"2011-11-10T10:14:22+00:00\",\"author\":{\"@id\":\"https:\/\/www.blogdelaautoescuela.com\/blog\/#\/schema\/person\/f209a64ca5dfe74b9acb6317240e792f\"},\"description\":\"Los empresarios segovianos de diferentes sectores se han unido por la seguridad vial y han organizado las las Primeras Jornadas de Seguridad Vial.\",\"breadcrumb\":{\"@id\":\"https:\/\/www.blogdelaautoescuela.com\/blog\/los-empresarios-se-unen-por-la-seguridad-vial-en-segovia\/#breadcrumb\"},\"inLanguage\":\"es\",\"potentialAction\":[{\"@type\":\"ReadAction\",\"target\":[\"https:\/\/www.blogdelaautoescuela.com\/blog\/los-empresarios-se-unen-por-la-seguridad-vial-en-segovia\/\"]}]},{\"@type\":\"ImageObject\",\"inLanguage\":\"es\",\"@id\":\"https:\/\/www.blogdelaautoescuela.com\/blog\/los-empresarios-se-unen-por-la-seguridad-vial-en-segovia\/#primaryimage\",\"url\":\"https:\/\/www.blogdelaautoescuela.com\/blog\/wp-content\/uploads\/2011\/11\/fessvial1.jpg\",\"contentUrl\":\"https:\/\/www.blogdelaautoescuela.com\/blog\/wp-content\/uploads\/2011\/11\/fessvial1.jpg\",\"width\":400,\"height\":289},{\"@type\":\"BreadcrumbList\",\"@id\":\"https:\/\/www.blogdelaautoescuela.com\/blog\/los-empresarios-se-unen-por-la-seguridad-vial-en-segovia\/#breadcrumb\",\"itemListElement\":[{\"@type\":\"ListItem\",\"position\":1,\"name\":\"Portada\",\"item\":\"https:\/\/www.blogdelaautoescuela.com\/blog\/\"},{\"@type\":\"ListItem\",\"position\":2,\"name\":\"Los empresarios se unen por la Seguridad Vial en Segovia\"}]},{\"@type\":\"WebSite\",\"@id\":\"https:\/\/www.blogdelaautoescuela.com\/blog\/#website\",\"url\":\"https:\/\/www.blogdelaautoescuela.com\/blog\/\",\"name\":\"Blog de la autoescuela\",\"description\":\"Noticias sobre autoescuelas y seguridad vial\",\"potentialAction\":[{\"@type\":\"SearchAction\",\"target\":{\"@type\":\"EntryPoint\",\"urlTemplate\":\"https:\/\/www.blogdelaautoescuela.com\/blog\/?s={search_term_string}\"},\"query-input\":{\"@type\":\"PropertyValueSpecification\",\"valueRequired\":true,\"valueName\":\"search_term_string\"}}],\"inLanguage\":\"es\"},{\"@type\":\"Person\",\"@id\":\"https:\/\/www.blogdelaautoescuela.com\/blog\/#\/schema\/person\/f209a64ca5dfe74b9acb6317240e792f\",\"name\":\"usr_blogauto\",\"image\":{\"@type\":\"ImageObject\",\"inLanguage\":\"es\",\"@id\":\"https:\/\/www.blogdelaautoescuela.com\/blog\/#\/schema\/person\/image\/\",\"url\":\"https:\/\/secure.gravatar.com\/avatar\/d3939d4ea521ac8421c86d2980321cc9?s=96&d=mm&r=g\",\"contentUrl\":\"https:\/\/secure.gravatar.com\/avatar\/d3939d4ea521ac8421c86d2980321cc9?s=96&d=mm&r=g\",\"caption\":\"usr_blogauto\"},\"description\":\"Blog dedicado a la conducci\u00f3n, las autoescuelas y la seguridad vial. Est\u00e1 creado por un grupo de profesionales de la formaci\u00f3n vial que comparten inquietudes y experiencias. Aqu\u00ed\u00ad podr\u00e1s encontrar informaci\u00f3n variada sobre el d\u00ed\u00ada a d\u00ed\u00ada de la autoescuela, ex\u00e1menes, test o novedades y consejos para una conducci\u00f3n m\u00e1s segura.\",\"sameAs\":[\"http:\/\/www.blogdelaautoescuela.com\/\",\"https:\/\/www.facebook.com\/blogdelaautoescuela\",\"https:\/\/x.com\/autoescuelas\"],\"url\":\"https:\/\/www.blogdelaautoescuela.com\/blog\/author\/usr_blogauto\/\"}]}<\/script>\n<!-- \/ Yoast SEO plugin. -->","yoast_head_json":{"title":"Los empresarios se unen por la Seguridad Vial en Segovia","description":"Los empresarios segovianos de diferentes sectores se han unido por la seguridad vial y han organizado las las Primeras Jornadas de Seguridad Vial.","robots":{"index":"index","follow":"follow","max-snippet":"max-snippet:-1","max-image-preview":"max-image-preview:large","max-video-preview":"max-video-preview:-1"},"canonical":"https:\/\/www.blogdelaautoescuela.com\/blog\/los-empresarios-se-unen-por-la-seguridad-vial-en-segovia\/","og_locale":"es_ES","og_type":"article","og_title":"Los empresarios se unen por la Seguridad Vial en Segovia","og_description":"Los empresarios segovianos de diferentes sectores se han unido por la seguridad vial y han organizado las las Primeras Jornadas de Seguridad Vial.","og_url":"https:\/\/www.blogdelaautoescuela.com\/blog\/los-empresarios-se-unen-por-la-seguridad-vial-en-segovia\/","og_site_name":"Blog de la autoescuela","article_author":"https:\/\/www.facebook.com\/blogdelaautoescuela","article_published_time":"2011-11-10T10:14:22+00:00","og_image":[{"width":400,"height":289,"url":"https:\/\/www.blogdelaautoescuela.com\/blog\/wp-content\/uploads\/2011\/11\/fessvial1.jpg","type":"image\/jpeg"}],"author":"usr_blogauto","twitter_misc":{"Escrito por":"usr_blogauto","Tiempo de lectura":"1 minuto"},"schema":{"@context":"https:\/\/schema.org","@graph":[{"@type":"WebPage","@id":"https:\/\/www.blogdelaautoescuela.com\/blog\/los-empresarios-se-unen-por-la-seguridad-vial-en-segovia\/","url":"https:\/\/www.blogdelaautoescuela.com\/blog\/los-empresarios-se-unen-por-la-seguridad-vial-en-segovia\/","name":"Los empresarios se unen por la Seguridad Vial en Segovia","isPartOf":{"@id":"https:\/\/www.blogdelaautoescuela.com\/blog\/#website"},"primaryImageOfPage":{"@id":"https:\/\/www.blogdelaautoescuela.com\/blog\/los-empresarios-se-unen-por-la-seguridad-vial-en-segovia\/#primaryimage"},"image":{"@id":"https:\/\/www.blogdelaautoescuela.com\/blog\/los-empresarios-se-unen-por-la-seguridad-vial-en-segovia\/#primaryimage"},"thumbnailUrl":"https:\/\/www.blogdelaautoescuela.com\/blog\/wp-content\/uploads\/2011\/11\/fessvial1.jpg","datePublished":"2011-11-10T10:14:22+00:00","author":{"@id":"https:\/\/www.blogdelaautoescuela.com\/blog\/#\/schema\/person\/f209a64ca5dfe74b9acb6317240e792f"},"description":"Los empresarios segovianos de diferentes sectores se han unido por la seguridad vial y han organizado las las Primeras Jornadas de Seguridad Vial.","breadcrumb":{"@id":"https:\/\/www.blogdelaautoescuela.com\/blog\/los-empresarios-se-unen-por-la-seguridad-vial-en-segovia\/#breadcrumb"},"inLanguage":"es","potentialAction":[{"@type":"ReadAction","target":["https:\/\/www.blogdelaautoescuela.com\/blog\/los-empresarios-se-unen-por-la-seguridad-vial-en-segovia\/"]}]},{"@type":"ImageObject","inLanguage":"es","@id":"https:\/\/www.blogdelaautoescuela.com\/blog\/los-empresarios-se-unen-por-la-seguridad-vial-en-segovia\/#primaryimage","url":"https:\/\/www.blogdelaautoescuela.com\/blog\/wp-content\/uploads\/2011\/11\/fessvial1.jpg","contentUrl":"https:\/\/www.blogdelaautoescuela.com\/blog\/wp-content\/uploads\/2011\/11\/fessvial1.jpg","width":400,"height":289},{"@type":"BreadcrumbList","@id":"https:\/\/www.blogdelaautoescuela.com\/blog\/los-empresarios-se-unen-por-la-seguridad-vial-en-segovia\/#breadcrumb","itemListElement":[{"@type":"ListItem","position":1,"name":"Portada","item":"https:\/\/www.blogdelaautoescuela.com\/blog\/"},{"@type":"ListItem","position":2,"name":"Los empresarios se unen por la Seguridad Vial en Segovia"}]},{"@type":"WebSite","@id":"https:\/\/www.blogdelaautoescuela.com\/blog\/#website","url":"https:\/\/www.blogdelaautoescuela.com\/blog\/","name":"Blog de la autoescuela","description":"Noticias sobre autoescuelas y seguridad vial","potentialAction":[{"@type":"SearchAction","target":{"@type":"EntryPoint","urlTemplate":"https:\/\/www.blogdelaautoescuela.com\/blog\/?s={search_term_string}"},"query-input":{"@type":"PropertyValueSpecification","valueRequired":true,"valueName":"search_term_string"}}],"inLanguage":"es"},{"@type":"Person","@id":"https:\/\/www.blogdelaautoescuela.com\/blog\/#\/schema\/person\/f209a64ca5dfe74b9acb6317240e792f","name":"usr_blogauto","image":{"@type":"ImageObject","inLanguage":"es","@id":"https:\/\/www.blogdelaautoescuela.com\/blog\/#\/schema\/person\/image\/","url":"https:\/\/secure.gravatar.com\/avatar\/d3939d4ea521ac8421c86d2980321cc9?s=96&d=mm&r=g","contentUrl":"https:\/\/secure.gravatar.com\/avatar\/d3939d4ea521ac8421c86d2980321cc9?s=96&d=mm&r=g","caption":"usr_blogauto"},"description":"Blog dedicado a la conducci\u00f3n, las autoescuelas y la seguridad vial. Est\u00e1 creado por un grupo de profesionales de la formaci\u00f3n vial que comparten inquietudes y experiencias. Aqu\u00ed\u00ad podr\u00e1s encontrar informaci\u00f3n variada sobre el d\u00ed\u00ada a d\u00ed\u00ada de la autoescuela, ex\u00e1menes, test o novedades y consejos para una conducci\u00f3n m\u00e1s segura.","sameAs":["http:\/\/www.blogdelaautoescuela.com\/","https:\/\/www.facebook.com\/blogdelaautoescuela","https:\/\/x.com\/autoescuelas"],"url":"https:\/\/www.blogdelaautoescuela.com\/blog\/author\/usr_blogauto\/"}]}},"jetpack_featured_media_url":"https:\/\/www.blogdelaautoescuela.com\/blog\/wp-content\/uploads\/2011\/11\/fessvial1.jpg","_links":{"self":[{"href":"https:\/\/www.blogdelaautoescuela.com\/blog\/wp-json\/wp\/v2\/posts\/7764","targetHints":{"allow":["GET"]}}],"collection":[{"href":"https:\/\/www.blogdelaautoescuela.com\/blog\/wp-json\/wp\/v2\/posts"}],"about":[{"href":"https:\/\/www.blogdelaautoescuela.com\/blog\/wp-json\/wp\/v2\/types\/post"}],"author":[{"embeddable":true,"href":"https:\/\/www.blogdelaautoescuela.com\/blog\/wp-json\/wp\/v2\/users\/1"}],"replies":[{"embeddable":true,"href":"https:\/\/www.blogdelaautoescuela.com\/blog\/wp-json\/wp\/v2\/comments?post=7764"}],"version-history":[{"count":0,"href":"https:\/\/www.blogdelaautoescuela.com\/blog\/wp-json\/wp\/v2\/posts\/7764\/revisions"}],"wp:featuredmedia":[{"embeddable":true,"href":"https:\/\/www.blogdelaautoescuela.com\/blog\/wp-json\/wp\/v2\/media\/7765"}],"wp:attachment":[{"href":"https:\/\/www.blogdelaautoescuela.com\/blog\/wp-json\/wp\/v2\/media?parent=7764"}],"wp:term":[{"taxonomy":"category","embeddable":true,"href":"https:\/\/www.blogdelaautoescuela.com\/blog\/wp-json\/wp\/v2\/categories?post=7764"},{"taxonomy":"post_tag","embeddable":true,"href":"https:\/\/www.blogdelaautoescuela.com\/blog\/wp-json\/wp\/v2\/tags?post=7764"}],"curies":[{"name":"wp","href":"https:\/\/api.w.org\/{rel}","templated":true}]}}