
{"id":7665,"date":"2011-10-05T11:16:35","date_gmt":"2011-10-05T09:16:35","guid":{"rendered":"http:\/\/www.blogdelaautoescuela.com\/blog\/?p=7665"},"modified":"2011-10-05T11:16:35","modified_gmt":"2011-10-05T09:16:35","slug":"propuestas-de-la-eurocamara-para-reducir-la-seguridad-vial","status":"publish","type":"post","link":"https:\/\/www.blogdelaautoescuela.com\/blog\/propuestas-de-la-eurocamara-para-reducir-la-seguridad-vial\/","title":{"rendered":"Propuestas de la Euroc\u00e1mara para reducir la seguridad vial"},"content":{"rendered":"<p style=\"text-align: center;\"><img loading=\"lazy\" decoding=\"async\" class=\"size-full wp-image-1526 aligncenter\" title=\"seguridad-vial\" src=\"http:\/\/www.blogdelaautoescuela.com\/blog\/wp-content\/uploads\/2009\/07\/seguridad-vial.jpg\" alt=\"seguridad-vial\" width=\"400\" height=\"299\" \/><\/p>\n<p>La <strong>Seguridad Vial<\/strong> es un problema que preocupa en Europa, por eso <strong>el Pleno de la Euroc\u00e1mara ha aprobado un informe sobre seguridad vial<\/strong> en el que se proponen medidas para mejorar la formaci\u00f3n de los conductores.<\/p>\n<p>Con este <strong>informe de seguridad vial<\/strong> el Parlamento Europea tiene como objetivo reducir a la mitad, durante el periodo 2010 y 2020, las muertes en las carretera, en el caso de la mortalidad infantil se quiere reducir en un 60% y tambi\u00e9n se pretende reducir en un 40% las lesiones graves producidas por accidentes .<\/p>\n<p><strong><span style=\"color: #99cc00;\">Entre las medidas que proponen se encuentran:<\/span><\/strong><\/p>\n<ul>\n<li>La conducci\u00f3n acompa\u00f1ada a partir de los 17 a\u00f1os<\/li>\n<li>Un sistema deobtenci\u00f3n gradual del permiso de conducir que contemple elementos de formaci\u00f3n pr\u00e1ctica aunque ya se haya obtenido el permiso de conducir.<\/li>\n<li>Examenes oculares cada 10 a\u00f1os para los conductores con permisos Ay B y cada 5 alos para los conductores de m\u00e1s de 65 a\u00f1os.<\/li>\n<li>Examen m\u00e9dico obligatorio que verifique la <span style=\"font-size: small;\">aptitud f\u00ed\u00adsica, mental y psicol\u00f3gica para seguir conduciendo.<\/span><\/li>\n<li>L\u00ed\u00admite de alcohol 0 para conductores profesionales y para los conductores con menos de dos a\u00f1os de experiencia.<\/li>\n<li>Un sistema de antiarranque para todos los autobuses y camiones y para los veh\u00ed\u00adculos de conductores con antecedentes de alcoholemia.<\/li>\n<li>L\u00ed\u00admite de 30 km\/h en zonas residenciales y calles de un \u00fanico carril en las zonas urbanas que no despongan de un carril bici independiente.<\/li>\n<li>Cambios en los guardarrailes para proteger a los motoristas, se reclama que en la parte superior y en la inferior de las bionfas se incorporen sistemas de protecci\u00f3n y que se instalen otros tipos de sistemas viales de contenci\u00f3n alternativos.<\/li>\n<li>La creaci\u00f3n de un espacio \u00fanico <span style=\"font-size: small;\">europeo para las inspecciones t\u00e9cnicas  peri\u00f3dicas de todos los veh\u00ed\u00adculos de motor y de sus sistemas  electr\u00f3nicos de seguridad, y que dichas inspecciones se basen en normas  armonizadas con el m\u00e1ximo rigor posible.<\/span><\/li>\n<li><span style=\"font-size: small;\">Uso de chalecos de seguridad por todos los ocupantes del veh\u00ed\u00adculo y que los <\/span><span style=\"font-size: small;\">ciclistas usen cascos y chalecos para mejorar su visibilidad<\/span><\/li>\n<\/ul>\n","protected":false},"excerpt":{"rendered":"<p>La Seguridad Vial es un problema que preocupa en Europa, por eso el Pleno de la Euroc\u00e1mara ha aprobado un informe sobre seguridad vial en el que se proponen medidas para mejorar la formaci\u00f3n de los conductores. Con este informe de seguridad vial el Parlamento Europea tiene como objetivo reducir a la mitad, durante el [&hellip;]<\/p>\n","protected":false},"author":1,"featured_media":1526,"comment_status":"open","ping_status":"closed","sticky":false,"template":"","format":"standard","meta":{"footnotes":"","jetpack_publicize_message":"","jetpack_publicize_feature_enabled":true,"jetpack_social_post_already_shared":false,"jetpack_social_options":{"image_generator_settings":{"template":"highway","enabled":false},"version":2}},"categories":[12,19],"tags":[1672,1678],"class_list":["post-7665","post","type-post","status-publish","format-standard","has-post-thumbnail","hentry","category-noticias","category-seguridad-vial","tag-noticias","tag-seguridad-vial"],"wppr_data":[],"jetpack_publicize_connections":[],"yoast_head":"<!-- This site is optimized with the Yoast SEO plugin v24.7 - https:\/\/yoast.com\/wordpress\/plugins\/seo\/ -->\n<title>Propuestas de la Euroc\u00e1mara para reducir la seguridad vial<\/title>\n<meta name=\"description\" content=\"el Pleno de la Euroc\u00e1mara ha aprobado un informe sobre seguridad vial en el que se proponen medidas para mejorar la formaci\u00f3n de los conductores.\" \/>\n<meta name=\"robots\" content=\"index, follow, max-snippet:-1, max-image-preview:large, max-video-preview:-1\" \/>\n<link rel=\"canonical\" href=\"https:\/\/www.blogdelaautoescuela.com\/blog\/propuestas-de-la-eurocamara-para-reducir-la-seguridad-vial\/\" \/>\n<meta property=\"og:locale\" content=\"es_ES\" \/>\n<meta property=\"og:type\" content=\"article\" \/>\n<meta property=\"og:title\" content=\"Propuestas de la Euroc\u00e1mara para reducir la seguridad vial\" \/>\n<meta property=\"og:description\" content=\"el Pleno de la Euroc\u00e1mara ha aprobado un informe sobre seguridad vial en el que se proponen medidas para mejorar la formaci\u00f3n de los conductores.\" \/>\n<meta property=\"og:url\" content=\"https:\/\/www.blogdelaautoescuela.com\/blog\/propuestas-de-la-eurocamara-para-reducir-la-seguridad-vial\/\" \/>\n<meta property=\"og:site_name\" content=\"Blog de la autoescuela\" \/>\n<meta property=\"article:author\" content=\"https:\/\/www.facebook.com\/blogdelaautoescuela\" \/>\n<meta property=\"article:published_time\" content=\"2011-10-05T09:16:35+00:00\" \/>\n<meta property=\"og:image\" content=\"https:\/\/www.blogdelaautoescuela.com\/blog\/wp-content\/uploads\/2009\/07\/seguridad-vial2.jpg\" \/>\n\t<meta property=\"og:image:width\" content=\"400\" \/>\n\t<meta property=\"og:image:height\" content=\"299\" \/>\n\t<meta property=\"og:image:type\" content=\"image\/jpeg\" \/>\n<meta name=\"author\" content=\"usr_blogauto\" \/>\n<meta name=\"twitter:label1\" content=\"Escrito por\" \/>\n\t<meta name=\"twitter:data1\" content=\"usr_blogauto\" \/>\n\t<meta name=\"twitter:label2\" content=\"Tiempo de lectura\" \/>\n\t<meta name=\"twitter:data2\" content=\"2 minutos\" \/>\n<script type=\"application\/ld+json\" class=\"yoast-schema-graph\">{\"@context\":\"https:\/\/schema.org\",\"@graph\":[{\"@type\":\"WebPage\",\"@id\":\"https:\/\/www.blogdelaautoescuela.com\/blog\/propuestas-de-la-eurocamara-para-reducir-la-seguridad-vial\/\",\"url\":\"https:\/\/www.blogdelaautoescuela.com\/blog\/propuestas-de-la-eurocamara-para-reducir-la-seguridad-vial\/\",\"name\":\"Propuestas de la Euroc\u00e1mara para reducir la seguridad vial\",\"isPartOf\":{\"@id\":\"https:\/\/www.blogdelaautoescuela.com\/blog\/#website\"},\"primaryImageOfPage\":{\"@id\":\"https:\/\/www.blogdelaautoescuela.com\/blog\/propuestas-de-la-eurocamara-para-reducir-la-seguridad-vial\/#primaryimage\"},\"image\":{\"@id\":\"https:\/\/www.blogdelaautoescuela.com\/blog\/propuestas-de-la-eurocamara-para-reducir-la-seguridad-vial\/#primaryimage\"},\"thumbnailUrl\":\"https:\/\/www.blogdelaautoescuela.com\/blog\/wp-content\/uploads\/2009\/07\/seguridad-vial2.jpg\",\"datePublished\":\"2011-10-05T09:16:35+00:00\",\"author\":{\"@id\":\"https:\/\/www.blogdelaautoescuela.com\/blog\/#\/schema\/person\/f209a64ca5dfe74b9acb6317240e792f\"},\"description\":\"el Pleno de la Euroc\u00e1mara ha aprobado un informe sobre seguridad vial en el que se proponen medidas para mejorar la formaci\u00f3n de los conductores.\",\"breadcrumb\":{\"@id\":\"https:\/\/www.blogdelaautoescuela.com\/blog\/propuestas-de-la-eurocamara-para-reducir-la-seguridad-vial\/#breadcrumb\"},\"inLanguage\":\"es\",\"potentialAction\":[{\"@type\":\"ReadAction\",\"target\":[\"https:\/\/www.blogdelaautoescuela.com\/blog\/propuestas-de-la-eurocamara-para-reducir-la-seguridad-vial\/\"]}]},{\"@type\":\"ImageObject\",\"inLanguage\":\"es\",\"@id\":\"https:\/\/www.blogdelaautoescuela.com\/blog\/propuestas-de-la-eurocamara-para-reducir-la-seguridad-vial\/#primaryimage\",\"url\":\"https:\/\/www.blogdelaautoescuela.com\/blog\/wp-content\/uploads\/2009\/07\/seguridad-vial2.jpg\",\"contentUrl\":\"https:\/\/www.blogdelaautoescuela.com\/blog\/wp-content\/uploads\/2009\/07\/seguridad-vial2.jpg\",\"width\":400,\"height\":299},{\"@type\":\"BreadcrumbList\",\"@id\":\"https:\/\/www.blogdelaautoescuela.com\/blog\/propuestas-de-la-eurocamara-para-reducir-la-seguridad-vial\/#breadcrumb\",\"itemListElement\":[{\"@type\":\"ListItem\",\"position\":1,\"name\":\"Portada\",\"item\":\"https:\/\/www.blogdelaautoescuela.com\/blog\/\"},{\"@type\":\"ListItem\",\"position\":2,\"name\":\"Propuestas de la Euroc\u00e1mara para reducir la seguridad vial\"}]},{\"@type\":\"WebSite\",\"@id\":\"https:\/\/www.blogdelaautoescuela.com\/blog\/#website\",\"url\":\"https:\/\/www.blogdelaautoescuela.com\/blog\/\",\"name\":\"Blog de la autoescuela\",\"description\":\"Noticias sobre autoescuelas y seguridad vial\",\"potentialAction\":[{\"@type\":\"SearchAction\",\"target\":{\"@type\":\"EntryPoint\",\"urlTemplate\":\"https:\/\/www.blogdelaautoescuela.com\/blog\/?s={search_term_string}\"},\"query-input\":{\"@type\":\"PropertyValueSpecification\",\"valueRequired\":true,\"valueName\":\"search_term_string\"}}],\"inLanguage\":\"es\"},{\"@type\":\"Person\",\"@id\":\"https:\/\/www.blogdelaautoescuela.com\/blog\/#\/schema\/person\/f209a64ca5dfe74b9acb6317240e792f\",\"name\":\"usr_blogauto\",\"image\":{\"@type\":\"ImageObject\",\"inLanguage\":\"es\",\"@id\":\"https:\/\/www.blogdelaautoescuela.com\/blog\/#\/schema\/person\/image\/\",\"url\":\"https:\/\/secure.gravatar.com\/avatar\/d3939d4ea521ac8421c86d2980321cc9?s=96&d=mm&r=g\",\"contentUrl\":\"https:\/\/secure.gravatar.com\/avatar\/d3939d4ea521ac8421c86d2980321cc9?s=96&d=mm&r=g\",\"caption\":\"usr_blogauto\"},\"description\":\"Blog dedicado a la conducci\u00f3n, las autoescuelas y la seguridad vial. Est\u00e1 creado por un grupo de profesionales de la formaci\u00f3n vial que comparten inquietudes y experiencias. Aqu\u00ed\u00ad podr\u00e1s encontrar informaci\u00f3n variada sobre el d\u00ed\u00ada a d\u00ed\u00ada de la autoescuela, ex\u00e1menes, test o novedades y consejos para una conducci\u00f3n m\u00e1s segura.\",\"sameAs\":[\"http:\/\/www.blogdelaautoescuela.com\/\",\"https:\/\/www.facebook.com\/blogdelaautoescuela\",\"https:\/\/x.com\/autoescuelas\"],\"url\":\"https:\/\/www.blogdelaautoescuela.com\/blog\/author\/usr_blogauto\/\"}]}<\/script>\n<!-- \/ Yoast SEO plugin. -->","yoast_head_json":{"title":"Propuestas de la Euroc\u00e1mara para reducir la seguridad vial","description":"el Pleno de la Euroc\u00e1mara ha aprobado un informe sobre seguridad vial en el que se proponen medidas para mejorar la formaci\u00f3n de los conductores.","robots":{"index":"index","follow":"follow","max-snippet":"max-snippet:-1","max-image-preview":"max-image-preview:large","max-video-preview":"max-video-preview:-1"},"canonical":"https:\/\/www.blogdelaautoescuela.com\/blog\/propuestas-de-la-eurocamara-para-reducir-la-seguridad-vial\/","og_locale":"es_ES","og_type":"article","og_title":"Propuestas de la Euroc\u00e1mara para reducir la seguridad vial","og_description":"el Pleno de la Euroc\u00e1mara ha aprobado un informe sobre seguridad vial en el que se proponen medidas para mejorar la formaci\u00f3n de los conductores.","og_url":"https:\/\/www.blogdelaautoescuela.com\/blog\/propuestas-de-la-eurocamara-para-reducir-la-seguridad-vial\/","og_site_name":"Blog de la autoescuela","article_author":"https:\/\/www.facebook.com\/blogdelaautoescuela","article_published_time":"2011-10-05T09:16:35+00:00","og_image":[{"width":400,"height":299,"url":"https:\/\/www.blogdelaautoescuela.com\/blog\/wp-content\/uploads\/2009\/07\/seguridad-vial2.jpg","type":"image\/jpeg"}],"author":"usr_blogauto","twitter_misc":{"Escrito por":"usr_blogauto","Tiempo de lectura":"2 minutos"},"schema":{"@context":"https:\/\/schema.org","@graph":[{"@type":"WebPage","@id":"https:\/\/www.blogdelaautoescuela.com\/blog\/propuestas-de-la-eurocamara-para-reducir-la-seguridad-vial\/","url":"https:\/\/www.blogdelaautoescuela.com\/blog\/propuestas-de-la-eurocamara-para-reducir-la-seguridad-vial\/","name":"Propuestas de la Euroc\u00e1mara para reducir la seguridad vial","isPartOf":{"@id":"https:\/\/www.blogdelaautoescuela.com\/blog\/#website"},"primaryImageOfPage":{"@id":"https:\/\/www.blogdelaautoescuela.com\/blog\/propuestas-de-la-eurocamara-para-reducir-la-seguridad-vial\/#primaryimage"},"image":{"@id":"https:\/\/www.blogdelaautoescuela.com\/blog\/propuestas-de-la-eurocamara-para-reducir-la-seguridad-vial\/#primaryimage"},"thumbnailUrl":"https:\/\/www.blogdelaautoescuela.com\/blog\/wp-content\/uploads\/2009\/07\/seguridad-vial2.jpg","datePublished":"2011-10-05T09:16:35+00:00","author":{"@id":"https:\/\/www.blogdelaautoescuela.com\/blog\/#\/schema\/person\/f209a64ca5dfe74b9acb6317240e792f"},"description":"el Pleno de la Euroc\u00e1mara ha aprobado un informe sobre seguridad vial en el que se proponen medidas para mejorar la formaci\u00f3n de los conductores.","breadcrumb":{"@id":"https:\/\/www.blogdelaautoescuela.com\/blog\/propuestas-de-la-eurocamara-para-reducir-la-seguridad-vial\/#breadcrumb"},"inLanguage":"es","potentialAction":[{"@type":"ReadAction","target":["https:\/\/www.blogdelaautoescuela.com\/blog\/propuestas-de-la-eurocamara-para-reducir-la-seguridad-vial\/"]}]},{"@type":"ImageObject","inLanguage":"es","@id":"https:\/\/www.blogdelaautoescuela.com\/blog\/propuestas-de-la-eurocamara-para-reducir-la-seguridad-vial\/#primaryimage","url":"https:\/\/www.blogdelaautoescuela.com\/blog\/wp-content\/uploads\/2009\/07\/seguridad-vial2.jpg","contentUrl":"https:\/\/www.blogdelaautoescuela.com\/blog\/wp-content\/uploads\/2009\/07\/seguridad-vial2.jpg","width":400,"height":299},{"@type":"BreadcrumbList","@id":"https:\/\/www.blogdelaautoescuela.com\/blog\/propuestas-de-la-eurocamara-para-reducir-la-seguridad-vial\/#breadcrumb","itemListElement":[{"@type":"ListItem","position":1,"name":"Portada","item":"https:\/\/www.blogdelaautoescuela.com\/blog\/"},{"@type":"ListItem","position":2,"name":"Propuestas de la Euroc\u00e1mara para reducir la seguridad vial"}]},{"@type":"WebSite","@id":"https:\/\/www.blogdelaautoescuela.com\/blog\/#website","url":"https:\/\/www.blogdelaautoescuela.com\/blog\/","name":"Blog de la autoescuela","description":"Noticias sobre autoescuelas y seguridad vial","potentialAction":[{"@type":"SearchAction","target":{"@type":"EntryPoint","urlTemplate":"https:\/\/www.blogdelaautoescuela.com\/blog\/?s={search_term_string}"},"query-input":{"@type":"PropertyValueSpecification","valueRequired":true,"valueName":"search_term_string"}}],"inLanguage":"es"},{"@type":"Person","@id":"https:\/\/www.blogdelaautoescuela.com\/blog\/#\/schema\/person\/f209a64ca5dfe74b9acb6317240e792f","name":"usr_blogauto","image":{"@type":"ImageObject","inLanguage":"es","@id":"https:\/\/www.blogdelaautoescuela.com\/blog\/#\/schema\/person\/image\/","url":"https:\/\/secure.gravatar.com\/avatar\/d3939d4ea521ac8421c86d2980321cc9?s=96&d=mm&r=g","contentUrl":"https:\/\/secure.gravatar.com\/avatar\/d3939d4ea521ac8421c86d2980321cc9?s=96&d=mm&r=g","caption":"usr_blogauto"},"description":"Blog dedicado a la conducci\u00f3n, las autoescuelas y la seguridad vial. Est\u00e1 creado por un grupo de profesionales de la formaci\u00f3n vial que comparten inquietudes y experiencias. Aqu\u00ed\u00ad podr\u00e1s encontrar informaci\u00f3n variada sobre el d\u00ed\u00ada a d\u00ed\u00ada de la autoescuela, ex\u00e1menes, test o novedades y consejos para una conducci\u00f3n m\u00e1s segura.","sameAs":["http:\/\/www.blogdelaautoescuela.com\/","https:\/\/www.facebook.com\/blogdelaautoescuela","https:\/\/x.com\/autoescuelas"],"url":"https:\/\/www.blogdelaautoescuela.com\/blog\/author\/usr_blogauto\/"}]}},"jetpack_featured_media_url":"https:\/\/www.blogdelaautoescuela.com\/blog\/wp-content\/uploads\/2009\/07\/seguridad-vial2.jpg","_links":{"self":[{"href":"https:\/\/www.blogdelaautoescuela.com\/blog\/wp-json\/wp\/v2\/posts\/7665","targetHints":{"allow":["GET"]}}],"collection":[{"href":"https:\/\/www.blogdelaautoescuela.com\/blog\/wp-json\/wp\/v2\/posts"}],"about":[{"href":"https:\/\/www.blogdelaautoescuela.com\/blog\/wp-json\/wp\/v2\/types\/post"}],"author":[{"embeddable":true,"href":"https:\/\/www.blogdelaautoescuela.com\/blog\/wp-json\/wp\/v2\/users\/1"}],"replies":[{"embeddable":true,"href":"https:\/\/www.blogdelaautoescuela.com\/blog\/wp-json\/wp\/v2\/comments?post=7665"}],"version-history":[{"count":0,"href":"https:\/\/www.blogdelaautoescuela.com\/blog\/wp-json\/wp\/v2\/posts\/7665\/revisions"}],"wp:featuredmedia":[{"embeddable":true,"href":"https:\/\/www.blogdelaautoescuela.com\/blog\/wp-json\/wp\/v2\/media\/1526"}],"wp:attachment":[{"href":"https:\/\/www.blogdelaautoescuela.com\/blog\/wp-json\/wp\/v2\/media?parent=7665"}],"wp:term":[{"taxonomy":"category","embeddable":true,"href":"https:\/\/www.blogdelaautoescuela.com\/blog\/wp-json\/wp\/v2\/categories?post=7665"},{"taxonomy":"post_tag","embeddable":true,"href":"https:\/\/www.blogdelaautoescuela.com\/blog\/wp-json\/wp\/v2\/tags?post=7665"}],"curies":[{"name":"wp","href":"https:\/\/api.w.org\/{rel}","templated":true}]}}