
{"id":7110,"date":"2011-06-01T11:07:36","date_gmt":"2011-06-01T09:07:36","guid":{"rendered":"http:\/\/www.blogdelaautoescuela.com\/blog\/?p=7110"},"modified":"2011-06-01T11:07:36","modified_gmt":"2011-06-01T09:07:36","slug":"en-lugo-habra-examenes-de-conducir-en-agosto","status":"publish","type":"post","link":"https:\/\/www.blogdelaautoescuela.com\/blog\/en-lugo-habra-examenes-de-conducir-en-agosto\/","title":{"rendered":"En Lugo habr\u00e1 ex\u00e1menes de conducir en agosto."},"content":{"rendered":"<p style=\"text-align: center;\"><img loading=\"lazy\" decoding=\"async\" class=\"size-full wp-image-4893 aligncenter\" title=\"examen practico\" src=\"http:\/\/www.blogdelaautoescuela.com\/blog\/wp-content\/uploads\/2010\/07\/examen-practico.jpg\" alt=\"examen practico\" width=\"400\" height=\"200\" \/><\/p>\n<p>Despu\u00e9s de que las <strong>autoescuelas<\/strong> hayan pedido hasta la saciedad que haya <strong>ex\u00e1menes de conducir durante el mesde agosto<\/strong>, en Lugo los van a tener.<\/p>\n<p>La <strong>Jefatura Provincial de Tr\u00e1fico de Lugo va a realizar por primera vez ex\u00e1menes de conducir en agosto<\/strong>, tanto te\u00f3ricos como pr\u00e1cticos.<\/p>\n<p><strong>Durante el verano las autoescuelas tienen en torno al 50% de su facturaci\u00f3n anual<\/strong>, y ahora que la crisis se ha cebado con el sector que los alumnos se puedan examinar en agosto puede suponer a las autoescuelas un alivio considerable.<\/p>\n<p>Mayoritariamente los alumnos de autoescuela, especialmente en verano, son los <strong>j\u00f3venes que terminan la formaci\u00f3n secundaria y se quieren sacar el permiso de conducir antes de empezar a estudiar en la universidad<\/strong>, pero con el par\u00f3n que hasta ahora hab\u00ed\u00ada en agosto a muchos de ellos no les daba tiempo.<\/p>\n<p><span>Con la adaptaci\u00f3n de los planes de estudio universitarios a  Bolonia, los plazos todav\u00ed\u00ada se acortan m\u00e1s, porque el curso acaba a  principios de junio, los ex\u00e1menes de recuperaci\u00f3n se celebran en julio y  el nuevo curso empieza a mediados de septiembre. <\/span><\/p>\n<p><span>Ante esta situaci\u00f3n, la <strong>Asociaci\u00f3n Provincial de Autoescuelas de Lugo<\/strong>, deci\u00f3 plantear a la <strong>Jefatura Provincial de Tr\u00e1fico un nuevo calendiario<\/strong>, y este calendario ha sido aceptado por Tr\u00e1fico.<\/span><\/p>\n<p><span>En Lugo hay en torno a 6 examinadores de tr\u00e1fico por lo que no creen que no se produzcan dificultades en los ex\u00e1menes de agosto.<\/span><\/p>\n<p><span><br \/>\n<\/span><\/p>\n","protected":false},"excerpt":{"rendered":"<p>Despu\u00e9s de que las autoescuelas hayan pedido hasta la saciedad que haya ex\u00e1menes de conducir durante el mesde agosto, en Lugo los van a tener. La Jefatura Provincial de Tr\u00e1fico de Lugo va a realizar por primera vez ex\u00e1menes de conducir en agosto, tanto te\u00f3ricos como pr\u00e1cticos. Durante el verano las autoescuelas tienen en torno [&hellip;]<\/p>\n","protected":false},"author":1,"featured_media":4893,"comment_status":"open","ping_status":"closed","sticky":false,"template":"","format":"standard","meta":{"footnotes":"","jetpack_publicize_message":"","jetpack_publicize_feature_enabled":true,"jetpack_social_post_already_shared":false,"jetpack_social_options":{"image_generator_settings":{"template":"highway","enabled":false},"version":2}},"categories":[3,12],"tags":[1664,590,827],"class_list":["post-7110","post","type-post","status-publish","format-standard","has-post-thumbnail","hentry","category-autoescuela","category-noticias","tag-autoescuela","tag-examen","tag-lugo"],"wppr_data":[],"jetpack_publicize_connections":[],"yoast_head":"<!-- This site is optimized with the Yoast SEO plugin v24.7 - https:\/\/yoast.com\/wordpress\/plugins\/seo\/ -->\n<title>En Lugo habr\u00e1 ex\u00e1menes de conducir en agosto.<\/title>\n<meta name=\"description\" content=\"La Jefatura Provincial de Tr\u00e1fico de Lugo va a realizar por primera vez ex\u00e1menes de conducir en agosto, tanto te\u00f3ricos como pr\u00e1cticos\" \/>\n<meta name=\"robots\" content=\"index, follow, max-snippet:-1, max-image-preview:large, max-video-preview:-1\" \/>\n<link rel=\"canonical\" href=\"https:\/\/www.blogdelaautoescuela.com\/blog\/en-lugo-habra-examenes-de-conducir-en-agosto\/\" \/>\n<meta property=\"og:locale\" content=\"es_ES\" \/>\n<meta property=\"og:type\" content=\"article\" \/>\n<meta property=\"og:title\" content=\"En Lugo habr\u00e1 ex\u00e1menes de conducir en agosto.\" \/>\n<meta property=\"og:description\" content=\"La Jefatura Provincial de Tr\u00e1fico de Lugo va a realizar por primera vez ex\u00e1menes de conducir en agosto, tanto te\u00f3ricos como pr\u00e1cticos\" \/>\n<meta property=\"og:url\" content=\"https:\/\/www.blogdelaautoescuela.com\/blog\/en-lugo-habra-examenes-de-conducir-en-agosto\/\" \/>\n<meta property=\"og:site_name\" content=\"Blog de la autoescuela\" \/>\n<meta property=\"article:author\" content=\"https:\/\/www.facebook.com\/blogdelaautoescuela\" \/>\n<meta property=\"article:published_time\" content=\"2011-06-01T09:07:36+00:00\" \/>\n<meta property=\"og:image\" content=\"https:\/\/www.blogdelaautoescuela.com\/blog\/wp-content\/uploads\/2010\/07\/examen-practico1.jpg\" \/>\n\t<meta property=\"og:image:width\" content=\"316\" \/>\n\t<meta property=\"og:image:height\" content=\"164\" \/>\n\t<meta property=\"og:image:type\" content=\"image\/jpeg\" \/>\n<meta name=\"author\" content=\"usr_blogauto\" \/>\n<meta name=\"twitter:label1\" content=\"Escrito por\" \/>\n\t<meta name=\"twitter:data1\" content=\"usr_blogauto\" \/>\n\t<meta name=\"twitter:label2\" content=\"Tiempo de lectura\" \/>\n\t<meta name=\"twitter:data2\" content=\"1 minuto\" \/>\n<script type=\"application\/ld+json\" class=\"yoast-schema-graph\">{\"@context\":\"https:\/\/schema.org\",\"@graph\":[{\"@type\":\"WebPage\",\"@id\":\"https:\/\/www.blogdelaautoescuela.com\/blog\/en-lugo-habra-examenes-de-conducir-en-agosto\/\",\"url\":\"https:\/\/www.blogdelaautoescuela.com\/blog\/en-lugo-habra-examenes-de-conducir-en-agosto\/\",\"name\":\"En Lugo habr\u00e1 ex\u00e1menes de conducir en agosto.\",\"isPartOf\":{\"@id\":\"https:\/\/www.blogdelaautoescuela.com\/blog\/#website\"},\"primaryImageOfPage\":{\"@id\":\"https:\/\/www.blogdelaautoescuela.com\/blog\/en-lugo-habra-examenes-de-conducir-en-agosto\/#primaryimage\"},\"image\":{\"@id\":\"https:\/\/www.blogdelaautoescuela.com\/blog\/en-lugo-habra-examenes-de-conducir-en-agosto\/#primaryimage\"},\"thumbnailUrl\":\"https:\/\/www.blogdelaautoescuela.com\/blog\/wp-content\/uploads\/2010\/07\/examen-practico1.jpg\",\"datePublished\":\"2011-06-01T09:07:36+00:00\",\"author\":{\"@id\":\"https:\/\/www.blogdelaautoescuela.com\/blog\/#\/schema\/person\/f209a64ca5dfe74b9acb6317240e792f\"},\"description\":\"La Jefatura Provincial de Tr\u00e1fico de Lugo va a realizar por primera vez ex\u00e1menes de conducir en agosto, tanto te\u00f3ricos como pr\u00e1cticos\",\"breadcrumb\":{\"@id\":\"https:\/\/www.blogdelaautoescuela.com\/blog\/en-lugo-habra-examenes-de-conducir-en-agosto\/#breadcrumb\"},\"inLanguage\":\"es\",\"potentialAction\":[{\"@type\":\"ReadAction\",\"target\":[\"https:\/\/www.blogdelaautoescuela.com\/blog\/en-lugo-habra-examenes-de-conducir-en-agosto\/\"]}]},{\"@type\":\"ImageObject\",\"inLanguage\":\"es\",\"@id\":\"https:\/\/www.blogdelaautoescuela.com\/blog\/en-lugo-habra-examenes-de-conducir-en-agosto\/#primaryimage\",\"url\":\"https:\/\/www.blogdelaautoescuela.com\/blog\/wp-content\/uploads\/2010\/07\/examen-practico1.jpg\",\"contentUrl\":\"https:\/\/www.blogdelaautoescuela.com\/blog\/wp-content\/uploads\/2010\/07\/examen-practico1.jpg\",\"width\":316,\"height\":164},{\"@type\":\"BreadcrumbList\",\"@id\":\"https:\/\/www.blogdelaautoescuela.com\/blog\/en-lugo-habra-examenes-de-conducir-en-agosto\/#breadcrumb\",\"itemListElement\":[{\"@type\":\"ListItem\",\"position\":1,\"name\":\"Portada\",\"item\":\"https:\/\/www.blogdelaautoescuela.com\/blog\/\"},{\"@type\":\"ListItem\",\"position\":2,\"name\":\"En Lugo habr\u00e1 ex\u00e1menes de conducir en agosto.\"}]},{\"@type\":\"WebSite\",\"@id\":\"https:\/\/www.blogdelaautoescuela.com\/blog\/#website\",\"url\":\"https:\/\/www.blogdelaautoescuela.com\/blog\/\",\"name\":\"Blog de la autoescuela\",\"description\":\"Noticias sobre autoescuelas y seguridad vial\",\"potentialAction\":[{\"@type\":\"SearchAction\",\"target\":{\"@type\":\"EntryPoint\",\"urlTemplate\":\"https:\/\/www.blogdelaautoescuela.com\/blog\/?s={search_term_string}\"},\"query-input\":{\"@type\":\"PropertyValueSpecification\",\"valueRequired\":true,\"valueName\":\"search_term_string\"}}],\"inLanguage\":\"es\"},{\"@type\":\"Person\",\"@id\":\"https:\/\/www.blogdelaautoescuela.com\/blog\/#\/schema\/person\/f209a64ca5dfe74b9acb6317240e792f\",\"name\":\"usr_blogauto\",\"image\":{\"@type\":\"ImageObject\",\"inLanguage\":\"es\",\"@id\":\"https:\/\/www.blogdelaautoescuela.com\/blog\/#\/schema\/person\/image\/\",\"url\":\"https:\/\/secure.gravatar.com\/avatar\/d3939d4ea521ac8421c86d2980321cc9?s=96&d=mm&r=g\",\"contentUrl\":\"https:\/\/secure.gravatar.com\/avatar\/d3939d4ea521ac8421c86d2980321cc9?s=96&d=mm&r=g\",\"caption\":\"usr_blogauto\"},\"description\":\"Blog dedicado a la conducci\u00f3n, las autoescuelas y la seguridad vial. Est\u00e1 creado por un grupo de profesionales de la formaci\u00f3n vial que comparten inquietudes y experiencias. Aqu\u00ed\u00ad podr\u00e1s encontrar informaci\u00f3n variada sobre el d\u00ed\u00ada a d\u00ed\u00ada de la autoescuela, ex\u00e1menes, test o novedades y consejos para una conducci\u00f3n m\u00e1s segura.\",\"sameAs\":[\"http:\/\/www.blogdelaautoescuela.com\/\",\"https:\/\/www.facebook.com\/blogdelaautoescuela\",\"https:\/\/x.com\/autoescuelas\"],\"url\":\"https:\/\/www.blogdelaautoescuela.com\/blog\/author\/usr_blogauto\/\"}]}<\/script>\n<!-- \/ Yoast SEO plugin. -->","yoast_head_json":{"title":"En Lugo habr\u00e1 ex\u00e1menes de conducir en agosto.","description":"La Jefatura Provincial de Tr\u00e1fico de Lugo va a realizar por primera vez ex\u00e1menes de conducir en agosto, tanto te\u00f3ricos como pr\u00e1cticos","robots":{"index":"index","follow":"follow","max-snippet":"max-snippet:-1","max-image-preview":"max-image-preview:large","max-video-preview":"max-video-preview:-1"},"canonical":"https:\/\/www.blogdelaautoescuela.com\/blog\/en-lugo-habra-examenes-de-conducir-en-agosto\/","og_locale":"es_ES","og_type":"article","og_title":"En Lugo habr\u00e1 ex\u00e1menes de conducir en agosto.","og_description":"La Jefatura Provincial de Tr\u00e1fico de Lugo va a realizar por primera vez ex\u00e1menes de conducir en agosto, tanto te\u00f3ricos como pr\u00e1cticos","og_url":"https:\/\/www.blogdelaautoescuela.com\/blog\/en-lugo-habra-examenes-de-conducir-en-agosto\/","og_site_name":"Blog de la autoescuela","article_author":"https:\/\/www.facebook.com\/blogdelaautoescuela","article_published_time":"2011-06-01T09:07:36+00:00","og_image":[{"width":316,"height":164,"url":"https:\/\/www.blogdelaautoescuela.com\/blog\/wp-content\/uploads\/2010\/07\/examen-practico1.jpg","type":"image\/jpeg"}],"author":"usr_blogauto","twitter_misc":{"Escrito por":"usr_blogauto","Tiempo de lectura":"1 minuto"},"schema":{"@context":"https:\/\/schema.org","@graph":[{"@type":"WebPage","@id":"https:\/\/www.blogdelaautoescuela.com\/blog\/en-lugo-habra-examenes-de-conducir-en-agosto\/","url":"https:\/\/www.blogdelaautoescuela.com\/blog\/en-lugo-habra-examenes-de-conducir-en-agosto\/","name":"En Lugo habr\u00e1 ex\u00e1menes de conducir en agosto.","isPartOf":{"@id":"https:\/\/www.blogdelaautoescuela.com\/blog\/#website"},"primaryImageOfPage":{"@id":"https:\/\/www.blogdelaautoescuela.com\/blog\/en-lugo-habra-examenes-de-conducir-en-agosto\/#primaryimage"},"image":{"@id":"https:\/\/www.blogdelaautoescuela.com\/blog\/en-lugo-habra-examenes-de-conducir-en-agosto\/#primaryimage"},"thumbnailUrl":"https:\/\/www.blogdelaautoescuela.com\/blog\/wp-content\/uploads\/2010\/07\/examen-practico1.jpg","datePublished":"2011-06-01T09:07:36+00:00","author":{"@id":"https:\/\/www.blogdelaautoescuela.com\/blog\/#\/schema\/person\/f209a64ca5dfe74b9acb6317240e792f"},"description":"La Jefatura Provincial de Tr\u00e1fico de Lugo va a realizar por primera vez ex\u00e1menes de conducir en agosto, tanto te\u00f3ricos como pr\u00e1cticos","breadcrumb":{"@id":"https:\/\/www.blogdelaautoescuela.com\/blog\/en-lugo-habra-examenes-de-conducir-en-agosto\/#breadcrumb"},"inLanguage":"es","potentialAction":[{"@type":"ReadAction","target":["https:\/\/www.blogdelaautoescuela.com\/blog\/en-lugo-habra-examenes-de-conducir-en-agosto\/"]}]},{"@type":"ImageObject","inLanguage":"es","@id":"https:\/\/www.blogdelaautoescuela.com\/blog\/en-lugo-habra-examenes-de-conducir-en-agosto\/#primaryimage","url":"https:\/\/www.blogdelaautoescuela.com\/blog\/wp-content\/uploads\/2010\/07\/examen-practico1.jpg","contentUrl":"https:\/\/www.blogdelaautoescuela.com\/blog\/wp-content\/uploads\/2010\/07\/examen-practico1.jpg","width":316,"height":164},{"@type":"BreadcrumbList","@id":"https:\/\/www.blogdelaautoescuela.com\/blog\/en-lugo-habra-examenes-de-conducir-en-agosto\/#breadcrumb","itemListElement":[{"@type":"ListItem","position":1,"name":"Portada","item":"https:\/\/www.blogdelaautoescuela.com\/blog\/"},{"@type":"ListItem","position":2,"name":"En Lugo habr\u00e1 ex\u00e1menes de conducir en agosto."}]},{"@type":"WebSite","@id":"https:\/\/www.blogdelaautoescuela.com\/blog\/#website","url":"https:\/\/www.blogdelaautoescuela.com\/blog\/","name":"Blog de la autoescuela","description":"Noticias sobre autoescuelas y seguridad vial","potentialAction":[{"@type":"SearchAction","target":{"@type":"EntryPoint","urlTemplate":"https:\/\/www.blogdelaautoescuela.com\/blog\/?s={search_term_string}"},"query-input":{"@type":"PropertyValueSpecification","valueRequired":true,"valueName":"search_term_string"}}],"inLanguage":"es"},{"@type":"Person","@id":"https:\/\/www.blogdelaautoescuela.com\/blog\/#\/schema\/person\/f209a64ca5dfe74b9acb6317240e792f","name":"usr_blogauto","image":{"@type":"ImageObject","inLanguage":"es","@id":"https:\/\/www.blogdelaautoescuela.com\/blog\/#\/schema\/person\/image\/","url":"https:\/\/secure.gravatar.com\/avatar\/d3939d4ea521ac8421c86d2980321cc9?s=96&d=mm&r=g","contentUrl":"https:\/\/secure.gravatar.com\/avatar\/d3939d4ea521ac8421c86d2980321cc9?s=96&d=mm&r=g","caption":"usr_blogauto"},"description":"Blog dedicado a la conducci\u00f3n, las autoescuelas y la seguridad vial. Est\u00e1 creado por un grupo de profesionales de la formaci\u00f3n vial que comparten inquietudes y experiencias. Aqu\u00ed\u00ad podr\u00e1s encontrar informaci\u00f3n variada sobre el d\u00ed\u00ada a d\u00ed\u00ada de la autoescuela, ex\u00e1menes, test o novedades y consejos para una conducci\u00f3n m\u00e1s segura.","sameAs":["http:\/\/www.blogdelaautoescuela.com\/","https:\/\/www.facebook.com\/blogdelaautoescuela","https:\/\/x.com\/autoescuelas"],"url":"https:\/\/www.blogdelaautoescuela.com\/blog\/author\/usr_blogauto\/"}]}},"jetpack_featured_media_url":"https:\/\/www.blogdelaautoescuela.com\/blog\/wp-content\/uploads\/2010\/07\/examen-practico1.jpg","_links":{"self":[{"href":"https:\/\/www.blogdelaautoescuela.com\/blog\/wp-json\/wp\/v2\/posts\/7110","targetHints":{"allow":["GET"]}}],"collection":[{"href":"https:\/\/www.blogdelaautoescuela.com\/blog\/wp-json\/wp\/v2\/posts"}],"about":[{"href":"https:\/\/www.blogdelaautoescuela.com\/blog\/wp-json\/wp\/v2\/types\/post"}],"author":[{"embeddable":true,"href":"https:\/\/www.blogdelaautoescuela.com\/blog\/wp-json\/wp\/v2\/users\/1"}],"replies":[{"embeddable":true,"href":"https:\/\/www.blogdelaautoescuela.com\/blog\/wp-json\/wp\/v2\/comments?post=7110"}],"version-history":[{"count":0,"href":"https:\/\/www.blogdelaautoescuela.com\/blog\/wp-json\/wp\/v2\/posts\/7110\/revisions"}],"wp:featuredmedia":[{"embeddable":true,"href":"https:\/\/www.blogdelaautoescuela.com\/blog\/wp-json\/wp\/v2\/media\/4893"}],"wp:attachment":[{"href":"https:\/\/www.blogdelaautoescuela.com\/blog\/wp-json\/wp\/v2\/media?parent=7110"}],"wp:term":[{"taxonomy":"category","embeddable":true,"href":"https:\/\/www.blogdelaautoescuela.com\/blog\/wp-json\/wp\/v2\/categories?post=7110"},{"taxonomy":"post_tag","embeddable":true,"href":"https:\/\/www.blogdelaautoescuela.com\/blog\/wp-json\/wp\/v2\/tags?post=7110"}],"curies":[{"name":"wp","href":"https:\/\/api.w.org\/{rel}","templated":true}]}}