
{"id":6955,"date":"2011-05-26T11:00:59","date_gmt":"2011-05-26T09:00:59","guid":{"rendered":"http:\/\/www.blogdelaautoescuela.com\/blog\/?p=6955"},"modified":"2014-12-19T12:26:51","modified_gmt":"2014-12-19T11:26:51","slug":"autoescuelas-y-centros-de-recuperacion-de-puntos-en-gerona","status":"publish","type":"post","link":"https:\/\/www.blogdelaautoescuela.com\/blog\/autoescuelas-y-centros-de-recuperacion-de-puntos-en-gerona\/","title":{"rendered":"Autoescuelas y Centros de recuperaci\u00f3n de puntos en Gerona"},"content":{"rendered":"<p style=\"text-align: center;\"><img loading=\"lazy\" decoding=\"async\" class=\"aligncenter size-full wp-image-472\" src=\"http:\/\/www.blogdelaautoescuela.com\/blog\/wp-content\/uploads\/2009\/02\/cinturon1.jpg\" alt=\"cinturon\" width=\"300\" height=\"225\" \/><\/p>\n<p style=\"text-align: justify;\">Durante la \u00faltima campa\u00f1a llevada a cabo por la DGT realizada en Gerona relacionada con el uso del cintur\u00f3n de seguridad dio como resultado la sanci\u00f3n a <strong>2879 personas<\/strong>, bien porque no llevaban el cintur\u00f3n puesto o porque no utilizaban el sistema de retenci\u00f3n infantil.<\/p>\n<p style=\"text-align: justify;\">Esta campa\u00f1a ten\u00ed\u00ada como objetivo concienciar a los conductores del riesgo de viajar en un veh\u00ed\u00adculo sin cintur\u00f3n y por ello controlaron 376.481 veh\u00ed\u00adculos y 557.717 personas.<\/p>\n<p style=\"text-align: justify;\">De ellos, el 0,5 % de adultos no llevaban cintur\u00f3n de seguridad y el 1,02 % de los menores de 12 a\u00f1os no estaban sujetos con un sistema de retenci\u00f3n infantil. De los 678 pasajeros adultos sin cintur\u00f3n, 468 viajaban en asiento delantero y 210 lo hac\u00ed\u00adan en asientos traseros. Por su parte, de los 191 menores que no llevaban el cintur\u00f3n o el sistema de retenci\u00f3n, 52 viajaban en los asientos delanteros y 139 lo hac\u00ed\u00adan en los asientos traseros.<br \/>\nLa DGT advierte que <strong>si se utiliza el cintur\u00f3n de seguridad, se reduce en un 50% el riesgo de muerte<\/strong> y mitiga la gravedad de las lesiones en caso de accidente&#8221;. Si se trata de los menores, el porcentaje aumenta, ya que nueve de cada diez lesiones infantiles graves o mortales, podr\u00ed\u00adan haberse evitado si se hubiera utilizado los sistemas de retenci\u00f3n infantil.<\/p>\n<p style=\"text-align: justify;\">No utilizar cintur\u00f3n de seguridad o, en el caso de los ni\u00f1os, sistemas de retenci\u00f3n infantil est\u00e1 tipificado como infracci\u00f3n grave, sancionado con <strong>multa de 200 euros y una p\u00e9rdida de tres puntos<\/strong>.<\/p>\n<p style=\"text-align: justify;\">Aqu\u00ed\u00ad os dejamos el listado de autoescuelas que imparten los cursos para recuperar puntos en <strong>Girona<\/strong><\/p>\n<p style=\"text-align: justify;\"><strong>Autoescola RACC<\/strong>, Ctra. De Barcelona, 31, Girona. Tel\u00e9fono 872081010<br \/>\n<strong>Autoescola Font Torrent<\/strong>, Pou de Glac, 6, Olot. Tel\u00e9fono 609883456<br \/>\n<strong>Escola del Treball del Ripoll\u00ed\u00a8s<\/strong>, Avda. Eduard Soler, 1, Ripoll. Tel\u00e9fono 972701131<\/p>\n<p style=\"text-align: justify;\">Quien quiera recuperar puntos puede obtener el <a href=\"http:\/\/www.arisoft.es\/b2c\/index.php?page=pp_producto.php&amp;md=0&amp;ref=AEPM_PERMISO+PUNTOS\" target=\"_blank\">CD con test para la recuperaci\u00f3n de puntos<\/a><\/p>\n","protected":false},"excerpt":{"rendered":"<p>Durante la \u00faltima campa\u00f1a llevada a cabo por la DGT realizada en Gerona relacionada con el uso del cintur\u00f3n de seguridad dio como resultado la sanci\u00f3n a 2879 personas, bien porque no llevaban el cintur\u00f3n puesto o porque no utilizaban el sistema de retenci\u00f3n infantil. Esta campa\u00f1a ten\u00ed\u00ada como objetivo concienciar a los conductores del [&hellip;]<\/p>\n","protected":false},"author":1,"featured_media":472,"comment_status":"open","ping_status":"closed","sticky":false,"template":"","format":"standard","meta":{"footnotes":"","jetpack_publicize_message":"","jetpack_publicize_feature_enabled":true,"jetpack_social_post_already_shared":false,"jetpack_social_options":{"image_generator_settings":{"template":"highway","enabled":false},"version":2}},"categories":[3,14],"tags":[1664,307,678,685,1674],"class_list":["post-6955","post","type-post","status-publish","format-standard","has-post-thumbnail","hentry","category-autoescuela","category-permiso-por-puntos","tag-autoescuela","tag-centros-recuperacion-puntos","tag-gerona","tag-girona","tag-permiso-por-puntos"],"wppr_data":{"cwp_meta_box_check":"No","cwp_rev_product_name":"","cwp_rev_product_image":"","cwp_image_link":"image","cwp_rev_price":""},"jetpack_publicize_connections":[],"yoast_head":"<!-- This site is optimized with the Yoast SEO plugin v24.7 - https:\/\/yoast.com\/wordpress\/plugins\/seo\/ -->\n<title>Autoescuelas y Centros de recuperaci\u00f3n de puntos en Gerona<\/title>\n<meta name=\"description\" content=\"Durante la \u00faltima campa\u00f1a llevada a cabo por la DGT realizada en Gerona relacionada con el uso del cintur\u00f3n de seguridad dio como resultado la sanci\u00f3n a 2879 personas.\" \/>\n<meta name=\"robots\" content=\"index, follow, max-snippet:-1, max-image-preview:large, max-video-preview:-1\" \/>\n<link rel=\"canonical\" href=\"https:\/\/www.blogdelaautoescuela.com\/blog\/autoescuelas-y-centros-de-recuperacion-de-puntos-en-gerona\/\" \/>\n<meta property=\"og:locale\" content=\"es_ES\" \/>\n<meta property=\"og:type\" content=\"article\" \/>\n<meta property=\"og:title\" content=\"Autoescuelas y Centros de recuperaci\u00f3n de puntos en Gerona\" \/>\n<meta property=\"og:description\" content=\"Durante la \u00faltima campa\u00f1a llevada a cabo por la DGT realizada en Gerona relacionada con el uso del cintur\u00f3n de seguridad dio como resultado la sanci\u00f3n a 2879 personas.\" \/>\n<meta property=\"og:url\" content=\"https:\/\/www.blogdelaautoescuela.com\/blog\/autoescuelas-y-centros-de-recuperacion-de-puntos-en-gerona\/\" \/>\n<meta property=\"og:site_name\" content=\"Blog de la autoescuela\" \/>\n<meta property=\"article:author\" content=\"https:\/\/www.facebook.com\/blogdelaautoescuela\" \/>\n<meta property=\"article:published_time\" content=\"2011-05-26T09:00:59+00:00\" \/>\n<meta property=\"article:modified_time\" content=\"2014-12-19T11:26:51+00:00\" \/>\n<meta property=\"og:image\" content=\"https:\/\/www.blogdelaautoescuela.com\/blog\/wp-content\/uploads\/2009\/02\/cinturon1.jpg\" \/>\n\t<meta property=\"og:image:width\" content=\"300\" \/>\n\t<meta property=\"og:image:height\" content=\"225\" \/>\n\t<meta property=\"og:image:type\" content=\"image\/jpeg\" \/>\n<meta name=\"author\" content=\"usr_blogauto\" \/>\n<meta name=\"twitter:label1\" content=\"Escrito por\" \/>\n\t<meta name=\"twitter:data1\" content=\"usr_blogauto\" \/>\n\t<meta name=\"twitter:label2\" content=\"Tiempo de lectura\" \/>\n\t<meta name=\"twitter:data2\" content=\"2 minutos\" \/>\n<script type=\"application\/ld+json\" class=\"yoast-schema-graph\">{\"@context\":\"https:\/\/schema.org\",\"@graph\":[{\"@type\":\"WebPage\",\"@id\":\"https:\/\/www.blogdelaautoescuela.com\/blog\/autoescuelas-y-centros-de-recuperacion-de-puntos-en-gerona\/\",\"url\":\"https:\/\/www.blogdelaautoescuela.com\/blog\/autoescuelas-y-centros-de-recuperacion-de-puntos-en-gerona\/\",\"name\":\"Autoescuelas y Centros de recuperaci\u00f3n de puntos en Gerona\",\"isPartOf\":{\"@id\":\"https:\/\/www.blogdelaautoescuela.com\/blog\/#website\"},\"primaryImageOfPage\":{\"@id\":\"https:\/\/www.blogdelaautoescuela.com\/blog\/autoescuelas-y-centros-de-recuperacion-de-puntos-en-gerona\/#primaryimage\"},\"image\":{\"@id\":\"https:\/\/www.blogdelaautoescuela.com\/blog\/autoescuelas-y-centros-de-recuperacion-de-puntos-en-gerona\/#primaryimage\"},\"thumbnailUrl\":\"https:\/\/www.blogdelaautoescuela.com\/blog\/wp-content\/uploads\/2009\/02\/cinturon1.jpg\",\"datePublished\":\"2011-05-26T09:00:59+00:00\",\"dateModified\":\"2014-12-19T11:26:51+00:00\",\"author\":{\"@id\":\"https:\/\/www.blogdelaautoescuela.com\/blog\/#\/schema\/person\/f209a64ca5dfe74b9acb6317240e792f\"},\"description\":\"Durante la \u00faltima campa\u00f1a llevada a cabo por la DGT realizada en Gerona relacionada con el uso del cintur\u00f3n de seguridad dio como resultado la sanci\u00f3n a 2879 personas.\",\"breadcrumb\":{\"@id\":\"https:\/\/www.blogdelaautoescuela.com\/blog\/autoescuelas-y-centros-de-recuperacion-de-puntos-en-gerona\/#breadcrumb\"},\"inLanguage\":\"es\",\"potentialAction\":[{\"@type\":\"ReadAction\",\"target\":[\"https:\/\/www.blogdelaautoescuela.com\/blog\/autoescuelas-y-centros-de-recuperacion-de-puntos-en-gerona\/\"]}]},{\"@type\":\"ImageObject\",\"inLanguage\":\"es\",\"@id\":\"https:\/\/www.blogdelaautoescuela.com\/blog\/autoescuelas-y-centros-de-recuperacion-de-puntos-en-gerona\/#primaryimage\",\"url\":\"https:\/\/www.blogdelaautoescuela.com\/blog\/wp-content\/uploads\/2009\/02\/cinturon1.jpg\",\"contentUrl\":\"https:\/\/www.blogdelaautoescuela.com\/blog\/wp-content\/uploads\/2009\/02\/cinturon1.jpg\",\"width\":300,\"height\":225},{\"@type\":\"BreadcrumbList\",\"@id\":\"https:\/\/www.blogdelaautoescuela.com\/blog\/autoescuelas-y-centros-de-recuperacion-de-puntos-en-gerona\/#breadcrumb\",\"itemListElement\":[{\"@type\":\"ListItem\",\"position\":1,\"name\":\"Portada\",\"item\":\"https:\/\/www.blogdelaautoescuela.com\/blog\/\"},{\"@type\":\"ListItem\",\"position\":2,\"name\":\"Autoescuelas y Centros de recuperaci\u00f3n de puntos en Gerona\"}]},{\"@type\":\"WebSite\",\"@id\":\"https:\/\/www.blogdelaautoescuela.com\/blog\/#website\",\"url\":\"https:\/\/www.blogdelaautoescuela.com\/blog\/\",\"name\":\"Blog de la autoescuela\",\"description\":\"Noticias sobre autoescuelas y seguridad vial\",\"potentialAction\":[{\"@type\":\"SearchAction\",\"target\":{\"@type\":\"EntryPoint\",\"urlTemplate\":\"https:\/\/www.blogdelaautoescuela.com\/blog\/?s={search_term_string}\"},\"query-input\":{\"@type\":\"PropertyValueSpecification\",\"valueRequired\":true,\"valueName\":\"search_term_string\"}}],\"inLanguage\":\"es\"},{\"@type\":\"Person\",\"@id\":\"https:\/\/www.blogdelaautoescuela.com\/blog\/#\/schema\/person\/f209a64ca5dfe74b9acb6317240e792f\",\"name\":\"usr_blogauto\",\"image\":{\"@type\":\"ImageObject\",\"inLanguage\":\"es\",\"@id\":\"https:\/\/www.blogdelaautoescuela.com\/blog\/#\/schema\/person\/image\/\",\"url\":\"https:\/\/secure.gravatar.com\/avatar\/d3939d4ea521ac8421c86d2980321cc9?s=96&d=mm&r=g\",\"contentUrl\":\"https:\/\/secure.gravatar.com\/avatar\/d3939d4ea521ac8421c86d2980321cc9?s=96&d=mm&r=g\",\"caption\":\"usr_blogauto\"},\"description\":\"Blog dedicado a la conducci\u00f3n, las autoescuelas y la seguridad vial. Est\u00e1 creado por un grupo de profesionales de la formaci\u00f3n vial que comparten inquietudes y experiencias. Aqu\u00ed\u00ad podr\u00e1s encontrar informaci\u00f3n variada sobre el d\u00ed\u00ada a d\u00ed\u00ada de la autoescuela, ex\u00e1menes, test o novedades y consejos para una conducci\u00f3n m\u00e1s segura.\",\"sameAs\":[\"http:\/\/www.blogdelaautoescuela.com\/\",\"https:\/\/www.facebook.com\/blogdelaautoescuela\",\"https:\/\/x.com\/autoescuelas\"],\"url\":\"https:\/\/www.blogdelaautoescuela.com\/blog\/author\/usr_blogauto\/\"}]}<\/script>\n<!-- \/ Yoast SEO plugin. -->","yoast_head_json":{"title":"Autoescuelas y Centros de recuperaci\u00f3n de puntos en Gerona","description":"Durante la \u00faltima campa\u00f1a llevada a cabo por la DGT realizada en Gerona relacionada con el uso del cintur\u00f3n de seguridad dio como resultado la sanci\u00f3n a 2879 personas.","robots":{"index":"index","follow":"follow","max-snippet":"max-snippet:-1","max-image-preview":"max-image-preview:large","max-video-preview":"max-video-preview:-1"},"canonical":"https:\/\/www.blogdelaautoescuela.com\/blog\/autoescuelas-y-centros-de-recuperacion-de-puntos-en-gerona\/","og_locale":"es_ES","og_type":"article","og_title":"Autoescuelas y Centros de recuperaci\u00f3n de puntos en Gerona","og_description":"Durante la \u00faltima campa\u00f1a llevada a cabo por la DGT realizada en Gerona relacionada con el uso del cintur\u00f3n de seguridad dio como resultado la sanci\u00f3n a 2879 personas.","og_url":"https:\/\/www.blogdelaautoescuela.com\/blog\/autoescuelas-y-centros-de-recuperacion-de-puntos-en-gerona\/","og_site_name":"Blog de la autoescuela","article_author":"https:\/\/www.facebook.com\/blogdelaautoescuela","article_published_time":"2011-05-26T09:00:59+00:00","article_modified_time":"2014-12-19T11:26:51+00:00","og_image":[{"width":300,"height":225,"url":"https:\/\/www.blogdelaautoescuela.com\/blog\/wp-content\/uploads\/2009\/02\/cinturon1.jpg","type":"image\/jpeg"}],"author":"usr_blogauto","twitter_misc":{"Escrito por":"usr_blogauto","Tiempo de lectura":"2 minutos"},"schema":{"@context":"https:\/\/schema.org","@graph":[{"@type":"WebPage","@id":"https:\/\/www.blogdelaautoescuela.com\/blog\/autoescuelas-y-centros-de-recuperacion-de-puntos-en-gerona\/","url":"https:\/\/www.blogdelaautoescuela.com\/blog\/autoescuelas-y-centros-de-recuperacion-de-puntos-en-gerona\/","name":"Autoescuelas y Centros de recuperaci\u00f3n de puntos en Gerona","isPartOf":{"@id":"https:\/\/www.blogdelaautoescuela.com\/blog\/#website"},"primaryImageOfPage":{"@id":"https:\/\/www.blogdelaautoescuela.com\/blog\/autoescuelas-y-centros-de-recuperacion-de-puntos-en-gerona\/#primaryimage"},"image":{"@id":"https:\/\/www.blogdelaautoescuela.com\/blog\/autoescuelas-y-centros-de-recuperacion-de-puntos-en-gerona\/#primaryimage"},"thumbnailUrl":"https:\/\/www.blogdelaautoescuela.com\/blog\/wp-content\/uploads\/2009\/02\/cinturon1.jpg","datePublished":"2011-05-26T09:00:59+00:00","dateModified":"2014-12-19T11:26:51+00:00","author":{"@id":"https:\/\/www.blogdelaautoescuela.com\/blog\/#\/schema\/person\/f209a64ca5dfe74b9acb6317240e792f"},"description":"Durante la \u00faltima campa\u00f1a llevada a cabo por la DGT realizada en Gerona relacionada con el uso del cintur\u00f3n de seguridad dio como resultado la sanci\u00f3n a 2879 personas.","breadcrumb":{"@id":"https:\/\/www.blogdelaautoescuela.com\/blog\/autoescuelas-y-centros-de-recuperacion-de-puntos-en-gerona\/#breadcrumb"},"inLanguage":"es","potentialAction":[{"@type":"ReadAction","target":["https:\/\/www.blogdelaautoescuela.com\/blog\/autoescuelas-y-centros-de-recuperacion-de-puntos-en-gerona\/"]}]},{"@type":"ImageObject","inLanguage":"es","@id":"https:\/\/www.blogdelaautoescuela.com\/blog\/autoescuelas-y-centros-de-recuperacion-de-puntos-en-gerona\/#primaryimage","url":"https:\/\/www.blogdelaautoescuela.com\/blog\/wp-content\/uploads\/2009\/02\/cinturon1.jpg","contentUrl":"https:\/\/www.blogdelaautoescuela.com\/blog\/wp-content\/uploads\/2009\/02\/cinturon1.jpg","width":300,"height":225},{"@type":"BreadcrumbList","@id":"https:\/\/www.blogdelaautoescuela.com\/blog\/autoescuelas-y-centros-de-recuperacion-de-puntos-en-gerona\/#breadcrumb","itemListElement":[{"@type":"ListItem","position":1,"name":"Portada","item":"https:\/\/www.blogdelaautoescuela.com\/blog\/"},{"@type":"ListItem","position":2,"name":"Autoescuelas y Centros de recuperaci\u00f3n de puntos en Gerona"}]},{"@type":"WebSite","@id":"https:\/\/www.blogdelaautoescuela.com\/blog\/#website","url":"https:\/\/www.blogdelaautoescuela.com\/blog\/","name":"Blog de la autoescuela","description":"Noticias sobre autoescuelas y seguridad vial","potentialAction":[{"@type":"SearchAction","target":{"@type":"EntryPoint","urlTemplate":"https:\/\/www.blogdelaautoescuela.com\/blog\/?s={search_term_string}"},"query-input":{"@type":"PropertyValueSpecification","valueRequired":true,"valueName":"search_term_string"}}],"inLanguage":"es"},{"@type":"Person","@id":"https:\/\/www.blogdelaautoescuela.com\/blog\/#\/schema\/person\/f209a64ca5dfe74b9acb6317240e792f","name":"usr_blogauto","image":{"@type":"ImageObject","inLanguage":"es","@id":"https:\/\/www.blogdelaautoescuela.com\/blog\/#\/schema\/person\/image\/","url":"https:\/\/secure.gravatar.com\/avatar\/d3939d4ea521ac8421c86d2980321cc9?s=96&d=mm&r=g","contentUrl":"https:\/\/secure.gravatar.com\/avatar\/d3939d4ea521ac8421c86d2980321cc9?s=96&d=mm&r=g","caption":"usr_blogauto"},"description":"Blog dedicado a la conducci\u00f3n, las autoescuelas y la seguridad vial. Est\u00e1 creado por un grupo de profesionales de la formaci\u00f3n vial que comparten inquietudes y experiencias. Aqu\u00ed\u00ad podr\u00e1s encontrar informaci\u00f3n variada sobre el d\u00ed\u00ada a d\u00ed\u00ada de la autoescuela, ex\u00e1menes, test o novedades y consejos para una conducci\u00f3n m\u00e1s segura.","sameAs":["http:\/\/www.blogdelaautoescuela.com\/","https:\/\/www.facebook.com\/blogdelaautoescuela","https:\/\/x.com\/autoescuelas"],"url":"https:\/\/www.blogdelaautoescuela.com\/blog\/author\/usr_blogauto\/"}]}},"jetpack_featured_media_url":"https:\/\/www.blogdelaautoescuela.com\/blog\/wp-content\/uploads\/2009\/02\/cinturon1.jpg","_links":{"self":[{"href":"https:\/\/www.blogdelaautoescuela.com\/blog\/wp-json\/wp\/v2\/posts\/6955","targetHints":{"allow":["GET"]}}],"collection":[{"href":"https:\/\/www.blogdelaautoescuela.com\/blog\/wp-json\/wp\/v2\/posts"}],"about":[{"href":"https:\/\/www.blogdelaautoescuela.com\/blog\/wp-json\/wp\/v2\/types\/post"}],"author":[{"embeddable":true,"href":"https:\/\/www.blogdelaautoescuela.com\/blog\/wp-json\/wp\/v2\/users\/1"}],"replies":[{"embeddable":true,"href":"https:\/\/www.blogdelaautoescuela.com\/blog\/wp-json\/wp\/v2\/comments?post=6955"}],"version-history":[{"count":0,"href":"https:\/\/www.blogdelaautoescuela.com\/blog\/wp-json\/wp\/v2\/posts\/6955\/revisions"}],"wp:featuredmedia":[{"embeddable":true,"href":"https:\/\/www.blogdelaautoescuela.com\/blog\/wp-json\/wp\/v2\/media\/472"}],"wp:attachment":[{"href":"https:\/\/www.blogdelaautoescuela.com\/blog\/wp-json\/wp\/v2\/media?parent=6955"}],"wp:term":[{"taxonomy":"category","embeddable":true,"href":"https:\/\/www.blogdelaautoescuela.com\/blog\/wp-json\/wp\/v2\/categories?post=6955"},{"taxonomy":"post_tag","embeddable":true,"href":"https:\/\/www.blogdelaautoescuela.com\/blog\/wp-json\/wp\/v2\/tags?post=6955"}],"curies":[{"name":"wp","href":"https:\/\/api.w.org\/{rel}","templated":true}]}}