
{"id":6884,"date":"2011-05-19T11:00:52","date_gmt":"2011-05-19T09:00:52","guid":{"rendered":"http:\/\/www.blogdelaautoescuela.com\/blog\/?p=6884"},"modified":"2011-05-19T11:00:52","modified_gmt":"2011-05-19T09:00:52","slug":"autoescuelas-y-centros-de-recuperacion-de-puntos-en-avila","status":"publish","type":"post","link":"https:\/\/www.blogdelaautoescuela.com\/blog\/autoescuelas-y-centros-de-recuperacion-de-puntos-en-avila\/","title":{"rendered":"Autoescuelas y Centros de recuperaci\u00f3n de puntos en \u00c1vila"},"content":{"rendered":"<p style=\"text-align: center;\"><img loading=\"lazy\" decoding=\"async\" class=\"size-full wp-image-2494  aligncenter\" title=\"movil_coche2\" src=\"http:\/\/www.blogdelaautoescuela.com\/blog\/wp-content\/uploads\/2009\/11\/movil_coche2.jpg\" alt=\"movil_coche2\" width=\"400\" height=\"220\" \/><\/p>\n<p>La \u00faltima campa\u00f1a llevada a cabo por la Direcci\u00f3n General de Tr\u00e1fico (DGT)\u00a0para concienciar a los conductores de los peligros que supone conducir mientras se habla por tel\u00e9fono, o por otras distracciones como pueden ser programar el navegador o la utilizaci\u00f3n de auriculares, ya que son las causantes del 50 % de los accidentes mortales nos ha revelado los siguientes datos.<\/p>\n<p>&#8211; De las 4.201 denuncias impuestas,\u00a0<strong>3.387<\/strong> (el 85%)\u00a0<strong>corresponden a tel\u00e9fono m\u00f3vil.<\/strong><\/p>\n<p>&#8211;\u00a0<strong>38<\/strong> conductores han sido denunciados por\u00a0<strong>programar el navegador<\/strong> durante la conducci\u00f3n.<\/p>\n<p>&#8211;\u00a0<strong>169<\/strong> denuncias por la\u00a0<strong>utilizaci\u00f3n de cascos o auriculares<\/strong> conectados a receptores o reproductores de sonido distintos del tel\u00e9fono m\u00f3vil.\u00a0Adem\u00e1s, otros 607 conductores han sido denunciados por otras infracciones que provocan distracci\u00f3n en la conducci\u00f3n.<\/p>\n<p>El uso del tel\u00e9fono m\u00f3vil es un\u00a0<strong>factor<\/strong> que multiplica por cuatro el riesgo de\u00a0<strong>sufrir accidentes<\/strong> y el riesgo que asume el conductor cuando habla por el tel\u00e9fono mientras\u00a0<strong>conduce<\/strong> puede ser equiparable a la conducci\u00f3n con\u00a0<strong>excesos de alcohol<\/strong>, seg\u00fan diversos estudios citados por la\u00a0<strong>DGT<\/strong>. A pesar de los datos mencionados anteriormente, las <strong>multas por el uso del m\u00f3vil han descendido un 11 % en el \u00faltimo a\u00f1o.<br \/>\n<\/strong><br \/>\nSi el uso del m\u00f3vil mientras conduc\u00ed\u00ada le ha acarreado p\u00e9rdida de puntos en su carnet de conducir, aqu\u00ed\u00ad os dejamos el listado de autoescuelas que imparten los cursos para recuperar puntos en la provincia de <strong>\u00c1vila<\/strong>.<\/p>\n<p><strong>Autoescuela Castilla<\/strong>, C\/ Ntra. Sra. De las Angustias, 5, 05200 Ar\u00e9valo. Tel\u00e9fono 920300143.<\/p>\n<p><strong>Autoescuela Delgado<\/strong>, C\/ Martires, 10, 05400 Arenas de San Pedro. Tel\u00e9fono 620969835<\/p>\n<p><strong>Autoescuela Picasso<\/strong>, P\u00ba San Roque, 15, 05003 \u00c1vila. Tel\u00e9fono 920227883.<\/p>\n<p>Quien quiera recuperar puntos puede obtener el\u00a0<a href=\"http:\/\/www.arisoft.es\/b2c\/index.php?page=pp_producto.php&amp;md=0&amp;ref=AEPM_PERMISO+PUNTOS\">cd con test para la recuperaci\u00f3n de puntos<\/a><\/p>\n","protected":false},"excerpt":{"rendered":"<p>La \u00faltima campa\u00f1a llevada a cabo por la Direcci\u00f3n General de Tr\u00e1fico (DGT)\u00a0para concienciar a los conductores de los peligros que supone conducir mientras se habla por tel\u00e9fono, o por otras distracciones como pueden ser programar el navegador o la utilizaci\u00f3n de auriculares, ya que son las causantes del 50 % de los accidentes mortales [&hellip;]<\/p>\n","protected":false},"author":1,"featured_media":2494,"comment_status":"open","ping_status":"closed","sticky":false,"template":"","format":"standard","meta":{"footnotes":"","jetpack_publicize_message":"","jetpack_publicize_feature_enabled":true,"jetpack_social_post_already_shared":false,"jetpack_social_options":{"image_generator_settings":{"template":"highway","enabled":false},"version":2}},"categories":[3,14],"tags":[1664,192,307,1674],"class_list":["post-6884","post","type-post","status-publish","format-standard","has-post-thumbnail","hentry","category-autoescuela","category-permiso-por-puntos","tag-autoescuela","tag-avila","tag-centros-recuperacion-puntos","tag-permiso-por-puntos"],"wppr_data":[],"jetpack_publicize_connections":[],"yoast_head":"<!-- This site is optimized with the Yoast SEO plugin v24.7 - https:\/\/yoast.com\/wordpress\/plugins\/seo\/ -->\n<title>Autoescuelas y Centros de recuperaci\u00f3n de puntos en \u00c1vila<\/title>\n<meta name=\"description\" content=\"El uso del tel\u00e9fono m\u00f3vil es un factor que multiplica por cuatro el riesgo de sufrir accidentes y el riesgo que se asume puede ser equiparable a la conducci\u00f3n con excesos de alcohol.\" \/>\n<meta name=\"robots\" content=\"index, follow, max-snippet:-1, max-image-preview:large, max-video-preview:-1\" \/>\n<link rel=\"canonical\" href=\"https:\/\/www.blogdelaautoescuela.com\/blog\/autoescuelas-y-centros-de-recuperacion-de-puntos-en-avila\/\" \/>\n<meta property=\"og:locale\" content=\"es_ES\" \/>\n<meta property=\"og:type\" content=\"article\" \/>\n<meta property=\"og:title\" content=\"Autoescuelas y Centros de recuperaci\u00f3n de puntos en \u00c1vila\" \/>\n<meta property=\"og:description\" content=\"El uso del tel\u00e9fono m\u00f3vil es un factor que multiplica por cuatro el riesgo de sufrir accidentes y el riesgo que se asume puede ser equiparable a la conducci\u00f3n con excesos de alcohol.\" \/>\n<meta property=\"og:url\" content=\"https:\/\/www.blogdelaautoescuela.com\/blog\/autoescuelas-y-centros-de-recuperacion-de-puntos-en-avila\/\" \/>\n<meta property=\"og:site_name\" content=\"Blog de la autoescuela\" \/>\n<meta property=\"article:author\" content=\"https:\/\/www.facebook.com\/blogdelaautoescuela\" \/>\n<meta property=\"article:published_time\" content=\"2011-05-19T09:00:52+00:00\" \/>\n<meta property=\"og:image\" content=\"https:\/\/www.blogdelaautoescuela.com\/blog\/wp-content\/uploads\/2009\/11\/movil_coche21.jpg\" \/>\n\t<meta property=\"og:image:width\" content=\"400\" \/>\n\t<meta property=\"og:image:height\" content=\"220\" \/>\n\t<meta property=\"og:image:type\" content=\"image\/jpeg\" \/>\n<meta name=\"author\" content=\"usr_blogauto\" \/>\n<meta name=\"twitter:label1\" content=\"Escrito por\" \/>\n\t<meta name=\"twitter:data1\" content=\"usr_blogauto\" \/>\n\t<meta name=\"twitter:label2\" content=\"Tiempo de lectura\" \/>\n\t<meta name=\"twitter:data2\" content=\"1 minuto\" \/>\n<script type=\"application\/ld+json\" class=\"yoast-schema-graph\">{\"@context\":\"https:\/\/schema.org\",\"@graph\":[{\"@type\":\"WebPage\",\"@id\":\"https:\/\/www.blogdelaautoescuela.com\/blog\/autoescuelas-y-centros-de-recuperacion-de-puntos-en-avila\/\",\"url\":\"https:\/\/www.blogdelaautoescuela.com\/blog\/autoescuelas-y-centros-de-recuperacion-de-puntos-en-avila\/\",\"name\":\"Autoescuelas y Centros de recuperaci\u00f3n de puntos en \u00c1vila\",\"isPartOf\":{\"@id\":\"https:\/\/www.blogdelaautoescuela.com\/blog\/#website\"},\"primaryImageOfPage\":{\"@id\":\"https:\/\/www.blogdelaautoescuela.com\/blog\/autoescuelas-y-centros-de-recuperacion-de-puntos-en-avila\/#primaryimage\"},\"image\":{\"@id\":\"https:\/\/www.blogdelaautoescuela.com\/blog\/autoescuelas-y-centros-de-recuperacion-de-puntos-en-avila\/#primaryimage\"},\"thumbnailUrl\":\"https:\/\/www.blogdelaautoescuela.com\/blog\/wp-content\/uploads\/2009\/11\/movil_coche21.jpg\",\"datePublished\":\"2011-05-19T09:00:52+00:00\",\"author\":{\"@id\":\"https:\/\/www.blogdelaautoescuela.com\/blog\/#\/schema\/person\/f209a64ca5dfe74b9acb6317240e792f\"},\"description\":\"El uso del tel\u00e9fono m\u00f3vil es un factor que multiplica por cuatro el riesgo de sufrir accidentes y el riesgo que se asume puede ser equiparable a la conducci\u00f3n con excesos de alcohol.\",\"breadcrumb\":{\"@id\":\"https:\/\/www.blogdelaautoescuela.com\/blog\/autoescuelas-y-centros-de-recuperacion-de-puntos-en-avila\/#breadcrumb\"},\"inLanguage\":\"es\",\"potentialAction\":[{\"@type\":\"ReadAction\",\"target\":[\"https:\/\/www.blogdelaautoescuela.com\/blog\/autoescuelas-y-centros-de-recuperacion-de-puntos-en-avila\/\"]}]},{\"@type\":\"ImageObject\",\"inLanguage\":\"es\",\"@id\":\"https:\/\/www.blogdelaautoescuela.com\/blog\/autoescuelas-y-centros-de-recuperacion-de-puntos-en-avila\/#primaryimage\",\"url\":\"https:\/\/www.blogdelaautoescuela.com\/blog\/wp-content\/uploads\/2009\/11\/movil_coche21.jpg\",\"contentUrl\":\"https:\/\/www.blogdelaautoescuela.com\/blog\/wp-content\/uploads\/2009\/11\/movil_coche21.jpg\",\"width\":400,\"height\":220},{\"@type\":\"BreadcrumbList\",\"@id\":\"https:\/\/www.blogdelaautoescuela.com\/blog\/autoescuelas-y-centros-de-recuperacion-de-puntos-en-avila\/#breadcrumb\",\"itemListElement\":[{\"@type\":\"ListItem\",\"position\":1,\"name\":\"Portada\",\"item\":\"https:\/\/www.blogdelaautoescuela.com\/blog\/\"},{\"@type\":\"ListItem\",\"position\":2,\"name\":\"Autoescuelas y Centros de recuperaci\u00f3n de puntos en \u00c1vila\"}]},{\"@type\":\"WebSite\",\"@id\":\"https:\/\/www.blogdelaautoescuela.com\/blog\/#website\",\"url\":\"https:\/\/www.blogdelaautoescuela.com\/blog\/\",\"name\":\"Blog de la autoescuela\",\"description\":\"Noticias sobre autoescuelas y seguridad vial\",\"potentialAction\":[{\"@type\":\"SearchAction\",\"target\":{\"@type\":\"EntryPoint\",\"urlTemplate\":\"https:\/\/www.blogdelaautoescuela.com\/blog\/?s={search_term_string}\"},\"query-input\":{\"@type\":\"PropertyValueSpecification\",\"valueRequired\":true,\"valueName\":\"search_term_string\"}}],\"inLanguage\":\"es\"},{\"@type\":\"Person\",\"@id\":\"https:\/\/www.blogdelaautoescuela.com\/blog\/#\/schema\/person\/f209a64ca5dfe74b9acb6317240e792f\",\"name\":\"usr_blogauto\",\"image\":{\"@type\":\"ImageObject\",\"inLanguage\":\"es\",\"@id\":\"https:\/\/www.blogdelaautoescuela.com\/blog\/#\/schema\/person\/image\/\",\"url\":\"https:\/\/secure.gravatar.com\/avatar\/d3939d4ea521ac8421c86d2980321cc9?s=96&d=mm&r=g\",\"contentUrl\":\"https:\/\/secure.gravatar.com\/avatar\/d3939d4ea521ac8421c86d2980321cc9?s=96&d=mm&r=g\",\"caption\":\"usr_blogauto\"},\"description\":\"Blog dedicado a la conducci\u00f3n, las autoescuelas y la seguridad vial. Est\u00e1 creado por un grupo de profesionales de la formaci\u00f3n vial que comparten inquietudes y experiencias. Aqu\u00ed\u00ad podr\u00e1s encontrar informaci\u00f3n variada sobre el d\u00ed\u00ada a d\u00ed\u00ada de la autoescuela, ex\u00e1menes, test o novedades y consejos para una conducci\u00f3n m\u00e1s segura.\",\"sameAs\":[\"http:\/\/www.blogdelaautoescuela.com\/\",\"https:\/\/www.facebook.com\/blogdelaautoescuela\",\"https:\/\/x.com\/autoescuelas\"],\"url\":\"https:\/\/www.blogdelaautoescuela.com\/blog\/author\/usr_blogauto\/\"}]}<\/script>\n<!-- \/ Yoast SEO plugin. -->","yoast_head_json":{"title":"Autoescuelas y Centros de recuperaci\u00f3n de puntos en \u00c1vila","description":"El uso del tel\u00e9fono m\u00f3vil es un factor que multiplica por cuatro el riesgo de sufrir accidentes y el riesgo que se asume puede ser equiparable a la conducci\u00f3n con excesos de alcohol.","robots":{"index":"index","follow":"follow","max-snippet":"max-snippet:-1","max-image-preview":"max-image-preview:large","max-video-preview":"max-video-preview:-1"},"canonical":"https:\/\/www.blogdelaautoescuela.com\/blog\/autoescuelas-y-centros-de-recuperacion-de-puntos-en-avila\/","og_locale":"es_ES","og_type":"article","og_title":"Autoescuelas y Centros de recuperaci\u00f3n de puntos en \u00c1vila","og_description":"El uso del tel\u00e9fono m\u00f3vil es un factor que multiplica por cuatro el riesgo de sufrir accidentes y el riesgo que se asume puede ser equiparable a la conducci\u00f3n con excesos de alcohol.","og_url":"https:\/\/www.blogdelaautoescuela.com\/blog\/autoescuelas-y-centros-de-recuperacion-de-puntos-en-avila\/","og_site_name":"Blog de la autoescuela","article_author":"https:\/\/www.facebook.com\/blogdelaautoescuela","article_published_time":"2011-05-19T09:00:52+00:00","og_image":[{"width":400,"height":220,"url":"https:\/\/www.blogdelaautoescuela.com\/blog\/wp-content\/uploads\/2009\/11\/movil_coche21.jpg","type":"image\/jpeg"}],"author":"usr_blogauto","twitter_misc":{"Escrito por":"usr_blogauto","Tiempo de lectura":"1 minuto"},"schema":{"@context":"https:\/\/schema.org","@graph":[{"@type":"WebPage","@id":"https:\/\/www.blogdelaautoescuela.com\/blog\/autoescuelas-y-centros-de-recuperacion-de-puntos-en-avila\/","url":"https:\/\/www.blogdelaautoescuela.com\/blog\/autoescuelas-y-centros-de-recuperacion-de-puntos-en-avila\/","name":"Autoescuelas y Centros de recuperaci\u00f3n de puntos en \u00c1vila","isPartOf":{"@id":"https:\/\/www.blogdelaautoescuela.com\/blog\/#website"},"primaryImageOfPage":{"@id":"https:\/\/www.blogdelaautoescuela.com\/blog\/autoescuelas-y-centros-de-recuperacion-de-puntos-en-avila\/#primaryimage"},"image":{"@id":"https:\/\/www.blogdelaautoescuela.com\/blog\/autoescuelas-y-centros-de-recuperacion-de-puntos-en-avila\/#primaryimage"},"thumbnailUrl":"https:\/\/www.blogdelaautoescuela.com\/blog\/wp-content\/uploads\/2009\/11\/movil_coche21.jpg","datePublished":"2011-05-19T09:00:52+00:00","author":{"@id":"https:\/\/www.blogdelaautoescuela.com\/blog\/#\/schema\/person\/f209a64ca5dfe74b9acb6317240e792f"},"description":"El uso del tel\u00e9fono m\u00f3vil es un factor que multiplica por cuatro el riesgo de sufrir accidentes y el riesgo que se asume puede ser equiparable a la conducci\u00f3n con excesos de alcohol.","breadcrumb":{"@id":"https:\/\/www.blogdelaautoescuela.com\/blog\/autoescuelas-y-centros-de-recuperacion-de-puntos-en-avila\/#breadcrumb"},"inLanguage":"es","potentialAction":[{"@type":"ReadAction","target":["https:\/\/www.blogdelaautoescuela.com\/blog\/autoescuelas-y-centros-de-recuperacion-de-puntos-en-avila\/"]}]},{"@type":"ImageObject","inLanguage":"es","@id":"https:\/\/www.blogdelaautoescuela.com\/blog\/autoescuelas-y-centros-de-recuperacion-de-puntos-en-avila\/#primaryimage","url":"https:\/\/www.blogdelaautoescuela.com\/blog\/wp-content\/uploads\/2009\/11\/movil_coche21.jpg","contentUrl":"https:\/\/www.blogdelaautoescuela.com\/blog\/wp-content\/uploads\/2009\/11\/movil_coche21.jpg","width":400,"height":220},{"@type":"BreadcrumbList","@id":"https:\/\/www.blogdelaautoescuela.com\/blog\/autoescuelas-y-centros-de-recuperacion-de-puntos-en-avila\/#breadcrumb","itemListElement":[{"@type":"ListItem","position":1,"name":"Portada","item":"https:\/\/www.blogdelaautoescuela.com\/blog\/"},{"@type":"ListItem","position":2,"name":"Autoescuelas y Centros de recuperaci\u00f3n de puntos en \u00c1vila"}]},{"@type":"WebSite","@id":"https:\/\/www.blogdelaautoescuela.com\/blog\/#website","url":"https:\/\/www.blogdelaautoescuela.com\/blog\/","name":"Blog de la autoescuela","description":"Noticias sobre autoescuelas y seguridad vial","potentialAction":[{"@type":"SearchAction","target":{"@type":"EntryPoint","urlTemplate":"https:\/\/www.blogdelaautoescuela.com\/blog\/?s={search_term_string}"},"query-input":{"@type":"PropertyValueSpecification","valueRequired":true,"valueName":"search_term_string"}}],"inLanguage":"es"},{"@type":"Person","@id":"https:\/\/www.blogdelaautoescuela.com\/blog\/#\/schema\/person\/f209a64ca5dfe74b9acb6317240e792f","name":"usr_blogauto","image":{"@type":"ImageObject","inLanguage":"es","@id":"https:\/\/www.blogdelaautoescuela.com\/blog\/#\/schema\/person\/image\/","url":"https:\/\/secure.gravatar.com\/avatar\/d3939d4ea521ac8421c86d2980321cc9?s=96&d=mm&r=g","contentUrl":"https:\/\/secure.gravatar.com\/avatar\/d3939d4ea521ac8421c86d2980321cc9?s=96&d=mm&r=g","caption":"usr_blogauto"},"description":"Blog dedicado a la conducci\u00f3n, las autoescuelas y la seguridad vial. Est\u00e1 creado por un grupo de profesionales de la formaci\u00f3n vial que comparten inquietudes y experiencias. Aqu\u00ed\u00ad podr\u00e1s encontrar informaci\u00f3n variada sobre el d\u00ed\u00ada a d\u00ed\u00ada de la autoescuela, ex\u00e1menes, test o novedades y consejos para una conducci\u00f3n m\u00e1s segura.","sameAs":["http:\/\/www.blogdelaautoescuela.com\/","https:\/\/www.facebook.com\/blogdelaautoescuela","https:\/\/x.com\/autoescuelas"],"url":"https:\/\/www.blogdelaautoescuela.com\/blog\/author\/usr_blogauto\/"}]}},"jetpack_featured_media_url":"https:\/\/www.blogdelaautoescuela.com\/blog\/wp-content\/uploads\/2009\/11\/movil_coche21.jpg","_links":{"self":[{"href":"https:\/\/www.blogdelaautoescuela.com\/blog\/wp-json\/wp\/v2\/posts\/6884","targetHints":{"allow":["GET"]}}],"collection":[{"href":"https:\/\/www.blogdelaautoescuela.com\/blog\/wp-json\/wp\/v2\/posts"}],"about":[{"href":"https:\/\/www.blogdelaautoescuela.com\/blog\/wp-json\/wp\/v2\/types\/post"}],"author":[{"embeddable":true,"href":"https:\/\/www.blogdelaautoescuela.com\/blog\/wp-json\/wp\/v2\/users\/1"}],"replies":[{"embeddable":true,"href":"https:\/\/www.blogdelaautoescuela.com\/blog\/wp-json\/wp\/v2\/comments?post=6884"}],"version-history":[{"count":0,"href":"https:\/\/www.blogdelaautoescuela.com\/blog\/wp-json\/wp\/v2\/posts\/6884\/revisions"}],"wp:featuredmedia":[{"embeddable":true,"href":"https:\/\/www.blogdelaautoescuela.com\/blog\/wp-json\/wp\/v2\/media\/2494"}],"wp:attachment":[{"href":"https:\/\/www.blogdelaautoescuela.com\/blog\/wp-json\/wp\/v2\/media?parent=6884"}],"wp:term":[{"taxonomy":"category","embeddable":true,"href":"https:\/\/www.blogdelaautoescuela.com\/blog\/wp-json\/wp\/v2\/categories?post=6884"},{"taxonomy":"post_tag","embeddable":true,"href":"https:\/\/www.blogdelaautoescuela.com\/blog\/wp-json\/wp\/v2\/tags?post=6884"}],"curies":[{"name":"wp","href":"https:\/\/api.w.org\/{rel}","templated":true}]}}