
{"id":6504,"date":"2011-04-12T10:54:34","date_gmt":"2011-04-12T08:54:34","guid":{"rendered":"http:\/\/www.blogdelaautoescuela.com\/blog\/?p=6504"},"modified":"2011-04-12T10:54:34","modified_gmt":"2011-04-12T08:54:34","slug":"los-ministerios-de-trabajo-e-interior-se-unen-por-la-seguridad-vial","status":"publish","type":"post","link":"https:\/\/www.blogdelaautoescuela.com\/blog\/los-ministerios-de-trabajo-e-interior-se-unen-por-la-seguridad-vial\/","title":{"rendered":"Los Ministerios de Trabajo e Interior se unen por la Seguridad Vial"},"content":{"rendered":"<p style=\"text-align: center;\"><img loading=\"lazy\" decoding=\"async\" class=\"size-full wp-image-6505 aligncenter\" title=\"furgoneta\" src=\"http:\/\/www.blogdelaautoescuela.com\/blog\/wp-content\/uploads\/2011\/04\/furgoneta.jpg\" alt=\"furgoneta\" width=\"400\" height=\"280\" \/><\/p>\n<p>Una de las principales preocupaciones de la <strong>Seguridad Vial <\/strong>son los<strong> accidentes de tr\u00e1fico relacionados con el trabajo<\/strong>, para que nos hagamos una idea, s\u00f3lo durante el a\u00f1o 2009 se produjeron un total de 68.833 accidentes de tr\u00e1fico en el \u00e1mbito laboral en los que 283 personas perdiron la vida.<\/p>\n<p>Para <strong>reducir la alta siniestralidad laboral los ministros de Interior y Trabajo han firmado un acuerdo de colaboraci\u00f3n<\/strong> mediante el que pretenden reducir los accidentes de tr\u00e1fico relacionados con el trabajo.<\/p>\n<p>Mediante este acuerdo <strong>las empresas que realicen planes de movilidad y seguridad vial podr\u00e1n reducir las cotizaciones a la Seguridad Social.<\/strong><\/p>\n<p><strong><span style=\"color: #99cc00;\">Los planes de movilidad de las empresas deben incluir como m\u00ed\u00adnimo:<\/span><\/strong><\/p>\n<ul>\n<li>El compromiso de la empresa por reducir la siniestralidad laboral vial y se deben suscribir a la Carta Europea de Seguridad Vial.<\/li>\n<li>Tiene que haber un departamento en la empresa responsable de desarrollar el Plan de Seguridad Vial y las los procedimientos de participaci\u00f3n de los trabajadores.<\/li>\n<li>Tienen que recoger la informaci\u00f3n sobre los desplazamientos de los trabajadores, y deben llevar a cabo estad\u00ed\u00adsticas e investigar los accidentes sufridos.<\/li>\n<li>Deben evaluar los riesgos, tanto de la organizaci\u00f3n y gesti\u00f3n de los desplazamientos, como del factor humano, el veh\u00ed\u00adculo, la infraestructura y los riesgos ambientales.<\/li>\n<li>Debe incluir la puesta en marcha de medidas preventivas concretas, entre las que destaca la formaci\u00f3n de los empleados.<\/li>\n<li>Evaluaci\u00f3n y seguimiento del Plan<\/li>\n<\/ul>\n<p>Quien quiera ampliar la informaci\u00f3n sobre el acuerdo entre los ministerios para reducir la siniestralidad vial laboral se puede <a href=\"http:\/\/www.dgt.es\/was6\/portal\/contenidos\/documentos\/prensa_campanas\/notas_prensa\/NotasDePrensa0095.pdf\">descargar la Nota de Prensa emitida por el Gobierno.<\/a><\/p>\n","protected":false},"excerpt":{"rendered":"<p>Una de las principales preocupaciones de la Seguridad Vial son los accidentes de tr\u00e1fico relacionados con el trabajo, para que nos hagamos una idea, s\u00f3lo durante el a\u00f1o 2009 se produjeron un total de 68.833 accidentes de tr\u00e1fico en el \u00e1mbito laboral en los que 283 personas perdiron la vida. Para reducir la alta siniestralidad [&hellip;]<\/p>\n","protected":false},"author":1,"featured_media":6505,"comment_status":"open","ping_status":"closed","sticky":false,"template":"","format":"standard","meta":{"footnotes":"","jetpack_publicize_message":"","jetpack_publicize_feature_enabled":true,"jetpack_social_post_already_shared":false,"jetpack_social_options":{"image_generator_settings":{"template":"highway","enabled":false},"version":2}},"categories":[12],"tags":[789,1678],"class_list":["post-6504","post","type-post","status-publish","format-standard","has-post-thumbnail","hentry","category-noticias","tag-laboral","tag-seguridad-vial"],"wppr_data":[],"jetpack_publicize_connections":[],"yoast_head":"<!-- This site is optimized with the Yoast SEO plugin v24.7 - https:\/\/yoast.com\/wordpress\/plugins\/seo\/ -->\n<title>Los Ministerios de Trabajo e Interior se unen por la Seguridad Vial<\/title>\n<meta name=\"description\" content=\"las empresas que realicen planes de movilidad y seguridad vial podr\u00e1n reducir las cotizaciones a la Seguridad Social.\" \/>\n<meta name=\"robots\" content=\"index, follow, max-snippet:-1, max-image-preview:large, max-video-preview:-1\" \/>\n<link rel=\"canonical\" href=\"https:\/\/www.blogdelaautoescuela.com\/blog\/los-ministerios-de-trabajo-e-interior-se-unen-por-la-seguridad-vial\/\" \/>\n<meta property=\"og:locale\" content=\"es_ES\" \/>\n<meta property=\"og:type\" content=\"article\" \/>\n<meta property=\"og:title\" content=\"Los Ministerios de Trabajo e Interior se unen por la Seguridad Vial\" \/>\n<meta property=\"og:description\" content=\"las empresas que realicen planes de movilidad y seguridad vial podr\u00e1n reducir las cotizaciones a la Seguridad Social.\" \/>\n<meta property=\"og:url\" content=\"https:\/\/www.blogdelaautoescuela.com\/blog\/los-ministerios-de-trabajo-e-interior-se-unen-por-la-seguridad-vial\/\" \/>\n<meta property=\"og:site_name\" content=\"Blog de la autoescuela\" \/>\n<meta property=\"article:author\" content=\"https:\/\/www.facebook.com\/blogdelaautoescuela\" \/>\n<meta property=\"article:published_time\" content=\"2011-04-12T08:54:34+00:00\" \/>\n<meta property=\"og:image\" content=\"https:\/\/www.blogdelaautoescuela.com\/blog\/wp-content\/uploads\/2011\/04\/furgoneta1.jpg\" \/>\n\t<meta property=\"og:image:width\" content=\"400\" \/>\n\t<meta property=\"og:image:height\" content=\"280\" \/>\n\t<meta property=\"og:image:type\" content=\"image\/jpeg\" \/>\n<meta name=\"author\" content=\"usr_blogauto\" \/>\n<meta name=\"twitter:label1\" content=\"Escrito por\" \/>\n\t<meta name=\"twitter:data1\" content=\"usr_blogauto\" \/>\n\t<meta name=\"twitter:label2\" content=\"Tiempo de lectura\" \/>\n\t<meta name=\"twitter:data2\" content=\"1 minuto\" \/>\n<script type=\"application\/ld+json\" class=\"yoast-schema-graph\">{\"@context\":\"https:\/\/schema.org\",\"@graph\":[{\"@type\":\"WebPage\",\"@id\":\"https:\/\/www.blogdelaautoescuela.com\/blog\/los-ministerios-de-trabajo-e-interior-se-unen-por-la-seguridad-vial\/\",\"url\":\"https:\/\/www.blogdelaautoescuela.com\/blog\/los-ministerios-de-trabajo-e-interior-se-unen-por-la-seguridad-vial\/\",\"name\":\"Los Ministerios de Trabajo e Interior se unen por la Seguridad Vial\",\"isPartOf\":{\"@id\":\"https:\/\/www.blogdelaautoescuela.com\/blog\/#website\"},\"primaryImageOfPage\":{\"@id\":\"https:\/\/www.blogdelaautoescuela.com\/blog\/los-ministerios-de-trabajo-e-interior-se-unen-por-la-seguridad-vial\/#primaryimage\"},\"image\":{\"@id\":\"https:\/\/www.blogdelaautoescuela.com\/blog\/los-ministerios-de-trabajo-e-interior-se-unen-por-la-seguridad-vial\/#primaryimage\"},\"thumbnailUrl\":\"https:\/\/www.blogdelaautoescuela.com\/blog\/wp-content\/uploads\/2011\/04\/furgoneta1.jpg\",\"datePublished\":\"2011-04-12T08:54:34+00:00\",\"author\":{\"@id\":\"https:\/\/www.blogdelaautoescuela.com\/blog\/#\/schema\/person\/f209a64ca5dfe74b9acb6317240e792f\"},\"description\":\"las empresas que realicen planes de movilidad y seguridad vial podr\u00e1n reducir las cotizaciones a la Seguridad Social.\",\"breadcrumb\":{\"@id\":\"https:\/\/www.blogdelaautoescuela.com\/blog\/los-ministerios-de-trabajo-e-interior-se-unen-por-la-seguridad-vial\/#breadcrumb\"},\"inLanguage\":\"es\",\"potentialAction\":[{\"@type\":\"ReadAction\",\"target\":[\"https:\/\/www.blogdelaautoescuela.com\/blog\/los-ministerios-de-trabajo-e-interior-se-unen-por-la-seguridad-vial\/\"]}]},{\"@type\":\"ImageObject\",\"inLanguage\":\"es\",\"@id\":\"https:\/\/www.blogdelaautoescuela.com\/blog\/los-ministerios-de-trabajo-e-interior-se-unen-por-la-seguridad-vial\/#primaryimage\",\"url\":\"https:\/\/www.blogdelaautoescuela.com\/blog\/wp-content\/uploads\/2011\/04\/furgoneta1.jpg\",\"contentUrl\":\"https:\/\/www.blogdelaautoescuela.com\/blog\/wp-content\/uploads\/2011\/04\/furgoneta1.jpg\",\"width\":400,\"height\":280},{\"@type\":\"BreadcrumbList\",\"@id\":\"https:\/\/www.blogdelaautoescuela.com\/blog\/los-ministerios-de-trabajo-e-interior-se-unen-por-la-seguridad-vial\/#breadcrumb\",\"itemListElement\":[{\"@type\":\"ListItem\",\"position\":1,\"name\":\"Portada\",\"item\":\"https:\/\/www.blogdelaautoescuela.com\/blog\/\"},{\"@type\":\"ListItem\",\"position\":2,\"name\":\"Los Ministerios de Trabajo e Interior se unen por la Seguridad Vial\"}]},{\"@type\":\"WebSite\",\"@id\":\"https:\/\/www.blogdelaautoescuela.com\/blog\/#website\",\"url\":\"https:\/\/www.blogdelaautoescuela.com\/blog\/\",\"name\":\"Blog de la autoescuela\",\"description\":\"Noticias sobre autoescuelas y seguridad vial\",\"potentialAction\":[{\"@type\":\"SearchAction\",\"target\":{\"@type\":\"EntryPoint\",\"urlTemplate\":\"https:\/\/www.blogdelaautoescuela.com\/blog\/?s={search_term_string}\"},\"query-input\":{\"@type\":\"PropertyValueSpecification\",\"valueRequired\":true,\"valueName\":\"search_term_string\"}}],\"inLanguage\":\"es\"},{\"@type\":\"Person\",\"@id\":\"https:\/\/www.blogdelaautoescuela.com\/blog\/#\/schema\/person\/f209a64ca5dfe74b9acb6317240e792f\",\"name\":\"usr_blogauto\",\"image\":{\"@type\":\"ImageObject\",\"inLanguage\":\"es\",\"@id\":\"https:\/\/www.blogdelaautoescuela.com\/blog\/#\/schema\/person\/image\/\",\"url\":\"https:\/\/secure.gravatar.com\/avatar\/d3939d4ea521ac8421c86d2980321cc9?s=96&d=mm&r=g\",\"contentUrl\":\"https:\/\/secure.gravatar.com\/avatar\/d3939d4ea521ac8421c86d2980321cc9?s=96&d=mm&r=g\",\"caption\":\"usr_blogauto\"},\"description\":\"Blog dedicado a la conducci\u00f3n, las autoescuelas y la seguridad vial. Est\u00e1 creado por un grupo de profesionales de la formaci\u00f3n vial que comparten inquietudes y experiencias. Aqu\u00ed\u00ad podr\u00e1s encontrar informaci\u00f3n variada sobre el d\u00ed\u00ada a d\u00ed\u00ada de la autoescuela, ex\u00e1menes, test o novedades y consejos para una conducci\u00f3n m\u00e1s segura.\",\"sameAs\":[\"http:\/\/www.blogdelaautoescuela.com\/\",\"https:\/\/www.facebook.com\/blogdelaautoescuela\",\"https:\/\/x.com\/autoescuelas\"],\"url\":\"https:\/\/www.blogdelaautoescuela.com\/blog\/author\/usr_blogauto\/\"}]}<\/script>\n<!-- \/ Yoast SEO plugin. -->","yoast_head_json":{"title":"Los Ministerios de Trabajo e Interior se unen por la Seguridad Vial","description":"las empresas que realicen planes de movilidad y seguridad vial podr\u00e1n reducir las cotizaciones a la Seguridad Social.","robots":{"index":"index","follow":"follow","max-snippet":"max-snippet:-1","max-image-preview":"max-image-preview:large","max-video-preview":"max-video-preview:-1"},"canonical":"https:\/\/www.blogdelaautoescuela.com\/blog\/los-ministerios-de-trabajo-e-interior-se-unen-por-la-seguridad-vial\/","og_locale":"es_ES","og_type":"article","og_title":"Los Ministerios de Trabajo e Interior se unen por la Seguridad Vial","og_description":"las empresas que realicen planes de movilidad y seguridad vial podr\u00e1n reducir las cotizaciones a la Seguridad Social.","og_url":"https:\/\/www.blogdelaautoescuela.com\/blog\/los-ministerios-de-trabajo-e-interior-se-unen-por-la-seguridad-vial\/","og_site_name":"Blog de la autoescuela","article_author":"https:\/\/www.facebook.com\/blogdelaautoescuela","article_published_time":"2011-04-12T08:54:34+00:00","og_image":[{"width":400,"height":280,"url":"https:\/\/www.blogdelaautoescuela.com\/blog\/wp-content\/uploads\/2011\/04\/furgoneta1.jpg","type":"image\/jpeg"}],"author":"usr_blogauto","twitter_misc":{"Escrito por":"usr_blogauto","Tiempo de lectura":"1 minuto"},"schema":{"@context":"https:\/\/schema.org","@graph":[{"@type":"WebPage","@id":"https:\/\/www.blogdelaautoescuela.com\/blog\/los-ministerios-de-trabajo-e-interior-se-unen-por-la-seguridad-vial\/","url":"https:\/\/www.blogdelaautoescuela.com\/blog\/los-ministerios-de-trabajo-e-interior-se-unen-por-la-seguridad-vial\/","name":"Los Ministerios de Trabajo e Interior se unen por la Seguridad Vial","isPartOf":{"@id":"https:\/\/www.blogdelaautoescuela.com\/blog\/#website"},"primaryImageOfPage":{"@id":"https:\/\/www.blogdelaautoescuela.com\/blog\/los-ministerios-de-trabajo-e-interior-se-unen-por-la-seguridad-vial\/#primaryimage"},"image":{"@id":"https:\/\/www.blogdelaautoescuela.com\/blog\/los-ministerios-de-trabajo-e-interior-se-unen-por-la-seguridad-vial\/#primaryimage"},"thumbnailUrl":"https:\/\/www.blogdelaautoescuela.com\/blog\/wp-content\/uploads\/2011\/04\/furgoneta1.jpg","datePublished":"2011-04-12T08:54:34+00:00","author":{"@id":"https:\/\/www.blogdelaautoescuela.com\/blog\/#\/schema\/person\/f209a64ca5dfe74b9acb6317240e792f"},"description":"las empresas que realicen planes de movilidad y seguridad vial podr\u00e1n reducir las cotizaciones a la Seguridad Social.","breadcrumb":{"@id":"https:\/\/www.blogdelaautoescuela.com\/blog\/los-ministerios-de-trabajo-e-interior-se-unen-por-la-seguridad-vial\/#breadcrumb"},"inLanguage":"es","potentialAction":[{"@type":"ReadAction","target":["https:\/\/www.blogdelaautoescuela.com\/blog\/los-ministerios-de-trabajo-e-interior-se-unen-por-la-seguridad-vial\/"]}]},{"@type":"ImageObject","inLanguage":"es","@id":"https:\/\/www.blogdelaautoescuela.com\/blog\/los-ministerios-de-trabajo-e-interior-se-unen-por-la-seguridad-vial\/#primaryimage","url":"https:\/\/www.blogdelaautoescuela.com\/blog\/wp-content\/uploads\/2011\/04\/furgoneta1.jpg","contentUrl":"https:\/\/www.blogdelaautoescuela.com\/blog\/wp-content\/uploads\/2011\/04\/furgoneta1.jpg","width":400,"height":280},{"@type":"BreadcrumbList","@id":"https:\/\/www.blogdelaautoescuela.com\/blog\/los-ministerios-de-trabajo-e-interior-se-unen-por-la-seguridad-vial\/#breadcrumb","itemListElement":[{"@type":"ListItem","position":1,"name":"Portada","item":"https:\/\/www.blogdelaautoescuela.com\/blog\/"},{"@type":"ListItem","position":2,"name":"Los Ministerios de Trabajo e Interior se unen por la Seguridad Vial"}]},{"@type":"WebSite","@id":"https:\/\/www.blogdelaautoescuela.com\/blog\/#website","url":"https:\/\/www.blogdelaautoescuela.com\/blog\/","name":"Blog de la autoescuela","description":"Noticias sobre autoescuelas y seguridad vial","potentialAction":[{"@type":"SearchAction","target":{"@type":"EntryPoint","urlTemplate":"https:\/\/www.blogdelaautoescuela.com\/blog\/?s={search_term_string}"},"query-input":{"@type":"PropertyValueSpecification","valueRequired":true,"valueName":"search_term_string"}}],"inLanguage":"es"},{"@type":"Person","@id":"https:\/\/www.blogdelaautoescuela.com\/blog\/#\/schema\/person\/f209a64ca5dfe74b9acb6317240e792f","name":"usr_blogauto","image":{"@type":"ImageObject","inLanguage":"es","@id":"https:\/\/www.blogdelaautoescuela.com\/blog\/#\/schema\/person\/image\/","url":"https:\/\/secure.gravatar.com\/avatar\/d3939d4ea521ac8421c86d2980321cc9?s=96&d=mm&r=g","contentUrl":"https:\/\/secure.gravatar.com\/avatar\/d3939d4ea521ac8421c86d2980321cc9?s=96&d=mm&r=g","caption":"usr_blogauto"},"description":"Blog dedicado a la conducci\u00f3n, las autoescuelas y la seguridad vial. Est\u00e1 creado por un grupo de profesionales de la formaci\u00f3n vial que comparten inquietudes y experiencias. Aqu\u00ed\u00ad podr\u00e1s encontrar informaci\u00f3n variada sobre el d\u00ed\u00ada a d\u00ed\u00ada de la autoescuela, ex\u00e1menes, test o novedades y consejos para una conducci\u00f3n m\u00e1s segura.","sameAs":["http:\/\/www.blogdelaautoescuela.com\/","https:\/\/www.facebook.com\/blogdelaautoescuela","https:\/\/x.com\/autoescuelas"],"url":"https:\/\/www.blogdelaautoescuela.com\/blog\/author\/usr_blogauto\/"}]}},"jetpack_featured_media_url":"https:\/\/www.blogdelaautoescuela.com\/blog\/wp-content\/uploads\/2011\/04\/furgoneta1.jpg","_links":{"self":[{"href":"https:\/\/www.blogdelaautoescuela.com\/blog\/wp-json\/wp\/v2\/posts\/6504","targetHints":{"allow":["GET"]}}],"collection":[{"href":"https:\/\/www.blogdelaautoescuela.com\/blog\/wp-json\/wp\/v2\/posts"}],"about":[{"href":"https:\/\/www.blogdelaautoescuela.com\/blog\/wp-json\/wp\/v2\/types\/post"}],"author":[{"embeddable":true,"href":"https:\/\/www.blogdelaautoescuela.com\/blog\/wp-json\/wp\/v2\/users\/1"}],"replies":[{"embeddable":true,"href":"https:\/\/www.blogdelaautoescuela.com\/blog\/wp-json\/wp\/v2\/comments?post=6504"}],"version-history":[{"count":0,"href":"https:\/\/www.blogdelaautoescuela.com\/blog\/wp-json\/wp\/v2\/posts\/6504\/revisions"}],"wp:featuredmedia":[{"embeddable":true,"href":"https:\/\/www.blogdelaautoescuela.com\/blog\/wp-json\/wp\/v2\/media\/6505"}],"wp:attachment":[{"href":"https:\/\/www.blogdelaautoescuela.com\/blog\/wp-json\/wp\/v2\/media?parent=6504"}],"wp:term":[{"taxonomy":"category","embeddable":true,"href":"https:\/\/www.blogdelaautoescuela.com\/blog\/wp-json\/wp\/v2\/categories?post=6504"},{"taxonomy":"post_tag","embeddable":true,"href":"https:\/\/www.blogdelaautoescuela.com\/blog\/wp-json\/wp\/v2\/tags?post=6504"}],"curies":[{"name":"wp","href":"https:\/\/api.w.org\/{rel}","templated":true}]}}