
{"id":6444,"date":"2011-03-31T12:20:01","date_gmt":"2011-03-31T10:20:01","guid":{"rendered":"http:\/\/www.blogdelaautoescuela.com\/blog\/?p=6444"},"modified":"2011-03-31T12:20:01","modified_gmt":"2011-03-31T10:20:01","slug":"los-conductores-noveles-ya-no-tienen-que-ir-a-80-kmh","status":"publish","type":"post","link":"https:\/\/www.blogdelaautoescuela.com\/blog\/los-conductores-noveles-ya-no-tienen-que-ir-a-80-kmh\/","title":{"rendered":"Los conductores noveles ya no tienen que ir a 80 km\/h"},"content":{"rendered":"<p style=\"text-align: center;\"><img loading=\"lazy\" decoding=\"async\" class=\"alignnone size-full wp-image-785\" title=\"jovenes-conductores\" src=\"http:\/\/www.blogdelaautoescuela.com\/blog\/wp-content\/uploads\/2009\/03\/jovenes-conductores.jpg\" alt=\"jovenes-conductores\" width=\"400\" height=\"266\" \/><\/p>\n<p>Ya os comentamos que<a href=\"http:\/\/www.blogdelaautoescuela.com\/blog\/el-congreso-respalda-que-se-elimine-el-limite-de-80-kmh-para-los-noveles\/\"> el Congreso hab\u00ed\u00ada respaldado que se elimine el l\u00ed\u00admite de 80 km\/h para los conductores n\u00f3veles<\/a>, medida que<a href=\"http:\/\/www.blogdelaautoescuela.com\/blog\/criticas-al-aumento-del-limite-de-velociada-para-los-conductores-noveles\/\"> no ha estado libre de cr\u00ed\u00adticas.<\/a><\/p>\n<p>Esta medida supone que, desde esta semana, los conductores noveles ya no tengan que circular a 80 km\/h durante su primer a\u00f1o como conductores, <strong>el l\u00ed\u00admite<\/strong>, como el resto de usuarios de la v\u00ed\u00ada, <strong>lo marcar\u00e1n las propias se\u00f1ales de tr\u00e1fico.<\/strong><\/p>\n<p>Aunque desde esta semana los nuevos conductores ya no tendr\u00e1n el l\u00ed\u00admite de velocidad s\u00ed\u00ad que <strong>deber\u00e1n seguir llevando la placa verde con la &#8220;L&#8221; que les caracteriza.<br \/>\n<\/strong><\/p>\n<p>Aunque la <strong>limitaci\u00f3n de velocidad a 80 km\/h durante el primer a\u00f1o de conducci\u00f3n<\/strong> pudiera resultar ya una medida obsoleta ya que <strong>llevaba en vigor desde 1974<\/strong> en muchas autoescuelas se han sorprendido con este cambio normativo, y por ejemplo, <strong>Antonio S\u00e1nchez, presidente de la asociaci\u00f3n navarra de Profesores de Formaci\u00f3n Vial<\/strong>, declara que <em>&#8220;No entendemos por qu\u00e9 se ha modificado la legislaci\u00f3n vigente ahora si no hab\u00ed\u00ada ning\u00fan tipo de demanda ni presi\u00f3n social&#8221;.<\/em><\/p>\n<p>Sin duda esta medida contenta a algunos y descontenta a otros, pero&#8230; \u00bferan muchos los conductores noveles que respetaban su l\u00ed\u00admite de velocidad?, adem\u00e1s el aumento ser\u00e1, de momento, de s\u00f3lo 20 km\/h, con la entrada en vigor del <a href=\"http:\/\/www.blogdelaautoescuela.com\/blog\/el-nuevo-limite-de-velocidad-de-110-kmh-en-las-autovias-y-autopistas\/\">nuevo l\u00ed\u00admite de velocidad de 100 km\/h para autopistas y autov\u00ed\u00adas.<\/a><\/p>\n","protected":false},"excerpt":{"rendered":"<p>Ya os comentamos que el Congreso hab\u00ed\u00ada respaldado que se elimine el l\u00ed\u00admite de 80 km\/h para los conductores n\u00f3veles, medida que no ha estado libre de cr\u00ed\u00adticas. Esta medida supone que, desde esta semana, los conductores noveles ya no tengan que circular a 80 km\/h durante su primer a\u00f1o como conductores, el l\u00ed\u00admite, como [&hellip;]<\/p>\n","protected":false},"author":1,"featured_media":785,"comment_status":"open","ping_status":"closed","sticky":false,"template":"","format":"standard","meta":{"footnotes":"","jetpack_publicize_message":"","jetpack_publicize_feature_enabled":true,"jetpack_social_post_already_shared":false,"jetpack_social_options":{"image_generator_settings":{"template":"highway","enabled":false},"version":2}},"categories":[12,19],"tags":[807,1678,1360],"class_list":["post-6444","post","type-post","status-publish","format-standard","has-post-thumbnail","hentry","category-noticias","category-seguridad-vial","tag-limite-de-velocidad","tag-seguridad-vial","tag-velocidad"],"wppr_data":[],"jetpack_publicize_connections":[],"yoast_head":"<!-- This site is optimized with the Yoast SEO plugin v24.7 - https:\/\/yoast.com\/wordpress\/plugins\/seo\/ -->\n<title>Los conductores noveles ya no tienen que ir a 80 km\/hl\u00ed\u00admite de velocidad, Seguridad Vial, velocidad<\/title>\n<meta name=\"description\" content=\"Aunque desde esta semana los nuevos conductores ya no tendr\u00e1n el l\u00ed\u00admite de velocidad s\u00ed\u00ad que deber\u00e1n seguir llevando la placa verde con la &quot;L&quot; que les caracteriza\" \/>\n<meta name=\"robots\" content=\"index, follow, max-snippet:-1, max-image-preview:large, max-video-preview:-1\" \/>\n<link rel=\"canonical\" href=\"https:\/\/www.blogdelaautoescuela.com\/blog\/los-conductores-noveles-ya-no-tienen-que-ir-a-80-kmh\/\" \/>\n<meta property=\"og:locale\" content=\"es_ES\" \/>\n<meta property=\"og:type\" content=\"article\" \/>\n<meta property=\"og:title\" content=\"Los conductores noveles ya no tienen que ir a 80 km\/hl\u00ed\u00admite de velocidad, Seguridad Vial, velocidad\" \/>\n<meta property=\"og:description\" content=\"Aunque desde esta semana los nuevos conductores ya no tendr\u00e1n el l\u00ed\u00admite de velocidad s\u00ed\u00ad que deber\u00e1n seguir llevando la placa verde con la &quot;L&quot; que les caracteriza\" \/>\n<meta property=\"og:url\" content=\"https:\/\/www.blogdelaautoescuela.com\/blog\/los-conductores-noveles-ya-no-tienen-que-ir-a-80-kmh\/\" \/>\n<meta property=\"og:site_name\" content=\"Blog de la autoescuela\" \/>\n<meta property=\"article:author\" content=\"https:\/\/www.facebook.com\/blogdelaautoescuela\" \/>\n<meta property=\"article:published_time\" content=\"2011-03-31T10:20:01+00:00\" \/>\n<meta property=\"og:image\" content=\"https:\/\/www.blogdelaautoescuela.com\/blog\/wp-content\/uploads\/2009\/03\/jovenes-conductores1.jpg\" \/>\n\t<meta property=\"og:image:width\" content=\"400\" \/>\n\t<meta property=\"og:image:height\" content=\"266\" \/>\n\t<meta property=\"og:image:type\" content=\"image\/jpeg\" \/>\n<meta name=\"author\" content=\"usr_blogauto\" \/>\n<meta name=\"twitter:label1\" content=\"Escrito por\" \/>\n\t<meta name=\"twitter:data1\" content=\"usr_blogauto\" \/>\n\t<meta name=\"twitter:label2\" content=\"Tiempo de lectura\" \/>\n\t<meta name=\"twitter:data2\" content=\"1 minuto\" \/>\n<script type=\"application\/ld+json\" class=\"yoast-schema-graph\">{\"@context\":\"https:\/\/schema.org\",\"@graph\":[{\"@type\":\"WebPage\",\"@id\":\"https:\/\/www.blogdelaautoescuela.com\/blog\/los-conductores-noveles-ya-no-tienen-que-ir-a-80-kmh\/\",\"url\":\"https:\/\/www.blogdelaautoescuela.com\/blog\/los-conductores-noveles-ya-no-tienen-que-ir-a-80-kmh\/\",\"name\":\"Los conductores noveles ya no tienen que ir a 80 km\/hl\u00ed\u00admite de velocidad, Seguridad Vial, velocidad\",\"isPartOf\":{\"@id\":\"https:\/\/www.blogdelaautoescuela.com\/blog\/#website\"},\"primaryImageOfPage\":{\"@id\":\"https:\/\/www.blogdelaautoescuela.com\/blog\/los-conductores-noveles-ya-no-tienen-que-ir-a-80-kmh\/#primaryimage\"},\"image\":{\"@id\":\"https:\/\/www.blogdelaautoescuela.com\/blog\/los-conductores-noveles-ya-no-tienen-que-ir-a-80-kmh\/#primaryimage\"},\"thumbnailUrl\":\"https:\/\/www.blogdelaautoescuela.com\/blog\/wp-content\/uploads\/2009\/03\/jovenes-conductores1.jpg\",\"datePublished\":\"2011-03-31T10:20:01+00:00\",\"author\":{\"@id\":\"https:\/\/www.blogdelaautoescuela.com\/blog\/#\/schema\/person\/f209a64ca5dfe74b9acb6317240e792f\"},\"description\":\"Aunque desde esta semana los nuevos conductores ya no tendr\u00e1n el l\u00ed\u00admite de velocidad s\u00ed\u00ad que deber\u00e1n seguir llevando la placa verde con la \\\"L\\\" que les caracteriza\",\"breadcrumb\":{\"@id\":\"https:\/\/www.blogdelaautoescuela.com\/blog\/los-conductores-noveles-ya-no-tienen-que-ir-a-80-kmh\/#breadcrumb\"},\"inLanguage\":\"es\",\"potentialAction\":[{\"@type\":\"ReadAction\",\"target\":[\"https:\/\/www.blogdelaautoescuela.com\/blog\/los-conductores-noveles-ya-no-tienen-que-ir-a-80-kmh\/\"]}]},{\"@type\":\"ImageObject\",\"inLanguage\":\"es\",\"@id\":\"https:\/\/www.blogdelaautoescuela.com\/blog\/los-conductores-noveles-ya-no-tienen-que-ir-a-80-kmh\/#primaryimage\",\"url\":\"https:\/\/www.blogdelaautoescuela.com\/blog\/wp-content\/uploads\/2009\/03\/jovenes-conductores1.jpg\",\"contentUrl\":\"https:\/\/www.blogdelaautoescuela.com\/blog\/wp-content\/uploads\/2009\/03\/jovenes-conductores1.jpg\",\"width\":400,\"height\":266},{\"@type\":\"BreadcrumbList\",\"@id\":\"https:\/\/www.blogdelaautoescuela.com\/blog\/los-conductores-noveles-ya-no-tienen-que-ir-a-80-kmh\/#breadcrumb\",\"itemListElement\":[{\"@type\":\"ListItem\",\"position\":1,\"name\":\"Portada\",\"item\":\"https:\/\/www.blogdelaautoescuela.com\/blog\/\"},{\"@type\":\"ListItem\",\"position\":2,\"name\":\"Los conductores noveles ya no tienen que ir a 80 km\/h\"}]},{\"@type\":\"WebSite\",\"@id\":\"https:\/\/www.blogdelaautoescuela.com\/blog\/#website\",\"url\":\"https:\/\/www.blogdelaautoescuela.com\/blog\/\",\"name\":\"Blog de la autoescuela\",\"description\":\"Noticias sobre autoescuelas y seguridad vial\",\"potentialAction\":[{\"@type\":\"SearchAction\",\"target\":{\"@type\":\"EntryPoint\",\"urlTemplate\":\"https:\/\/www.blogdelaautoescuela.com\/blog\/?s={search_term_string}\"},\"query-input\":{\"@type\":\"PropertyValueSpecification\",\"valueRequired\":true,\"valueName\":\"search_term_string\"}}],\"inLanguage\":\"es\"},{\"@type\":\"Person\",\"@id\":\"https:\/\/www.blogdelaautoescuela.com\/blog\/#\/schema\/person\/f209a64ca5dfe74b9acb6317240e792f\",\"name\":\"usr_blogauto\",\"image\":{\"@type\":\"ImageObject\",\"inLanguage\":\"es\",\"@id\":\"https:\/\/www.blogdelaautoescuela.com\/blog\/#\/schema\/person\/image\/\",\"url\":\"https:\/\/secure.gravatar.com\/avatar\/d3939d4ea521ac8421c86d2980321cc9?s=96&d=mm&r=g\",\"contentUrl\":\"https:\/\/secure.gravatar.com\/avatar\/d3939d4ea521ac8421c86d2980321cc9?s=96&d=mm&r=g\",\"caption\":\"usr_blogauto\"},\"description\":\"Blog dedicado a la conducci\u00f3n, las autoescuelas y la seguridad vial. Est\u00e1 creado por un grupo de profesionales de la formaci\u00f3n vial que comparten inquietudes y experiencias. Aqu\u00ed\u00ad podr\u00e1s encontrar informaci\u00f3n variada sobre el d\u00ed\u00ada a d\u00ed\u00ada de la autoescuela, ex\u00e1menes, test o novedades y consejos para una conducci\u00f3n m\u00e1s segura.\",\"sameAs\":[\"http:\/\/www.blogdelaautoescuela.com\/\",\"https:\/\/www.facebook.com\/blogdelaautoescuela\",\"https:\/\/x.com\/autoescuelas\"],\"url\":\"https:\/\/www.blogdelaautoescuela.com\/blog\/author\/usr_blogauto\/\"}]}<\/script>\n<!-- \/ Yoast SEO plugin. -->","yoast_head_json":{"title":"Los conductores noveles ya no tienen que ir a 80 km\/hl\u00ed\u00admite de velocidad, Seguridad Vial, velocidad","description":"Aunque desde esta semana los nuevos conductores ya no tendr\u00e1n el l\u00ed\u00admite de velocidad s\u00ed\u00ad que deber\u00e1n seguir llevando la placa verde con la \"L\" que les caracteriza","robots":{"index":"index","follow":"follow","max-snippet":"max-snippet:-1","max-image-preview":"max-image-preview:large","max-video-preview":"max-video-preview:-1"},"canonical":"https:\/\/www.blogdelaautoescuela.com\/blog\/los-conductores-noveles-ya-no-tienen-que-ir-a-80-kmh\/","og_locale":"es_ES","og_type":"article","og_title":"Los conductores noveles ya no tienen que ir a 80 km\/hl\u00ed\u00admite de velocidad, Seguridad Vial, velocidad","og_description":"Aunque desde esta semana los nuevos conductores ya no tendr\u00e1n el l\u00ed\u00admite de velocidad s\u00ed\u00ad que deber\u00e1n seguir llevando la placa verde con la \"L\" que les caracteriza","og_url":"https:\/\/www.blogdelaautoescuela.com\/blog\/los-conductores-noveles-ya-no-tienen-que-ir-a-80-kmh\/","og_site_name":"Blog de la autoescuela","article_author":"https:\/\/www.facebook.com\/blogdelaautoescuela","article_published_time":"2011-03-31T10:20:01+00:00","og_image":[{"width":400,"height":266,"url":"https:\/\/www.blogdelaautoescuela.com\/blog\/wp-content\/uploads\/2009\/03\/jovenes-conductores1.jpg","type":"image\/jpeg"}],"author":"usr_blogauto","twitter_misc":{"Escrito por":"usr_blogauto","Tiempo de lectura":"1 minuto"},"schema":{"@context":"https:\/\/schema.org","@graph":[{"@type":"WebPage","@id":"https:\/\/www.blogdelaautoescuela.com\/blog\/los-conductores-noveles-ya-no-tienen-que-ir-a-80-kmh\/","url":"https:\/\/www.blogdelaautoescuela.com\/blog\/los-conductores-noveles-ya-no-tienen-que-ir-a-80-kmh\/","name":"Los conductores noveles ya no tienen que ir a 80 km\/hl\u00ed\u00admite de velocidad, Seguridad Vial, velocidad","isPartOf":{"@id":"https:\/\/www.blogdelaautoescuela.com\/blog\/#website"},"primaryImageOfPage":{"@id":"https:\/\/www.blogdelaautoescuela.com\/blog\/los-conductores-noveles-ya-no-tienen-que-ir-a-80-kmh\/#primaryimage"},"image":{"@id":"https:\/\/www.blogdelaautoescuela.com\/blog\/los-conductores-noveles-ya-no-tienen-que-ir-a-80-kmh\/#primaryimage"},"thumbnailUrl":"https:\/\/www.blogdelaautoescuela.com\/blog\/wp-content\/uploads\/2009\/03\/jovenes-conductores1.jpg","datePublished":"2011-03-31T10:20:01+00:00","author":{"@id":"https:\/\/www.blogdelaautoescuela.com\/blog\/#\/schema\/person\/f209a64ca5dfe74b9acb6317240e792f"},"description":"Aunque desde esta semana los nuevos conductores ya no tendr\u00e1n el l\u00ed\u00admite de velocidad s\u00ed\u00ad que deber\u00e1n seguir llevando la placa verde con la \"L\" que les caracteriza","breadcrumb":{"@id":"https:\/\/www.blogdelaautoescuela.com\/blog\/los-conductores-noveles-ya-no-tienen-que-ir-a-80-kmh\/#breadcrumb"},"inLanguage":"es","potentialAction":[{"@type":"ReadAction","target":["https:\/\/www.blogdelaautoescuela.com\/blog\/los-conductores-noveles-ya-no-tienen-que-ir-a-80-kmh\/"]}]},{"@type":"ImageObject","inLanguage":"es","@id":"https:\/\/www.blogdelaautoescuela.com\/blog\/los-conductores-noveles-ya-no-tienen-que-ir-a-80-kmh\/#primaryimage","url":"https:\/\/www.blogdelaautoescuela.com\/blog\/wp-content\/uploads\/2009\/03\/jovenes-conductores1.jpg","contentUrl":"https:\/\/www.blogdelaautoescuela.com\/blog\/wp-content\/uploads\/2009\/03\/jovenes-conductores1.jpg","width":400,"height":266},{"@type":"BreadcrumbList","@id":"https:\/\/www.blogdelaautoescuela.com\/blog\/los-conductores-noveles-ya-no-tienen-que-ir-a-80-kmh\/#breadcrumb","itemListElement":[{"@type":"ListItem","position":1,"name":"Portada","item":"https:\/\/www.blogdelaautoescuela.com\/blog\/"},{"@type":"ListItem","position":2,"name":"Los conductores noveles ya no tienen que ir a 80 km\/h"}]},{"@type":"WebSite","@id":"https:\/\/www.blogdelaautoescuela.com\/blog\/#website","url":"https:\/\/www.blogdelaautoescuela.com\/blog\/","name":"Blog de la autoescuela","description":"Noticias sobre autoescuelas y seguridad vial","potentialAction":[{"@type":"SearchAction","target":{"@type":"EntryPoint","urlTemplate":"https:\/\/www.blogdelaautoescuela.com\/blog\/?s={search_term_string}"},"query-input":{"@type":"PropertyValueSpecification","valueRequired":true,"valueName":"search_term_string"}}],"inLanguage":"es"},{"@type":"Person","@id":"https:\/\/www.blogdelaautoescuela.com\/blog\/#\/schema\/person\/f209a64ca5dfe74b9acb6317240e792f","name":"usr_blogauto","image":{"@type":"ImageObject","inLanguage":"es","@id":"https:\/\/www.blogdelaautoescuela.com\/blog\/#\/schema\/person\/image\/","url":"https:\/\/secure.gravatar.com\/avatar\/d3939d4ea521ac8421c86d2980321cc9?s=96&d=mm&r=g","contentUrl":"https:\/\/secure.gravatar.com\/avatar\/d3939d4ea521ac8421c86d2980321cc9?s=96&d=mm&r=g","caption":"usr_blogauto"},"description":"Blog dedicado a la conducci\u00f3n, las autoescuelas y la seguridad vial. Est\u00e1 creado por un grupo de profesionales de la formaci\u00f3n vial que comparten inquietudes y experiencias. Aqu\u00ed\u00ad podr\u00e1s encontrar informaci\u00f3n variada sobre el d\u00ed\u00ada a d\u00ed\u00ada de la autoescuela, ex\u00e1menes, test o novedades y consejos para una conducci\u00f3n m\u00e1s segura.","sameAs":["http:\/\/www.blogdelaautoescuela.com\/","https:\/\/www.facebook.com\/blogdelaautoescuela","https:\/\/x.com\/autoescuelas"],"url":"https:\/\/www.blogdelaautoescuela.com\/blog\/author\/usr_blogauto\/"}]}},"jetpack_featured_media_url":"https:\/\/www.blogdelaautoescuela.com\/blog\/wp-content\/uploads\/2009\/03\/jovenes-conductores1.jpg","_links":{"self":[{"href":"https:\/\/www.blogdelaautoescuela.com\/blog\/wp-json\/wp\/v2\/posts\/6444","targetHints":{"allow":["GET"]}}],"collection":[{"href":"https:\/\/www.blogdelaautoescuela.com\/blog\/wp-json\/wp\/v2\/posts"}],"about":[{"href":"https:\/\/www.blogdelaautoescuela.com\/blog\/wp-json\/wp\/v2\/types\/post"}],"author":[{"embeddable":true,"href":"https:\/\/www.blogdelaautoescuela.com\/blog\/wp-json\/wp\/v2\/users\/1"}],"replies":[{"embeddable":true,"href":"https:\/\/www.blogdelaautoescuela.com\/blog\/wp-json\/wp\/v2\/comments?post=6444"}],"version-history":[{"count":0,"href":"https:\/\/www.blogdelaautoescuela.com\/blog\/wp-json\/wp\/v2\/posts\/6444\/revisions"}],"wp:featuredmedia":[{"embeddable":true,"href":"https:\/\/www.blogdelaautoescuela.com\/blog\/wp-json\/wp\/v2\/media\/785"}],"wp:attachment":[{"href":"https:\/\/www.blogdelaautoescuela.com\/blog\/wp-json\/wp\/v2\/media?parent=6444"}],"wp:term":[{"taxonomy":"category","embeddable":true,"href":"https:\/\/www.blogdelaautoescuela.com\/blog\/wp-json\/wp\/v2\/categories?post=6444"},{"taxonomy":"post_tag","embeddable":true,"href":"https:\/\/www.blogdelaautoescuela.com\/blog\/wp-json\/wp\/v2\/tags?post=6444"}],"curies":[{"name":"wp","href":"https:\/\/api.w.org\/{rel}","templated":true}]}}