
{"id":6411,"date":"2011-03-28T11:43:37","date_gmt":"2011-03-28T09:43:37","guid":{"rendered":"http:\/\/www.blogdelaautoescuela.com\/blog\/?p=6411"},"modified":"2011-03-28T11:43:37","modified_gmt":"2011-03-28T09:43:37","slug":"5-muertos-en-accidentes-durante-el-fin-de-semana","status":"publish","type":"post","link":"https:\/\/www.blogdelaautoescuela.com\/blog\/5-muertos-en-accidentes-durante-el-fin-de-semana\/","title":{"rendered":"5 muertos en accidentes durante el fin de semana"},"content":{"rendered":"<p style=\"text-align: center;\"><img loading=\"lazy\" decoding=\"async\" class=\"size-full wp-image-1204 aligncenter\" title=\"accidentes\" src=\"http:\/\/www.blogdelaautoescuela.com\/blog\/wp-content\/uploads\/2009\/05\/accidentes.jpg\" alt=\"accidentes\" width=\"400\" height=\"266\" \/><\/p>\n<p>Durante este <strong>fin de semana<\/strong>, desde las 15 horas del viernes 25 de marzo hasta las 24 horas del domingo 27, se han producido un total de <strong>4 accidentes mortales<\/strong> en las carreteras de nuestro pa\u00ed\u00ads que <strong>le han costado la vida 5 personas.<\/strong><\/p>\n<p>En estos 4 accidentes no ha habido que lamentar ning\u00fan herido.<\/p>\n<p>Del total de <strong>4 accidentes con resultado mortal 3<\/strong> han sido <strong>salidas de la v\u00ed\u00ada <\/strong>mientras que el otro fue una <strong>colisi\u00f3n por alcance<\/strong>.<\/p>\n<p>Por d\u00ed\u00adas, el<strong> peor d\u00ed\u00ada en cuanto a siniestralidad<\/strong> del fin de semana tuvo lugar ayer <strong>domingo<\/strong>, cuando p<strong>erdieron la vida 3 de las 5 v\u00ed\u00adctimas mortales<\/strong> de todo el fin de semana, mientras que en la jornada del <strong>s\u00e1bado<\/strong> fueron <strong>2 las personas que perdieron la vida<\/strong>, y el <strong>viernes<\/strong>, el mejor d\u00ed\u00ada en cuanto a siniestralidad, <strong>no se produjo ning\u00fan accidente mortal.<\/strong><\/p>\n<p>En lo que va de a\u00f1o ya son <strong>306 las personas que han perdido la vida en las carreteras espa\u00f1olas<\/strong>, 14 menos que en la misma fecha del a\u00f1o pasado, lo que supone un<strong> descenso del 4,4% en el n\u00famero de v\u00ed\u00adctimas mortales en accidentes de tr\u00e1fico.<\/strong><\/p>\n<p>Todos debemos aportar nuestro granito de arena para mejorar la seguridad vial y hacer que haya muchos m\u00e1s d\u00ed\u00adas como el viernes, sin v\u00ed\u00adctimas mortales en accidentes, para reducir la siniestralidad <strong>es muy importante que evitemos las distracciones al volante<\/strong> y que respetemos las normas y se\u00f1ales de circulaci\u00f3n, incluido el <a href=\"http:\/\/www.blogdelaautoescuela.com\/blog\/el-nuevo-limite-de-velocidad-de-110-kmh-en-las-autovias-y-autopistas\/\">nuevo l\u00ed\u00admite de velocidad en autopistas y autov\u00ed\u00adas <\/a>que tanta pol\u00e9mica est\u00e1 generando.<\/p>\n","protected":false},"excerpt":{"rendered":"<p>Durante este fin de semana, desde las 15 horas del viernes 25 de marzo hasta las 24 horas del domingo 27, se han producido un total de 4 accidentes mortales en las carreteras de nuestro pa\u00ed\u00ads que le han costado la vida 5 personas. En estos 4 accidentes no ha habido que lamentar ning\u00fan herido. [&hellip;]<\/p>\n","protected":false},"author":1,"featured_media":1204,"comment_status":"open","ping_status":"closed","sticky":false,"template":"","format":"standard","meta":{"footnotes":"","jetpack_publicize_message":"","jetpack_publicize_feature_enabled":true,"jetpack_social_post_already_shared":false,"jetpack_social_options":{"image_generator_settings":{"template":"highway","enabled":false},"version":2}},"categories":[12],"tags":[50,1672],"class_list":["post-6411","post","type-post","status-publish","format-standard","has-post-thumbnail","hentry","category-noticias","tag-accidentes","tag-noticias"],"wppr_data":[],"jetpack_publicize_connections":[],"yoast_head":"<!-- This site is optimized with the Yoast SEO plugin v24.7 - https:\/\/yoast.com\/wordpress\/plugins\/seo\/ -->\n<title>5 muertos en accidentes durante el fin de semana<\/title>\n<meta name=\"description\" content=\"desde las 15 horas del viernes 25 de marzo hasta las 24 horas del domingo 27, se han producido un total de 4 accidentes que le han costado la vida 5 personas\" \/>\n<meta name=\"robots\" content=\"index, follow, max-snippet:-1, max-image-preview:large, max-video-preview:-1\" \/>\n<link rel=\"canonical\" href=\"https:\/\/www.blogdelaautoescuela.com\/blog\/5-muertos-en-accidentes-durante-el-fin-de-semana\/\" \/>\n<meta property=\"og:locale\" content=\"es_ES\" \/>\n<meta property=\"og:type\" content=\"article\" \/>\n<meta property=\"og:title\" content=\"5 muertos en accidentes durante el fin de semana\" \/>\n<meta property=\"og:description\" content=\"desde las 15 horas del viernes 25 de marzo hasta las 24 horas del domingo 27, se han producido un total de 4 accidentes que le han costado la vida 5 personas\" \/>\n<meta property=\"og:url\" content=\"https:\/\/www.blogdelaautoescuela.com\/blog\/5-muertos-en-accidentes-durante-el-fin-de-semana\/\" \/>\n<meta property=\"og:site_name\" content=\"Blog de la autoescuela\" \/>\n<meta property=\"article:author\" content=\"https:\/\/www.facebook.com\/blogdelaautoescuela\" \/>\n<meta property=\"article:published_time\" content=\"2011-03-28T09:43:37+00:00\" \/>\n<meta property=\"og:image\" content=\"https:\/\/www.blogdelaautoescuela.com\/blog\/wp-content\/uploads\/2009\/05\/accidentes1.jpg\" \/>\n\t<meta property=\"og:image:width\" content=\"400\" \/>\n\t<meta property=\"og:image:height\" content=\"266\" \/>\n\t<meta property=\"og:image:type\" content=\"image\/jpeg\" \/>\n<meta name=\"author\" content=\"usr_blogauto\" \/>\n<meta name=\"twitter:label1\" content=\"Escrito por\" \/>\n\t<meta name=\"twitter:data1\" content=\"usr_blogauto\" \/>\n\t<meta name=\"twitter:label2\" content=\"Tiempo de lectura\" \/>\n\t<meta name=\"twitter:data2\" content=\"1 minuto\" \/>\n<script type=\"application\/ld+json\" class=\"yoast-schema-graph\">{\"@context\":\"https:\/\/schema.org\",\"@graph\":[{\"@type\":\"WebPage\",\"@id\":\"https:\/\/www.blogdelaautoescuela.com\/blog\/5-muertos-en-accidentes-durante-el-fin-de-semana\/\",\"url\":\"https:\/\/www.blogdelaautoescuela.com\/blog\/5-muertos-en-accidentes-durante-el-fin-de-semana\/\",\"name\":\"5 muertos en accidentes durante el fin de semana\",\"isPartOf\":{\"@id\":\"https:\/\/www.blogdelaautoescuela.com\/blog\/#website\"},\"primaryImageOfPage\":{\"@id\":\"https:\/\/www.blogdelaautoescuela.com\/blog\/5-muertos-en-accidentes-durante-el-fin-de-semana\/#primaryimage\"},\"image\":{\"@id\":\"https:\/\/www.blogdelaautoescuela.com\/blog\/5-muertos-en-accidentes-durante-el-fin-de-semana\/#primaryimage\"},\"thumbnailUrl\":\"https:\/\/www.blogdelaautoescuela.com\/blog\/wp-content\/uploads\/2009\/05\/accidentes1.jpg\",\"datePublished\":\"2011-03-28T09:43:37+00:00\",\"author\":{\"@id\":\"https:\/\/www.blogdelaautoescuela.com\/blog\/#\/schema\/person\/f209a64ca5dfe74b9acb6317240e792f\"},\"description\":\"desde las 15 horas del viernes 25 de marzo hasta las 24 horas del domingo 27, se han producido un total de 4 accidentes que le han costado la vida 5 personas\",\"breadcrumb\":{\"@id\":\"https:\/\/www.blogdelaautoescuela.com\/blog\/5-muertos-en-accidentes-durante-el-fin-de-semana\/#breadcrumb\"},\"inLanguage\":\"es\",\"potentialAction\":[{\"@type\":\"ReadAction\",\"target\":[\"https:\/\/www.blogdelaautoescuela.com\/blog\/5-muertos-en-accidentes-durante-el-fin-de-semana\/\"]}]},{\"@type\":\"ImageObject\",\"inLanguage\":\"es\",\"@id\":\"https:\/\/www.blogdelaautoescuela.com\/blog\/5-muertos-en-accidentes-durante-el-fin-de-semana\/#primaryimage\",\"url\":\"https:\/\/www.blogdelaautoescuela.com\/blog\/wp-content\/uploads\/2009\/05\/accidentes1.jpg\",\"contentUrl\":\"https:\/\/www.blogdelaautoescuela.com\/blog\/wp-content\/uploads\/2009\/05\/accidentes1.jpg\",\"width\":400,\"height\":266},{\"@type\":\"BreadcrumbList\",\"@id\":\"https:\/\/www.blogdelaautoescuela.com\/blog\/5-muertos-en-accidentes-durante-el-fin-de-semana\/#breadcrumb\",\"itemListElement\":[{\"@type\":\"ListItem\",\"position\":1,\"name\":\"Portada\",\"item\":\"https:\/\/www.blogdelaautoescuela.com\/blog\/\"},{\"@type\":\"ListItem\",\"position\":2,\"name\":\"5 muertos en accidentes durante el fin de semana\"}]},{\"@type\":\"WebSite\",\"@id\":\"https:\/\/www.blogdelaautoescuela.com\/blog\/#website\",\"url\":\"https:\/\/www.blogdelaautoescuela.com\/blog\/\",\"name\":\"Blog de la autoescuela\",\"description\":\"Noticias sobre autoescuelas y seguridad vial\",\"potentialAction\":[{\"@type\":\"SearchAction\",\"target\":{\"@type\":\"EntryPoint\",\"urlTemplate\":\"https:\/\/www.blogdelaautoescuela.com\/blog\/?s={search_term_string}\"},\"query-input\":{\"@type\":\"PropertyValueSpecification\",\"valueRequired\":true,\"valueName\":\"search_term_string\"}}],\"inLanguage\":\"es\"},{\"@type\":\"Person\",\"@id\":\"https:\/\/www.blogdelaautoescuela.com\/blog\/#\/schema\/person\/f209a64ca5dfe74b9acb6317240e792f\",\"name\":\"usr_blogauto\",\"image\":{\"@type\":\"ImageObject\",\"inLanguage\":\"es\",\"@id\":\"https:\/\/www.blogdelaautoescuela.com\/blog\/#\/schema\/person\/image\/\",\"url\":\"https:\/\/secure.gravatar.com\/avatar\/d3939d4ea521ac8421c86d2980321cc9?s=96&d=mm&r=g\",\"contentUrl\":\"https:\/\/secure.gravatar.com\/avatar\/d3939d4ea521ac8421c86d2980321cc9?s=96&d=mm&r=g\",\"caption\":\"usr_blogauto\"},\"description\":\"Blog dedicado a la conducci\u00f3n, las autoescuelas y la seguridad vial. Est\u00e1 creado por un grupo de profesionales de la formaci\u00f3n vial que comparten inquietudes y experiencias. Aqu\u00ed\u00ad podr\u00e1s encontrar informaci\u00f3n variada sobre el d\u00ed\u00ada a d\u00ed\u00ada de la autoescuela, ex\u00e1menes, test o novedades y consejos para una conducci\u00f3n m\u00e1s segura.\",\"sameAs\":[\"http:\/\/www.blogdelaautoescuela.com\/\",\"https:\/\/www.facebook.com\/blogdelaautoescuela\",\"https:\/\/x.com\/autoescuelas\"],\"url\":\"https:\/\/www.blogdelaautoescuela.com\/blog\/author\/usr_blogauto\/\"}]}<\/script>\n<!-- \/ Yoast SEO plugin. -->","yoast_head_json":{"title":"5 muertos en accidentes durante el fin de semana","description":"desde las 15 horas del viernes 25 de marzo hasta las 24 horas del domingo 27, se han producido un total de 4 accidentes que le han costado la vida 5 personas","robots":{"index":"index","follow":"follow","max-snippet":"max-snippet:-1","max-image-preview":"max-image-preview:large","max-video-preview":"max-video-preview:-1"},"canonical":"https:\/\/www.blogdelaautoescuela.com\/blog\/5-muertos-en-accidentes-durante-el-fin-de-semana\/","og_locale":"es_ES","og_type":"article","og_title":"5 muertos en accidentes durante el fin de semana","og_description":"desde las 15 horas del viernes 25 de marzo hasta las 24 horas del domingo 27, se han producido un total de 4 accidentes que le han costado la vida 5 personas","og_url":"https:\/\/www.blogdelaautoescuela.com\/blog\/5-muertos-en-accidentes-durante-el-fin-de-semana\/","og_site_name":"Blog de la autoescuela","article_author":"https:\/\/www.facebook.com\/blogdelaautoescuela","article_published_time":"2011-03-28T09:43:37+00:00","og_image":[{"width":400,"height":266,"url":"https:\/\/www.blogdelaautoescuela.com\/blog\/wp-content\/uploads\/2009\/05\/accidentes1.jpg","type":"image\/jpeg"}],"author":"usr_blogauto","twitter_misc":{"Escrito por":"usr_blogauto","Tiempo de lectura":"1 minuto"},"schema":{"@context":"https:\/\/schema.org","@graph":[{"@type":"WebPage","@id":"https:\/\/www.blogdelaautoescuela.com\/blog\/5-muertos-en-accidentes-durante-el-fin-de-semana\/","url":"https:\/\/www.blogdelaautoescuela.com\/blog\/5-muertos-en-accidentes-durante-el-fin-de-semana\/","name":"5 muertos en accidentes durante el fin de semana","isPartOf":{"@id":"https:\/\/www.blogdelaautoescuela.com\/blog\/#website"},"primaryImageOfPage":{"@id":"https:\/\/www.blogdelaautoescuela.com\/blog\/5-muertos-en-accidentes-durante-el-fin-de-semana\/#primaryimage"},"image":{"@id":"https:\/\/www.blogdelaautoescuela.com\/blog\/5-muertos-en-accidentes-durante-el-fin-de-semana\/#primaryimage"},"thumbnailUrl":"https:\/\/www.blogdelaautoescuela.com\/blog\/wp-content\/uploads\/2009\/05\/accidentes1.jpg","datePublished":"2011-03-28T09:43:37+00:00","author":{"@id":"https:\/\/www.blogdelaautoescuela.com\/blog\/#\/schema\/person\/f209a64ca5dfe74b9acb6317240e792f"},"description":"desde las 15 horas del viernes 25 de marzo hasta las 24 horas del domingo 27, se han producido un total de 4 accidentes que le han costado la vida 5 personas","breadcrumb":{"@id":"https:\/\/www.blogdelaautoescuela.com\/blog\/5-muertos-en-accidentes-durante-el-fin-de-semana\/#breadcrumb"},"inLanguage":"es","potentialAction":[{"@type":"ReadAction","target":["https:\/\/www.blogdelaautoescuela.com\/blog\/5-muertos-en-accidentes-durante-el-fin-de-semana\/"]}]},{"@type":"ImageObject","inLanguage":"es","@id":"https:\/\/www.blogdelaautoescuela.com\/blog\/5-muertos-en-accidentes-durante-el-fin-de-semana\/#primaryimage","url":"https:\/\/www.blogdelaautoescuela.com\/blog\/wp-content\/uploads\/2009\/05\/accidentes1.jpg","contentUrl":"https:\/\/www.blogdelaautoescuela.com\/blog\/wp-content\/uploads\/2009\/05\/accidentes1.jpg","width":400,"height":266},{"@type":"BreadcrumbList","@id":"https:\/\/www.blogdelaautoescuela.com\/blog\/5-muertos-en-accidentes-durante-el-fin-de-semana\/#breadcrumb","itemListElement":[{"@type":"ListItem","position":1,"name":"Portada","item":"https:\/\/www.blogdelaautoescuela.com\/blog\/"},{"@type":"ListItem","position":2,"name":"5 muertos en accidentes durante el fin de semana"}]},{"@type":"WebSite","@id":"https:\/\/www.blogdelaautoescuela.com\/blog\/#website","url":"https:\/\/www.blogdelaautoescuela.com\/blog\/","name":"Blog de la autoescuela","description":"Noticias sobre autoescuelas y seguridad vial","potentialAction":[{"@type":"SearchAction","target":{"@type":"EntryPoint","urlTemplate":"https:\/\/www.blogdelaautoescuela.com\/blog\/?s={search_term_string}"},"query-input":{"@type":"PropertyValueSpecification","valueRequired":true,"valueName":"search_term_string"}}],"inLanguage":"es"},{"@type":"Person","@id":"https:\/\/www.blogdelaautoescuela.com\/blog\/#\/schema\/person\/f209a64ca5dfe74b9acb6317240e792f","name":"usr_blogauto","image":{"@type":"ImageObject","inLanguage":"es","@id":"https:\/\/www.blogdelaautoescuela.com\/blog\/#\/schema\/person\/image\/","url":"https:\/\/secure.gravatar.com\/avatar\/d3939d4ea521ac8421c86d2980321cc9?s=96&d=mm&r=g","contentUrl":"https:\/\/secure.gravatar.com\/avatar\/d3939d4ea521ac8421c86d2980321cc9?s=96&d=mm&r=g","caption":"usr_blogauto"},"description":"Blog dedicado a la conducci\u00f3n, las autoescuelas y la seguridad vial. Est\u00e1 creado por un grupo de profesionales de la formaci\u00f3n vial que comparten inquietudes y experiencias. Aqu\u00ed\u00ad podr\u00e1s encontrar informaci\u00f3n variada sobre el d\u00ed\u00ada a d\u00ed\u00ada de la autoescuela, ex\u00e1menes, test o novedades y consejos para una conducci\u00f3n m\u00e1s segura.","sameAs":["http:\/\/www.blogdelaautoescuela.com\/","https:\/\/www.facebook.com\/blogdelaautoescuela","https:\/\/x.com\/autoescuelas"],"url":"https:\/\/www.blogdelaautoescuela.com\/blog\/author\/usr_blogauto\/"}]}},"jetpack_featured_media_url":"https:\/\/www.blogdelaautoescuela.com\/blog\/wp-content\/uploads\/2009\/05\/accidentes1.jpg","_links":{"self":[{"href":"https:\/\/www.blogdelaautoescuela.com\/blog\/wp-json\/wp\/v2\/posts\/6411","targetHints":{"allow":["GET"]}}],"collection":[{"href":"https:\/\/www.blogdelaautoescuela.com\/blog\/wp-json\/wp\/v2\/posts"}],"about":[{"href":"https:\/\/www.blogdelaautoescuela.com\/blog\/wp-json\/wp\/v2\/types\/post"}],"author":[{"embeddable":true,"href":"https:\/\/www.blogdelaautoescuela.com\/blog\/wp-json\/wp\/v2\/users\/1"}],"replies":[{"embeddable":true,"href":"https:\/\/www.blogdelaautoescuela.com\/blog\/wp-json\/wp\/v2\/comments?post=6411"}],"version-history":[{"count":0,"href":"https:\/\/www.blogdelaautoescuela.com\/blog\/wp-json\/wp\/v2\/posts\/6411\/revisions"}],"wp:featuredmedia":[{"embeddable":true,"href":"https:\/\/www.blogdelaautoescuela.com\/blog\/wp-json\/wp\/v2\/media\/1204"}],"wp:attachment":[{"href":"https:\/\/www.blogdelaautoescuela.com\/blog\/wp-json\/wp\/v2\/media?parent=6411"}],"wp:term":[{"taxonomy":"category","embeddable":true,"href":"https:\/\/www.blogdelaautoescuela.com\/blog\/wp-json\/wp\/v2\/categories?post=6411"},{"taxonomy":"post_tag","embeddable":true,"href":"https:\/\/www.blogdelaautoescuela.com\/blog\/wp-json\/wp\/v2\/tags?post=6411"}],"curies":[{"name":"wp","href":"https:\/\/api.w.org\/{rel}","templated":true}]}}