
{"id":6317,"date":"2011-03-14T13:13:55","date_gmt":"2011-03-14T11:13:55","guid":{"rendered":"http:\/\/www.blogdelaautoescuela.com\/blog\/?p=6317"},"modified":"2011-03-14T13:13:55","modified_gmt":"2011-03-14T11:13:55","slug":"15-fallecidos-en-accidentes-el-primer-fin-de-semana-con-el-limite-de-110","status":"publish","type":"post","link":"https:\/\/www.blogdelaautoescuela.com\/blog\/15-fallecidos-en-accidentes-el-primer-fin-de-semana-con-el-limite-de-110\/","title":{"rendered":"15 fallecidos en accidentes el primer fin de semana con el l\u00ed\u00admite de 110"},"content":{"rendered":"<p style=\"text-align: center;\"><img loading=\"lazy\" decoding=\"async\" class=\"size-full wp-image-1413 aligncenter\" title=\"accidente1\" src=\"http:\/\/www.blogdelaautoescuela.com\/blog\/wp-content\/uploads\/2009\/06\/accidente1.jpg\" alt=\"accidente1\" width=\"400\" height=\"300\" \/><\/p>\n<p>Durante este <strong>fin de semana<\/strong>, <strong>desde las 15 del viernes 11 de marzo hasta las 24 horas del domingo 13<\/strong>, el primero con el <a href=\"http:\/\/www.blogdelaautoescuela.com\/blog\/el-nuevo-limite-de-velocidad-de-110-kmh-en-las-autovias-y-autopistas\/\">nuevo l\u00ed\u00admite de velocidad de 110 km\/hm en autov\u00ed\u00adas y autopistas<\/a>, se han producido un total de <strong>11 accidentes con resultado mortal<\/strong> que <strong>le han costado la vida a 15 personas<\/strong>, y adem\u00e1s estos accidentes tambi\u00e9n han dejado un total de<strong> 6 heridos, 4 graves y 2 leves.<\/strong><\/p>\n<p>El peor d\u00ed\u00ada en cuanto a siniestralidad del fin de semana tuvo lugar ayer <strong>domingo<\/strong>, cuando se produjeron 3 de los accidentes mortales en lo que <strong>murieron 7 personas<\/strong>. Mientras que el <strong>s\u00e1bado<\/strong> se produjeron 5 accidentes en los que <strong>murieron 5 personas<\/strong> y el <strong>viernes<\/strong>, el mejor d\u00ed\u00ada en cuanto a siniestralidad del fin de semana, <strong>fallecieron 3 personas.<\/strong><\/p>\n<p>Del total de<strong> 11 accidentes con resultado mortal <\/strong>que han tenido lugar el fin de semana, <strong>3<\/strong> han sido <strong>salidas de la v\u00ed\u00ada<\/strong>, otros <strong>3<\/strong> han sido <strong>colisiones<\/strong> y adem\u00e1s ha habido <strong>un atropello.<\/strong><\/p>\n<p><strong>En lo que va de a\u00f1o ya son 261 las personas que han perdido la vida en las carreteras<\/strong> espa\u00f1olas, 9 personas menos que en la misma fecha del a\u00f1o pasado, lo que supone un<strong> descenso del 3,5% en el n\u00famero de v\u00ed\u00adctimas mortales en accidentes de tr\u00e1fico.<\/strong><\/p>\n<p>Parece que de momento el nuevo l\u00ed\u00admite de velocidad no ha contribuido a mejorar la siniestralidad, todos debemos contribuir a reduccir los accidentes de tr\u00e1fico.<\/p>\n","protected":false},"excerpt":{"rendered":"<p>Durante este fin de semana, desde las 15 del viernes 11 de marzo hasta las 24 horas del domingo 13, el primero con el nuevo l\u00ed\u00admite de velocidad de 110 km\/hm en autov\u00ed\u00adas y autopistas, se han producido un total de 11 accidentes con resultado mortal que le han costado la vida a 15 personas, [&hellip;]<\/p>\n","protected":false},"author":1,"featured_media":1413,"comment_status":"open","ping_status":"closed","sticky":false,"template":"","format":"standard","meta":{"footnotes":"","jetpack_publicize_message":"","jetpack_publicize_feature_enabled":true,"jetpack_social_post_already_shared":false,"jetpack_social_options":{"image_generator_settings":{"template":"highway","enabled":false},"version":2}},"categories":[12],"tags":[50,1672],"class_list":["post-6317","post","type-post","status-publish","format-standard","has-post-thumbnail","hentry","category-noticias","tag-accidentes","tag-noticias"],"wppr_data":[],"jetpack_publicize_connections":[],"yoast_head":"<!-- This site is optimized with the Yoast SEO plugin v24.7 - https:\/\/yoast.com\/wordpress\/plugins\/seo\/ -->\n<title>15 fallecidos en accidentes el primer fin de semana con el l\u00ed\u00admite de 110<\/title>\n<meta name=\"description\" content=\"desde las 15 del viernes 11 de marzo hasta las 24 horas del domingo 13, se han producido un total de 11 accidentes que le han costado la vida a 15 personas\" \/>\n<meta name=\"robots\" content=\"index, follow, max-snippet:-1, max-image-preview:large, max-video-preview:-1\" \/>\n<link rel=\"canonical\" href=\"https:\/\/www.blogdelaautoescuela.com\/blog\/15-fallecidos-en-accidentes-el-primer-fin-de-semana-con-el-limite-de-110\/\" \/>\n<meta property=\"og:locale\" content=\"es_ES\" \/>\n<meta property=\"og:type\" content=\"article\" \/>\n<meta property=\"og:title\" content=\"15 fallecidos en accidentes el primer fin de semana con el l\u00ed\u00admite de 110\" \/>\n<meta property=\"og:description\" content=\"desde las 15 del viernes 11 de marzo hasta las 24 horas del domingo 13, se han producido un total de 11 accidentes que le han costado la vida a 15 personas\" \/>\n<meta property=\"og:url\" content=\"https:\/\/www.blogdelaautoescuela.com\/blog\/15-fallecidos-en-accidentes-el-primer-fin-de-semana-con-el-limite-de-110\/\" \/>\n<meta property=\"og:site_name\" content=\"Blog de la autoescuela\" \/>\n<meta property=\"article:author\" content=\"https:\/\/www.facebook.com\/blogdelaautoescuela\" \/>\n<meta property=\"article:published_time\" content=\"2011-03-14T11:13:55+00:00\" \/>\n<meta property=\"og:image\" content=\"https:\/\/www.blogdelaautoescuela.com\/blog\/wp-content\/uploads\/2009\/06\/accidente11.jpg\" \/>\n\t<meta property=\"og:image:width\" content=\"400\" \/>\n\t<meta property=\"og:image:height\" content=\"300\" \/>\n\t<meta property=\"og:image:type\" content=\"image\/jpeg\" \/>\n<meta name=\"author\" content=\"usr_blogauto\" \/>\n<meta name=\"twitter:label1\" content=\"Escrito por\" \/>\n\t<meta name=\"twitter:data1\" content=\"usr_blogauto\" \/>\n\t<meta name=\"twitter:label2\" content=\"Tiempo de lectura\" \/>\n\t<meta name=\"twitter:data2\" content=\"1 minuto\" \/>\n<script type=\"application\/ld+json\" class=\"yoast-schema-graph\">{\"@context\":\"https:\/\/schema.org\",\"@graph\":[{\"@type\":\"WebPage\",\"@id\":\"https:\/\/www.blogdelaautoescuela.com\/blog\/15-fallecidos-en-accidentes-el-primer-fin-de-semana-con-el-limite-de-110\/\",\"url\":\"https:\/\/www.blogdelaautoescuela.com\/blog\/15-fallecidos-en-accidentes-el-primer-fin-de-semana-con-el-limite-de-110\/\",\"name\":\"15 fallecidos en accidentes el primer fin de semana con el l\u00ed\u00admite de 110\",\"isPartOf\":{\"@id\":\"https:\/\/www.blogdelaautoescuela.com\/blog\/#website\"},\"primaryImageOfPage\":{\"@id\":\"https:\/\/www.blogdelaautoescuela.com\/blog\/15-fallecidos-en-accidentes-el-primer-fin-de-semana-con-el-limite-de-110\/#primaryimage\"},\"image\":{\"@id\":\"https:\/\/www.blogdelaautoescuela.com\/blog\/15-fallecidos-en-accidentes-el-primer-fin-de-semana-con-el-limite-de-110\/#primaryimage\"},\"thumbnailUrl\":\"https:\/\/www.blogdelaautoescuela.com\/blog\/wp-content\/uploads\/2009\/06\/accidente11.jpg\",\"datePublished\":\"2011-03-14T11:13:55+00:00\",\"author\":{\"@id\":\"https:\/\/www.blogdelaautoescuela.com\/blog\/#\/schema\/person\/f209a64ca5dfe74b9acb6317240e792f\"},\"description\":\"desde las 15 del viernes 11 de marzo hasta las 24 horas del domingo 13, se han producido un total de 11 accidentes que le han costado la vida a 15 personas\",\"breadcrumb\":{\"@id\":\"https:\/\/www.blogdelaautoescuela.com\/blog\/15-fallecidos-en-accidentes-el-primer-fin-de-semana-con-el-limite-de-110\/#breadcrumb\"},\"inLanguage\":\"es\",\"potentialAction\":[{\"@type\":\"ReadAction\",\"target\":[\"https:\/\/www.blogdelaautoescuela.com\/blog\/15-fallecidos-en-accidentes-el-primer-fin-de-semana-con-el-limite-de-110\/\"]}]},{\"@type\":\"ImageObject\",\"inLanguage\":\"es\",\"@id\":\"https:\/\/www.blogdelaautoescuela.com\/blog\/15-fallecidos-en-accidentes-el-primer-fin-de-semana-con-el-limite-de-110\/#primaryimage\",\"url\":\"https:\/\/www.blogdelaautoescuela.com\/blog\/wp-content\/uploads\/2009\/06\/accidente11.jpg\",\"contentUrl\":\"https:\/\/www.blogdelaautoescuela.com\/blog\/wp-content\/uploads\/2009\/06\/accidente11.jpg\",\"width\":400,\"height\":300},{\"@type\":\"BreadcrumbList\",\"@id\":\"https:\/\/www.blogdelaautoescuela.com\/blog\/15-fallecidos-en-accidentes-el-primer-fin-de-semana-con-el-limite-de-110\/#breadcrumb\",\"itemListElement\":[{\"@type\":\"ListItem\",\"position\":1,\"name\":\"Portada\",\"item\":\"https:\/\/www.blogdelaautoescuela.com\/blog\/\"},{\"@type\":\"ListItem\",\"position\":2,\"name\":\"15 fallecidos en accidentes el primer fin de semana con el l\u00ed\u00admite de 110\"}]},{\"@type\":\"WebSite\",\"@id\":\"https:\/\/www.blogdelaautoescuela.com\/blog\/#website\",\"url\":\"https:\/\/www.blogdelaautoescuela.com\/blog\/\",\"name\":\"Blog de la autoescuela\",\"description\":\"Noticias sobre autoescuelas y seguridad vial\",\"potentialAction\":[{\"@type\":\"SearchAction\",\"target\":{\"@type\":\"EntryPoint\",\"urlTemplate\":\"https:\/\/www.blogdelaautoescuela.com\/blog\/?s={search_term_string}\"},\"query-input\":{\"@type\":\"PropertyValueSpecification\",\"valueRequired\":true,\"valueName\":\"search_term_string\"}}],\"inLanguage\":\"es\"},{\"@type\":\"Person\",\"@id\":\"https:\/\/www.blogdelaautoescuela.com\/blog\/#\/schema\/person\/f209a64ca5dfe74b9acb6317240e792f\",\"name\":\"usr_blogauto\",\"image\":{\"@type\":\"ImageObject\",\"inLanguage\":\"es\",\"@id\":\"https:\/\/www.blogdelaautoescuela.com\/blog\/#\/schema\/person\/image\/\",\"url\":\"https:\/\/secure.gravatar.com\/avatar\/d3939d4ea521ac8421c86d2980321cc9?s=96&d=mm&r=g\",\"contentUrl\":\"https:\/\/secure.gravatar.com\/avatar\/d3939d4ea521ac8421c86d2980321cc9?s=96&d=mm&r=g\",\"caption\":\"usr_blogauto\"},\"description\":\"Blog dedicado a la conducci\u00f3n, las autoescuelas y la seguridad vial. Est\u00e1 creado por un grupo de profesionales de la formaci\u00f3n vial que comparten inquietudes y experiencias. Aqu\u00ed\u00ad podr\u00e1s encontrar informaci\u00f3n variada sobre el d\u00ed\u00ada a d\u00ed\u00ada de la autoescuela, ex\u00e1menes, test o novedades y consejos para una conducci\u00f3n m\u00e1s segura.\",\"sameAs\":[\"http:\/\/www.blogdelaautoescuela.com\/\",\"https:\/\/www.facebook.com\/blogdelaautoescuela\",\"https:\/\/x.com\/autoescuelas\"],\"url\":\"https:\/\/www.blogdelaautoescuela.com\/blog\/author\/usr_blogauto\/\"}]}<\/script>\n<!-- \/ Yoast SEO plugin. -->","yoast_head_json":{"title":"15 fallecidos en accidentes el primer fin de semana con el l\u00ed\u00admite de 110","description":"desde las 15 del viernes 11 de marzo hasta las 24 horas del domingo 13, se han producido un total de 11 accidentes que le han costado la vida a 15 personas","robots":{"index":"index","follow":"follow","max-snippet":"max-snippet:-1","max-image-preview":"max-image-preview:large","max-video-preview":"max-video-preview:-1"},"canonical":"https:\/\/www.blogdelaautoescuela.com\/blog\/15-fallecidos-en-accidentes-el-primer-fin-de-semana-con-el-limite-de-110\/","og_locale":"es_ES","og_type":"article","og_title":"15 fallecidos en accidentes el primer fin de semana con el l\u00ed\u00admite de 110","og_description":"desde las 15 del viernes 11 de marzo hasta las 24 horas del domingo 13, se han producido un total de 11 accidentes que le han costado la vida a 15 personas","og_url":"https:\/\/www.blogdelaautoescuela.com\/blog\/15-fallecidos-en-accidentes-el-primer-fin-de-semana-con-el-limite-de-110\/","og_site_name":"Blog de la autoescuela","article_author":"https:\/\/www.facebook.com\/blogdelaautoescuela","article_published_time":"2011-03-14T11:13:55+00:00","og_image":[{"width":400,"height":300,"url":"https:\/\/www.blogdelaautoescuela.com\/blog\/wp-content\/uploads\/2009\/06\/accidente11.jpg","type":"image\/jpeg"}],"author":"usr_blogauto","twitter_misc":{"Escrito por":"usr_blogauto","Tiempo de lectura":"1 minuto"},"schema":{"@context":"https:\/\/schema.org","@graph":[{"@type":"WebPage","@id":"https:\/\/www.blogdelaautoescuela.com\/blog\/15-fallecidos-en-accidentes-el-primer-fin-de-semana-con-el-limite-de-110\/","url":"https:\/\/www.blogdelaautoescuela.com\/blog\/15-fallecidos-en-accidentes-el-primer-fin-de-semana-con-el-limite-de-110\/","name":"15 fallecidos en accidentes el primer fin de semana con el l\u00ed\u00admite de 110","isPartOf":{"@id":"https:\/\/www.blogdelaautoescuela.com\/blog\/#website"},"primaryImageOfPage":{"@id":"https:\/\/www.blogdelaautoescuela.com\/blog\/15-fallecidos-en-accidentes-el-primer-fin-de-semana-con-el-limite-de-110\/#primaryimage"},"image":{"@id":"https:\/\/www.blogdelaautoescuela.com\/blog\/15-fallecidos-en-accidentes-el-primer-fin-de-semana-con-el-limite-de-110\/#primaryimage"},"thumbnailUrl":"https:\/\/www.blogdelaautoescuela.com\/blog\/wp-content\/uploads\/2009\/06\/accidente11.jpg","datePublished":"2011-03-14T11:13:55+00:00","author":{"@id":"https:\/\/www.blogdelaautoescuela.com\/blog\/#\/schema\/person\/f209a64ca5dfe74b9acb6317240e792f"},"description":"desde las 15 del viernes 11 de marzo hasta las 24 horas del domingo 13, se han producido un total de 11 accidentes que le han costado la vida a 15 personas","breadcrumb":{"@id":"https:\/\/www.blogdelaautoescuela.com\/blog\/15-fallecidos-en-accidentes-el-primer-fin-de-semana-con-el-limite-de-110\/#breadcrumb"},"inLanguage":"es","potentialAction":[{"@type":"ReadAction","target":["https:\/\/www.blogdelaautoescuela.com\/blog\/15-fallecidos-en-accidentes-el-primer-fin-de-semana-con-el-limite-de-110\/"]}]},{"@type":"ImageObject","inLanguage":"es","@id":"https:\/\/www.blogdelaautoescuela.com\/blog\/15-fallecidos-en-accidentes-el-primer-fin-de-semana-con-el-limite-de-110\/#primaryimage","url":"https:\/\/www.blogdelaautoescuela.com\/blog\/wp-content\/uploads\/2009\/06\/accidente11.jpg","contentUrl":"https:\/\/www.blogdelaautoescuela.com\/blog\/wp-content\/uploads\/2009\/06\/accidente11.jpg","width":400,"height":300},{"@type":"BreadcrumbList","@id":"https:\/\/www.blogdelaautoescuela.com\/blog\/15-fallecidos-en-accidentes-el-primer-fin-de-semana-con-el-limite-de-110\/#breadcrumb","itemListElement":[{"@type":"ListItem","position":1,"name":"Portada","item":"https:\/\/www.blogdelaautoescuela.com\/blog\/"},{"@type":"ListItem","position":2,"name":"15 fallecidos en accidentes el primer fin de semana con el l\u00ed\u00admite de 110"}]},{"@type":"WebSite","@id":"https:\/\/www.blogdelaautoescuela.com\/blog\/#website","url":"https:\/\/www.blogdelaautoescuela.com\/blog\/","name":"Blog de la autoescuela","description":"Noticias sobre autoescuelas y seguridad vial","potentialAction":[{"@type":"SearchAction","target":{"@type":"EntryPoint","urlTemplate":"https:\/\/www.blogdelaautoescuela.com\/blog\/?s={search_term_string}"},"query-input":{"@type":"PropertyValueSpecification","valueRequired":true,"valueName":"search_term_string"}}],"inLanguage":"es"},{"@type":"Person","@id":"https:\/\/www.blogdelaautoescuela.com\/blog\/#\/schema\/person\/f209a64ca5dfe74b9acb6317240e792f","name":"usr_blogauto","image":{"@type":"ImageObject","inLanguage":"es","@id":"https:\/\/www.blogdelaautoescuela.com\/blog\/#\/schema\/person\/image\/","url":"https:\/\/secure.gravatar.com\/avatar\/d3939d4ea521ac8421c86d2980321cc9?s=96&d=mm&r=g","contentUrl":"https:\/\/secure.gravatar.com\/avatar\/d3939d4ea521ac8421c86d2980321cc9?s=96&d=mm&r=g","caption":"usr_blogauto"},"description":"Blog dedicado a la conducci\u00f3n, las autoescuelas y la seguridad vial. Est\u00e1 creado por un grupo de profesionales de la formaci\u00f3n vial que comparten inquietudes y experiencias. Aqu\u00ed\u00ad podr\u00e1s encontrar informaci\u00f3n variada sobre el d\u00ed\u00ada a d\u00ed\u00ada de la autoescuela, ex\u00e1menes, test o novedades y consejos para una conducci\u00f3n m\u00e1s segura.","sameAs":["http:\/\/www.blogdelaautoescuela.com\/","https:\/\/www.facebook.com\/blogdelaautoescuela","https:\/\/x.com\/autoescuelas"],"url":"https:\/\/www.blogdelaautoescuela.com\/blog\/author\/usr_blogauto\/"}]}},"jetpack_featured_media_url":"https:\/\/www.blogdelaautoescuela.com\/blog\/wp-content\/uploads\/2009\/06\/accidente11.jpg","_links":{"self":[{"href":"https:\/\/www.blogdelaautoescuela.com\/blog\/wp-json\/wp\/v2\/posts\/6317","targetHints":{"allow":["GET"]}}],"collection":[{"href":"https:\/\/www.blogdelaautoescuela.com\/blog\/wp-json\/wp\/v2\/posts"}],"about":[{"href":"https:\/\/www.blogdelaautoescuela.com\/blog\/wp-json\/wp\/v2\/types\/post"}],"author":[{"embeddable":true,"href":"https:\/\/www.blogdelaautoescuela.com\/blog\/wp-json\/wp\/v2\/users\/1"}],"replies":[{"embeddable":true,"href":"https:\/\/www.blogdelaautoescuela.com\/blog\/wp-json\/wp\/v2\/comments?post=6317"}],"version-history":[{"count":0,"href":"https:\/\/www.blogdelaautoescuela.com\/blog\/wp-json\/wp\/v2\/posts\/6317\/revisions"}],"wp:featuredmedia":[{"embeddable":true,"href":"https:\/\/www.blogdelaautoescuela.com\/blog\/wp-json\/wp\/v2\/media\/1413"}],"wp:attachment":[{"href":"https:\/\/www.blogdelaautoescuela.com\/blog\/wp-json\/wp\/v2\/media?parent=6317"}],"wp:term":[{"taxonomy":"category","embeddable":true,"href":"https:\/\/www.blogdelaautoescuela.com\/blog\/wp-json\/wp\/v2\/categories?post=6317"},{"taxonomy":"post_tag","embeddable":true,"href":"https:\/\/www.blogdelaautoescuela.com\/blog\/wp-json\/wp\/v2\/tags?post=6317"}],"curies":[{"name":"wp","href":"https:\/\/api.w.org\/{rel}","templated":true}]}}