
{"id":6216,"date":"2011-02-24T13:30:33","date_gmt":"2011-02-24T11:30:33","guid":{"rendered":"http:\/\/www.blogdelaautoescuela.com\/blog\/?p=6216"},"modified":"2011-02-24T13:30:33","modified_gmt":"2011-02-24T11:30:33","slug":"la-cnae-a-favor-de-los-30kmh-en-vias-urbanas","status":"publish","type":"post","link":"https:\/\/www.blogdelaautoescuela.com\/blog\/la-cnae-a-favor-de-los-30kmh-en-vias-urbanas\/","title":{"rendered":"La CNAE a favor de los 30km\/h en v\u00ed\u00adas urbanas"},"content":{"rendered":"<p style=\"text-align: center;\"><img loading=\"lazy\" decoding=\"async\" class=\"size-full wp-image-6217 aligncenter\" title=\"30km-h\" src=\"http:\/\/www.blogdelaautoescuela.com\/blog\/wp-content\/uploads\/2011\/02\/30km-h.jpg\" alt=\"30km-h\" width=\"400\" height=\"249\" \/><\/p>\n<p>Los <strong>peatones<\/strong> son el elemento m\u00e1s vulnerable del sistema de movilidad y hay que protegerlos, de hecho <strong>casi la mitad de los fallecidos en accidentes de tr\u00e1fico en v\u00ed\u00adas urbanas son peatones.<\/strong><\/p>\n<p>Con el fin de <strong>proteger a los peatones de los atropellos<\/strong>, la semana pasada <strong>Pere Navarro, director general de Tr\u00e1fico<\/strong>, anunci\u00f3 que se limitar\u00e1 la velocidad de los 50 km\/h actuales a <strong>30 km\/h en las v\u00ed\u00adas urbanas que tengan un s\u00f3lo carril para cada sentido, o tengan un \u00fanico carril<\/strong>, para lo que habr\u00e1 que modificar primero el Reglamento General de Circulaci\u00f3n.<\/p>\n<p>Para argumentar esta reducci\u00f3n de los l\u00ed\u00admites de velocidad urbanos, <strong>Pere Navarro<\/strong> ha explicado que<em> <span style=\"font-size: small;\"> &#8220;70 kil\u00f3metros por hora no se salva  nadie; a 50 kil\u00f3metros por hora, se salva el 50 por\u00a0100 y a 30  kil\u00f3metros por hora, se salva el 95 por 100&#8221;.<\/span><\/em><\/p>\n<p><span style=\"font-size: small;\">Esta <strong>medida de reducir la velocidad en las zonas urbanas con <\/strong><\/span><span><strong>\u00fanico carril y en las calles de doble direcci\u00f3n con un solo carril en cada sentido<\/strong>,<\/span><span style=\"font-size: small;\"> ha sido muy bien recibida por la <strong>CNAE (Confederaci\u00f3n Nacional de Autoescuelas).<\/strong><\/span><\/p>\n<p><span style=\"font-size: small;\">Esta medida es <strong>especialmente beneficiosa en el caso de los ni\u00f1os peque\u00f1os o de personas mayores<\/strong>,<\/span><span> los ancianos ven y oyen menos y se mueven  con mayor dificultad, mientras que los ni\u00f1os prestan poca atenci\u00f3n  pueden reaccionar de modo imprevisible y tienen dificultades para  distinguir por el sonido la distancia a la que se encuentra un veh\u00ed\u00adculo  que se aproxima. Adem\u00e1s, su \u00e1ngulo de visi\u00f3n es m\u00e1s limitado que el de  los adultos (hasta los dos a\u00f1os es de 80\u00ba y hasta los seis es de 110\u00ba,  mientras que el de los adultos es de 180\u00ba) y por otro lado, debido a su  corta estatura ven menos y son menos visibles.<\/span><\/p>\n","protected":false},"excerpt":{"rendered":"<p>Los peatones son el elemento m\u00e1s vulnerable del sistema de movilidad y hay que protegerlos, de hecho casi la mitad de los fallecidos en accidentes de tr\u00e1fico en v\u00ed\u00adas urbanas son peatones. Con el fin de proteger a los peatones de los atropellos, la semana pasada Pere Navarro, director general de Tr\u00e1fico, anunci\u00f3 que se [&hellip;]<\/p>\n","protected":false},"author":1,"featured_media":6217,"comment_status":"open","ping_status":"closed","sticky":false,"template":"","format":"standard","meta":{"footnotes":"","jetpack_publicize_message":"","jetpack_publicize_feature_enabled":true,"jetpack_social_post_already_shared":false,"jetpack_social_options":{"image_generator_settings":{"template":"highway","enabled":false},"version":2}},"categories":[12,19],"tags":[807,986,1360],"class_list":["post-6216","post","type-post","status-publish","format-standard","has-post-thumbnail","hentry","category-noticias","category-seguridad-vial","tag-limite-de-velocidad","tag-peatones","tag-velocidad"],"wppr_data":[],"jetpack_publicize_connections":[],"yoast_head":"<!-- This site is optimized with the Yoast SEO plugin v24.7 - https:\/\/yoast.com\/wordpress\/plugins\/seo\/ -->\n<title>La CNAE a favor de los 30km\/h en v\u00ed\u00adas urbanas<\/title>\n<meta name=\"description\" content=\"Pere Navarro anunci\u00f3 que se limitar\u00e1 la velocidad a 30 km\/h en las v\u00ed\u00adas urbanas que tengan un s\u00f3lo carril para cada sentido, o tengan un \u00fanico carril\" \/>\n<meta name=\"robots\" content=\"index, follow, max-snippet:-1, max-image-preview:large, max-video-preview:-1\" \/>\n<link rel=\"canonical\" href=\"https:\/\/www.blogdelaautoescuela.com\/blog\/la-cnae-a-favor-de-los-30kmh-en-vias-urbanas\/\" \/>\n<meta property=\"og:locale\" content=\"es_ES\" \/>\n<meta property=\"og:type\" content=\"article\" \/>\n<meta property=\"og:title\" content=\"La CNAE a favor de los 30km\/h en v\u00ed\u00adas urbanas\" \/>\n<meta property=\"og:description\" content=\"Pere Navarro anunci\u00f3 que se limitar\u00e1 la velocidad a 30 km\/h en las v\u00ed\u00adas urbanas que tengan un s\u00f3lo carril para cada sentido, o tengan un \u00fanico carril\" \/>\n<meta property=\"og:url\" content=\"https:\/\/www.blogdelaautoescuela.com\/blog\/la-cnae-a-favor-de-los-30kmh-en-vias-urbanas\/\" \/>\n<meta property=\"og:site_name\" content=\"Blog de la autoescuela\" \/>\n<meta property=\"article:author\" content=\"https:\/\/www.facebook.com\/blogdelaautoescuela\" \/>\n<meta property=\"article:published_time\" content=\"2011-02-24T11:30:33+00:00\" \/>\n<meta property=\"og:image\" content=\"https:\/\/www.blogdelaautoescuela.com\/blog\/wp-content\/uploads\/2011\/02\/30km-h1.jpg\" \/>\n\t<meta property=\"og:image:width\" content=\"400\" \/>\n\t<meta property=\"og:image:height\" content=\"249\" \/>\n\t<meta property=\"og:image:type\" content=\"image\/jpeg\" \/>\n<meta name=\"author\" content=\"usr_blogauto\" \/>\n<meta name=\"twitter:label1\" content=\"Escrito por\" \/>\n\t<meta name=\"twitter:data1\" content=\"usr_blogauto\" \/>\n\t<meta name=\"twitter:label2\" content=\"Tiempo de lectura\" \/>\n\t<meta name=\"twitter:data2\" content=\"2 minutos\" \/>\n<script type=\"application\/ld+json\" class=\"yoast-schema-graph\">{\"@context\":\"https:\/\/schema.org\",\"@graph\":[{\"@type\":\"WebPage\",\"@id\":\"https:\/\/www.blogdelaautoescuela.com\/blog\/la-cnae-a-favor-de-los-30kmh-en-vias-urbanas\/\",\"url\":\"https:\/\/www.blogdelaautoescuela.com\/blog\/la-cnae-a-favor-de-los-30kmh-en-vias-urbanas\/\",\"name\":\"La CNAE a favor de los 30km\/h en v\u00ed\u00adas urbanas\",\"isPartOf\":{\"@id\":\"https:\/\/www.blogdelaautoescuela.com\/blog\/#website\"},\"primaryImageOfPage\":{\"@id\":\"https:\/\/www.blogdelaautoescuela.com\/blog\/la-cnae-a-favor-de-los-30kmh-en-vias-urbanas\/#primaryimage\"},\"image\":{\"@id\":\"https:\/\/www.blogdelaautoescuela.com\/blog\/la-cnae-a-favor-de-los-30kmh-en-vias-urbanas\/#primaryimage\"},\"thumbnailUrl\":\"https:\/\/www.blogdelaautoescuela.com\/blog\/wp-content\/uploads\/2011\/02\/30km-h1.jpg\",\"datePublished\":\"2011-02-24T11:30:33+00:00\",\"author\":{\"@id\":\"https:\/\/www.blogdelaautoescuela.com\/blog\/#\/schema\/person\/f209a64ca5dfe74b9acb6317240e792f\"},\"description\":\"Pere Navarro anunci\u00f3 que se limitar\u00e1 la velocidad a 30 km\/h en las v\u00ed\u00adas urbanas que tengan un s\u00f3lo carril para cada sentido, o tengan un \u00fanico carril\",\"breadcrumb\":{\"@id\":\"https:\/\/www.blogdelaautoescuela.com\/blog\/la-cnae-a-favor-de-los-30kmh-en-vias-urbanas\/#breadcrumb\"},\"inLanguage\":\"es\",\"potentialAction\":[{\"@type\":\"ReadAction\",\"target\":[\"https:\/\/www.blogdelaautoescuela.com\/blog\/la-cnae-a-favor-de-los-30kmh-en-vias-urbanas\/\"]}]},{\"@type\":\"ImageObject\",\"inLanguage\":\"es\",\"@id\":\"https:\/\/www.blogdelaautoescuela.com\/blog\/la-cnae-a-favor-de-los-30kmh-en-vias-urbanas\/#primaryimage\",\"url\":\"https:\/\/www.blogdelaautoescuela.com\/blog\/wp-content\/uploads\/2011\/02\/30km-h1.jpg\",\"contentUrl\":\"https:\/\/www.blogdelaautoescuela.com\/blog\/wp-content\/uploads\/2011\/02\/30km-h1.jpg\",\"width\":400,\"height\":249},{\"@type\":\"BreadcrumbList\",\"@id\":\"https:\/\/www.blogdelaautoescuela.com\/blog\/la-cnae-a-favor-de-los-30kmh-en-vias-urbanas\/#breadcrumb\",\"itemListElement\":[{\"@type\":\"ListItem\",\"position\":1,\"name\":\"Portada\",\"item\":\"https:\/\/www.blogdelaautoescuela.com\/blog\/\"},{\"@type\":\"ListItem\",\"position\":2,\"name\":\"La CNAE a favor de los 30km\/h en v\u00ed\u00adas urbanas\"}]},{\"@type\":\"WebSite\",\"@id\":\"https:\/\/www.blogdelaautoescuela.com\/blog\/#website\",\"url\":\"https:\/\/www.blogdelaautoescuela.com\/blog\/\",\"name\":\"Blog de la autoescuela\",\"description\":\"Noticias sobre autoescuelas y seguridad vial\",\"potentialAction\":[{\"@type\":\"SearchAction\",\"target\":{\"@type\":\"EntryPoint\",\"urlTemplate\":\"https:\/\/www.blogdelaautoescuela.com\/blog\/?s={search_term_string}\"},\"query-input\":{\"@type\":\"PropertyValueSpecification\",\"valueRequired\":true,\"valueName\":\"search_term_string\"}}],\"inLanguage\":\"es\"},{\"@type\":\"Person\",\"@id\":\"https:\/\/www.blogdelaautoescuela.com\/blog\/#\/schema\/person\/f209a64ca5dfe74b9acb6317240e792f\",\"name\":\"usr_blogauto\",\"image\":{\"@type\":\"ImageObject\",\"inLanguage\":\"es\",\"@id\":\"https:\/\/www.blogdelaautoescuela.com\/blog\/#\/schema\/person\/image\/\",\"url\":\"https:\/\/secure.gravatar.com\/avatar\/d3939d4ea521ac8421c86d2980321cc9?s=96&d=mm&r=g\",\"contentUrl\":\"https:\/\/secure.gravatar.com\/avatar\/d3939d4ea521ac8421c86d2980321cc9?s=96&d=mm&r=g\",\"caption\":\"usr_blogauto\"},\"description\":\"Blog dedicado a la conducci\u00f3n, las autoescuelas y la seguridad vial. Est\u00e1 creado por un grupo de profesionales de la formaci\u00f3n vial que comparten inquietudes y experiencias. Aqu\u00ed\u00ad podr\u00e1s encontrar informaci\u00f3n variada sobre el d\u00ed\u00ada a d\u00ed\u00ada de la autoescuela, ex\u00e1menes, test o novedades y consejos para una conducci\u00f3n m\u00e1s segura.\",\"sameAs\":[\"http:\/\/www.blogdelaautoescuela.com\/\",\"https:\/\/www.facebook.com\/blogdelaautoescuela\",\"https:\/\/x.com\/autoescuelas\"],\"url\":\"https:\/\/www.blogdelaautoescuela.com\/blog\/author\/usr_blogauto\/\"}]}<\/script>\n<!-- \/ Yoast SEO plugin. -->","yoast_head_json":{"title":"La CNAE a favor de los 30km\/h en v\u00ed\u00adas urbanas","description":"Pere Navarro anunci\u00f3 que se limitar\u00e1 la velocidad a 30 km\/h en las v\u00ed\u00adas urbanas que tengan un s\u00f3lo carril para cada sentido, o tengan un \u00fanico carril","robots":{"index":"index","follow":"follow","max-snippet":"max-snippet:-1","max-image-preview":"max-image-preview:large","max-video-preview":"max-video-preview:-1"},"canonical":"https:\/\/www.blogdelaautoescuela.com\/blog\/la-cnae-a-favor-de-los-30kmh-en-vias-urbanas\/","og_locale":"es_ES","og_type":"article","og_title":"La CNAE a favor de los 30km\/h en v\u00ed\u00adas urbanas","og_description":"Pere Navarro anunci\u00f3 que se limitar\u00e1 la velocidad a 30 km\/h en las v\u00ed\u00adas urbanas que tengan un s\u00f3lo carril para cada sentido, o tengan un \u00fanico carril","og_url":"https:\/\/www.blogdelaautoescuela.com\/blog\/la-cnae-a-favor-de-los-30kmh-en-vias-urbanas\/","og_site_name":"Blog de la autoescuela","article_author":"https:\/\/www.facebook.com\/blogdelaautoescuela","article_published_time":"2011-02-24T11:30:33+00:00","og_image":[{"width":400,"height":249,"url":"https:\/\/www.blogdelaautoescuela.com\/blog\/wp-content\/uploads\/2011\/02\/30km-h1.jpg","type":"image\/jpeg"}],"author":"usr_blogauto","twitter_misc":{"Escrito por":"usr_blogauto","Tiempo de lectura":"2 minutos"},"schema":{"@context":"https:\/\/schema.org","@graph":[{"@type":"WebPage","@id":"https:\/\/www.blogdelaautoescuela.com\/blog\/la-cnae-a-favor-de-los-30kmh-en-vias-urbanas\/","url":"https:\/\/www.blogdelaautoescuela.com\/blog\/la-cnae-a-favor-de-los-30kmh-en-vias-urbanas\/","name":"La CNAE a favor de los 30km\/h en v\u00ed\u00adas urbanas","isPartOf":{"@id":"https:\/\/www.blogdelaautoescuela.com\/blog\/#website"},"primaryImageOfPage":{"@id":"https:\/\/www.blogdelaautoescuela.com\/blog\/la-cnae-a-favor-de-los-30kmh-en-vias-urbanas\/#primaryimage"},"image":{"@id":"https:\/\/www.blogdelaautoescuela.com\/blog\/la-cnae-a-favor-de-los-30kmh-en-vias-urbanas\/#primaryimage"},"thumbnailUrl":"https:\/\/www.blogdelaautoescuela.com\/blog\/wp-content\/uploads\/2011\/02\/30km-h1.jpg","datePublished":"2011-02-24T11:30:33+00:00","author":{"@id":"https:\/\/www.blogdelaautoescuela.com\/blog\/#\/schema\/person\/f209a64ca5dfe74b9acb6317240e792f"},"description":"Pere Navarro anunci\u00f3 que se limitar\u00e1 la velocidad a 30 km\/h en las v\u00ed\u00adas urbanas que tengan un s\u00f3lo carril para cada sentido, o tengan un \u00fanico carril","breadcrumb":{"@id":"https:\/\/www.blogdelaautoescuela.com\/blog\/la-cnae-a-favor-de-los-30kmh-en-vias-urbanas\/#breadcrumb"},"inLanguage":"es","potentialAction":[{"@type":"ReadAction","target":["https:\/\/www.blogdelaautoescuela.com\/blog\/la-cnae-a-favor-de-los-30kmh-en-vias-urbanas\/"]}]},{"@type":"ImageObject","inLanguage":"es","@id":"https:\/\/www.blogdelaautoescuela.com\/blog\/la-cnae-a-favor-de-los-30kmh-en-vias-urbanas\/#primaryimage","url":"https:\/\/www.blogdelaautoescuela.com\/blog\/wp-content\/uploads\/2011\/02\/30km-h1.jpg","contentUrl":"https:\/\/www.blogdelaautoescuela.com\/blog\/wp-content\/uploads\/2011\/02\/30km-h1.jpg","width":400,"height":249},{"@type":"BreadcrumbList","@id":"https:\/\/www.blogdelaautoescuela.com\/blog\/la-cnae-a-favor-de-los-30kmh-en-vias-urbanas\/#breadcrumb","itemListElement":[{"@type":"ListItem","position":1,"name":"Portada","item":"https:\/\/www.blogdelaautoescuela.com\/blog\/"},{"@type":"ListItem","position":2,"name":"La CNAE a favor de los 30km\/h en v\u00ed\u00adas urbanas"}]},{"@type":"WebSite","@id":"https:\/\/www.blogdelaautoescuela.com\/blog\/#website","url":"https:\/\/www.blogdelaautoescuela.com\/blog\/","name":"Blog de la autoescuela","description":"Noticias sobre autoescuelas y seguridad vial","potentialAction":[{"@type":"SearchAction","target":{"@type":"EntryPoint","urlTemplate":"https:\/\/www.blogdelaautoescuela.com\/blog\/?s={search_term_string}"},"query-input":{"@type":"PropertyValueSpecification","valueRequired":true,"valueName":"search_term_string"}}],"inLanguage":"es"},{"@type":"Person","@id":"https:\/\/www.blogdelaautoescuela.com\/blog\/#\/schema\/person\/f209a64ca5dfe74b9acb6317240e792f","name":"usr_blogauto","image":{"@type":"ImageObject","inLanguage":"es","@id":"https:\/\/www.blogdelaautoescuela.com\/blog\/#\/schema\/person\/image\/","url":"https:\/\/secure.gravatar.com\/avatar\/d3939d4ea521ac8421c86d2980321cc9?s=96&d=mm&r=g","contentUrl":"https:\/\/secure.gravatar.com\/avatar\/d3939d4ea521ac8421c86d2980321cc9?s=96&d=mm&r=g","caption":"usr_blogauto"},"description":"Blog dedicado a la conducci\u00f3n, las autoescuelas y la seguridad vial. Est\u00e1 creado por un grupo de profesionales de la formaci\u00f3n vial que comparten inquietudes y experiencias. Aqu\u00ed\u00ad podr\u00e1s encontrar informaci\u00f3n variada sobre el d\u00ed\u00ada a d\u00ed\u00ada de la autoescuela, ex\u00e1menes, test o novedades y consejos para una conducci\u00f3n m\u00e1s segura.","sameAs":["http:\/\/www.blogdelaautoescuela.com\/","https:\/\/www.facebook.com\/blogdelaautoescuela","https:\/\/x.com\/autoescuelas"],"url":"https:\/\/www.blogdelaautoescuela.com\/blog\/author\/usr_blogauto\/"}]}},"jetpack_featured_media_url":"https:\/\/www.blogdelaautoescuela.com\/blog\/wp-content\/uploads\/2011\/02\/30km-h1.jpg","_links":{"self":[{"href":"https:\/\/www.blogdelaautoescuela.com\/blog\/wp-json\/wp\/v2\/posts\/6216","targetHints":{"allow":["GET"]}}],"collection":[{"href":"https:\/\/www.blogdelaautoescuela.com\/blog\/wp-json\/wp\/v2\/posts"}],"about":[{"href":"https:\/\/www.blogdelaautoescuela.com\/blog\/wp-json\/wp\/v2\/types\/post"}],"author":[{"embeddable":true,"href":"https:\/\/www.blogdelaautoescuela.com\/blog\/wp-json\/wp\/v2\/users\/1"}],"replies":[{"embeddable":true,"href":"https:\/\/www.blogdelaautoescuela.com\/blog\/wp-json\/wp\/v2\/comments?post=6216"}],"version-history":[{"count":0,"href":"https:\/\/www.blogdelaautoescuela.com\/blog\/wp-json\/wp\/v2\/posts\/6216\/revisions"}],"wp:featuredmedia":[{"embeddable":true,"href":"https:\/\/www.blogdelaautoescuela.com\/blog\/wp-json\/wp\/v2\/media\/6217"}],"wp:attachment":[{"href":"https:\/\/www.blogdelaautoescuela.com\/blog\/wp-json\/wp\/v2\/media?parent=6216"}],"wp:term":[{"taxonomy":"category","embeddable":true,"href":"https:\/\/www.blogdelaautoescuela.com\/blog\/wp-json\/wp\/v2\/categories?post=6216"},{"taxonomy":"post_tag","embeddable":true,"href":"https:\/\/www.blogdelaautoescuela.com\/blog\/wp-json\/wp\/v2\/tags?post=6216"}],"curies":[{"name":"wp","href":"https:\/\/api.w.org\/{rel}","templated":true}]}}