
{"id":5250,"date":"2010-10-07T14:03:34","date_gmt":"2010-10-07T12:03:34","guid":{"rendered":"http:\/\/www.blogdelaautoescuela.com\/blog\/?p=5250"},"modified":"2010-10-07T14:03:34","modified_gmt":"2010-10-07T12:03:34","slug":"operativo-especial-por-el-puente-del-pilar-2010","status":"publish","type":"post","link":"https:\/\/www.blogdelaautoescuela.com\/blog\/operativo-especial-por-el-puente-del-pilar-2010\/","title":{"rendered":"Operativo especial por el Puente del Pilar 2010"},"content":{"rendered":"<p style=\"text-align: center;\"><img loading=\"lazy\" decoding=\"async\" class=\"size-full wp-image-5251 aligncenter\" title=\"desplazamientos pilar 2010\" src=\"http:\/\/www.blogdelaautoescuela.com\/blog\/wp-content\/uploads\/2010\/10\/desplazamientos-pilar-2010.jpg\" alt=\"desplazamientos pilar 2010\" width=\"400\" height=\"300\" \/><\/p>\n<p>Ma\u00f1ana, viernes <strong>8 de octubre, a las 15 horas<\/strong>, dar\u00e1 comienzo el <strong>dispositivo especial de tr\u00e1fico<\/strong> por el<strong> Puente del Pilar 2010<\/strong>, que termir\u00e1 a las 24 horas del martes 12 de octubre.<\/p>\n<p>Durante estos d\u00ed\u00adas <strong>la DGT (Direcci\u00f3n General de Tr\u00e1fico) espera que se realicen cerca de 6,7 millones de desplazamientos<\/strong>, se cree que los mayores problemas circulatorios se producir\u00e1n en las primeras horas de la tarde de ma\u00f1ana viernes, cuando comienza el puente, en las principales v\u00ed\u00adas de comunicaci\u00f3n hacia las zonas tur\u00ed\u00adsticas y de descanso, segunda residencia y poblaciones en fiestas, como Zaragoza.<\/p>\n<p>Como en la mayor\u00ed\u00ada de las operaciones especiales de tr\u00e1fico durante los d\u00ed\u00adas que dura este <strong>dispositivo especial<\/strong> se estringir\u00e1 la circulaci\u00f3n de camiones en general y a los que transportan determinadas mercanc\u00ed\u00adas, se limitar\u00e1 la celebraci\u00f3n de pruebas deportivas y otros eventos que supongan la ocupaci\u00f3n de la calzada, y se paralizar\u00e1n las obras en las carreteras.<\/p>\n<p>Adem\u00e1s durante estos d\u00ed\u00adas habr\u00e1 unos<strong> 600 funcionarios y personal t\u00e9cnico especializado<\/strong> trabajando en los Centros de Gesti\u00f3n de Tr\u00e1fico, tambi\u00e9n habr\u00e1 <strong>10.000 agentes de la Agrupaci\u00f3n de Tr\u00e1fico de la Guardia Civil<\/strong> velando por nuestra seguridad y <strong>13.000 empleados de las empresas de conservaci\u00f3n.<\/strong><\/p>\n<p>Ahora que las condiciones climatol\u00f3gicas empiezan a ser m\u00e1s adversas y las horas de luz son menos es especialmente importante que cumplas con las normas y se\u00f1ales de circulaci\u00f3n, lleves a cabo las medidas de seguridad necesarias, y no pierdas la atenci\u00f3n durante la conducci\u00f3n. <strong>Queremos que regreses del Puente del Pilar 2010.<\/strong><\/p>\n","protected":false},"excerpt":{"rendered":"<p>Ma\u00f1ana, viernes 8 de octubre, a las 15 horas, dar\u00e1 comienzo el dispositivo especial de tr\u00e1fico por el Puente del Pilar 2010, que termir\u00e1 a las 24 horas del martes 12 de octubre. Durante estos d\u00ed\u00adas la DGT (Direcci\u00f3n General de Tr\u00e1fico) espera que se realicen cerca de 6,7 millones de desplazamientos, se cree que [&hellip;]<\/p>\n","protected":false},"author":1,"featured_media":5251,"comment_status":"open","ping_status":"closed","sticky":false,"template":"","format":"standard","meta":{"footnotes":"","jetpack_publicize_message":"","jetpack_publicize_feature_enabled":true,"jetpack_social_post_already_shared":false,"jetpack_social_options":{"image_generator_settings":{"template":"highway","enabled":false},"version":2}},"categories":[12,19],"tags":[255,951,1678],"class_list":["post-5250","post","type-post","status-publish","format-standard","has-post-thumbnail","hentry","category-noticias","category-seguridad-vial","tag-campanas","tag-operacion-especial","tag-seguridad-vial"],"wppr_data":[],"jetpack_publicize_connections":[],"yoast_head":"<!-- This site is optimized with the Yoast SEO plugin v24.7 - https:\/\/yoast.com\/wordpress\/plugins\/seo\/ -->\n<title>Operativo especial por el Puente del Pilar 2010<\/title>\n<meta name=\"robots\" content=\"index, follow, max-snippet:-1, max-image-preview:large, max-video-preview:-1\" \/>\n<link rel=\"canonical\" href=\"https:\/\/www.blogdelaautoescuela.com\/blog\/operativo-especial-por-el-puente-del-pilar-2010\/\" \/>\n<meta property=\"og:locale\" content=\"es_ES\" \/>\n<meta property=\"og:type\" content=\"article\" \/>\n<meta property=\"og:title\" content=\"Operativo especial por el Puente del Pilar 2010\" \/>\n<meta property=\"og:description\" content=\"Ma\u00f1ana, viernes 8 de octubre, a las 15 horas, dar\u00e1 comienzo el dispositivo especial de tr\u00e1fico por el Puente del Pilar 2010, que termir\u00e1 a las 24 horas del martes 12 de octubre. Durante estos d\u00ed\u00adas la DGT (Direcci\u00f3n General de Tr\u00e1fico) espera que se realicen cerca de 6,7 millones de desplazamientos, se cree que [&hellip;]\" \/>\n<meta property=\"og:url\" content=\"https:\/\/www.blogdelaautoescuela.com\/blog\/operativo-especial-por-el-puente-del-pilar-2010\/\" \/>\n<meta property=\"og:site_name\" content=\"Blog de la autoescuela\" \/>\n<meta property=\"article:author\" content=\"https:\/\/www.facebook.com\/blogdelaautoescuela\" \/>\n<meta property=\"article:published_time\" content=\"2010-10-07T12:03:34+00:00\" \/>\n<meta property=\"og:image\" content=\"https:\/\/www.blogdelaautoescuela.com\/blog\/wp-content\/uploads\/2010\/10\/desplazamientos-pilar-20101.jpg\" \/>\n\t<meta property=\"og:image:width\" content=\"500\" \/>\n\t<meta property=\"og:image:height\" content=\"361\" \/>\n\t<meta property=\"og:image:type\" content=\"image\/jpeg\" \/>\n<meta name=\"author\" content=\"usr_blogauto\" \/>\n<meta name=\"twitter:label1\" content=\"Escrito por\" \/>\n\t<meta name=\"twitter:data1\" content=\"usr_blogauto\" \/>\n\t<meta name=\"twitter:label2\" content=\"Tiempo de lectura\" \/>\n\t<meta name=\"twitter:data2\" content=\"1 minuto\" \/>\n<script type=\"application\/ld+json\" class=\"yoast-schema-graph\">{\"@context\":\"https:\/\/schema.org\",\"@graph\":[{\"@type\":\"WebPage\",\"@id\":\"https:\/\/www.blogdelaautoescuela.com\/blog\/operativo-especial-por-el-puente-del-pilar-2010\/\",\"url\":\"https:\/\/www.blogdelaautoescuela.com\/blog\/operativo-especial-por-el-puente-del-pilar-2010\/\",\"name\":\"Operativo especial por el Puente del Pilar 2010\",\"isPartOf\":{\"@id\":\"https:\/\/www.blogdelaautoescuela.com\/blog\/#website\"},\"primaryImageOfPage\":{\"@id\":\"https:\/\/www.blogdelaautoescuela.com\/blog\/operativo-especial-por-el-puente-del-pilar-2010\/#primaryimage\"},\"image\":{\"@id\":\"https:\/\/www.blogdelaautoescuela.com\/blog\/operativo-especial-por-el-puente-del-pilar-2010\/#primaryimage\"},\"thumbnailUrl\":\"https:\/\/www.blogdelaautoescuela.com\/blog\/wp-content\/uploads\/2010\/10\/desplazamientos-pilar-20101.jpg\",\"datePublished\":\"2010-10-07T12:03:34+00:00\",\"author\":{\"@id\":\"https:\/\/www.blogdelaautoescuela.com\/blog\/#\/schema\/person\/f209a64ca5dfe74b9acb6317240e792f\"},\"breadcrumb\":{\"@id\":\"https:\/\/www.blogdelaautoescuela.com\/blog\/operativo-especial-por-el-puente-del-pilar-2010\/#breadcrumb\"},\"inLanguage\":\"es\",\"potentialAction\":[{\"@type\":\"ReadAction\",\"target\":[\"https:\/\/www.blogdelaautoescuela.com\/blog\/operativo-especial-por-el-puente-del-pilar-2010\/\"]}]},{\"@type\":\"ImageObject\",\"inLanguage\":\"es\",\"@id\":\"https:\/\/www.blogdelaautoescuela.com\/blog\/operativo-especial-por-el-puente-del-pilar-2010\/#primaryimage\",\"url\":\"https:\/\/www.blogdelaautoescuela.com\/blog\/wp-content\/uploads\/2010\/10\/desplazamientos-pilar-20101.jpg\",\"contentUrl\":\"https:\/\/www.blogdelaautoescuela.com\/blog\/wp-content\/uploads\/2010\/10\/desplazamientos-pilar-20101.jpg\",\"width\":500,\"height\":361},{\"@type\":\"BreadcrumbList\",\"@id\":\"https:\/\/www.blogdelaautoescuela.com\/blog\/operativo-especial-por-el-puente-del-pilar-2010\/#breadcrumb\",\"itemListElement\":[{\"@type\":\"ListItem\",\"position\":1,\"name\":\"Portada\",\"item\":\"https:\/\/www.blogdelaautoescuela.com\/blog\/\"},{\"@type\":\"ListItem\",\"position\":2,\"name\":\"Operativo especial por el Puente del Pilar 2010\"}]},{\"@type\":\"WebSite\",\"@id\":\"https:\/\/www.blogdelaautoescuela.com\/blog\/#website\",\"url\":\"https:\/\/www.blogdelaautoescuela.com\/blog\/\",\"name\":\"Blog de la autoescuela\",\"description\":\"Noticias sobre autoescuelas y seguridad vial\",\"potentialAction\":[{\"@type\":\"SearchAction\",\"target\":{\"@type\":\"EntryPoint\",\"urlTemplate\":\"https:\/\/www.blogdelaautoescuela.com\/blog\/?s={search_term_string}\"},\"query-input\":{\"@type\":\"PropertyValueSpecification\",\"valueRequired\":true,\"valueName\":\"search_term_string\"}}],\"inLanguage\":\"es\"},{\"@type\":\"Person\",\"@id\":\"https:\/\/www.blogdelaautoescuela.com\/blog\/#\/schema\/person\/f209a64ca5dfe74b9acb6317240e792f\",\"name\":\"usr_blogauto\",\"image\":{\"@type\":\"ImageObject\",\"inLanguage\":\"es\",\"@id\":\"https:\/\/www.blogdelaautoescuela.com\/blog\/#\/schema\/person\/image\/\",\"url\":\"https:\/\/secure.gravatar.com\/avatar\/d3939d4ea521ac8421c86d2980321cc9?s=96&d=mm&r=g\",\"contentUrl\":\"https:\/\/secure.gravatar.com\/avatar\/d3939d4ea521ac8421c86d2980321cc9?s=96&d=mm&r=g\",\"caption\":\"usr_blogauto\"},\"description\":\"Blog dedicado a la conducci\u00f3n, las autoescuelas y la seguridad vial. Est\u00e1 creado por un grupo de profesionales de la formaci\u00f3n vial que comparten inquietudes y experiencias. Aqu\u00ed\u00ad podr\u00e1s encontrar informaci\u00f3n variada sobre el d\u00ed\u00ada a d\u00ed\u00ada de la autoescuela, ex\u00e1menes, test o novedades y consejos para una conducci\u00f3n m\u00e1s segura.\",\"sameAs\":[\"http:\/\/www.blogdelaautoescuela.com\/\",\"https:\/\/www.facebook.com\/blogdelaautoescuela\",\"https:\/\/x.com\/autoescuelas\"],\"url\":\"https:\/\/www.blogdelaautoescuela.com\/blog\/author\/usr_blogauto\/\"}]}<\/script>\n<!-- \/ Yoast SEO plugin. -->","yoast_head_json":{"title":"Operativo especial por el Puente del Pilar 2010","robots":{"index":"index","follow":"follow","max-snippet":"max-snippet:-1","max-image-preview":"max-image-preview:large","max-video-preview":"max-video-preview:-1"},"canonical":"https:\/\/www.blogdelaautoescuela.com\/blog\/operativo-especial-por-el-puente-del-pilar-2010\/","og_locale":"es_ES","og_type":"article","og_title":"Operativo especial por el Puente del Pilar 2010","og_description":"Ma\u00f1ana, viernes 8 de octubre, a las 15 horas, dar\u00e1 comienzo el dispositivo especial de tr\u00e1fico por el Puente del Pilar 2010, que termir\u00e1 a las 24 horas del martes 12 de octubre. Durante estos d\u00ed\u00adas la DGT (Direcci\u00f3n General de Tr\u00e1fico) espera que se realicen cerca de 6,7 millones de desplazamientos, se cree que [&hellip;]","og_url":"https:\/\/www.blogdelaautoescuela.com\/blog\/operativo-especial-por-el-puente-del-pilar-2010\/","og_site_name":"Blog de la autoescuela","article_author":"https:\/\/www.facebook.com\/blogdelaautoescuela","article_published_time":"2010-10-07T12:03:34+00:00","og_image":[{"width":500,"height":361,"url":"https:\/\/www.blogdelaautoescuela.com\/blog\/wp-content\/uploads\/2010\/10\/desplazamientos-pilar-20101.jpg","type":"image\/jpeg"}],"author":"usr_blogauto","twitter_misc":{"Escrito por":"usr_blogauto","Tiempo de lectura":"1 minuto"},"schema":{"@context":"https:\/\/schema.org","@graph":[{"@type":"WebPage","@id":"https:\/\/www.blogdelaautoescuela.com\/blog\/operativo-especial-por-el-puente-del-pilar-2010\/","url":"https:\/\/www.blogdelaautoescuela.com\/blog\/operativo-especial-por-el-puente-del-pilar-2010\/","name":"Operativo especial por el Puente del Pilar 2010","isPartOf":{"@id":"https:\/\/www.blogdelaautoescuela.com\/blog\/#website"},"primaryImageOfPage":{"@id":"https:\/\/www.blogdelaautoescuela.com\/blog\/operativo-especial-por-el-puente-del-pilar-2010\/#primaryimage"},"image":{"@id":"https:\/\/www.blogdelaautoescuela.com\/blog\/operativo-especial-por-el-puente-del-pilar-2010\/#primaryimage"},"thumbnailUrl":"https:\/\/www.blogdelaautoescuela.com\/blog\/wp-content\/uploads\/2010\/10\/desplazamientos-pilar-20101.jpg","datePublished":"2010-10-07T12:03:34+00:00","author":{"@id":"https:\/\/www.blogdelaautoescuela.com\/blog\/#\/schema\/person\/f209a64ca5dfe74b9acb6317240e792f"},"breadcrumb":{"@id":"https:\/\/www.blogdelaautoescuela.com\/blog\/operativo-especial-por-el-puente-del-pilar-2010\/#breadcrumb"},"inLanguage":"es","potentialAction":[{"@type":"ReadAction","target":["https:\/\/www.blogdelaautoescuela.com\/blog\/operativo-especial-por-el-puente-del-pilar-2010\/"]}]},{"@type":"ImageObject","inLanguage":"es","@id":"https:\/\/www.blogdelaautoescuela.com\/blog\/operativo-especial-por-el-puente-del-pilar-2010\/#primaryimage","url":"https:\/\/www.blogdelaautoescuela.com\/blog\/wp-content\/uploads\/2010\/10\/desplazamientos-pilar-20101.jpg","contentUrl":"https:\/\/www.blogdelaautoescuela.com\/blog\/wp-content\/uploads\/2010\/10\/desplazamientos-pilar-20101.jpg","width":500,"height":361},{"@type":"BreadcrumbList","@id":"https:\/\/www.blogdelaautoescuela.com\/blog\/operativo-especial-por-el-puente-del-pilar-2010\/#breadcrumb","itemListElement":[{"@type":"ListItem","position":1,"name":"Portada","item":"https:\/\/www.blogdelaautoescuela.com\/blog\/"},{"@type":"ListItem","position":2,"name":"Operativo especial por el Puente del Pilar 2010"}]},{"@type":"WebSite","@id":"https:\/\/www.blogdelaautoescuela.com\/blog\/#website","url":"https:\/\/www.blogdelaautoescuela.com\/blog\/","name":"Blog de la autoescuela","description":"Noticias sobre autoescuelas y seguridad vial","potentialAction":[{"@type":"SearchAction","target":{"@type":"EntryPoint","urlTemplate":"https:\/\/www.blogdelaautoescuela.com\/blog\/?s={search_term_string}"},"query-input":{"@type":"PropertyValueSpecification","valueRequired":true,"valueName":"search_term_string"}}],"inLanguage":"es"},{"@type":"Person","@id":"https:\/\/www.blogdelaautoescuela.com\/blog\/#\/schema\/person\/f209a64ca5dfe74b9acb6317240e792f","name":"usr_blogauto","image":{"@type":"ImageObject","inLanguage":"es","@id":"https:\/\/www.blogdelaautoescuela.com\/blog\/#\/schema\/person\/image\/","url":"https:\/\/secure.gravatar.com\/avatar\/d3939d4ea521ac8421c86d2980321cc9?s=96&d=mm&r=g","contentUrl":"https:\/\/secure.gravatar.com\/avatar\/d3939d4ea521ac8421c86d2980321cc9?s=96&d=mm&r=g","caption":"usr_blogauto"},"description":"Blog dedicado a la conducci\u00f3n, las autoescuelas y la seguridad vial. Est\u00e1 creado por un grupo de profesionales de la formaci\u00f3n vial que comparten inquietudes y experiencias. Aqu\u00ed\u00ad podr\u00e1s encontrar informaci\u00f3n variada sobre el d\u00ed\u00ada a d\u00ed\u00ada de la autoescuela, ex\u00e1menes, test o novedades y consejos para una conducci\u00f3n m\u00e1s segura.","sameAs":["http:\/\/www.blogdelaautoescuela.com\/","https:\/\/www.facebook.com\/blogdelaautoescuela","https:\/\/x.com\/autoescuelas"],"url":"https:\/\/www.blogdelaautoescuela.com\/blog\/author\/usr_blogauto\/"}]}},"jetpack_featured_media_url":"https:\/\/www.blogdelaautoescuela.com\/blog\/wp-content\/uploads\/2010\/10\/desplazamientos-pilar-20101.jpg","_links":{"self":[{"href":"https:\/\/www.blogdelaautoescuela.com\/blog\/wp-json\/wp\/v2\/posts\/5250","targetHints":{"allow":["GET"]}}],"collection":[{"href":"https:\/\/www.blogdelaautoescuela.com\/blog\/wp-json\/wp\/v2\/posts"}],"about":[{"href":"https:\/\/www.blogdelaautoescuela.com\/blog\/wp-json\/wp\/v2\/types\/post"}],"author":[{"embeddable":true,"href":"https:\/\/www.blogdelaautoescuela.com\/blog\/wp-json\/wp\/v2\/users\/1"}],"replies":[{"embeddable":true,"href":"https:\/\/www.blogdelaautoescuela.com\/blog\/wp-json\/wp\/v2\/comments?post=5250"}],"version-history":[{"count":0,"href":"https:\/\/www.blogdelaautoescuela.com\/blog\/wp-json\/wp\/v2\/posts\/5250\/revisions"}],"wp:featuredmedia":[{"embeddable":true,"href":"https:\/\/www.blogdelaautoescuela.com\/blog\/wp-json\/wp\/v2\/media\/5251"}],"wp:attachment":[{"href":"https:\/\/www.blogdelaautoescuela.com\/blog\/wp-json\/wp\/v2\/media?parent=5250"}],"wp:term":[{"taxonomy":"category","embeddable":true,"href":"https:\/\/www.blogdelaautoescuela.com\/blog\/wp-json\/wp\/v2\/categories?post=5250"},{"taxonomy":"post_tag","embeddable":true,"href":"https:\/\/www.blogdelaautoescuela.com\/blog\/wp-json\/wp\/v2\/tags?post=5250"}],"curies":[{"name":"wp","href":"https:\/\/api.w.org\/{rel}","templated":true}]}}