
{"id":5231,"date":"2010-09-30T12:58:25","date_gmt":"2010-09-30T10:58:25","guid":{"rendered":"http:\/\/www.blogdelaautoescuela.com\/blog\/?p=5231"},"modified":"2010-09-30T12:58:25","modified_gmt":"2010-09-30T10:58:25","slug":"criticas-al-aumento-del-limite-de-velociada-para-los-conductores-noveles","status":"publish","type":"post","link":"https:\/\/www.blogdelaautoescuela.com\/blog\/criticas-al-aumento-del-limite-de-velociada-para-los-conductores-noveles\/","title":{"rendered":"Cr\u00ed\u00adticas al aumento del l\u00ed\u00admite de velocidad para los conductores noveles"},"content":{"rendered":"<p style=\"text-align: center;\"><img loading=\"lazy\" decoding=\"async\" class=\"size-full wp-image-2254 aligncenter\" title=\"accidentes jovenes\" src=\"http:\/\/www.blogdelaautoescuela.com\/blog\/wp-content\/uploads\/2009\/10\/accidentes-jovenes.jpg\" alt=\"accidentes jovenes\" width=\"400\" height=\"267\" \/><\/p>\n<p>Ayer os comentamos que e<a href=\"http:\/\/www.blogdelaautoescuela.com\/blog\/el-congreso-respalda-que-se-elimine-el-limite-de-80-kmh-para-los-noveles\/\">l Congreso de los Diputados ha respaldado la propuesta para que se elimine el l\u00ed\u00admite de velocidad de 80km\/h para los conductores noveles<\/a>, pero esta propuesta, aunque es bien vista por muchos, est\u00e1 levantando muchas <strong>opiniones en contra.<\/strong><\/p>\n<p>Uno de los primeros en no mostrarse totalmente de acuerdo con esta medida es la <strong>Fundaci\u00f3n Espa\u00f1ola para la Seguridad Vial (Fesvial)<\/strong>, quienes aunque no ven mal que se incremente el l\u00ed\u00admite de velocidad de los condoctures noveles creen que en pricipio estos conductores tendr\u00ed\u00adan que tener un<strong> l\u00ed\u00admite de 100 km\/h,<\/strong> y si se aprueba el cambio tambi\u00e9n cree necesario <strong>que se estudie el impacto que ha supuesto el aumento de velocidad sobre la movilidad y la seguridad.<\/strong><\/p>\n<p>Las<strong> autoescuelas<\/strong> tampoco se muestran partidarias de aumentar el l\u00ed\u00admite de velocidad de los conductores noveles y aunque comparte los argumentos dados en el Congreso para ampliar el l\u00ed\u00admite, <strong>I\u00f1igo Montenegro, presidente de la Federaci\u00f3n de Autoescuelas de Euskadi<\/strong>, se\u00f1ala que <em>&#8220;la limitaci\u00f3n no se estableci\u00f3 en su d\u00ed\u00ada por el estado de las  carreteras o las medidas de seguridad de los veh\u00ed\u00adculos, sino debido a la  inexperiencia de los noveles&#8221;<\/em> y a\u00f1ade que <strong>en las autoescuelas no se prepara a todos los alumnos para circular a 120 km\/h.<\/strong><\/p>\n<p>Esta medida tambi\u00e9n es negativa para la <strong>asociaci\u00f3n STOP accidentes<\/strong>, ya que creen que con esta medida <strong>existir\u00e1 un peligro potencial de que se produzcan m\u00e1s accidentes<\/strong>, aunque desde la asociaci\u00f3n matizan &#8220;Vemos bien que se aumente el l\u00ed\u00admite hasta los 100 kil\u00f3metros por hora,  pero a mayor velocidad el riesgo de que se produzca una desgracia  aumenta&#8221;.<\/p>\n<p>Sin duda hay opiniones para todos los gustos, y vosotros \u00bfqu\u00e9 opin\u00e1is?<\/p>\n","protected":false},"excerpt":{"rendered":"<p>Ayer os comentamos que el Congreso de los Diputados ha respaldado la propuesta para que se elimine el l\u00ed\u00admite de velocidad de 80km\/h para los conductores noveles, pero esta propuesta, aunque es bien vista por muchos, est\u00e1 levantando muchas opiniones en contra. Uno de los primeros en no mostrarse totalmente de acuerdo con esta medida [&hellip;]<\/p>\n","protected":false},"author":1,"featured_media":2254,"comment_status":"open","ping_status":"closed","sticky":false,"template":"","format":"standard","meta":{"footnotes":"","jetpack_publicize_message":"","jetpack_publicize_feature_enabled":true,"jetpack_social_post_already_shared":false,"jetpack_social_options":{"image_generator_settings":{"template":"highway","enabled":false},"version":2}},"categories":[12,19],"tags":[807,1678,1360],"class_list":["post-5231","post","type-post","status-publish","format-standard","has-post-thumbnail","hentry","category-noticias","category-seguridad-vial","tag-limite-de-velocidad","tag-seguridad-vial","tag-velocidad"],"wppr_data":[],"jetpack_publicize_connections":[],"yoast_head":"<!-- This site is optimized with the Yoast SEO plugin v24.7 - https:\/\/yoast.com\/wordpress\/plugins\/seo\/ -->\n<title>Cr\u00ed\u00adticas al aumento del l\u00ed\u00admite de velocidad para los conductores noveles<\/title>\n<meta name=\"description\" content=\"esta propuesta, aunque es bien vista por muchos, est\u00e1 levantando muchas opiniones en contra.\" \/>\n<meta name=\"robots\" content=\"index, follow, max-snippet:-1, max-image-preview:large, max-video-preview:-1\" \/>\n<link rel=\"canonical\" href=\"https:\/\/www.blogdelaautoescuela.com\/blog\/criticas-al-aumento-del-limite-de-velociada-para-los-conductores-noveles\/\" \/>\n<meta property=\"og:locale\" content=\"es_ES\" \/>\n<meta property=\"og:type\" content=\"article\" \/>\n<meta property=\"og:title\" content=\"Cr\u00ed\u00adticas al aumento del l\u00ed\u00admite de velocidad para los conductores noveles\" \/>\n<meta property=\"og:description\" content=\"esta propuesta, aunque es bien vista por muchos, est\u00e1 levantando muchas opiniones en contra.\" \/>\n<meta property=\"og:url\" content=\"https:\/\/www.blogdelaautoescuela.com\/blog\/criticas-al-aumento-del-limite-de-velociada-para-los-conductores-noveles\/\" \/>\n<meta property=\"og:site_name\" content=\"Blog de la autoescuela\" \/>\n<meta property=\"article:author\" content=\"https:\/\/www.facebook.com\/blogdelaautoescuela\" \/>\n<meta property=\"article:published_time\" content=\"2010-09-30T10:58:25+00:00\" \/>\n<meta property=\"og:image\" content=\"https:\/\/www.blogdelaautoescuela.com\/blog\/wp-content\/uploads\/2009\/10\/accidentes-jovenes1.jpg\" \/>\n\t<meta property=\"og:image:width\" content=\"400\" \/>\n\t<meta property=\"og:image:height\" content=\"267\" \/>\n\t<meta property=\"og:image:type\" content=\"image\/jpeg\" \/>\n<meta name=\"author\" content=\"usr_blogauto\" \/>\n<meta name=\"twitter:label1\" content=\"Escrito por\" \/>\n\t<meta name=\"twitter:data1\" content=\"usr_blogauto\" \/>\n\t<meta name=\"twitter:label2\" content=\"Tiempo de lectura\" \/>\n\t<meta name=\"twitter:data2\" content=\"2 minutos\" \/>\n<script type=\"application\/ld+json\" class=\"yoast-schema-graph\">{\"@context\":\"https:\/\/schema.org\",\"@graph\":[{\"@type\":\"WebPage\",\"@id\":\"https:\/\/www.blogdelaautoescuela.com\/blog\/criticas-al-aumento-del-limite-de-velociada-para-los-conductores-noveles\/\",\"url\":\"https:\/\/www.blogdelaautoescuela.com\/blog\/criticas-al-aumento-del-limite-de-velociada-para-los-conductores-noveles\/\",\"name\":\"Cr\u00ed\u00adticas al aumento del l\u00ed\u00admite de velocidad para los conductores noveles\",\"isPartOf\":{\"@id\":\"https:\/\/www.blogdelaautoescuela.com\/blog\/#website\"},\"primaryImageOfPage\":{\"@id\":\"https:\/\/www.blogdelaautoescuela.com\/blog\/criticas-al-aumento-del-limite-de-velociada-para-los-conductores-noveles\/#primaryimage\"},\"image\":{\"@id\":\"https:\/\/www.blogdelaautoescuela.com\/blog\/criticas-al-aumento-del-limite-de-velociada-para-los-conductores-noveles\/#primaryimage\"},\"thumbnailUrl\":\"https:\/\/www.blogdelaautoescuela.com\/blog\/wp-content\/uploads\/2009\/10\/accidentes-jovenes1.jpg\",\"datePublished\":\"2010-09-30T10:58:25+00:00\",\"author\":{\"@id\":\"https:\/\/www.blogdelaautoescuela.com\/blog\/#\/schema\/person\/f209a64ca5dfe74b9acb6317240e792f\"},\"description\":\"esta propuesta, aunque es bien vista por muchos, est\u00e1 levantando muchas opiniones en contra.\",\"breadcrumb\":{\"@id\":\"https:\/\/www.blogdelaautoescuela.com\/blog\/criticas-al-aumento-del-limite-de-velociada-para-los-conductores-noveles\/#breadcrumb\"},\"inLanguage\":\"es\",\"potentialAction\":[{\"@type\":\"ReadAction\",\"target\":[\"https:\/\/www.blogdelaautoescuela.com\/blog\/criticas-al-aumento-del-limite-de-velociada-para-los-conductores-noveles\/\"]}]},{\"@type\":\"ImageObject\",\"inLanguage\":\"es\",\"@id\":\"https:\/\/www.blogdelaautoescuela.com\/blog\/criticas-al-aumento-del-limite-de-velociada-para-los-conductores-noveles\/#primaryimage\",\"url\":\"https:\/\/www.blogdelaautoescuela.com\/blog\/wp-content\/uploads\/2009\/10\/accidentes-jovenes1.jpg\",\"contentUrl\":\"https:\/\/www.blogdelaautoescuela.com\/blog\/wp-content\/uploads\/2009\/10\/accidentes-jovenes1.jpg\",\"width\":400,\"height\":267},{\"@type\":\"BreadcrumbList\",\"@id\":\"https:\/\/www.blogdelaautoescuela.com\/blog\/criticas-al-aumento-del-limite-de-velociada-para-los-conductores-noveles\/#breadcrumb\",\"itemListElement\":[{\"@type\":\"ListItem\",\"position\":1,\"name\":\"Portada\",\"item\":\"https:\/\/www.blogdelaautoescuela.com\/blog\/\"},{\"@type\":\"ListItem\",\"position\":2,\"name\":\"Cr\u00ed\u00adticas al aumento del l\u00ed\u00admite de velocidad para los conductores noveles\"}]},{\"@type\":\"WebSite\",\"@id\":\"https:\/\/www.blogdelaautoescuela.com\/blog\/#website\",\"url\":\"https:\/\/www.blogdelaautoescuela.com\/blog\/\",\"name\":\"Blog de la autoescuela\",\"description\":\"Noticias sobre autoescuelas y seguridad vial\",\"potentialAction\":[{\"@type\":\"SearchAction\",\"target\":{\"@type\":\"EntryPoint\",\"urlTemplate\":\"https:\/\/www.blogdelaautoescuela.com\/blog\/?s={search_term_string}\"},\"query-input\":{\"@type\":\"PropertyValueSpecification\",\"valueRequired\":true,\"valueName\":\"search_term_string\"}}],\"inLanguage\":\"es\"},{\"@type\":\"Person\",\"@id\":\"https:\/\/www.blogdelaautoescuela.com\/blog\/#\/schema\/person\/f209a64ca5dfe74b9acb6317240e792f\",\"name\":\"usr_blogauto\",\"image\":{\"@type\":\"ImageObject\",\"inLanguage\":\"es\",\"@id\":\"https:\/\/www.blogdelaautoescuela.com\/blog\/#\/schema\/person\/image\/\",\"url\":\"https:\/\/secure.gravatar.com\/avatar\/d3939d4ea521ac8421c86d2980321cc9?s=96&d=mm&r=g\",\"contentUrl\":\"https:\/\/secure.gravatar.com\/avatar\/d3939d4ea521ac8421c86d2980321cc9?s=96&d=mm&r=g\",\"caption\":\"usr_blogauto\"},\"description\":\"Blog dedicado a la conducci\u00f3n, las autoescuelas y la seguridad vial. Est\u00e1 creado por un grupo de profesionales de la formaci\u00f3n vial que comparten inquietudes y experiencias. Aqu\u00ed\u00ad podr\u00e1s encontrar informaci\u00f3n variada sobre el d\u00ed\u00ada a d\u00ed\u00ada de la autoescuela, ex\u00e1menes, test o novedades y consejos para una conducci\u00f3n m\u00e1s segura.\",\"sameAs\":[\"http:\/\/www.blogdelaautoescuela.com\/\",\"https:\/\/www.facebook.com\/blogdelaautoescuela\",\"https:\/\/x.com\/autoescuelas\"],\"url\":\"https:\/\/www.blogdelaautoescuela.com\/blog\/author\/usr_blogauto\/\"}]}<\/script>\n<!-- \/ Yoast SEO plugin. -->","yoast_head_json":{"title":"Cr\u00ed\u00adticas al aumento del l\u00ed\u00admite de velocidad para los conductores noveles","description":"esta propuesta, aunque es bien vista por muchos, est\u00e1 levantando muchas opiniones en contra.","robots":{"index":"index","follow":"follow","max-snippet":"max-snippet:-1","max-image-preview":"max-image-preview:large","max-video-preview":"max-video-preview:-1"},"canonical":"https:\/\/www.blogdelaautoescuela.com\/blog\/criticas-al-aumento-del-limite-de-velociada-para-los-conductores-noveles\/","og_locale":"es_ES","og_type":"article","og_title":"Cr\u00ed\u00adticas al aumento del l\u00ed\u00admite de velocidad para los conductores noveles","og_description":"esta propuesta, aunque es bien vista por muchos, est\u00e1 levantando muchas opiniones en contra.","og_url":"https:\/\/www.blogdelaautoescuela.com\/blog\/criticas-al-aumento-del-limite-de-velociada-para-los-conductores-noveles\/","og_site_name":"Blog de la autoescuela","article_author":"https:\/\/www.facebook.com\/blogdelaautoescuela","article_published_time":"2010-09-30T10:58:25+00:00","og_image":[{"width":400,"height":267,"url":"https:\/\/www.blogdelaautoescuela.com\/blog\/wp-content\/uploads\/2009\/10\/accidentes-jovenes1.jpg","type":"image\/jpeg"}],"author":"usr_blogauto","twitter_misc":{"Escrito por":"usr_blogauto","Tiempo de lectura":"2 minutos"},"schema":{"@context":"https:\/\/schema.org","@graph":[{"@type":"WebPage","@id":"https:\/\/www.blogdelaautoescuela.com\/blog\/criticas-al-aumento-del-limite-de-velociada-para-los-conductores-noveles\/","url":"https:\/\/www.blogdelaautoescuela.com\/blog\/criticas-al-aumento-del-limite-de-velociada-para-los-conductores-noveles\/","name":"Cr\u00ed\u00adticas al aumento del l\u00ed\u00admite de velocidad para los conductores noveles","isPartOf":{"@id":"https:\/\/www.blogdelaautoescuela.com\/blog\/#website"},"primaryImageOfPage":{"@id":"https:\/\/www.blogdelaautoescuela.com\/blog\/criticas-al-aumento-del-limite-de-velociada-para-los-conductores-noveles\/#primaryimage"},"image":{"@id":"https:\/\/www.blogdelaautoescuela.com\/blog\/criticas-al-aumento-del-limite-de-velociada-para-los-conductores-noveles\/#primaryimage"},"thumbnailUrl":"https:\/\/www.blogdelaautoescuela.com\/blog\/wp-content\/uploads\/2009\/10\/accidentes-jovenes1.jpg","datePublished":"2010-09-30T10:58:25+00:00","author":{"@id":"https:\/\/www.blogdelaautoescuela.com\/blog\/#\/schema\/person\/f209a64ca5dfe74b9acb6317240e792f"},"description":"esta propuesta, aunque es bien vista por muchos, est\u00e1 levantando muchas opiniones en contra.","breadcrumb":{"@id":"https:\/\/www.blogdelaautoescuela.com\/blog\/criticas-al-aumento-del-limite-de-velociada-para-los-conductores-noveles\/#breadcrumb"},"inLanguage":"es","potentialAction":[{"@type":"ReadAction","target":["https:\/\/www.blogdelaautoescuela.com\/blog\/criticas-al-aumento-del-limite-de-velociada-para-los-conductores-noveles\/"]}]},{"@type":"ImageObject","inLanguage":"es","@id":"https:\/\/www.blogdelaautoescuela.com\/blog\/criticas-al-aumento-del-limite-de-velociada-para-los-conductores-noveles\/#primaryimage","url":"https:\/\/www.blogdelaautoescuela.com\/blog\/wp-content\/uploads\/2009\/10\/accidentes-jovenes1.jpg","contentUrl":"https:\/\/www.blogdelaautoescuela.com\/blog\/wp-content\/uploads\/2009\/10\/accidentes-jovenes1.jpg","width":400,"height":267},{"@type":"BreadcrumbList","@id":"https:\/\/www.blogdelaautoescuela.com\/blog\/criticas-al-aumento-del-limite-de-velociada-para-los-conductores-noveles\/#breadcrumb","itemListElement":[{"@type":"ListItem","position":1,"name":"Portada","item":"https:\/\/www.blogdelaautoescuela.com\/blog\/"},{"@type":"ListItem","position":2,"name":"Cr\u00ed\u00adticas al aumento del l\u00ed\u00admite de velocidad para los conductores noveles"}]},{"@type":"WebSite","@id":"https:\/\/www.blogdelaautoescuela.com\/blog\/#website","url":"https:\/\/www.blogdelaautoescuela.com\/blog\/","name":"Blog de la autoescuela","description":"Noticias sobre autoescuelas y seguridad vial","potentialAction":[{"@type":"SearchAction","target":{"@type":"EntryPoint","urlTemplate":"https:\/\/www.blogdelaautoescuela.com\/blog\/?s={search_term_string}"},"query-input":{"@type":"PropertyValueSpecification","valueRequired":true,"valueName":"search_term_string"}}],"inLanguage":"es"},{"@type":"Person","@id":"https:\/\/www.blogdelaautoescuela.com\/blog\/#\/schema\/person\/f209a64ca5dfe74b9acb6317240e792f","name":"usr_blogauto","image":{"@type":"ImageObject","inLanguage":"es","@id":"https:\/\/www.blogdelaautoescuela.com\/blog\/#\/schema\/person\/image\/","url":"https:\/\/secure.gravatar.com\/avatar\/d3939d4ea521ac8421c86d2980321cc9?s=96&d=mm&r=g","contentUrl":"https:\/\/secure.gravatar.com\/avatar\/d3939d4ea521ac8421c86d2980321cc9?s=96&d=mm&r=g","caption":"usr_blogauto"},"description":"Blog dedicado a la conducci\u00f3n, las autoescuelas y la seguridad vial. Est\u00e1 creado por un grupo de profesionales de la formaci\u00f3n vial que comparten inquietudes y experiencias. Aqu\u00ed\u00ad podr\u00e1s encontrar informaci\u00f3n variada sobre el d\u00ed\u00ada a d\u00ed\u00ada de la autoescuela, ex\u00e1menes, test o novedades y consejos para una conducci\u00f3n m\u00e1s segura.","sameAs":["http:\/\/www.blogdelaautoescuela.com\/","https:\/\/www.facebook.com\/blogdelaautoescuela","https:\/\/x.com\/autoescuelas"],"url":"https:\/\/www.blogdelaautoescuela.com\/blog\/author\/usr_blogauto\/"}]}},"jetpack_featured_media_url":"https:\/\/www.blogdelaautoescuela.com\/blog\/wp-content\/uploads\/2009\/10\/accidentes-jovenes1.jpg","_links":{"self":[{"href":"https:\/\/www.blogdelaautoescuela.com\/blog\/wp-json\/wp\/v2\/posts\/5231","targetHints":{"allow":["GET"]}}],"collection":[{"href":"https:\/\/www.blogdelaautoescuela.com\/blog\/wp-json\/wp\/v2\/posts"}],"about":[{"href":"https:\/\/www.blogdelaautoescuela.com\/blog\/wp-json\/wp\/v2\/types\/post"}],"author":[{"embeddable":true,"href":"https:\/\/www.blogdelaautoescuela.com\/blog\/wp-json\/wp\/v2\/users\/1"}],"replies":[{"embeddable":true,"href":"https:\/\/www.blogdelaautoescuela.com\/blog\/wp-json\/wp\/v2\/comments?post=5231"}],"version-history":[{"count":0,"href":"https:\/\/www.blogdelaautoescuela.com\/blog\/wp-json\/wp\/v2\/posts\/5231\/revisions"}],"wp:featuredmedia":[{"embeddable":true,"href":"https:\/\/www.blogdelaautoescuela.com\/blog\/wp-json\/wp\/v2\/media\/2254"}],"wp:attachment":[{"href":"https:\/\/www.blogdelaautoescuela.com\/blog\/wp-json\/wp\/v2\/media?parent=5231"}],"wp:term":[{"taxonomy":"category","embeddable":true,"href":"https:\/\/www.blogdelaautoescuela.com\/blog\/wp-json\/wp\/v2\/categories?post=5231"},{"taxonomy":"post_tag","embeddable":true,"href":"https:\/\/www.blogdelaautoescuela.com\/blog\/wp-json\/wp\/v2\/tags?post=5231"}],"curies":[{"name":"wp","href":"https:\/\/api.w.org\/{rel}","templated":true}]}}