
{"id":5016,"date":"2010-07-22T10:13:50","date_gmt":"2010-07-22T08:13:50","guid":{"rendered":"http:\/\/www.blogdelaautoescuela.com\/blog\/?p=5016"},"modified":"2010-07-22T10:13:50","modified_gmt":"2010-07-22T08:13:50","slug":"en-tenerife-habra-examenes-de-conducir-en-el-mes-de-agosto","status":"publish","type":"post","link":"https:\/\/www.blogdelaautoescuela.com\/blog\/en-tenerife-habra-examenes-de-conducir-en-el-mes-de-agosto\/","title":{"rendered":"En Tenerife habr\u00e1 ex\u00e1menes de conducir en el mes de agosto"},"content":{"rendered":"<p style=\"text-align: center;\"><img loading=\"lazy\" decoding=\"async\" class=\"size-full wp-image-2633 aligncenter\" title=\"conducir\" src=\"http:\/\/www.blogdelaautoescuela.com\/blog\/wp-content\/uploads\/2009\/11\/conducir.jpg\" alt=\"conducir\" width=\"400\" height=\"230\" \/><\/p>\n<p>Normalmente <strong>en el mes de agosto no se realizan ex\u00e1menes de conducir<\/strong> porque <strong>las jefaturas provinciales de tr\u00e1fico &#8220;cierran por vacaciones&#8221;<\/strong>, pero este verano, al menos en Canarias, va a ser diferente, porque <strong>la Jefatura Provincial de Tr\u00e1fico de Tenerife <\/strong>ha roto con la tradici\u00f3n y <strong>examinar\u00e1 durante todas las semanas del mes de agosto.<\/strong><\/p>\n<p><strong>Que los alumnos se puedan examinar durante el mes de agosto<\/strong> es una <strong>reivindicaci\u00f3n<\/strong> que se lleva pidiendo durante bastantes a\u00f1os en las<strong> autoescuelas de Tenerife<\/strong>, y poco a poco han ido consiguiendo su objetivo.<\/p>\n<p>El primero de los logros fue conseguir, hace 4 a\u00f1os, que aunque no se realizaran ex\u00e1menes durante todo el mes al menos se realizaran durante la primera y la \u00faltima semana del mes, y ahora por fin han conseguido que los alumnos se puedan examinar durante todo el mes.<\/p>\n<p>Permitir que los alumnos de las autoescuelas se puedan examinar en agosto es especialmente importante, ya que con la crisis que est\u00e1 atravesando el sector de las autoescuelas, <strong>que los alumnos se puedan examinar en agosto<\/strong>, \u00e9poca de vacaciones de muchos j\u00f3venes, <strong>les puede suponer un incentivo para sacarse el permiso de conducir.<\/strong><\/p>\n<p>Desde la <strong>Asociaci\u00f3n Provincial de Autoescuelas de Tenerife<\/strong>, que aglutina a 80  empresas de este sector, se sostiene que la medida ser\u00e1 beneficiosa,<em> &#8220;sobre todo porque, hasta ahora, muchas veces se pasaba el turno de  te\u00f3rica sin poderse examinar en agosto, lo que era un gran  inconveniente&#8221;.<\/em><\/p>\n<p>Para poder hacer posible que en<strong> Tenerife<\/strong> se puedan realizar ex\u00e1menes del permiso de conducir durante el mes de agosto <strong>Tr\u00e1fico<\/strong> ha tenido que llegar a un a<strong>cuerdo con sus 24 examinadores<\/strong>, de los que 22 est\u00e1n operativos, y se han adelantado las vacaciones las vacaciones mediante la formaci\u00f3n de grupos.<\/p>\n","protected":false},"excerpt":{"rendered":"<p>Normalmente en el mes de agosto no se realizan ex\u00e1menes de conducir porque las jefaturas provinciales de tr\u00e1fico &#8220;cierran por vacaciones&#8221;, pero este verano, al menos en Canarias, va a ser diferente, porque la Jefatura Provincial de Tr\u00e1fico de Tenerife ha roto con la tradici\u00f3n y examinar\u00e1 durante todas las semanas del mes de agosto. [&hellip;]<\/p>\n","protected":false},"author":1,"featured_media":2633,"comment_status":"open","ping_status":"closed","sticky":false,"template":"","format":"standard","meta":{"footnotes":"","jetpack_publicize_message":"","jetpack_publicize_feature_enabled":true,"jetpack_social_post_already_shared":false,"jetpack_social_options":{"image_generator_settings":{"template":"highway","enabled":false},"version":2}},"categories":[3],"tags":[1664,590,599,1291],"class_list":["post-5016","post","type-post","status-publish","format-standard","has-post-thumbnail","hentry","category-autoescuela","tag-autoescuela","tag-examen","tag-examinadores-de-trafico","tag-tenerife"],"wppr_data":[],"jetpack_publicize_connections":[],"yoast_head":"<!-- This site is optimized with the Yoast SEO plugin v24.7 - https:\/\/yoast.com\/wordpress\/plugins\/seo\/ -->\n<title>En Tenerife habr\u00e1 ex\u00e1menes de conducir en el mes de agosto<\/title>\n<meta name=\"description\" content=\"la Jefatura Provincial de Tr\u00e1fico de Tenerife ha roto con la tradici\u00f3n y examinar\u00e1 durante todas las semanas del mes de agosto\" \/>\n<meta name=\"robots\" content=\"index, follow, max-snippet:-1, max-image-preview:large, max-video-preview:-1\" \/>\n<link rel=\"canonical\" href=\"https:\/\/www.blogdelaautoescuela.com\/blog\/en-tenerife-habra-examenes-de-conducir-en-el-mes-de-agosto\/\" \/>\n<meta property=\"og:locale\" content=\"es_ES\" \/>\n<meta property=\"og:type\" content=\"article\" \/>\n<meta property=\"og:title\" content=\"En Tenerife habr\u00e1 ex\u00e1menes de conducir en el mes de agosto\" \/>\n<meta property=\"og:description\" content=\"la Jefatura Provincial de Tr\u00e1fico de Tenerife ha roto con la tradici\u00f3n y examinar\u00e1 durante todas las semanas del mes de agosto\" \/>\n<meta property=\"og:url\" content=\"https:\/\/www.blogdelaautoescuela.com\/blog\/en-tenerife-habra-examenes-de-conducir-en-el-mes-de-agosto\/\" \/>\n<meta property=\"og:site_name\" content=\"Blog de la autoescuela\" \/>\n<meta property=\"article:author\" content=\"https:\/\/www.facebook.com\/blogdelaautoescuela\" \/>\n<meta property=\"article:published_time\" content=\"2010-07-22T08:13:50+00:00\" \/>\n<meta property=\"og:image\" content=\"https:\/\/www.blogdelaautoescuela.com\/blog\/wp-content\/uploads\/2009\/11\/conducir1.jpg\" \/>\n\t<meta property=\"og:image:width\" content=\"400\" \/>\n\t<meta property=\"og:image:height\" content=\"230\" \/>\n\t<meta property=\"og:image:type\" content=\"image\/jpeg\" \/>\n<meta name=\"author\" content=\"usr_blogauto\" \/>\n<meta name=\"twitter:label1\" content=\"Escrito por\" \/>\n\t<meta name=\"twitter:data1\" content=\"usr_blogauto\" \/>\n\t<meta name=\"twitter:label2\" content=\"Tiempo de lectura\" \/>\n\t<meta name=\"twitter:data2\" content=\"2 minutos\" \/>\n<script type=\"application\/ld+json\" class=\"yoast-schema-graph\">{\"@context\":\"https:\/\/schema.org\",\"@graph\":[{\"@type\":\"WebPage\",\"@id\":\"https:\/\/www.blogdelaautoescuela.com\/blog\/en-tenerife-habra-examenes-de-conducir-en-el-mes-de-agosto\/\",\"url\":\"https:\/\/www.blogdelaautoescuela.com\/blog\/en-tenerife-habra-examenes-de-conducir-en-el-mes-de-agosto\/\",\"name\":\"En Tenerife habr\u00e1 ex\u00e1menes de conducir en el mes de agosto\",\"isPartOf\":{\"@id\":\"https:\/\/www.blogdelaautoescuela.com\/blog\/#website\"},\"primaryImageOfPage\":{\"@id\":\"https:\/\/www.blogdelaautoescuela.com\/blog\/en-tenerife-habra-examenes-de-conducir-en-el-mes-de-agosto\/#primaryimage\"},\"image\":{\"@id\":\"https:\/\/www.blogdelaautoescuela.com\/blog\/en-tenerife-habra-examenes-de-conducir-en-el-mes-de-agosto\/#primaryimage\"},\"thumbnailUrl\":\"https:\/\/www.blogdelaautoescuela.com\/blog\/wp-content\/uploads\/2009\/11\/conducir1.jpg\",\"datePublished\":\"2010-07-22T08:13:50+00:00\",\"author\":{\"@id\":\"https:\/\/www.blogdelaautoescuela.com\/blog\/#\/schema\/person\/f209a64ca5dfe74b9acb6317240e792f\"},\"description\":\"la Jefatura Provincial de Tr\u00e1fico de Tenerife ha roto con la tradici\u00f3n y examinar\u00e1 durante todas las semanas del mes de agosto\",\"breadcrumb\":{\"@id\":\"https:\/\/www.blogdelaautoescuela.com\/blog\/en-tenerife-habra-examenes-de-conducir-en-el-mes-de-agosto\/#breadcrumb\"},\"inLanguage\":\"es\",\"potentialAction\":[{\"@type\":\"ReadAction\",\"target\":[\"https:\/\/www.blogdelaautoescuela.com\/blog\/en-tenerife-habra-examenes-de-conducir-en-el-mes-de-agosto\/\"]}]},{\"@type\":\"ImageObject\",\"inLanguage\":\"es\",\"@id\":\"https:\/\/www.blogdelaautoescuela.com\/blog\/en-tenerife-habra-examenes-de-conducir-en-el-mes-de-agosto\/#primaryimage\",\"url\":\"https:\/\/www.blogdelaautoescuela.com\/blog\/wp-content\/uploads\/2009\/11\/conducir1.jpg\",\"contentUrl\":\"https:\/\/www.blogdelaautoescuela.com\/blog\/wp-content\/uploads\/2009\/11\/conducir1.jpg\",\"width\":400,\"height\":230},{\"@type\":\"BreadcrumbList\",\"@id\":\"https:\/\/www.blogdelaautoescuela.com\/blog\/en-tenerife-habra-examenes-de-conducir-en-el-mes-de-agosto\/#breadcrumb\",\"itemListElement\":[{\"@type\":\"ListItem\",\"position\":1,\"name\":\"Portada\",\"item\":\"https:\/\/www.blogdelaautoescuela.com\/blog\/\"},{\"@type\":\"ListItem\",\"position\":2,\"name\":\"En Tenerife habr\u00e1 ex\u00e1menes de conducir en el mes de agosto\"}]},{\"@type\":\"WebSite\",\"@id\":\"https:\/\/www.blogdelaautoescuela.com\/blog\/#website\",\"url\":\"https:\/\/www.blogdelaautoescuela.com\/blog\/\",\"name\":\"Blog de la autoescuela\",\"description\":\"Noticias sobre autoescuelas y seguridad vial\",\"potentialAction\":[{\"@type\":\"SearchAction\",\"target\":{\"@type\":\"EntryPoint\",\"urlTemplate\":\"https:\/\/www.blogdelaautoescuela.com\/blog\/?s={search_term_string}\"},\"query-input\":{\"@type\":\"PropertyValueSpecification\",\"valueRequired\":true,\"valueName\":\"search_term_string\"}}],\"inLanguage\":\"es\"},{\"@type\":\"Person\",\"@id\":\"https:\/\/www.blogdelaautoescuela.com\/blog\/#\/schema\/person\/f209a64ca5dfe74b9acb6317240e792f\",\"name\":\"usr_blogauto\",\"image\":{\"@type\":\"ImageObject\",\"inLanguage\":\"es\",\"@id\":\"https:\/\/www.blogdelaautoescuela.com\/blog\/#\/schema\/person\/image\/\",\"url\":\"https:\/\/secure.gravatar.com\/avatar\/d3939d4ea521ac8421c86d2980321cc9?s=96&d=mm&r=g\",\"contentUrl\":\"https:\/\/secure.gravatar.com\/avatar\/d3939d4ea521ac8421c86d2980321cc9?s=96&d=mm&r=g\",\"caption\":\"usr_blogauto\"},\"description\":\"Blog dedicado a la conducci\u00f3n, las autoescuelas y la seguridad vial. Est\u00e1 creado por un grupo de profesionales de la formaci\u00f3n vial que comparten inquietudes y experiencias. Aqu\u00ed\u00ad podr\u00e1s encontrar informaci\u00f3n variada sobre el d\u00ed\u00ada a d\u00ed\u00ada de la autoescuela, ex\u00e1menes, test o novedades y consejos para una conducci\u00f3n m\u00e1s segura.\",\"sameAs\":[\"http:\/\/www.blogdelaautoescuela.com\/\",\"https:\/\/www.facebook.com\/blogdelaautoescuela\",\"https:\/\/x.com\/autoescuelas\"],\"url\":\"https:\/\/www.blogdelaautoescuela.com\/blog\/author\/usr_blogauto\/\"}]}<\/script>\n<!-- \/ Yoast SEO plugin. -->","yoast_head_json":{"title":"En Tenerife habr\u00e1 ex\u00e1menes de conducir en el mes de agosto","description":"la Jefatura Provincial de Tr\u00e1fico de Tenerife ha roto con la tradici\u00f3n y examinar\u00e1 durante todas las semanas del mes de agosto","robots":{"index":"index","follow":"follow","max-snippet":"max-snippet:-1","max-image-preview":"max-image-preview:large","max-video-preview":"max-video-preview:-1"},"canonical":"https:\/\/www.blogdelaautoescuela.com\/blog\/en-tenerife-habra-examenes-de-conducir-en-el-mes-de-agosto\/","og_locale":"es_ES","og_type":"article","og_title":"En Tenerife habr\u00e1 ex\u00e1menes de conducir en el mes de agosto","og_description":"la Jefatura Provincial de Tr\u00e1fico de Tenerife ha roto con la tradici\u00f3n y examinar\u00e1 durante todas las semanas del mes de agosto","og_url":"https:\/\/www.blogdelaautoescuela.com\/blog\/en-tenerife-habra-examenes-de-conducir-en-el-mes-de-agosto\/","og_site_name":"Blog de la autoescuela","article_author":"https:\/\/www.facebook.com\/blogdelaautoescuela","article_published_time":"2010-07-22T08:13:50+00:00","og_image":[{"width":400,"height":230,"url":"https:\/\/www.blogdelaautoescuela.com\/blog\/wp-content\/uploads\/2009\/11\/conducir1.jpg","type":"image\/jpeg"}],"author":"usr_blogauto","twitter_misc":{"Escrito por":"usr_blogauto","Tiempo de lectura":"2 minutos"},"schema":{"@context":"https:\/\/schema.org","@graph":[{"@type":"WebPage","@id":"https:\/\/www.blogdelaautoescuela.com\/blog\/en-tenerife-habra-examenes-de-conducir-en-el-mes-de-agosto\/","url":"https:\/\/www.blogdelaautoescuela.com\/blog\/en-tenerife-habra-examenes-de-conducir-en-el-mes-de-agosto\/","name":"En Tenerife habr\u00e1 ex\u00e1menes de conducir en el mes de agosto","isPartOf":{"@id":"https:\/\/www.blogdelaautoescuela.com\/blog\/#website"},"primaryImageOfPage":{"@id":"https:\/\/www.blogdelaautoescuela.com\/blog\/en-tenerife-habra-examenes-de-conducir-en-el-mes-de-agosto\/#primaryimage"},"image":{"@id":"https:\/\/www.blogdelaautoescuela.com\/blog\/en-tenerife-habra-examenes-de-conducir-en-el-mes-de-agosto\/#primaryimage"},"thumbnailUrl":"https:\/\/www.blogdelaautoescuela.com\/blog\/wp-content\/uploads\/2009\/11\/conducir1.jpg","datePublished":"2010-07-22T08:13:50+00:00","author":{"@id":"https:\/\/www.blogdelaautoescuela.com\/blog\/#\/schema\/person\/f209a64ca5dfe74b9acb6317240e792f"},"description":"la Jefatura Provincial de Tr\u00e1fico de Tenerife ha roto con la tradici\u00f3n y examinar\u00e1 durante todas las semanas del mes de agosto","breadcrumb":{"@id":"https:\/\/www.blogdelaautoescuela.com\/blog\/en-tenerife-habra-examenes-de-conducir-en-el-mes-de-agosto\/#breadcrumb"},"inLanguage":"es","potentialAction":[{"@type":"ReadAction","target":["https:\/\/www.blogdelaautoescuela.com\/blog\/en-tenerife-habra-examenes-de-conducir-en-el-mes-de-agosto\/"]}]},{"@type":"ImageObject","inLanguage":"es","@id":"https:\/\/www.blogdelaautoescuela.com\/blog\/en-tenerife-habra-examenes-de-conducir-en-el-mes-de-agosto\/#primaryimage","url":"https:\/\/www.blogdelaautoescuela.com\/blog\/wp-content\/uploads\/2009\/11\/conducir1.jpg","contentUrl":"https:\/\/www.blogdelaautoescuela.com\/blog\/wp-content\/uploads\/2009\/11\/conducir1.jpg","width":400,"height":230},{"@type":"BreadcrumbList","@id":"https:\/\/www.blogdelaautoescuela.com\/blog\/en-tenerife-habra-examenes-de-conducir-en-el-mes-de-agosto\/#breadcrumb","itemListElement":[{"@type":"ListItem","position":1,"name":"Portada","item":"https:\/\/www.blogdelaautoescuela.com\/blog\/"},{"@type":"ListItem","position":2,"name":"En Tenerife habr\u00e1 ex\u00e1menes de conducir en el mes de agosto"}]},{"@type":"WebSite","@id":"https:\/\/www.blogdelaautoescuela.com\/blog\/#website","url":"https:\/\/www.blogdelaautoescuela.com\/blog\/","name":"Blog de la autoescuela","description":"Noticias sobre autoescuelas y seguridad vial","potentialAction":[{"@type":"SearchAction","target":{"@type":"EntryPoint","urlTemplate":"https:\/\/www.blogdelaautoescuela.com\/blog\/?s={search_term_string}"},"query-input":{"@type":"PropertyValueSpecification","valueRequired":true,"valueName":"search_term_string"}}],"inLanguage":"es"},{"@type":"Person","@id":"https:\/\/www.blogdelaautoescuela.com\/blog\/#\/schema\/person\/f209a64ca5dfe74b9acb6317240e792f","name":"usr_blogauto","image":{"@type":"ImageObject","inLanguage":"es","@id":"https:\/\/www.blogdelaautoescuela.com\/blog\/#\/schema\/person\/image\/","url":"https:\/\/secure.gravatar.com\/avatar\/d3939d4ea521ac8421c86d2980321cc9?s=96&d=mm&r=g","contentUrl":"https:\/\/secure.gravatar.com\/avatar\/d3939d4ea521ac8421c86d2980321cc9?s=96&d=mm&r=g","caption":"usr_blogauto"},"description":"Blog dedicado a la conducci\u00f3n, las autoescuelas y la seguridad vial. Est\u00e1 creado por un grupo de profesionales de la formaci\u00f3n vial que comparten inquietudes y experiencias. Aqu\u00ed\u00ad podr\u00e1s encontrar informaci\u00f3n variada sobre el d\u00ed\u00ada a d\u00ed\u00ada de la autoescuela, ex\u00e1menes, test o novedades y consejos para una conducci\u00f3n m\u00e1s segura.","sameAs":["http:\/\/www.blogdelaautoescuela.com\/","https:\/\/www.facebook.com\/blogdelaautoescuela","https:\/\/x.com\/autoescuelas"],"url":"https:\/\/www.blogdelaautoescuela.com\/blog\/author\/usr_blogauto\/"}]}},"jetpack_featured_media_url":"https:\/\/www.blogdelaautoescuela.com\/blog\/wp-content\/uploads\/2009\/11\/conducir1.jpg","_links":{"self":[{"href":"https:\/\/www.blogdelaautoescuela.com\/blog\/wp-json\/wp\/v2\/posts\/5016","targetHints":{"allow":["GET"]}}],"collection":[{"href":"https:\/\/www.blogdelaautoescuela.com\/blog\/wp-json\/wp\/v2\/posts"}],"about":[{"href":"https:\/\/www.blogdelaautoescuela.com\/blog\/wp-json\/wp\/v2\/types\/post"}],"author":[{"embeddable":true,"href":"https:\/\/www.blogdelaautoescuela.com\/blog\/wp-json\/wp\/v2\/users\/1"}],"replies":[{"embeddable":true,"href":"https:\/\/www.blogdelaautoescuela.com\/blog\/wp-json\/wp\/v2\/comments?post=5016"}],"version-history":[{"count":0,"href":"https:\/\/www.blogdelaautoescuela.com\/blog\/wp-json\/wp\/v2\/posts\/5016\/revisions"}],"wp:featuredmedia":[{"embeddable":true,"href":"https:\/\/www.blogdelaautoescuela.com\/blog\/wp-json\/wp\/v2\/media\/2633"}],"wp:attachment":[{"href":"https:\/\/www.blogdelaautoescuela.com\/blog\/wp-json\/wp\/v2\/media?parent=5016"}],"wp:term":[{"taxonomy":"category","embeddable":true,"href":"https:\/\/www.blogdelaautoescuela.com\/blog\/wp-json\/wp\/v2\/categories?post=5016"},{"taxonomy":"post_tag","embeddable":true,"href":"https:\/\/www.blogdelaautoescuela.com\/blog\/wp-json\/wp\/v2\/tags?post=5016"}],"curies":[{"name":"wp","href":"https:\/\/api.w.org\/{rel}","templated":true}]}}