
{"id":5006,"date":"2010-07-21T11:28:19","date_gmt":"2010-07-21T09:28:19","guid":{"rendered":"http:\/\/www.blogdelaautoescuela.com\/blog\/?p=5006"},"modified":"2010-07-21T11:28:19","modified_gmt":"2010-07-21T09:28:19","slug":"la-mayoria-de-los-recusos-aprueban-el-teorico-del-permiso-de-conducir","status":"publish","type":"post","link":"https:\/\/www.blogdelaautoescuela.com\/blog\/la-mayoria-de-los-recusos-aprueban-el-teorico-del-permiso-de-conducir\/","title":{"rendered":"La mayor\u00ed\u00ada de los reclusos aprueban el te\u00f3rico del permiso de conducir"},"content":{"rendered":"<p style=\"text-align: center;\"><img loading=\"lazy\" decoding=\"async\" class=\"size-full wp-image-2928 aligncenter\" title=\"Aprobado\" src=\"http:\/\/www.blogdelaautoescuela.com\/blog\/wp-content\/uploads\/2010\/01\/Aprobado.png\" alt=\"Aprobado\" width=\"400\" height=\"382\" \/><\/p>\n<p>Como ya os informamos ayer, <a href=\"http:\/\/www.blogdelaautoescuela.com\/blog\/el-20-de-julio-tendra-lugar-el-primer-examen-de-conducir-en-las-prisiones\/\">2o de julio, tuvo lugar el primer examen te\u00f3rico de conducir en las prisiones<\/a> y parece que ha sido todo un \u00e9xito, ya que seg\u00fan se indica desde la <strong>Confederaci\u00f3n Nacional de Autoescuelas (CNAE)<\/strong>, la gran mayor\u00ed\u00ada de los reclusos que participan en <strong>programa de universalizaci\u00f3n de la educaci\u00f3n vial en los centros penitenciarios<\/strong>, han logrado superar satisfactoriamente la <strong>prueba te\u00f3rica del permiso de conducir<\/strong>.<\/p>\n<p>De los reclusos que se examinaron ayer, el <strong>75% de los presos de <strong>Madrid I<\/strong> han aprobado<\/strong>, como tambi\u00e9n han superado la prueba el <strong>73% de los reclusos de <\/strong><strong>Orense<\/strong> y un<strong> 71% de  los presos de <\/strong><strong>Albolote<\/strong> (<strong>Granada<\/strong>). De hecho, en <strong>Orense<\/strong> ya hay una persona que ha conseguido el carn\u00e9 de conducir gracias a  esta medida.<\/p>\n<p>Ahora es el momento en el que los presos se enfrentar\u00e1n a las <strong>clases pr\u00e1cticas<\/strong>, aunque seguramente necesitar\u00e1n pocas, ya que la mayor\u00ed\u00ada de los reclusos ya han conducido aunque no tuvieran el permiso. <strong> <\/strong><\/p>\n<p><strong>Las pr\u00e1cticas se impartir\u00e1n de forma gratuita por autoescuelas pertenecientes a la CNAE<\/strong>, y m\u00e1s adelante, gracias a un acuerdo con el <strong>Real Autom\u00f3vil Club de Espa\u00f1a (RACE)<\/strong> los reclusos que hayan logrado obtener el permiso de conducir podr\u00e1n<strong> ayudar a sus compa\u00f1eros con los test y la parte te\u00f3rica.<\/strong><\/p>\n","protected":false},"excerpt":{"rendered":"<p>Como ya os informamos ayer, 2o de julio, tuvo lugar el primer examen te\u00f3rico de conducir en las prisiones y parece que ha sido todo un \u00e9xito, ya que seg\u00fan se indica desde la Confederaci\u00f3n Nacional de Autoescuelas (CNAE), la gran mayor\u00ed\u00ada de los reclusos que participan en programa de universalizaci\u00f3n de la educaci\u00f3n vial [&hellip;]<\/p>\n","protected":false},"author":1,"featured_media":2928,"comment_status":"open","ping_status":"closed","sticky":false,"template":"","format":"standard","meta":{"footnotes":"","jetpack_publicize_message":"","jetpack_publicize_feature_enabled":true,"jetpack_social_post_already_shared":false,"jetpack_social_options":{"image_generator_settings":{"template":"highway","enabled":false},"version":2}},"categories":[3,12,19],"tags":[270,648,1678],"class_list":["post-5006","post","type-post","status-publish","format-standard","has-post-thumbnail","hentry","category-autoescuela","category-noticias","category-seguridad-vial","tag-carnet-de-conducir","tag-formacion-vial","tag-seguridad-vial"],"wppr_data":[],"jetpack_publicize_connections":[],"yoast_head":"<!-- This site is optimized with the Yoast SEO plugin v24.7 - https:\/\/yoast.com\/wordpress\/plugins\/seo\/ -->\n<title>La mayor\u00ed\u00ada de los recusos aprueban el te\u00f3rico del permiso de conducir<\/title>\n<meta name=\"description\" content=\"la mayor\u00ed\u00ada de los reclusos que participan en el programa de universalizaci\u00f3n de la educaci\u00f3n vial en los centros penitenciarios han logrado superar la prueba te\u00f3rica\" \/>\n<meta name=\"robots\" content=\"index, follow, max-snippet:-1, max-image-preview:large, max-video-preview:-1\" \/>\n<link rel=\"canonical\" href=\"https:\/\/www.blogdelaautoescuela.com\/blog\/la-mayoria-de-los-recusos-aprueban-el-teorico-del-permiso-de-conducir\/\" \/>\n<meta property=\"og:locale\" content=\"es_ES\" \/>\n<meta property=\"og:type\" content=\"article\" \/>\n<meta property=\"og:title\" content=\"La mayor\u00ed\u00ada de los recusos aprueban el te\u00f3rico del permiso de conducir\" \/>\n<meta property=\"og:description\" content=\"la mayor\u00ed\u00ada de los reclusos que participan en el programa de universalizaci\u00f3n de la educaci\u00f3n vial en los centros penitenciarios han logrado superar la prueba te\u00f3rica\" \/>\n<meta property=\"og:url\" content=\"https:\/\/www.blogdelaautoescuela.com\/blog\/la-mayoria-de-los-recusos-aprueban-el-teorico-del-permiso-de-conducir\/\" \/>\n<meta property=\"og:site_name\" content=\"Blog de la autoescuela\" \/>\n<meta property=\"article:author\" content=\"https:\/\/www.facebook.com\/blogdelaautoescuela\" \/>\n<meta property=\"article:published_time\" content=\"2010-07-21T09:28:19+00:00\" \/>\n<meta property=\"og:image\" content=\"https:\/\/www.blogdelaautoescuela.com\/blog\/wp-content\/uploads\/2010\/01\/Aprobado1.png\" \/>\n\t<meta property=\"og:image:width\" content=\"400\" \/>\n\t<meta property=\"og:image:height\" content=\"382\" \/>\n\t<meta property=\"og:image:type\" content=\"image\/png\" \/>\n<meta name=\"author\" content=\"usr_blogauto\" \/>\n<meta name=\"twitter:label1\" content=\"Escrito por\" \/>\n\t<meta name=\"twitter:data1\" content=\"usr_blogauto\" \/>\n\t<meta name=\"twitter:label2\" content=\"Tiempo de lectura\" \/>\n\t<meta name=\"twitter:data2\" content=\"1 minuto\" \/>\n<script type=\"application\/ld+json\" class=\"yoast-schema-graph\">{\"@context\":\"https:\/\/schema.org\",\"@graph\":[{\"@type\":\"WebPage\",\"@id\":\"https:\/\/www.blogdelaautoescuela.com\/blog\/la-mayoria-de-los-recusos-aprueban-el-teorico-del-permiso-de-conducir\/\",\"url\":\"https:\/\/www.blogdelaautoescuela.com\/blog\/la-mayoria-de-los-recusos-aprueban-el-teorico-del-permiso-de-conducir\/\",\"name\":\"La mayor\u00ed\u00ada de los recusos aprueban el te\u00f3rico del permiso de conducir\",\"isPartOf\":{\"@id\":\"https:\/\/www.blogdelaautoescuela.com\/blog\/#website\"},\"primaryImageOfPage\":{\"@id\":\"https:\/\/www.blogdelaautoescuela.com\/blog\/la-mayoria-de-los-recusos-aprueban-el-teorico-del-permiso-de-conducir\/#primaryimage\"},\"image\":{\"@id\":\"https:\/\/www.blogdelaautoescuela.com\/blog\/la-mayoria-de-los-recusos-aprueban-el-teorico-del-permiso-de-conducir\/#primaryimage\"},\"thumbnailUrl\":\"https:\/\/www.blogdelaautoescuela.com\/blog\/wp-content\/uploads\/2010\/01\/Aprobado1.png\",\"datePublished\":\"2010-07-21T09:28:19+00:00\",\"author\":{\"@id\":\"https:\/\/www.blogdelaautoescuela.com\/blog\/#\/schema\/person\/f209a64ca5dfe74b9acb6317240e792f\"},\"description\":\"la mayor\u00ed\u00ada de los reclusos que participan en el programa de universalizaci\u00f3n de la educaci\u00f3n vial en los centros penitenciarios han logrado superar la prueba te\u00f3rica\",\"breadcrumb\":{\"@id\":\"https:\/\/www.blogdelaautoescuela.com\/blog\/la-mayoria-de-los-recusos-aprueban-el-teorico-del-permiso-de-conducir\/#breadcrumb\"},\"inLanguage\":\"es\",\"potentialAction\":[{\"@type\":\"ReadAction\",\"target\":[\"https:\/\/www.blogdelaautoescuela.com\/blog\/la-mayoria-de-los-recusos-aprueban-el-teorico-del-permiso-de-conducir\/\"]}]},{\"@type\":\"ImageObject\",\"inLanguage\":\"es\",\"@id\":\"https:\/\/www.blogdelaautoescuela.com\/blog\/la-mayoria-de-los-recusos-aprueban-el-teorico-del-permiso-de-conducir\/#primaryimage\",\"url\":\"https:\/\/www.blogdelaautoescuela.com\/blog\/wp-content\/uploads\/2010\/01\/Aprobado1.png\",\"contentUrl\":\"https:\/\/www.blogdelaautoescuela.com\/blog\/wp-content\/uploads\/2010\/01\/Aprobado1.png\",\"width\":400,\"height\":382},{\"@type\":\"BreadcrumbList\",\"@id\":\"https:\/\/www.blogdelaautoescuela.com\/blog\/la-mayoria-de-los-recusos-aprueban-el-teorico-del-permiso-de-conducir\/#breadcrumb\",\"itemListElement\":[{\"@type\":\"ListItem\",\"position\":1,\"name\":\"Portada\",\"item\":\"https:\/\/www.blogdelaautoescuela.com\/blog\/\"},{\"@type\":\"ListItem\",\"position\":2,\"name\":\"La mayor\u00ed\u00ada de los reclusos aprueban el te\u00f3rico del permiso de conducir\"}]},{\"@type\":\"WebSite\",\"@id\":\"https:\/\/www.blogdelaautoescuela.com\/blog\/#website\",\"url\":\"https:\/\/www.blogdelaautoescuela.com\/blog\/\",\"name\":\"Blog de la autoescuela\",\"description\":\"Noticias sobre autoescuelas y seguridad vial\",\"potentialAction\":[{\"@type\":\"SearchAction\",\"target\":{\"@type\":\"EntryPoint\",\"urlTemplate\":\"https:\/\/www.blogdelaautoescuela.com\/blog\/?s={search_term_string}\"},\"query-input\":{\"@type\":\"PropertyValueSpecification\",\"valueRequired\":true,\"valueName\":\"search_term_string\"}}],\"inLanguage\":\"es\"},{\"@type\":\"Person\",\"@id\":\"https:\/\/www.blogdelaautoescuela.com\/blog\/#\/schema\/person\/f209a64ca5dfe74b9acb6317240e792f\",\"name\":\"usr_blogauto\",\"image\":{\"@type\":\"ImageObject\",\"inLanguage\":\"es\",\"@id\":\"https:\/\/www.blogdelaautoescuela.com\/blog\/#\/schema\/person\/image\/\",\"url\":\"https:\/\/secure.gravatar.com\/avatar\/d3939d4ea521ac8421c86d2980321cc9?s=96&d=mm&r=g\",\"contentUrl\":\"https:\/\/secure.gravatar.com\/avatar\/d3939d4ea521ac8421c86d2980321cc9?s=96&d=mm&r=g\",\"caption\":\"usr_blogauto\"},\"description\":\"Blog dedicado a la conducci\u00f3n, las autoescuelas y la seguridad vial. Est\u00e1 creado por un grupo de profesionales de la formaci\u00f3n vial que comparten inquietudes y experiencias. Aqu\u00ed\u00ad podr\u00e1s encontrar informaci\u00f3n variada sobre el d\u00ed\u00ada a d\u00ed\u00ada de la autoescuela, ex\u00e1menes, test o novedades y consejos para una conducci\u00f3n m\u00e1s segura.\",\"sameAs\":[\"http:\/\/www.blogdelaautoescuela.com\/\",\"https:\/\/www.facebook.com\/blogdelaautoescuela\",\"https:\/\/x.com\/autoescuelas\"],\"url\":\"https:\/\/www.blogdelaautoescuela.com\/blog\/author\/usr_blogauto\/\"}]}<\/script>\n<!-- \/ Yoast SEO plugin. -->","yoast_head_json":{"title":"La mayor\u00ed\u00ada de los recusos aprueban el te\u00f3rico del permiso de conducir","description":"la mayor\u00ed\u00ada de los reclusos que participan en el programa de universalizaci\u00f3n de la educaci\u00f3n vial en los centros penitenciarios han logrado superar la prueba te\u00f3rica","robots":{"index":"index","follow":"follow","max-snippet":"max-snippet:-1","max-image-preview":"max-image-preview:large","max-video-preview":"max-video-preview:-1"},"canonical":"https:\/\/www.blogdelaautoescuela.com\/blog\/la-mayoria-de-los-recusos-aprueban-el-teorico-del-permiso-de-conducir\/","og_locale":"es_ES","og_type":"article","og_title":"La mayor\u00ed\u00ada de los recusos aprueban el te\u00f3rico del permiso de conducir","og_description":"la mayor\u00ed\u00ada de los reclusos que participan en el programa de universalizaci\u00f3n de la educaci\u00f3n vial en los centros penitenciarios han logrado superar la prueba te\u00f3rica","og_url":"https:\/\/www.blogdelaautoescuela.com\/blog\/la-mayoria-de-los-recusos-aprueban-el-teorico-del-permiso-de-conducir\/","og_site_name":"Blog de la autoescuela","article_author":"https:\/\/www.facebook.com\/blogdelaautoescuela","article_published_time":"2010-07-21T09:28:19+00:00","og_image":[{"width":400,"height":382,"url":"https:\/\/www.blogdelaautoescuela.com\/blog\/wp-content\/uploads\/2010\/01\/Aprobado1.png","type":"image\/png"}],"author":"usr_blogauto","twitter_misc":{"Escrito por":"usr_blogauto","Tiempo de lectura":"1 minuto"},"schema":{"@context":"https:\/\/schema.org","@graph":[{"@type":"WebPage","@id":"https:\/\/www.blogdelaautoescuela.com\/blog\/la-mayoria-de-los-recusos-aprueban-el-teorico-del-permiso-de-conducir\/","url":"https:\/\/www.blogdelaautoescuela.com\/blog\/la-mayoria-de-los-recusos-aprueban-el-teorico-del-permiso-de-conducir\/","name":"La mayor\u00ed\u00ada de los recusos aprueban el te\u00f3rico del permiso de conducir","isPartOf":{"@id":"https:\/\/www.blogdelaautoescuela.com\/blog\/#website"},"primaryImageOfPage":{"@id":"https:\/\/www.blogdelaautoescuela.com\/blog\/la-mayoria-de-los-recusos-aprueban-el-teorico-del-permiso-de-conducir\/#primaryimage"},"image":{"@id":"https:\/\/www.blogdelaautoescuela.com\/blog\/la-mayoria-de-los-recusos-aprueban-el-teorico-del-permiso-de-conducir\/#primaryimage"},"thumbnailUrl":"https:\/\/www.blogdelaautoescuela.com\/blog\/wp-content\/uploads\/2010\/01\/Aprobado1.png","datePublished":"2010-07-21T09:28:19+00:00","author":{"@id":"https:\/\/www.blogdelaautoescuela.com\/blog\/#\/schema\/person\/f209a64ca5dfe74b9acb6317240e792f"},"description":"la mayor\u00ed\u00ada de los reclusos que participan en el programa de universalizaci\u00f3n de la educaci\u00f3n vial en los centros penitenciarios han logrado superar la prueba te\u00f3rica","breadcrumb":{"@id":"https:\/\/www.blogdelaautoescuela.com\/blog\/la-mayoria-de-los-recusos-aprueban-el-teorico-del-permiso-de-conducir\/#breadcrumb"},"inLanguage":"es","potentialAction":[{"@type":"ReadAction","target":["https:\/\/www.blogdelaautoescuela.com\/blog\/la-mayoria-de-los-recusos-aprueban-el-teorico-del-permiso-de-conducir\/"]}]},{"@type":"ImageObject","inLanguage":"es","@id":"https:\/\/www.blogdelaautoescuela.com\/blog\/la-mayoria-de-los-recusos-aprueban-el-teorico-del-permiso-de-conducir\/#primaryimage","url":"https:\/\/www.blogdelaautoescuela.com\/blog\/wp-content\/uploads\/2010\/01\/Aprobado1.png","contentUrl":"https:\/\/www.blogdelaautoescuela.com\/blog\/wp-content\/uploads\/2010\/01\/Aprobado1.png","width":400,"height":382},{"@type":"BreadcrumbList","@id":"https:\/\/www.blogdelaautoescuela.com\/blog\/la-mayoria-de-los-recusos-aprueban-el-teorico-del-permiso-de-conducir\/#breadcrumb","itemListElement":[{"@type":"ListItem","position":1,"name":"Portada","item":"https:\/\/www.blogdelaautoescuela.com\/blog\/"},{"@type":"ListItem","position":2,"name":"La mayor\u00ed\u00ada de los reclusos aprueban el te\u00f3rico del permiso de conducir"}]},{"@type":"WebSite","@id":"https:\/\/www.blogdelaautoescuela.com\/blog\/#website","url":"https:\/\/www.blogdelaautoescuela.com\/blog\/","name":"Blog de la autoescuela","description":"Noticias sobre autoescuelas y seguridad vial","potentialAction":[{"@type":"SearchAction","target":{"@type":"EntryPoint","urlTemplate":"https:\/\/www.blogdelaautoescuela.com\/blog\/?s={search_term_string}"},"query-input":{"@type":"PropertyValueSpecification","valueRequired":true,"valueName":"search_term_string"}}],"inLanguage":"es"},{"@type":"Person","@id":"https:\/\/www.blogdelaautoescuela.com\/blog\/#\/schema\/person\/f209a64ca5dfe74b9acb6317240e792f","name":"usr_blogauto","image":{"@type":"ImageObject","inLanguage":"es","@id":"https:\/\/www.blogdelaautoescuela.com\/blog\/#\/schema\/person\/image\/","url":"https:\/\/secure.gravatar.com\/avatar\/d3939d4ea521ac8421c86d2980321cc9?s=96&d=mm&r=g","contentUrl":"https:\/\/secure.gravatar.com\/avatar\/d3939d4ea521ac8421c86d2980321cc9?s=96&d=mm&r=g","caption":"usr_blogauto"},"description":"Blog dedicado a la conducci\u00f3n, las autoescuelas y la seguridad vial. Est\u00e1 creado por un grupo de profesionales de la formaci\u00f3n vial que comparten inquietudes y experiencias. Aqu\u00ed\u00ad podr\u00e1s encontrar informaci\u00f3n variada sobre el d\u00ed\u00ada a d\u00ed\u00ada de la autoescuela, ex\u00e1menes, test o novedades y consejos para una conducci\u00f3n m\u00e1s segura.","sameAs":["http:\/\/www.blogdelaautoescuela.com\/","https:\/\/www.facebook.com\/blogdelaautoescuela","https:\/\/x.com\/autoescuelas"],"url":"https:\/\/www.blogdelaautoescuela.com\/blog\/author\/usr_blogauto\/"}]}},"jetpack_featured_media_url":"https:\/\/www.blogdelaautoescuela.com\/blog\/wp-content\/uploads\/2010\/01\/Aprobado1.png","_links":{"self":[{"href":"https:\/\/www.blogdelaautoescuela.com\/blog\/wp-json\/wp\/v2\/posts\/5006","targetHints":{"allow":["GET"]}}],"collection":[{"href":"https:\/\/www.blogdelaautoescuela.com\/blog\/wp-json\/wp\/v2\/posts"}],"about":[{"href":"https:\/\/www.blogdelaautoescuela.com\/blog\/wp-json\/wp\/v2\/types\/post"}],"author":[{"embeddable":true,"href":"https:\/\/www.blogdelaautoescuela.com\/blog\/wp-json\/wp\/v2\/users\/1"}],"replies":[{"embeddable":true,"href":"https:\/\/www.blogdelaautoescuela.com\/blog\/wp-json\/wp\/v2\/comments?post=5006"}],"version-history":[{"count":0,"href":"https:\/\/www.blogdelaautoescuela.com\/blog\/wp-json\/wp\/v2\/posts\/5006\/revisions"}],"wp:featuredmedia":[{"embeddable":true,"href":"https:\/\/www.blogdelaautoescuela.com\/blog\/wp-json\/wp\/v2\/media\/2928"}],"wp:attachment":[{"href":"https:\/\/www.blogdelaautoescuela.com\/blog\/wp-json\/wp\/v2\/media?parent=5006"}],"wp:term":[{"taxonomy":"category","embeddable":true,"href":"https:\/\/www.blogdelaautoescuela.com\/blog\/wp-json\/wp\/v2\/categories?post=5006"},{"taxonomy":"post_tag","embeddable":true,"href":"https:\/\/www.blogdelaautoescuela.com\/blog\/wp-json\/wp\/v2\/tags?post=5006"}],"curies":[{"name":"wp","href":"https:\/\/api.w.org\/{rel}","templated":true}]}}