
{"id":500,"date":"2009-02-18T08:51:37","date_gmt":"2009-02-18T15:51:37","guid":{"rendered":"http:\/\/www.blogdelaautoescuela.com\/blog\/?p=500"},"modified":"2009-02-18T08:51:37","modified_gmt":"2009-02-18T15:51:37","slug":"el-senado-tambien-pide-que-se-circule-con-luces-de-dia","status":"publish","type":"post","link":"https:\/\/www.blogdelaautoescuela.com\/blog\/el-senado-tambien-pide-que-se-circule-con-luces-de-dia\/","title":{"rendered":"El Senado tambi\u00e9n pide que se circule con luces de d\u00ed\u00ada"},"content":{"rendered":"<p style=\"text-align: center;\"><img loading=\"lazy\" decoding=\"async\" class=\"size-full wp-image-501 aligncenter\" title=\"faros\" src=\"http:\/\/www.blogdelaautoescuela.com\/blog\/wp-content\/uploads\/2009\/02\/faros.jpg\" alt=\"\" width=\"400\" height=\"300\" \/><\/p>\n<p>Nosotros ya te hemos explicado por qu\u00e9 es bueno <a href=\"http:\/\/www.blogdelaautoescuela.com\/blog\/luces-durante-todo-el-dia\/\">llevar las luces tambi\u00e9n de d\u00ed\u00ada<\/a>, pero ahora es el Senado quien pide al Gobierno que obligue a los veh\u00ed\u00adculos a circular con luces de d\u00ed\u00ada.<\/p>\n<p>Se ha llevado a cabo una moci\u00f3n, promovida por el <strong>socialista \u00c1ngel Lago<\/strong> y respaldada con el apoyo un\u00e1nime de todos los grupos pol\u00ed\u00adticos, para que el Gobierno adopte las medidas necesarias para que <strong>todos los veh\u00ed\u00adculos de motor tengan la obligaci\u00f3n de circular con las luces de cruce encendidas por v\u00ed\u00adas interurbanas.<\/strong><\/p>\n<p>La petici\u00f3n llega tras comprobar en los \u00faltimos estudios que la <strong>siniestralidad vial<\/strong> y el n\u00famero de heridos y muertos en carretera se ha reducido como consecuencia directa del uso de las luces de cruce en carretera tambi\u00e9n de d\u00ed\u00ada.<\/p>\n<p>La <strong>DGT<\/strong> tambi\u00e9n ha recomendado el uso de las luces de cruce de d\u00ed\u00ada en periodos invernales, cuando los d\u00ed\u00adas son m\u00e1s cortas y hay menos cantidad de luz.<\/p>\n<p>Est\u00e1 claro que llevar las luces encendidas es <strong>la mejor forma de ver y ser vistos<\/strong> por el resto de usuarios de la v\u00ed\u00ada, no esperes a que sea obligatorio para encenderlas tambi\u00e9n de d\u00ed\u00ada.<\/p>\n<p>Fuente: <a href=\"http:\/\/ecodiario.eleconomista.es\/sociedad\/noticias\/1042548\/02\/09\/Trafico-el-psoe-propone-la-obligatoriedad-de-encender-las-luces-en-vias-interurbanas.html\">Eco Diario<\/a><\/p>\n","protected":false},"excerpt":{"rendered":"<p>Nosotros ya te hemos explicado por qu\u00e9 es bueno llevar las luces tambi\u00e9n de d\u00ed\u00ada, pero ahora es el Senado quien pide al Gobierno que obligue a los veh\u00ed\u00adculos a circular con luces de d\u00ed\u00ada. Se ha llevado a cabo una moci\u00f3n, promovida por el socialista \u00c1ngel Lago y respaldada con el apoyo un\u00e1nime de [&hellip;]<\/p>\n","protected":false},"author":1,"featured_media":501,"comment_status":"open","ping_status":"closed","sticky":false,"template":"","format":"standard","meta":{"footnotes":"","jetpack_publicize_message":"","jetpack_publicize_feature_enabled":true,"jetpack_social_post_already_shared":false,"jetpack_social_options":{"image_generator_settings":{"template":"highway","enabled":false},"version":2}},"categories":[12,19],"tags":[824,1672,1678],"class_list":["post-500","post","type-post","status-publish","format-standard","has-post-thumbnail","hentry","category-noticias","category-seguridad-vial","tag-luces","tag-noticias","tag-seguridad-vial"],"wppr_data":[],"jetpack_publicize_connections":[],"yoast_head":"<!-- This site is optimized with the Yoast SEO plugin v24.7 - https:\/\/yoast.com\/wordpress\/plugins\/seo\/ -->\n<title>El Senado tambi\u00e9n pide que se circule con luces de d\u00ed\u00ada<\/title>\n<meta name=\"description\" content=\"Nosotros ya te hemos explicado por qu\u00e9 es bueno llevar las luces tambi\u00e9n de d\u00ed\u00ada, pero ahora es el Senado quien pide al Gobierno que obligue a los veh\u00ed\u00adculos...\" \/>\n<meta name=\"robots\" content=\"index, follow, max-snippet:-1, max-image-preview:large, max-video-preview:-1\" \/>\n<link rel=\"canonical\" href=\"https:\/\/www.blogdelaautoescuela.com\/blog\/el-senado-tambien-pide-que-se-circule-con-luces-de-dia\/\" \/>\n<meta property=\"og:locale\" content=\"es_ES\" \/>\n<meta property=\"og:type\" content=\"article\" \/>\n<meta property=\"og:title\" content=\"El Senado tambi\u00e9n pide que se circule con luces de d\u00ed\u00ada\" \/>\n<meta property=\"og:description\" content=\"Nosotros ya te hemos explicado por qu\u00e9 es bueno llevar las luces tambi\u00e9n de d\u00ed\u00ada, pero ahora es el Senado quien pide al Gobierno que obligue a los veh\u00ed\u00adculos...\" \/>\n<meta property=\"og:url\" content=\"https:\/\/www.blogdelaautoescuela.com\/blog\/el-senado-tambien-pide-que-se-circule-con-luces-de-dia\/\" \/>\n<meta property=\"og:site_name\" content=\"Blog de la autoescuela\" \/>\n<meta property=\"article:author\" content=\"https:\/\/www.facebook.com\/blogdelaautoescuela\" \/>\n<meta property=\"article:published_time\" content=\"2009-02-18T15:51:37+00:00\" \/>\n<meta property=\"og:image\" content=\"https:\/\/www.blogdelaautoescuela.com\/blog\/wp-content\/uploads\/2009\/02\/faros1.jpg\" \/>\n\t<meta property=\"og:image:width\" content=\"400\" \/>\n\t<meta property=\"og:image:height\" content=\"300\" \/>\n\t<meta property=\"og:image:type\" content=\"image\/jpeg\" \/>\n<meta name=\"author\" content=\"usr_blogauto\" \/>\n<meta name=\"twitter:label1\" content=\"Escrito por\" \/>\n\t<meta name=\"twitter:data1\" content=\"usr_blogauto\" \/>\n\t<meta name=\"twitter:label2\" content=\"Tiempo de lectura\" \/>\n\t<meta name=\"twitter:data2\" content=\"1 minuto\" \/>\n<script type=\"application\/ld+json\" class=\"yoast-schema-graph\">{\"@context\":\"https:\/\/schema.org\",\"@graph\":[{\"@type\":\"WebPage\",\"@id\":\"https:\/\/www.blogdelaautoescuela.com\/blog\/el-senado-tambien-pide-que-se-circule-con-luces-de-dia\/\",\"url\":\"https:\/\/www.blogdelaautoescuela.com\/blog\/el-senado-tambien-pide-que-se-circule-con-luces-de-dia\/\",\"name\":\"El Senado tambi\u00e9n pide que se circule con luces de d\u00ed\u00ada\",\"isPartOf\":{\"@id\":\"https:\/\/www.blogdelaautoescuela.com\/blog\/#website\"},\"primaryImageOfPage\":{\"@id\":\"https:\/\/www.blogdelaautoescuela.com\/blog\/el-senado-tambien-pide-que-se-circule-con-luces-de-dia\/#primaryimage\"},\"image\":{\"@id\":\"https:\/\/www.blogdelaautoescuela.com\/blog\/el-senado-tambien-pide-que-se-circule-con-luces-de-dia\/#primaryimage\"},\"thumbnailUrl\":\"https:\/\/www.blogdelaautoescuela.com\/blog\/wp-content\/uploads\/2009\/02\/faros1.jpg\",\"datePublished\":\"2009-02-18T15:51:37+00:00\",\"author\":{\"@id\":\"https:\/\/www.blogdelaautoescuela.com\/blog\/#\/schema\/person\/f209a64ca5dfe74b9acb6317240e792f\"},\"description\":\"Nosotros ya te hemos explicado por qu\u00e9 es bueno llevar las luces tambi\u00e9n de d\u00ed\u00ada, pero ahora es el Senado quien pide al Gobierno que obligue a los veh\u00ed\u00adculos...\",\"breadcrumb\":{\"@id\":\"https:\/\/www.blogdelaautoescuela.com\/blog\/el-senado-tambien-pide-que-se-circule-con-luces-de-dia\/#breadcrumb\"},\"inLanguage\":\"es\",\"potentialAction\":[{\"@type\":\"ReadAction\",\"target\":[\"https:\/\/www.blogdelaautoescuela.com\/blog\/el-senado-tambien-pide-que-se-circule-con-luces-de-dia\/\"]}]},{\"@type\":\"ImageObject\",\"inLanguage\":\"es\",\"@id\":\"https:\/\/www.blogdelaautoescuela.com\/blog\/el-senado-tambien-pide-que-se-circule-con-luces-de-dia\/#primaryimage\",\"url\":\"https:\/\/www.blogdelaautoescuela.com\/blog\/wp-content\/uploads\/2009\/02\/faros1.jpg\",\"contentUrl\":\"https:\/\/www.blogdelaautoescuela.com\/blog\/wp-content\/uploads\/2009\/02\/faros1.jpg\",\"width\":400,\"height\":300},{\"@type\":\"BreadcrumbList\",\"@id\":\"https:\/\/www.blogdelaautoescuela.com\/blog\/el-senado-tambien-pide-que-se-circule-con-luces-de-dia\/#breadcrumb\",\"itemListElement\":[{\"@type\":\"ListItem\",\"position\":1,\"name\":\"Portada\",\"item\":\"https:\/\/www.blogdelaautoescuela.com\/blog\/\"},{\"@type\":\"ListItem\",\"position\":2,\"name\":\"El Senado tambi\u00e9n pide que se circule con luces de d\u00ed\u00ada\"}]},{\"@type\":\"WebSite\",\"@id\":\"https:\/\/www.blogdelaautoescuela.com\/blog\/#website\",\"url\":\"https:\/\/www.blogdelaautoescuela.com\/blog\/\",\"name\":\"Blog de la autoescuela\",\"description\":\"Noticias sobre autoescuelas y seguridad vial\",\"potentialAction\":[{\"@type\":\"SearchAction\",\"target\":{\"@type\":\"EntryPoint\",\"urlTemplate\":\"https:\/\/www.blogdelaautoescuela.com\/blog\/?s={search_term_string}\"},\"query-input\":{\"@type\":\"PropertyValueSpecification\",\"valueRequired\":true,\"valueName\":\"search_term_string\"}}],\"inLanguage\":\"es\"},{\"@type\":\"Person\",\"@id\":\"https:\/\/www.blogdelaautoescuela.com\/blog\/#\/schema\/person\/f209a64ca5dfe74b9acb6317240e792f\",\"name\":\"usr_blogauto\",\"image\":{\"@type\":\"ImageObject\",\"inLanguage\":\"es\",\"@id\":\"https:\/\/www.blogdelaautoescuela.com\/blog\/#\/schema\/person\/image\/\",\"url\":\"https:\/\/secure.gravatar.com\/avatar\/d3939d4ea521ac8421c86d2980321cc9?s=96&d=mm&r=g\",\"contentUrl\":\"https:\/\/secure.gravatar.com\/avatar\/d3939d4ea521ac8421c86d2980321cc9?s=96&d=mm&r=g\",\"caption\":\"usr_blogauto\"},\"description\":\"Blog dedicado a la conducci\u00f3n, las autoescuelas y la seguridad vial. Est\u00e1 creado por un grupo de profesionales de la formaci\u00f3n vial que comparten inquietudes y experiencias. Aqu\u00ed\u00ad podr\u00e1s encontrar informaci\u00f3n variada sobre el d\u00ed\u00ada a d\u00ed\u00ada de la autoescuela, ex\u00e1menes, test o novedades y consejos para una conducci\u00f3n m\u00e1s segura.\",\"sameAs\":[\"http:\/\/www.blogdelaautoescuela.com\/\",\"https:\/\/www.facebook.com\/blogdelaautoescuela\",\"https:\/\/x.com\/autoescuelas\"],\"url\":\"https:\/\/www.blogdelaautoescuela.com\/blog\/author\/usr_blogauto\/\"}]}<\/script>\n<!-- \/ Yoast SEO plugin. -->","yoast_head_json":{"title":"El Senado tambi\u00e9n pide que se circule con luces de d\u00ed\u00ada","description":"Nosotros ya te hemos explicado por qu\u00e9 es bueno llevar las luces tambi\u00e9n de d\u00ed\u00ada, pero ahora es el Senado quien pide al Gobierno que obligue a los veh\u00ed\u00adculos...","robots":{"index":"index","follow":"follow","max-snippet":"max-snippet:-1","max-image-preview":"max-image-preview:large","max-video-preview":"max-video-preview:-1"},"canonical":"https:\/\/www.blogdelaautoescuela.com\/blog\/el-senado-tambien-pide-que-se-circule-con-luces-de-dia\/","og_locale":"es_ES","og_type":"article","og_title":"El Senado tambi\u00e9n pide que se circule con luces de d\u00ed\u00ada","og_description":"Nosotros ya te hemos explicado por qu\u00e9 es bueno llevar las luces tambi\u00e9n de d\u00ed\u00ada, pero ahora es el Senado quien pide al Gobierno que obligue a los veh\u00ed\u00adculos...","og_url":"https:\/\/www.blogdelaautoescuela.com\/blog\/el-senado-tambien-pide-que-se-circule-con-luces-de-dia\/","og_site_name":"Blog de la autoescuela","article_author":"https:\/\/www.facebook.com\/blogdelaautoescuela","article_published_time":"2009-02-18T15:51:37+00:00","og_image":[{"width":400,"height":300,"url":"https:\/\/www.blogdelaautoescuela.com\/blog\/wp-content\/uploads\/2009\/02\/faros1.jpg","type":"image\/jpeg"}],"author":"usr_blogauto","twitter_misc":{"Escrito por":"usr_blogauto","Tiempo de lectura":"1 minuto"},"schema":{"@context":"https:\/\/schema.org","@graph":[{"@type":"WebPage","@id":"https:\/\/www.blogdelaautoescuela.com\/blog\/el-senado-tambien-pide-que-se-circule-con-luces-de-dia\/","url":"https:\/\/www.blogdelaautoescuela.com\/blog\/el-senado-tambien-pide-que-se-circule-con-luces-de-dia\/","name":"El Senado tambi\u00e9n pide que se circule con luces de d\u00ed\u00ada","isPartOf":{"@id":"https:\/\/www.blogdelaautoescuela.com\/blog\/#website"},"primaryImageOfPage":{"@id":"https:\/\/www.blogdelaautoescuela.com\/blog\/el-senado-tambien-pide-que-se-circule-con-luces-de-dia\/#primaryimage"},"image":{"@id":"https:\/\/www.blogdelaautoescuela.com\/blog\/el-senado-tambien-pide-que-se-circule-con-luces-de-dia\/#primaryimage"},"thumbnailUrl":"https:\/\/www.blogdelaautoescuela.com\/blog\/wp-content\/uploads\/2009\/02\/faros1.jpg","datePublished":"2009-02-18T15:51:37+00:00","author":{"@id":"https:\/\/www.blogdelaautoescuela.com\/blog\/#\/schema\/person\/f209a64ca5dfe74b9acb6317240e792f"},"description":"Nosotros ya te hemos explicado por qu\u00e9 es bueno llevar las luces tambi\u00e9n de d\u00ed\u00ada, pero ahora es el Senado quien pide al Gobierno que obligue a los veh\u00ed\u00adculos...","breadcrumb":{"@id":"https:\/\/www.blogdelaautoescuela.com\/blog\/el-senado-tambien-pide-que-se-circule-con-luces-de-dia\/#breadcrumb"},"inLanguage":"es","potentialAction":[{"@type":"ReadAction","target":["https:\/\/www.blogdelaautoescuela.com\/blog\/el-senado-tambien-pide-que-se-circule-con-luces-de-dia\/"]}]},{"@type":"ImageObject","inLanguage":"es","@id":"https:\/\/www.blogdelaautoescuela.com\/blog\/el-senado-tambien-pide-que-se-circule-con-luces-de-dia\/#primaryimage","url":"https:\/\/www.blogdelaautoescuela.com\/blog\/wp-content\/uploads\/2009\/02\/faros1.jpg","contentUrl":"https:\/\/www.blogdelaautoescuela.com\/blog\/wp-content\/uploads\/2009\/02\/faros1.jpg","width":400,"height":300},{"@type":"BreadcrumbList","@id":"https:\/\/www.blogdelaautoescuela.com\/blog\/el-senado-tambien-pide-que-se-circule-con-luces-de-dia\/#breadcrumb","itemListElement":[{"@type":"ListItem","position":1,"name":"Portada","item":"https:\/\/www.blogdelaautoescuela.com\/blog\/"},{"@type":"ListItem","position":2,"name":"El Senado tambi\u00e9n pide que se circule con luces de d\u00ed\u00ada"}]},{"@type":"WebSite","@id":"https:\/\/www.blogdelaautoescuela.com\/blog\/#website","url":"https:\/\/www.blogdelaautoescuela.com\/blog\/","name":"Blog de la autoescuela","description":"Noticias sobre autoescuelas y seguridad vial","potentialAction":[{"@type":"SearchAction","target":{"@type":"EntryPoint","urlTemplate":"https:\/\/www.blogdelaautoescuela.com\/blog\/?s={search_term_string}"},"query-input":{"@type":"PropertyValueSpecification","valueRequired":true,"valueName":"search_term_string"}}],"inLanguage":"es"},{"@type":"Person","@id":"https:\/\/www.blogdelaautoescuela.com\/blog\/#\/schema\/person\/f209a64ca5dfe74b9acb6317240e792f","name":"usr_blogauto","image":{"@type":"ImageObject","inLanguage":"es","@id":"https:\/\/www.blogdelaautoescuela.com\/blog\/#\/schema\/person\/image\/","url":"https:\/\/secure.gravatar.com\/avatar\/d3939d4ea521ac8421c86d2980321cc9?s=96&d=mm&r=g","contentUrl":"https:\/\/secure.gravatar.com\/avatar\/d3939d4ea521ac8421c86d2980321cc9?s=96&d=mm&r=g","caption":"usr_blogauto"},"description":"Blog dedicado a la conducci\u00f3n, las autoescuelas y la seguridad vial. Est\u00e1 creado por un grupo de profesionales de la formaci\u00f3n vial que comparten inquietudes y experiencias. Aqu\u00ed\u00ad podr\u00e1s encontrar informaci\u00f3n variada sobre el d\u00ed\u00ada a d\u00ed\u00ada de la autoescuela, ex\u00e1menes, test o novedades y consejos para una conducci\u00f3n m\u00e1s segura.","sameAs":["http:\/\/www.blogdelaautoescuela.com\/","https:\/\/www.facebook.com\/blogdelaautoescuela","https:\/\/x.com\/autoescuelas"],"url":"https:\/\/www.blogdelaautoescuela.com\/blog\/author\/usr_blogauto\/"}]}},"jetpack_featured_media_url":"https:\/\/www.blogdelaautoescuela.com\/blog\/wp-content\/uploads\/2009\/02\/faros1.jpg","_links":{"self":[{"href":"https:\/\/www.blogdelaautoescuela.com\/blog\/wp-json\/wp\/v2\/posts\/500","targetHints":{"allow":["GET"]}}],"collection":[{"href":"https:\/\/www.blogdelaautoescuela.com\/blog\/wp-json\/wp\/v2\/posts"}],"about":[{"href":"https:\/\/www.blogdelaautoescuela.com\/blog\/wp-json\/wp\/v2\/types\/post"}],"author":[{"embeddable":true,"href":"https:\/\/www.blogdelaautoescuela.com\/blog\/wp-json\/wp\/v2\/users\/1"}],"replies":[{"embeddable":true,"href":"https:\/\/www.blogdelaautoescuela.com\/blog\/wp-json\/wp\/v2\/comments?post=500"}],"version-history":[{"count":0,"href":"https:\/\/www.blogdelaautoescuela.com\/blog\/wp-json\/wp\/v2\/posts\/500\/revisions"}],"wp:featuredmedia":[{"embeddable":true,"href":"https:\/\/www.blogdelaautoescuela.com\/blog\/wp-json\/wp\/v2\/media\/501"}],"wp:attachment":[{"href":"https:\/\/www.blogdelaautoescuela.com\/blog\/wp-json\/wp\/v2\/media?parent=500"}],"wp:term":[{"taxonomy":"category","embeddable":true,"href":"https:\/\/www.blogdelaautoescuela.com\/blog\/wp-json\/wp\/v2\/categories?post=500"},{"taxonomy":"post_tag","embeddable":true,"href":"https:\/\/www.blogdelaautoescuela.com\/blog\/wp-json\/wp\/v2\/tags?post=500"}],"curies":[{"name":"wp","href":"https:\/\/api.w.org\/{rel}","templated":true}]}}