
{"id":4979,"date":"2010-07-16T12:08:21","date_gmt":"2010-07-16T10:08:21","guid":{"rendered":"http:\/\/www.blogdelaautoescuela.com\/blog\/?p=4979"},"modified":"2010-07-16T12:08:21","modified_gmt":"2010-07-16T10:08:21","slug":"curso-de-conduccion-segura-para-discapacitados","status":"publish","type":"post","link":"https:\/\/www.blogdelaautoescuela.com\/blog\/curso-de-conduccion-segura-para-discapacitados\/","title":{"rendered":"Curso de conducci\u00f3n segura para discapacitados"},"content":{"rendered":"<p style=\"text-align: center;\"><img loading=\"lazy\" decoding=\"async\" class=\"size-full wp-image-1763 aligncenter\" title=\"discapacitados\" src=\"http:\/\/www.blogdelaautoescuela.com\/blog\/wp-content\/uploads\/2009\/08\/discapacitados.jpg\" alt=\"discapacitados\" width=\"400\" height=\"400\" \/><\/p>\n<p>Las personas con <strong>discapacidad f\u00ed\u00adsica <\/strong>lo tienen m\u00e1s dif\u00ed\u00adcil para poderse poner a los mandos de un volante, y uno de los problemas a los que se enfrentan es aprender a utilizar un <strong>veh\u00ed\u00adculo adaptado<\/strong>.<\/p>\n<p><strong>Autoescuela Europa<\/strong> es la \u00fanica de la provincia de <strong>Lugo<\/strong> que cuenta con un <strong>coche adaptado para personas con minusval\u00ed\u00adas f\u00ed\u00adsicas<\/strong>, y este coche ser\u00e1 utilizado en el <span><strong>segundo curso de conducci\u00f3n segura para personas con  discapacidad f\u00ed\u00adsica<\/strong> que organizan la <strong>asociaci\u00f3n Basanta Motorsport,  Cogami y la Diputaci\u00f3n de Lugo.<\/strong><\/span><\/p>\n<p><span>Este curso tendr\u00e1 lugar ma\u00f1ana,<strong> 17 de julio<\/strong>, a las 9 de la ma\u00f1ana en el pol\u00ed\u00adgono industrial de <\/span><span><strong>Outeiro de Rei<\/strong> bajo el nombre de <\/span><strong><span>II Xornadas gratuitas de informaci\u00f3n e fomaci\u00f3n de  conducci\u00f3n segura para persoas con discapacidade f\u00ed\u00adsica.<\/span><\/strong><\/p>\n<p><span>En este curso<strong> participar\u00e1n 20 personas con discapacidad f\u00ed\u00adsica<\/strong> que tendr\u00e1n la oportunidad de <strong>aprender a utilizar un veh\u00ed\u00adculo adaptado en condiciones adversas<\/strong> como en calzadas mojadas, as\u00ed\u00ad como a realizar frenadas bruscas o sin control de tracci\u00f3n.<\/span><\/p>\n<p><span>Las <strong>jornadas de formaci\u00f3n gratuita<\/strong> surgieron a ra\u00ed\u00adz de un accidentes que sufri\u00f3 <\/span><span><strong>Avelino Basanta<\/strong>, que actualmente es <\/span><span><strong>piloto de rallys con discapacidad f\u00ed\u00adsica<\/strong>, y que le provoc\u00f3 su discapacidad. Despu\u00e9s del accidente Avelino se encontr\u00f3 <\/span><span>on un <strong>vac\u00ed\u00ado informativo<\/strong> acerca de las m\u00faltiples  posibilidades que existen en esta situaci\u00f3n, por lo que decidi\u00f3 crear  las jornadas de formaci\u00f3n gratuita para personas discapacitadas.<\/span><\/p>\n<p><span><br \/>\n<\/span><\/p>\n","protected":false},"excerpt":{"rendered":"<p>Las personas con discapacidad f\u00ed\u00adsica lo tienen m\u00e1s dif\u00ed\u00adcil para poderse poner a los mandos de un volante, y uno de los problemas a los que se enfrentan es aprender a utilizar un veh\u00ed\u00adculo adaptado. Autoescuela Europa es la \u00fanica de la provincia de Lugo que cuenta con un coche adaptado para personas con minusval\u00ed\u00adas [&hellip;]<\/p>\n","protected":false},"author":1,"featured_media":1763,"comment_status":"open","ping_status":"closed","sticky":false,"template":"","format":"standard","meta":{"footnotes":"","jetpack_publicize_message":"","jetpack_publicize_feature_enabled":true,"jetpack_social_post_already_shared":false,"jetpack_social_options":{"image_generator_settings":{"template":"highway","enabled":false},"version":2}},"categories":[3],"tags":[1664,376,490,1357],"class_list":["post-4979","post","type-post","status-publish","format-standard","has-post-thumbnail","hentry","category-autoescuela","tag-autoescuela","tag-conduccion-segura","tag-discapacitados","tag-vehiculos-adaptados"],"wppr_data":[],"jetpack_publicize_connections":[],"yoast_head":"<!-- This site is optimized with the Yoast SEO plugin v24.7 - https:\/\/yoast.com\/wordpress\/plugins\/seo\/ -->\n<title>Curso de conducci\u00f3n segura para discapacitados<\/title>\n<meta name=\"description\" content=\"segundo curso de conducci\u00f3n segura para personas con discapacidad f\u00ed\u00adsica que organizan la asociaci\u00f3n Basanta Motorsport, Cogami y la Diputaci\u00f3n de Lugo\" \/>\n<meta name=\"robots\" content=\"index, follow, max-snippet:-1, max-image-preview:large, max-video-preview:-1\" \/>\n<link rel=\"canonical\" href=\"https:\/\/www.blogdelaautoescuela.com\/blog\/curso-de-conduccion-segura-para-discapacitados\/\" \/>\n<meta property=\"og:locale\" content=\"es_ES\" \/>\n<meta property=\"og:type\" content=\"article\" \/>\n<meta property=\"og:title\" content=\"Curso de conducci\u00f3n segura para discapacitados\" \/>\n<meta property=\"og:description\" content=\"segundo curso de conducci\u00f3n segura para personas con discapacidad f\u00ed\u00adsica que organizan la asociaci\u00f3n Basanta Motorsport, Cogami y la Diputaci\u00f3n de Lugo\" \/>\n<meta property=\"og:url\" content=\"https:\/\/www.blogdelaautoescuela.com\/blog\/curso-de-conduccion-segura-para-discapacitados\/\" \/>\n<meta property=\"og:site_name\" content=\"Blog de la autoescuela\" \/>\n<meta property=\"article:author\" content=\"https:\/\/www.facebook.com\/blogdelaautoescuela\" \/>\n<meta property=\"article:published_time\" content=\"2010-07-16T10:08:21+00:00\" \/>\n<meta property=\"og:image\" content=\"https:\/\/www.blogdelaautoescuela.com\/blog\/wp-content\/uploads\/2009\/08\/discapacitados1.jpg\" \/>\n\t<meta property=\"og:image:width\" content=\"400\" \/>\n\t<meta property=\"og:image:height\" content=\"400\" \/>\n\t<meta property=\"og:image:type\" content=\"image\/jpeg\" \/>\n<meta name=\"author\" content=\"usr_blogauto\" \/>\n<meta name=\"twitter:label1\" content=\"Escrito por\" \/>\n\t<meta name=\"twitter:data1\" content=\"usr_blogauto\" \/>\n\t<meta name=\"twitter:label2\" content=\"Tiempo de lectura\" \/>\n\t<meta name=\"twitter:data2\" content=\"1 minuto\" \/>\n<script type=\"application\/ld+json\" class=\"yoast-schema-graph\">{\"@context\":\"https:\/\/schema.org\",\"@graph\":[{\"@type\":\"WebPage\",\"@id\":\"https:\/\/www.blogdelaautoescuela.com\/blog\/curso-de-conduccion-segura-para-discapacitados\/\",\"url\":\"https:\/\/www.blogdelaautoescuela.com\/blog\/curso-de-conduccion-segura-para-discapacitados\/\",\"name\":\"Curso de conducci\u00f3n segura para discapacitados\",\"isPartOf\":{\"@id\":\"https:\/\/www.blogdelaautoescuela.com\/blog\/#website\"},\"primaryImageOfPage\":{\"@id\":\"https:\/\/www.blogdelaautoescuela.com\/blog\/curso-de-conduccion-segura-para-discapacitados\/#primaryimage\"},\"image\":{\"@id\":\"https:\/\/www.blogdelaautoescuela.com\/blog\/curso-de-conduccion-segura-para-discapacitados\/#primaryimage\"},\"thumbnailUrl\":\"https:\/\/www.blogdelaautoescuela.com\/blog\/wp-content\/uploads\/2009\/08\/discapacitados1.jpg\",\"datePublished\":\"2010-07-16T10:08:21+00:00\",\"author\":{\"@id\":\"https:\/\/www.blogdelaautoescuela.com\/blog\/#\/schema\/person\/f209a64ca5dfe74b9acb6317240e792f\"},\"description\":\"segundo curso de conducci\u00f3n segura para personas con discapacidad f\u00ed\u00adsica que organizan la asociaci\u00f3n Basanta Motorsport, Cogami y la Diputaci\u00f3n de Lugo\",\"breadcrumb\":{\"@id\":\"https:\/\/www.blogdelaautoescuela.com\/blog\/curso-de-conduccion-segura-para-discapacitados\/#breadcrumb\"},\"inLanguage\":\"es\",\"potentialAction\":[{\"@type\":\"ReadAction\",\"target\":[\"https:\/\/www.blogdelaautoescuela.com\/blog\/curso-de-conduccion-segura-para-discapacitados\/\"]}]},{\"@type\":\"ImageObject\",\"inLanguage\":\"es\",\"@id\":\"https:\/\/www.blogdelaautoescuela.com\/blog\/curso-de-conduccion-segura-para-discapacitados\/#primaryimage\",\"url\":\"https:\/\/www.blogdelaautoescuela.com\/blog\/wp-content\/uploads\/2009\/08\/discapacitados1.jpg\",\"contentUrl\":\"https:\/\/www.blogdelaautoescuela.com\/blog\/wp-content\/uploads\/2009\/08\/discapacitados1.jpg\",\"width\":400,\"height\":400},{\"@type\":\"BreadcrumbList\",\"@id\":\"https:\/\/www.blogdelaautoescuela.com\/blog\/curso-de-conduccion-segura-para-discapacitados\/#breadcrumb\",\"itemListElement\":[{\"@type\":\"ListItem\",\"position\":1,\"name\":\"Portada\",\"item\":\"https:\/\/www.blogdelaautoescuela.com\/blog\/\"},{\"@type\":\"ListItem\",\"position\":2,\"name\":\"Curso de conducci\u00f3n segura para discapacitados\"}]},{\"@type\":\"WebSite\",\"@id\":\"https:\/\/www.blogdelaautoescuela.com\/blog\/#website\",\"url\":\"https:\/\/www.blogdelaautoescuela.com\/blog\/\",\"name\":\"Blog de la autoescuela\",\"description\":\"Noticias sobre autoescuelas y seguridad vial\",\"potentialAction\":[{\"@type\":\"SearchAction\",\"target\":{\"@type\":\"EntryPoint\",\"urlTemplate\":\"https:\/\/www.blogdelaautoescuela.com\/blog\/?s={search_term_string}\"},\"query-input\":{\"@type\":\"PropertyValueSpecification\",\"valueRequired\":true,\"valueName\":\"search_term_string\"}}],\"inLanguage\":\"es\"},{\"@type\":\"Person\",\"@id\":\"https:\/\/www.blogdelaautoescuela.com\/blog\/#\/schema\/person\/f209a64ca5dfe74b9acb6317240e792f\",\"name\":\"usr_blogauto\",\"image\":{\"@type\":\"ImageObject\",\"inLanguage\":\"es\",\"@id\":\"https:\/\/www.blogdelaautoescuela.com\/blog\/#\/schema\/person\/image\/\",\"url\":\"https:\/\/secure.gravatar.com\/avatar\/d3939d4ea521ac8421c86d2980321cc9?s=96&d=mm&r=g\",\"contentUrl\":\"https:\/\/secure.gravatar.com\/avatar\/d3939d4ea521ac8421c86d2980321cc9?s=96&d=mm&r=g\",\"caption\":\"usr_blogauto\"},\"description\":\"Blog dedicado a la conducci\u00f3n, las autoescuelas y la seguridad vial. Est\u00e1 creado por un grupo de profesionales de la formaci\u00f3n vial que comparten inquietudes y experiencias. Aqu\u00ed\u00ad podr\u00e1s encontrar informaci\u00f3n variada sobre el d\u00ed\u00ada a d\u00ed\u00ada de la autoescuela, ex\u00e1menes, test o novedades y consejos para una conducci\u00f3n m\u00e1s segura.\",\"sameAs\":[\"http:\/\/www.blogdelaautoescuela.com\/\",\"https:\/\/www.facebook.com\/blogdelaautoescuela\",\"https:\/\/x.com\/autoescuelas\"],\"url\":\"https:\/\/www.blogdelaautoescuela.com\/blog\/author\/usr_blogauto\/\"}]}<\/script>\n<!-- \/ Yoast SEO plugin. -->","yoast_head_json":{"title":"Curso de conducci\u00f3n segura para discapacitados","description":"segundo curso de conducci\u00f3n segura para personas con discapacidad f\u00ed\u00adsica que organizan la asociaci\u00f3n Basanta Motorsport, Cogami y la Diputaci\u00f3n de Lugo","robots":{"index":"index","follow":"follow","max-snippet":"max-snippet:-1","max-image-preview":"max-image-preview:large","max-video-preview":"max-video-preview:-1"},"canonical":"https:\/\/www.blogdelaautoescuela.com\/blog\/curso-de-conduccion-segura-para-discapacitados\/","og_locale":"es_ES","og_type":"article","og_title":"Curso de conducci\u00f3n segura para discapacitados","og_description":"segundo curso de conducci\u00f3n segura para personas con discapacidad f\u00ed\u00adsica que organizan la asociaci\u00f3n Basanta Motorsport, Cogami y la Diputaci\u00f3n de Lugo","og_url":"https:\/\/www.blogdelaautoescuela.com\/blog\/curso-de-conduccion-segura-para-discapacitados\/","og_site_name":"Blog de la autoescuela","article_author":"https:\/\/www.facebook.com\/blogdelaautoescuela","article_published_time":"2010-07-16T10:08:21+00:00","og_image":[{"width":400,"height":400,"url":"https:\/\/www.blogdelaautoescuela.com\/blog\/wp-content\/uploads\/2009\/08\/discapacitados1.jpg","type":"image\/jpeg"}],"author":"usr_blogauto","twitter_misc":{"Escrito por":"usr_blogauto","Tiempo de lectura":"1 minuto"},"schema":{"@context":"https:\/\/schema.org","@graph":[{"@type":"WebPage","@id":"https:\/\/www.blogdelaautoescuela.com\/blog\/curso-de-conduccion-segura-para-discapacitados\/","url":"https:\/\/www.blogdelaautoescuela.com\/blog\/curso-de-conduccion-segura-para-discapacitados\/","name":"Curso de conducci\u00f3n segura para discapacitados","isPartOf":{"@id":"https:\/\/www.blogdelaautoescuela.com\/blog\/#website"},"primaryImageOfPage":{"@id":"https:\/\/www.blogdelaautoescuela.com\/blog\/curso-de-conduccion-segura-para-discapacitados\/#primaryimage"},"image":{"@id":"https:\/\/www.blogdelaautoescuela.com\/blog\/curso-de-conduccion-segura-para-discapacitados\/#primaryimage"},"thumbnailUrl":"https:\/\/www.blogdelaautoescuela.com\/blog\/wp-content\/uploads\/2009\/08\/discapacitados1.jpg","datePublished":"2010-07-16T10:08:21+00:00","author":{"@id":"https:\/\/www.blogdelaautoescuela.com\/blog\/#\/schema\/person\/f209a64ca5dfe74b9acb6317240e792f"},"description":"segundo curso de conducci\u00f3n segura para personas con discapacidad f\u00ed\u00adsica que organizan la asociaci\u00f3n Basanta Motorsport, Cogami y la Diputaci\u00f3n de Lugo","breadcrumb":{"@id":"https:\/\/www.blogdelaautoescuela.com\/blog\/curso-de-conduccion-segura-para-discapacitados\/#breadcrumb"},"inLanguage":"es","potentialAction":[{"@type":"ReadAction","target":["https:\/\/www.blogdelaautoescuela.com\/blog\/curso-de-conduccion-segura-para-discapacitados\/"]}]},{"@type":"ImageObject","inLanguage":"es","@id":"https:\/\/www.blogdelaautoescuela.com\/blog\/curso-de-conduccion-segura-para-discapacitados\/#primaryimage","url":"https:\/\/www.blogdelaautoescuela.com\/blog\/wp-content\/uploads\/2009\/08\/discapacitados1.jpg","contentUrl":"https:\/\/www.blogdelaautoescuela.com\/blog\/wp-content\/uploads\/2009\/08\/discapacitados1.jpg","width":400,"height":400},{"@type":"BreadcrumbList","@id":"https:\/\/www.blogdelaautoescuela.com\/blog\/curso-de-conduccion-segura-para-discapacitados\/#breadcrumb","itemListElement":[{"@type":"ListItem","position":1,"name":"Portada","item":"https:\/\/www.blogdelaautoescuela.com\/blog\/"},{"@type":"ListItem","position":2,"name":"Curso de conducci\u00f3n segura para discapacitados"}]},{"@type":"WebSite","@id":"https:\/\/www.blogdelaautoescuela.com\/blog\/#website","url":"https:\/\/www.blogdelaautoescuela.com\/blog\/","name":"Blog de la autoescuela","description":"Noticias sobre autoescuelas y seguridad vial","potentialAction":[{"@type":"SearchAction","target":{"@type":"EntryPoint","urlTemplate":"https:\/\/www.blogdelaautoescuela.com\/blog\/?s={search_term_string}"},"query-input":{"@type":"PropertyValueSpecification","valueRequired":true,"valueName":"search_term_string"}}],"inLanguage":"es"},{"@type":"Person","@id":"https:\/\/www.blogdelaautoescuela.com\/blog\/#\/schema\/person\/f209a64ca5dfe74b9acb6317240e792f","name":"usr_blogauto","image":{"@type":"ImageObject","inLanguage":"es","@id":"https:\/\/www.blogdelaautoescuela.com\/blog\/#\/schema\/person\/image\/","url":"https:\/\/secure.gravatar.com\/avatar\/d3939d4ea521ac8421c86d2980321cc9?s=96&d=mm&r=g","contentUrl":"https:\/\/secure.gravatar.com\/avatar\/d3939d4ea521ac8421c86d2980321cc9?s=96&d=mm&r=g","caption":"usr_blogauto"},"description":"Blog dedicado a la conducci\u00f3n, las autoescuelas y la seguridad vial. Est\u00e1 creado por un grupo de profesionales de la formaci\u00f3n vial que comparten inquietudes y experiencias. Aqu\u00ed\u00ad podr\u00e1s encontrar informaci\u00f3n variada sobre el d\u00ed\u00ada a d\u00ed\u00ada de la autoescuela, ex\u00e1menes, test o novedades y consejos para una conducci\u00f3n m\u00e1s segura.","sameAs":["http:\/\/www.blogdelaautoescuela.com\/","https:\/\/www.facebook.com\/blogdelaautoescuela","https:\/\/x.com\/autoescuelas"],"url":"https:\/\/www.blogdelaautoescuela.com\/blog\/author\/usr_blogauto\/"}]}},"jetpack_featured_media_url":"https:\/\/www.blogdelaautoescuela.com\/blog\/wp-content\/uploads\/2009\/08\/discapacitados1.jpg","_links":{"self":[{"href":"https:\/\/www.blogdelaautoescuela.com\/blog\/wp-json\/wp\/v2\/posts\/4979","targetHints":{"allow":["GET"]}}],"collection":[{"href":"https:\/\/www.blogdelaautoescuela.com\/blog\/wp-json\/wp\/v2\/posts"}],"about":[{"href":"https:\/\/www.blogdelaautoescuela.com\/blog\/wp-json\/wp\/v2\/types\/post"}],"author":[{"embeddable":true,"href":"https:\/\/www.blogdelaautoescuela.com\/blog\/wp-json\/wp\/v2\/users\/1"}],"replies":[{"embeddable":true,"href":"https:\/\/www.blogdelaautoescuela.com\/blog\/wp-json\/wp\/v2\/comments?post=4979"}],"version-history":[{"count":0,"href":"https:\/\/www.blogdelaautoescuela.com\/blog\/wp-json\/wp\/v2\/posts\/4979\/revisions"}],"wp:featuredmedia":[{"embeddable":true,"href":"https:\/\/www.blogdelaautoescuela.com\/blog\/wp-json\/wp\/v2\/media\/1763"}],"wp:attachment":[{"href":"https:\/\/www.blogdelaautoescuela.com\/blog\/wp-json\/wp\/v2\/media?parent=4979"}],"wp:term":[{"taxonomy":"category","embeddable":true,"href":"https:\/\/www.blogdelaautoescuela.com\/blog\/wp-json\/wp\/v2\/categories?post=4979"},{"taxonomy":"post_tag","embeddable":true,"href":"https:\/\/www.blogdelaautoescuela.com\/blog\/wp-json\/wp\/v2\/tags?post=4979"}],"curies":[{"name":"wp","href":"https:\/\/api.w.org\/{rel}","templated":true}]}}