
{"id":4975,"date":"2010-07-15T13:02:39","date_gmt":"2010-07-15T11:02:39","guid":{"rendered":"http:\/\/www.blogdelaautoescuela.com\/blog\/?p=4975"},"modified":"2010-07-15T13:02:39","modified_gmt":"2010-07-15T11:02:39","slug":"los-participantes-del-vii-curso-de-educacion-vial-de-coslada-reciben-sus-permisos-am","status":"publish","type":"post","link":"https:\/\/www.blogdelaautoescuela.com\/blog\/los-participantes-del-vii-curso-de-educacion-vial-de-coslada-reciben-sus-permisos-am\/","title":{"rendered":"Los participantes del VII curso de educaci\u00f3n vial de Coslada reciben sus permisos AM"},"content":{"rendered":"<p style=\"text-align: center;\"><img loading=\"lazy\" decoding=\"async\" class=\"size-full wp-image-4976 aligncenter\" title=\"Entrega-Licencias-Ciclomoto\" src=\"http:\/\/www.blogdelaautoescuela.com\/blog\/wp-content\/uploads\/2010\/07\/Entrega-Licencias-Ciclomoto.jpg\" alt=\"Entrega-Licencias-Ciclomoto\" width=\"400\" height=\"161\" \/><\/p>\n<p>Ayer finaliz\u00f3 en <strong>Coslada<\/strong>, Madrid, el <strong>VII Curso de Educaci\u00f3n Vial<\/strong>, que ha sido impartido por los<strong> monitores de  Educaci\u00f3n Vial de la Polic\u00ed\u00ada Local <\/strong>y en el que ha participado <strong>MAPFRE,<\/strong> que ha cedido su Parque Infantil de Tr\u00e1fico para que se pudieran realizar las pr\u00e1cticas, la<strong> Concejal\u00ed\u00ada de Educaci\u00f3n y la de Juventud<\/strong>, y <strong>Autoescuelas 2000<\/strong>, que ha facilitado a los alumnos todo el mateial did\u00e1ctico.<\/p>\n<p>En este curso han participado un <strong>total de 13 alumnos<\/strong> a los que ayer, adem\u00e1s de recibir sus <strong>permisos de conducci\u00f3n de ciclomotores<\/strong> (el <a href=\"http:\/\/www.blogdelaautoescuela.com\/blog\/el-nuevo-permiso-de-ciclomotores-am\/\">permiso AM<\/a>), se les entreg\u00f3 un <strong>diploma acreditativo<\/strong>, un <strong>casco<\/strong>, cedido por MAPFRE, un <strong>chaleco reflectante<\/strong>, cedido por<strong> Autoescuelas 2000<\/strong>,\u00a0 y un <strong>cd sobre conducci\u00f3n segura<\/strong>, que tambi\u00e9n ha cedido MAPFRE. Adem\u00e1s los cascos que han recibido son totalmente personales ya que previamente han sido customizados por cada alumno en un taller organizado por la Concejal\u00ed\u00ada de Juventud.<\/p>\n<p>En el acto de entrega de los permisos<strong> \u00c1ngel Viveros, alcalde de Coslada<\/strong>, declar\u00f3 que <em>\u20ac\u0153la educaci\u00f3n vial es uno de los trabajos m\u00e1s gratificantes que realiza  la Polic\u00ed\u00ada Local. A los j\u00f3venes que han obtenido hoy su permiso de  circulaci\u00f3n, adem\u00e1s de felicitarles, les dir\u00ed\u00ada que sean prudentes y que  asuman esta nueva responsabilidad respetando a los peatones y las normas  de tr\u00e1fico\u20ac\u009d.<\/em><\/p>\n","protected":false},"excerpt":{"rendered":"<p>Ayer finaliz\u00f3 en Coslada, Madrid, el VII Curso de Educaci\u00f3n Vial, que ha sido impartido por los monitores de Educaci\u00f3n Vial de la Polic\u00ed\u00ada Local y en el que ha participado MAPFRE, que ha cedido su Parque Infantil de Tr\u00e1fico para que se pudieran realizar las pr\u00e1cticas, la Concejal\u00ed\u00ada de Educaci\u00f3n y la de Juventud, [&hellip;]<\/p>\n","protected":false},"author":1,"featured_media":4976,"comment_status":"open","ping_status":"closed","sticky":false,"template":"","format":"standard","meta":{"footnotes":"","jetpack_publicize_message":"","jetpack_publicize_feature_enabled":true,"jetpack_social_post_already_shared":false,"jetpack_social_options":{"image_generator_settings":{"template":"highway","enabled":false},"version":2}},"categories":[3,11],"tags":[1664,319,431,441,1671,990],"class_list":["post-4975","post","type-post","status-publish","format-standard","has-post-thumbnail","hentry","category-autoescuela","category-moto","tag-autoescuela","tag-ciclomotor","tag-coslada","tag-curso","tag-moto","tag-permiso-am"],"wppr_data":[],"jetpack_publicize_connections":[],"yoast_head":"<!-- This site is optimized with the Yoast SEO plugin v24.7 - https:\/\/yoast.com\/wordpress\/plugins\/seo\/ -->\n<title>Los participantes del VII curso de educaci\u00f3n vial de Coslada reciben sus permisos AM<\/title>\n<meta name=\"description\" content=\"13 alumnos adem\u00e1s de recibir sus permisos de conducci\u00f3n AM, se les entreg\u00f3 un diploma acreditativo, un casco, un chaleco reflectante, y un cd sobre conducci\u00f3n segura\" \/>\n<meta name=\"robots\" content=\"index, follow, max-snippet:-1, max-image-preview:large, max-video-preview:-1\" \/>\n<link rel=\"canonical\" href=\"https:\/\/www.blogdelaautoescuela.com\/blog\/los-participantes-del-vii-curso-de-educacion-vial-de-coslada-reciben-sus-permisos-am\/\" \/>\n<meta property=\"og:locale\" content=\"es_ES\" \/>\n<meta property=\"og:type\" content=\"article\" \/>\n<meta property=\"og:title\" content=\"Los participantes del VII curso de educaci\u00f3n vial de Coslada reciben sus permisos AM\" \/>\n<meta property=\"og:description\" content=\"13 alumnos adem\u00e1s de recibir sus permisos de conducci\u00f3n AM, se les entreg\u00f3 un diploma acreditativo, un casco, un chaleco reflectante, y un cd sobre conducci\u00f3n segura\" \/>\n<meta property=\"og:url\" content=\"https:\/\/www.blogdelaautoescuela.com\/blog\/los-participantes-del-vii-curso-de-educacion-vial-de-coslada-reciben-sus-permisos-am\/\" \/>\n<meta property=\"og:site_name\" content=\"Blog de la autoescuela\" \/>\n<meta property=\"article:author\" content=\"https:\/\/www.facebook.com\/blogdelaautoescuela\" \/>\n<meta property=\"article:published_time\" content=\"2010-07-15T11:02:39+00:00\" \/>\n<meta property=\"og:image\" content=\"https:\/\/www.blogdelaautoescuela.com\/blog\/wp-content\/uploads\/2010\/07\/Entrega-Licencias-Ciclomoto1.jpg\" \/>\n\t<meta property=\"og:image:width\" content=\"400\" \/>\n\t<meta property=\"og:image:height\" content=\"161\" \/>\n\t<meta property=\"og:image:type\" content=\"image\/jpeg\" \/>\n<meta name=\"author\" content=\"usr_blogauto\" \/>\n<meta name=\"twitter:label1\" content=\"Escrito por\" \/>\n\t<meta name=\"twitter:data1\" content=\"usr_blogauto\" \/>\n\t<meta name=\"twitter:label2\" content=\"Tiempo de lectura\" \/>\n\t<meta name=\"twitter:data2\" content=\"1 minuto\" \/>\n<script type=\"application\/ld+json\" class=\"yoast-schema-graph\">{\"@context\":\"https:\/\/schema.org\",\"@graph\":[{\"@type\":\"WebPage\",\"@id\":\"https:\/\/www.blogdelaautoescuela.com\/blog\/los-participantes-del-vii-curso-de-educacion-vial-de-coslada-reciben-sus-permisos-am\/\",\"url\":\"https:\/\/www.blogdelaautoescuela.com\/blog\/los-participantes-del-vii-curso-de-educacion-vial-de-coslada-reciben-sus-permisos-am\/\",\"name\":\"Los participantes del VII curso de educaci\u00f3n vial de Coslada reciben sus permisos AM\",\"isPartOf\":{\"@id\":\"https:\/\/www.blogdelaautoescuela.com\/blog\/#website\"},\"primaryImageOfPage\":{\"@id\":\"https:\/\/www.blogdelaautoescuela.com\/blog\/los-participantes-del-vii-curso-de-educacion-vial-de-coslada-reciben-sus-permisos-am\/#primaryimage\"},\"image\":{\"@id\":\"https:\/\/www.blogdelaautoescuela.com\/blog\/los-participantes-del-vii-curso-de-educacion-vial-de-coslada-reciben-sus-permisos-am\/#primaryimage\"},\"thumbnailUrl\":\"https:\/\/www.blogdelaautoescuela.com\/blog\/wp-content\/uploads\/2010\/07\/Entrega-Licencias-Ciclomoto1.jpg\",\"datePublished\":\"2010-07-15T11:02:39+00:00\",\"author\":{\"@id\":\"https:\/\/www.blogdelaautoescuela.com\/blog\/#\/schema\/person\/f209a64ca5dfe74b9acb6317240e792f\"},\"description\":\"13 alumnos adem\u00e1s de recibir sus permisos de conducci\u00f3n AM, se les entreg\u00f3 un diploma acreditativo, un casco, un chaleco reflectante, y un cd sobre conducci\u00f3n segura\",\"breadcrumb\":{\"@id\":\"https:\/\/www.blogdelaautoescuela.com\/blog\/los-participantes-del-vii-curso-de-educacion-vial-de-coslada-reciben-sus-permisos-am\/#breadcrumb\"},\"inLanguage\":\"es\",\"potentialAction\":[{\"@type\":\"ReadAction\",\"target\":[\"https:\/\/www.blogdelaautoescuela.com\/blog\/los-participantes-del-vii-curso-de-educacion-vial-de-coslada-reciben-sus-permisos-am\/\"]}]},{\"@type\":\"ImageObject\",\"inLanguage\":\"es\",\"@id\":\"https:\/\/www.blogdelaautoescuela.com\/blog\/los-participantes-del-vii-curso-de-educacion-vial-de-coslada-reciben-sus-permisos-am\/#primaryimage\",\"url\":\"https:\/\/www.blogdelaautoescuela.com\/blog\/wp-content\/uploads\/2010\/07\/Entrega-Licencias-Ciclomoto1.jpg\",\"contentUrl\":\"https:\/\/www.blogdelaautoescuela.com\/blog\/wp-content\/uploads\/2010\/07\/Entrega-Licencias-Ciclomoto1.jpg\",\"width\":400,\"height\":161},{\"@type\":\"BreadcrumbList\",\"@id\":\"https:\/\/www.blogdelaautoescuela.com\/blog\/los-participantes-del-vii-curso-de-educacion-vial-de-coslada-reciben-sus-permisos-am\/#breadcrumb\",\"itemListElement\":[{\"@type\":\"ListItem\",\"position\":1,\"name\":\"Portada\",\"item\":\"https:\/\/www.blogdelaautoescuela.com\/blog\/\"},{\"@type\":\"ListItem\",\"position\":2,\"name\":\"Los participantes del VII curso de educaci\u00f3n vial de Coslada reciben sus permisos AM\"}]},{\"@type\":\"WebSite\",\"@id\":\"https:\/\/www.blogdelaautoescuela.com\/blog\/#website\",\"url\":\"https:\/\/www.blogdelaautoescuela.com\/blog\/\",\"name\":\"Blog de la autoescuela\",\"description\":\"Noticias sobre autoescuelas y seguridad vial\",\"potentialAction\":[{\"@type\":\"SearchAction\",\"target\":{\"@type\":\"EntryPoint\",\"urlTemplate\":\"https:\/\/www.blogdelaautoescuela.com\/blog\/?s={search_term_string}\"},\"query-input\":{\"@type\":\"PropertyValueSpecification\",\"valueRequired\":true,\"valueName\":\"search_term_string\"}}],\"inLanguage\":\"es\"},{\"@type\":\"Person\",\"@id\":\"https:\/\/www.blogdelaautoescuela.com\/blog\/#\/schema\/person\/f209a64ca5dfe74b9acb6317240e792f\",\"name\":\"usr_blogauto\",\"image\":{\"@type\":\"ImageObject\",\"inLanguage\":\"es\",\"@id\":\"https:\/\/www.blogdelaautoescuela.com\/blog\/#\/schema\/person\/image\/\",\"url\":\"https:\/\/secure.gravatar.com\/avatar\/d3939d4ea521ac8421c86d2980321cc9?s=96&d=mm&r=g\",\"contentUrl\":\"https:\/\/secure.gravatar.com\/avatar\/d3939d4ea521ac8421c86d2980321cc9?s=96&d=mm&r=g\",\"caption\":\"usr_blogauto\"},\"description\":\"Blog dedicado a la conducci\u00f3n, las autoescuelas y la seguridad vial. Est\u00e1 creado por un grupo de profesionales de la formaci\u00f3n vial que comparten inquietudes y experiencias. Aqu\u00ed\u00ad podr\u00e1s encontrar informaci\u00f3n variada sobre el d\u00ed\u00ada a d\u00ed\u00ada de la autoescuela, ex\u00e1menes, test o novedades y consejos para una conducci\u00f3n m\u00e1s segura.\",\"sameAs\":[\"http:\/\/www.blogdelaautoescuela.com\/\",\"https:\/\/www.facebook.com\/blogdelaautoescuela\",\"https:\/\/x.com\/autoescuelas\"],\"url\":\"https:\/\/www.blogdelaautoescuela.com\/blog\/author\/usr_blogauto\/\"}]}<\/script>\n<!-- \/ Yoast SEO plugin. -->","yoast_head_json":{"title":"Los participantes del VII curso de educaci\u00f3n vial de Coslada reciben sus permisos AM","description":"13 alumnos adem\u00e1s de recibir sus permisos de conducci\u00f3n AM, se les entreg\u00f3 un diploma acreditativo, un casco, un chaleco reflectante, y un cd sobre conducci\u00f3n segura","robots":{"index":"index","follow":"follow","max-snippet":"max-snippet:-1","max-image-preview":"max-image-preview:large","max-video-preview":"max-video-preview:-1"},"canonical":"https:\/\/www.blogdelaautoescuela.com\/blog\/los-participantes-del-vii-curso-de-educacion-vial-de-coslada-reciben-sus-permisos-am\/","og_locale":"es_ES","og_type":"article","og_title":"Los participantes del VII curso de educaci\u00f3n vial de Coslada reciben sus permisos AM","og_description":"13 alumnos adem\u00e1s de recibir sus permisos de conducci\u00f3n AM, se les entreg\u00f3 un diploma acreditativo, un casco, un chaleco reflectante, y un cd sobre conducci\u00f3n segura","og_url":"https:\/\/www.blogdelaautoescuela.com\/blog\/los-participantes-del-vii-curso-de-educacion-vial-de-coslada-reciben-sus-permisos-am\/","og_site_name":"Blog de la autoescuela","article_author":"https:\/\/www.facebook.com\/blogdelaautoescuela","article_published_time":"2010-07-15T11:02:39+00:00","og_image":[{"width":400,"height":161,"url":"https:\/\/www.blogdelaautoescuela.com\/blog\/wp-content\/uploads\/2010\/07\/Entrega-Licencias-Ciclomoto1.jpg","type":"image\/jpeg"}],"author":"usr_blogauto","twitter_misc":{"Escrito por":"usr_blogauto","Tiempo de lectura":"1 minuto"},"schema":{"@context":"https:\/\/schema.org","@graph":[{"@type":"WebPage","@id":"https:\/\/www.blogdelaautoescuela.com\/blog\/los-participantes-del-vii-curso-de-educacion-vial-de-coslada-reciben-sus-permisos-am\/","url":"https:\/\/www.blogdelaautoescuela.com\/blog\/los-participantes-del-vii-curso-de-educacion-vial-de-coslada-reciben-sus-permisos-am\/","name":"Los participantes del VII curso de educaci\u00f3n vial de Coslada reciben sus permisos AM","isPartOf":{"@id":"https:\/\/www.blogdelaautoescuela.com\/blog\/#website"},"primaryImageOfPage":{"@id":"https:\/\/www.blogdelaautoescuela.com\/blog\/los-participantes-del-vii-curso-de-educacion-vial-de-coslada-reciben-sus-permisos-am\/#primaryimage"},"image":{"@id":"https:\/\/www.blogdelaautoescuela.com\/blog\/los-participantes-del-vii-curso-de-educacion-vial-de-coslada-reciben-sus-permisos-am\/#primaryimage"},"thumbnailUrl":"https:\/\/www.blogdelaautoescuela.com\/blog\/wp-content\/uploads\/2010\/07\/Entrega-Licencias-Ciclomoto1.jpg","datePublished":"2010-07-15T11:02:39+00:00","author":{"@id":"https:\/\/www.blogdelaautoescuela.com\/blog\/#\/schema\/person\/f209a64ca5dfe74b9acb6317240e792f"},"description":"13 alumnos adem\u00e1s de recibir sus permisos de conducci\u00f3n AM, se les entreg\u00f3 un diploma acreditativo, un casco, un chaleco reflectante, y un cd sobre conducci\u00f3n segura","breadcrumb":{"@id":"https:\/\/www.blogdelaautoescuela.com\/blog\/los-participantes-del-vii-curso-de-educacion-vial-de-coslada-reciben-sus-permisos-am\/#breadcrumb"},"inLanguage":"es","potentialAction":[{"@type":"ReadAction","target":["https:\/\/www.blogdelaautoescuela.com\/blog\/los-participantes-del-vii-curso-de-educacion-vial-de-coslada-reciben-sus-permisos-am\/"]}]},{"@type":"ImageObject","inLanguage":"es","@id":"https:\/\/www.blogdelaautoescuela.com\/blog\/los-participantes-del-vii-curso-de-educacion-vial-de-coslada-reciben-sus-permisos-am\/#primaryimage","url":"https:\/\/www.blogdelaautoescuela.com\/blog\/wp-content\/uploads\/2010\/07\/Entrega-Licencias-Ciclomoto1.jpg","contentUrl":"https:\/\/www.blogdelaautoescuela.com\/blog\/wp-content\/uploads\/2010\/07\/Entrega-Licencias-Ciclomoto1.jpg","width":400,"height":161},{"@type":"BreadcrumbList","@id":"https:\/\/www.blogdelaautoescuela.com\/blog\/los-participantes-del-vii-curso-de-educacion-vial-de-coslada-reciben-sus-permisos-am\/#breadcrumb","itemListElement":[{"@type":"ListItem","position":1,"name":"Portada","item":"https:\/\/www.blogdelaautoescuela.com\/blog\/"},{"@type":"ListItem","position":2,"name":"Los participantes del VII curso de educaci\u00f3n vial de Coslada reciben sus permisos AM"}]},{"@type":"WebSite","@id":"https:\/\/www.blogdelaautoescuela.com\/blog\/#website","url":"https:\/\/www.blogdelaautoescuela.com\/blog\/","name":"Blog de la autoescuela","description":"Noticias sobre autoescuelas y seguridad vial","potentialAction":[{"@type":"SearchAction","target":{"@type":"EntryPoint","urlTemplate":"https:\/\/www.blogdelaautoescuela.com\/blog\/?s={search_term_string}"},"query-input":{"@type":"PropertyValueSpecification","valueRequired":true,"valueName":"search_term_string"}}],"inLanguage":"es"},{"@type":"Person","@id":"https:\/\/www.blogdelaautoescuela.com\/blog\/#\/schema\/person\/f209a64ca5dfe74b9acb6317240e792f","name":"usr_blogauto","image":{"@type":"ImageObject","inLanguage":"es","@id":"https:\/\/www.blogdelaautoescuela.com\/blog\/#\/schema\/person\/image\/","url":"https:\/\/secure.gravatar.com\/avatar\/d3939d4ea521ac8421c86d2980321cc9?s=96&d=mm&r=g","contentUrl":"https:\/\/secure.gravatar.com\/avatar\/d3939d4ea521ac8421c86d2980321cc9?s=96&d=mm&r=g","caption":"usr_blogauto"},"description":"Blog dedicado a la conducci\u00f3n, las autoescuelas y la seguridad vial. Est\u00e1 creado por un grupo de profesionales de la formaci\u00f3n vial que comparten inquietudes y experiencias. Aqu\u00ed\u00ad podr\u00e1s encontrar informaci\u00f3n variada sobre el d\u00ed\u00ada a d\u00ed\u00ada de la autoescuela, ex\u00e1menes, test o novedades y consejos para una conducci\u00f3n m\u00e1s segura.","sameAs":["http:\/\/www.blogdelaautoescuela.com\/","https:\/\/www.facebook.com\/blogdelaautoescuela","https:\/\/x.com\/autoescuelas"],"url":"https:\/\/www.blogdelaautoescuela.com\/blog\/author\/usr_blogauto\/"}]}},"jetpack_featured_media_url":"https:\/\/www.blogdelaautoescuela.com\/blog\/wp-content\/uploads\/2010\/07\/Entrega-Licencias-Ciclomoto1.jpg","_links":{"self":[{"href":"https:\/\/www.blogdelaautoescuela.com\/blog\/wp-json\/wp\/v2\/posts\/4975","targetHints":{"allow":["GET"]}}],"collection":[{"href":"https:\/\/www.blogdelaautoescuela.com\/blog\/wp-json\/wp\/v2\/posts"}],"about":[{"href":"https:\/\/www.blogdelaautoescuela.com\/blog\/wp-json\/wp\/v2\/types\/post"}],"author":[{"embeddable":true,"href":"https:\/\/www.blogdelaautoescuela.com\/blog\/wp-json\/wp\/v2\/users\/1"}],"replies":[{"embeddable":true,"href":"https:\/\/www.blogdelaautoescuela.com\/blog\/wp-json\/wp\/v2\/comments?post=4975"}],"version-history":[{"count":0,"href":"https:\/\/www.blogdelaautoescuela.com\/blog\/wp-json\/wp\/v2\/posts\/4975\/revisions"}],"wp:featuredmedia":[{"embeddable":true,"href":"https:\/\/www.blogdelaautoescuela.com\/blog\/wp-json\/wp\/v2\/media\/4976"}],"wp:attachment":[{"href":"https:\/\/www.blogdelaautoescuela.com\/blog\/wp-json\/wp\/v2\/media?parent=4975"}],"wp:term":[{"taxonomy":"category","embeddable":true,"href":"https:\/\/www.blogdelaautoescuela.com\/blog\/wp-json\/wp\/v2\/categories?post=4975"},{"taxonomy":"post_tag","embeddable":true,"href":"https:\/\/www.blogdelaautoescuela.com\/blog\/wp-json\/wp\/v2\/tags?post=4975"}],"curies":[{"name":"wp","href":"https:\/\/api.w.org\/{rel}","templated":true}]}}