
{"id":4962,"date":"2010-07-14T13:20:48","date_gmt":"2010-07-14T11:20:48","guid":{"rendered":"http:\/\/www.blogdelaautoescuela.com\/blog\/?p=4962"},"modified":"2010-07-14T13:20:48","modified_gmt":"2010-07-14T11:20:48","slug":"mas-de-la-mitad-de-los-accidentes-provocados-por-problemas-de-vision","status":"publish","type":"post","link":"https:\/\/www.blogdelaautoescuela.com\/blog\/mas-de-la-mitad-de-los-accidentes-provocados-por-problemas-de-vision\/","title":{"rendered":"M\u00e1s de la mitad de los accidentes provocados por problemas de visi\u00f3n"},"content":{"rendered":"<p style=\"text-align: center;\"><img loading=\"lazy\" decoding=\"async\" class=\"size-full wp-image-3485 aligncenter\" title=\"vista\" src=\"http:\/\/www.blogdelaautoescuela.com\/blog\/wp-content\/uploads\/2010\/03\/vista.jpg\" alt=\"vista\" width=\"400\" height=\"363\" \/><\/p>\n<p>Todos sabemos que <a href=\"http:\/\/www.blogdelaautoescuela.com\/blog\/una-buena-vision-es-fundamental-en-la-conduccion\/\">una buena visi\u00f3n es fundamental en la conducci\u00f3n<\/a>, de hecho <strong>los problemas de visi\u00f3n pueden tener una relaci\u00f3n muy directa con los accidentes de tr\u00e1fico<\/strong>, de hecho m\u00e1s de la mitad de los accidentes, el<strong> 59% pueden <\/strong>estar causados por la <strong>mala visi\u00f3n de los conductores.<\/strong><\/p>\n<p>Ha sido el profesor <strong>Renato Pocaterra, especialista en el cuidado de la visi\u00f3n e investigador  en la Universidad de Mil\u00e1n Bicocca (Italia)<\/strong>, quien estableci\u00f3 este v\u00ed\u00adculo causal entre la mala percepci\u00f3n visual y los accidentes de tr\u00e1fico durante el <strong>almuerzo-debate organizado en el Parlamento Europeo<\/strong> en <strong>Estrasburgo<\/strong> para enfatizar el papel relevante de una <strong>buena vista para la seguridad  de los conductores.<\/strong><\/p>\n<p>Esta relaci\u00f3n entre problemas de visi\u00f3n y siniestralidad adem\u00e1s adquiere m\u00e1s importancia si tenemos que en cuenta que, seg\u00fan un<strong> estudio de la Universidad de Mil\u00e1n Bicocca (Italia), una de cada  tres personas tiene una visi\u00f3n deficiente<\/strong>, por debajo de los requisitos  m\u00ed\u00adnimos establecidos por la ley.<\/p>\n<p>Por este motivo, desde la <strong>Federaci\u00f3n Europea de la Industria \u00d3ptica (EUROM 1) <\/strong>hacen un llamamiento sobre la importancia de que las<strong> cuestiones \u00f3pticas y oculares formen parte en los programas de salud p\u00fablica<\/strong> y sobre la importancia de las<strong> campa\u00f1as de sensibilizaci\u00f3n <\/strong>para que los <strong>ciudadanos se revisen la vista peri\u00f3dicamente.<\/strong><\/p>\n<p>Desde <strong>EUROM 1 <\/strong>tambi\u00e9n se denuncia que las<strong> pruebas oculares para obtener el permiso de conducir no son precisos ni fiables<\/strong> y piden que adem\u00e1s de la <strong>revisi\u00f3n obligatoria para todos los conductores<\/strong> en el momento de la obtenci\u00f3n del permiso de conducir se establezcan otras revisiones obligatorias cada 5 o 10 a\u00f1os.<\/p>\n","protected":false},"excerpt":{"rendered":"<p>Todos sabemos que una buena visi\u00f3n es fundamental en la conducci\u00f3n, de hecho los problemas de visi\u00f3n pueden tener una relaci\u00f3n muy directa con los accidentes de tr\u00e1fico, de hecho m\u00e1s de la mitad de los accidentes, el 59% pueden estar causados por la mala visi\u00f3n de los conductores. Ha sido el profesor Renato Pocaterra, [&hellip;]<\/p>\n","protected":false},"author":1,"featured_media":3485,"comment_status":"open","ping_status":"closed","sticky":false,"template":"","format":"standard","meta":{"footnotes":"","jetpack_publicize_message":"","jetpack_publicize_feature_enabled":true,"jetpack_social_post_already_shared":false,"jetpack_social_options":{"image_generator_settings":{"template":"highway","enabled":false},"version":2}},"categories":[19],"tags":[50,1678],"class_list":["post-4962","post","type-post","status-publish","format-standard","has-post-thumbnail","hentry","category-seguridad-vial","tag-accidentes","tag-seguridad-vial"],"wppr_data":[],"jetpack_publicize_connections":[],"yoast_head":"<!-- This site is optimized with the Yoast SEO plugin v24.7 - https:\/\/yoast.com\/wordpress\/plugins\/seo\/ -->\n<title>M\u00e1s de la mitad de los accidentes provocados por problemas de visi\u00f3n<\/title>\n<meta name=\"description\" content=\"problemas de visi\u00f3n pueden tener una relaci\u00f3n muy directa con los accidentes de tr\u00e1fico, el 59% pueden estar causados por la mala visi\u00f3n de los conductores\" \/>\n<meta name=\"robots\" content=\"index, follow, max-snippet:-1, max-image-preview:large, max-video-preview:-1\" \/>\n<link rel=\"canonical\" href=\"https:\/\/www.blogdelaautoescuela.com\/blog\/mas-de-la-mitad-de-los-accidentes-provocados-por-problemas-de-vision\/\" \/>\n<meta property=\"og:locale\" content=\"es_ES\" \/>\n<meta property=\"og:type\" content=\"article\" \/>\n<meta property=\"og:title\" content=\"M\u00e1s de la mitad de los accidentes provocados por problemas de visi\u00f3n\" \/>\n<meta property=\"og:description\" content=\"problemas de visi\u00f3n pueden tener una relaci\u00f3n muy directa con los accidentes de tr\u00e1fico, el 59% pueden estar causados por la mala visi\u00f3n de los conductores\" \/>\n<meta property=\"og:url\" content=\"https:\/\/www.blogdelaautoescuela.com\/blog\/mas-de-la-mitad-de-los-accidentes-provocados-por-problemas-de-vision\/\" \/>\n<meta property=\"og:site_name\" content=\"Blog de la autoescuela\" \/>\n<meta property=\"article:author\" content=\"https:\/\/www.facebook.com\/blogdelaautoescuela\" \/>\n<meta property=\"article:published_time\" content=\"2010-07-14T11:20:48+00:00\" \/>\n<meta property=\"og:image\" content=\"https:\/\/www.blogdelaautoescuela.com\/blog\/wp-content\/uploads\/2010\/03\/vista1.jpg\" \/>\n\t<meta property=\"og:image:width\" content=\"400\" \/>\n\t<meta property=\"og:image:height\" content=\"363\" \/>\n\t<meta property=\"og:image:type\" content=\"image\/jpeg\" \/>\n<meta name=\"author\" content=\"usr_blogauto\" \/>\n<meta name=\"twitter:label1\" content=\"Escrito por\" \/>\n\t<meta name=\"twitter:data1\" content=\"usr_blogauto\" \/>\n\t<meta name=\"twitter:label2\" content=\"Tiempo de lectura\" \/>\n\t<meta name=\"twitter:data2\" content=\"1 minuto\" \/>\n<script type=\"application\/ld+json\" class=\"yoast-schema-graph\">{\"@context\":\"https:\/\/schema.org\",\"@graph\":[{\"@type\":\"WebPage\",\"@id\":\"https:\/\/www.blogdelaautoescuela.com\/blog\/mas-de-la-mitad-de-los-accidentes-provocados-por-problemas-de-vision\/\",\"url\":\"https:\/\/www.blogdelaautoescuela.com\/blog\/mas-de-la-mitad-de-los-accidentes-provocados-por-problemas-de-vision\/\",\"name\":\"M\u00e1s de la mitad de los accidentes provocados por problemas de visi\u00f3n\",\"isPartOf\":{\"@id\":\"https:\/\/www.blogdelaautoescuela.com\/blog\/#website\"},\"primaryImageOfPage\":{\"@id\":\"https:\/\/www.blogdelaautoescuela.com\/blog\/mas-de-la-mitad-de-los-accidentes-provocados-por-problemas-de-vision\/#primaryimage\"},\"image\":{\"@id\":\"https:\/\/www.blogdelaautoescuela.com\/blog\/mas-de-la-mitad-de-los-accidentes-provocados-por-problemas-de-vision\/#primaryimage\"},\"thumbnailUrl\":\"https:\/\/www.blogdelaautoescuela.com\/blog\/wp-content\/uploads\/2010\/03\/vista1.jpg\",\"datePublished\":\"2010-07-14T11:20:48+00:00\",\"author\":{\"@id\":\"https:\/\/www.blogdelaautoescuela.com\/blog\/#\/schema\/person\/f209a64ca5dfe74b9acb6317240e792f\"},\"description\":\"problemas de visi\u00f3n pueden tener una relaci\u00f3n muy directa con los accidentes de tr\u00e1fico, el 59% pueden estar causados por la mala visi\u00f3n de los conductores\",\"breadcrumb\":{\"@id\":\"https:\/\/www.blogdelaautoescuela.com\/blog\/mas-de-la-mitad-de-los-accidentes-provocados-por-problemas-de-vision\/#breadcrumb\"},\"inLanguage\":\"es\",\"potentialAction\":[{\"@type\":\"ReadAction\",\"target\":[\"https:\/\/www.blogdelaautoescuela.com\/blog\/mas-de-la-mitad-de-los-accidentes-provocados-por-problemas-de-vision\/\"]}]},{\"@type\":\"ImageObject\",\"inLanguage\":\"es\",\"@id\":\"https:\/\/www.blogdelaautoescuela.com\/blog\/mas-de-la-mitad-de-los-accidentes-provocados-por-problemas-de-vision\/#primaryimage\",\"url\":\"https:\/\/www.blogdelaautoescuela.com\/blog\/wp-content\/uploads\/2010\/03\/vista1.jpg\",\"contentUrl\":\"https:\/\/www.blogdelaautoescuela.com\/blog\/wp-content\/uploads\/2010\/03\/vista1.jpg\",\"width\":400,\"height\":363},{\"@type\":\"BreadcrumbList\",\"@id\":\"https:\/\/www.blogdelaautoescuela.com\/blog\/mas-de-la-mitad-de-los-accidentes-provocados-por-problemas-de-vision\/#breadcrumb\",\"itemListElement\":[{\"@type\":\"ListItem\",\"position\":1,\"name\":\"Portada\",\"item\":\"https:\/\/www.blogdelaautoescuela.com\/blog\/\"},{\"@type\":\"ListItem\",\"position\":2,\"name\":\"M\u00e1s de la mitad de los accidentes provocados por problemas de visi\u00f3n\"}]},{\"@type\":\"WebSite\",\"@id\":\"https:\/\/www.blogdelaautoescuela.com\/blog\/#website\",\"url\":\"https:\/\/www.blogdelaautoescuela.com\/blog\/\",\"name\":\"Blog de la autoescuela\",\"description\":\"Noticias sobre autoescuelas y seguridad vial\",\"potentialAction\":[{\"@type\":\"SearchAction\",\"target\":{\"@type\":\"EntryPoint\",\"urlTemplate\":\"https:\/\/www.blogdelaautoescuela.com\/blog\/?s={search_term_string}\"},\"query-input\":{\"@type\":\"PropertyValueSpecification\",\"valueRequired\":true,\"valueName\":\"search_term_string\"}}],\"inLanguage\":\"es\"},{\"@type\":\"Person\",\"@id\":\"https:\/\/www.blogdelaautoescuela.com\/blog\/#\/schema\/person\/f209a64ca5dfe74b9acb6317240e792f\",\"name\":\"usr_blogauto\",\"image\":{\"@type\":\"ImageObject\",\"inLanguage\":\"es\",\"@id\":\"https:\/\/www.blogdelaautoescuela.com\/blog\/#\/schema\/person\/image\/\",\"url\":\"https:\/\/secure.gravatar.com\/avatar\/d3939d4ea521ac8421c86d2980321cc9?s=96&d=mm&r=g\",\"contentUrl\":\"https:\/\/secure.gravatar.com\/avatar\/d3939d4ea521ac8421c86d2980321cc9?s=96&d=mm&r=g\",\"caption\":\"usr_blogauto\"},\"description\":\"Blog dedicado a la conducci\u00f3n, las autoescuelas y la seguridad vial. Est\u00e1 creado por un grupo de profesionales de la formaci\u00f3n vial que comparten inquietudes y experiencias. Aqu\u00ed\u00ad podr\u00e1s encontrar informaci\u00f3n variada sobre el d\u00ed\u00ada a d\u00ed\u00ada de la autoescuela, ex\u00e1menes, test o novedades y consejos para una conducci\u00f3n m\u00e1s segura.\",\"sameAs\":[\"http:\/\/www.blogdelaautoescuela.com\/\",\"https:\/\/www.facebook.com\/blogdelaautoescuela\",\"https:\/\/x.com\/autoescuelas\"],\"url\":\"https:\/\/www.blogdelaautoescuela.com\/blog\/author\/usr_blogauto\/\"}]}<\/script>\n<!-- \/ Yoast SEO plugin. -->","yoast_head_json":{"title":"M\u00e1s de la mitad de los accidentes provocados por problemas de visi\u00f3n","description":"problemas de visi\u00f3n pueden tener una relaci\u00f3n muy directa con los accidentes de tr\u00e1fico, el 59% pueden estar causados por la mala visi\u00f3n de los conductores","robots":{"index":"index","follow":"follow","max-snippet":"max-snippet:-1","max-image-preview":"max-image-preview:large","max-video-preview":"max-video-preview:-1"},"canonical":"https:\/\/www.blogdelaautoescuela.com\/blog\/mas-de-la-mitad-de-los-accidentes-provocados-por-problemas-de-vision\/","og_locale":"es_ES","og_type":"article","og_title":"M\u00e1s de la mitad de los accidentes provocados por problemas de visi\u00f3n","og_description":"problemas de visi\u00f3n pueden tener una relaci\u00f3n muy directa con los accidentes de tr\u00e1fico, el 59% pueden estar causados por la mala visi\u00f3n de los conductores","og_url":"https:\/\/www.blogdelaautoescuela.com\/blog\/mas-de-la-mitad-de-los-accidentes-provocados-por-problemas-de-vision\/","og_site_name":"Blog de la autoescuela","article_author":"https:\/\/www.facebook.com\/blogdelaautoescuela","article_published_time":"2010-07-14T11:20:48+00:00","og_image":[{"width":400,"height":363,"url":"https:\/\/www.blogdelaautoescuela.com\/blog\/wp-content\/uploads\/2010\/03\/vista1.jpg","type":"image\/jpeg"}],"author":"usr_blogauto","twitter_misc":{"Escrito por":"usr_blogauto","Tiempo de lectura":"1 minuto"},"schema":{"@context":"https:\/\/schema.org","@graph":[{"@type":"WebPage","@id":"https:\/\/www.blogdelaautoescuela.com\/blog\/mas-de-la-mitad-de-los-accidentes-provocados-por-problemas-de-vision\/","url":"https:\/\/www.blogdelaautoescuela.com\/blog\/mas-de-la-mitad-de-los-accidentes-provocados-por-problemas-de-vision\/","name":"M\u00e1s de la mitad de los accidentes provocados por problemas de visi\u00f3n","isPartOf":{"@id":"https:\/\/www.blogdelaautoescuela.com\/blog\/#website"},"primaryImageOfPage":{"@id":"https:\/\/www.blogdelaautoescuela.com\/blog\/mas-de-la-mitad-de-los-accidentes-provocados-por-problemas-de-vision\/#primaryimage"},"image":{"@id":"https:\/\/www.blogdelaautoescuela.com\/blog\/mas-de-la-mitad-de-los-accidentes-provocados-por-problemas-de-vision\/#primaryimage"},"thumbnailUrl":"https:\/\/www.blogdelaautoescuela.com\/blog\/wp-content\/uploads\/2010\/03\/vista1.jpg","datePublished":"2010-07-14T11:20:48+00:00","author":{"@id":"https:\/\/www.blogdelaautoescuela.com\/blog\/#\/schema\/person\/f209a64ca5dfe74b9acb6317240e792f"},"description":"problemas de visi\u00f3n pueden tener una relaci\u00f3n muy directa con los accidentes de tr\u00e1fico, el 59% pueden estar causados por la mala visi\u00f3n de los conductores","breadcrumb":{"@id":"https:\/\/www.blogdelaautoescuela.com\/blog\/mas-de-la-mitad-de-los-accidentes-provocados-por-problemas-de-vision\/#breadcrumb"},"inLanguage":"es","potentialAction":[{"@type":"ReadAction","target":["https:\/\/www.blogdelaautoescuela.com\/blog\/mas-de-la-mitad-de-los-accidentes-provocados-por-problemas-de-vision\/"]}]},{"@type":"ImageObject","inLanguage":"es","@id":"https:\/\/www.blogdelaautoescuela.com\/blog\/mas-de-la-mitad-de-los-accidentes-provocados-por-problemas-de-vision\/#primaryimage","url":"https:\/\/www.blogdelaautoescuela.com\/blog\/wp-content\/uploads\/2010\/03\/vista1.jpg","contentUrl":"https:\/\/www.blogdelaautoescuela.com\/blog\/wp-content\/uploads\/2010\/03\/vista1.jpg","width":400,"height":363},{"@type":"BreadcrumbList","@id":"https:\/\/www.blogdelaautoescuela.com\/blog\/mas-de-la-mitad-de-los-accidentes-provocados-por-problemas-de-vision\/#breadcrumb","itemListElement":[{"@type":"ListItem","position":1,"name":"Portada","item":"https:\/\/www.blogdelaautoescuela.com\/blog\/"},{"@type":"ListItem","position":2,"name":"M\u00e1s de la mitad de los accidentes provocados por problemas de visi\u00f3n"}]},{"@type":"WebSite","@id":"https:\/\/www.blogdelaautoescuela.com\/blog\/#website","url":"https:\/\/www.blogdelaautoescuela.com\/blog\/","name":"Blog de la autoescuela","description":"Noticias sobre autoescuelas y seguridad vial","potentialAction":[{"@type":"SearchAction","target":{"@type":"EntryPoint","urlTemplate":"https:\/\/www.blogdelaautoescuela.com\/blog\/?s={search_term_string}"},"query-input":{"@type":"PropertyValueSpecification","valueRequired":true,"valueName":"search_term_string"}}],"inLanguage":"es"},{"@type":"Person","@id":"https:\/\/www.blogdelaautoescuela.com\/blog\/#\/schema\/person\/f209a64ca5dfe74b9acb6317240e792f","name":"usr_blogauto","image":{"@type":"ImageObject","inLanguage":"es","@id":"https:\/\/www.blogdelaautoescuela.com\/blog\/#\/schema\/person\/image\/","url":"https:\/\/secure.gravatar.com\/avatar\/d3939d4ea521ac8421c86d2980321cc9?s=96&d=mm&r=g","contentUrl":"https:\/\/secure.gravatar.com\/avatar\/d3939d4ea521ac8421c86d2980321cc9?s=96&d=mm&r=g","caption":"usr_blogauto"},"description":"Blog dedicado a la conducci\u00f3n, las autoescuelas y la seguridad vial. Est\u00e1 creado por un grupo de profesionales de la formaci\u00f3n vial que comparten inquietudes y experiencias. Aqu\u00ed\u00ad podr\u00e1s encontrar informaci\u00f3n variada sobre el d\u00ed\u00ada a d\u00ed\u00ada de la autoescuela, ex\u00e1menes, test o novedades y consejos para una conducci\u00f3n m\u00e1s segura.","sameAs":["http:\/\/www.blogdelaautoescuela.com\/","https:\/\/www.facebook.com\/blogdelaautoescuela","https:\/\/x.com\/autoescuelas"],"url":"https:\/\/www.blogdelaautoescuela.com\/blog\/author\/usr_blogauto\/"}]}},"jetpack_featured_media_url":"https:\/\/www.blogdelaautoescuela.com\/blog\/wp-content\/uploads\/2010\/03\/vista1.jpg","_links":{"self":[{"href":"https:\/\/www.blogdelaautoescuela.com\/blog\/wp-json\/wp\/v2\/posts\/4962","targetHints":{"allow":["GET"]}}],"collection":[{"href":"https:\/\/www.blogdelaautoescuela.com\/blog\/wp-json\/wp\/v2\/posts"}],"about":[{"href":"https:\/\/www.blogdelaautoescuela.com\/blog\/wp-json\/wp\/v2\/types\/post"}],"author":[{"embeddable":true,"href":"https:\/\/www.blogdelaautoescuela.com\/blog\/wp-json\/wp\/v2\/users\/1"}],"replies":[{"embeddable":true,"href":"https:\/\/www.blogdelaautoescuela.com\/blog\/wp-json\/wp\/v2\/comments?post=4962"}],"version-history":[{"count":0,"href":"https:\/\/www.blogdelaautoescuela.com\/blog\/wp-json\/wp\/v2\/posts\/4962\/revisions"}],"wp:featuredmedia":[{"embeddable":true,"href":"https:\/\/www.blogdelaautoescuela.com\/blog\/wp-json\/wp\/v2\/media\/3485"}],"wp:attachment":[{"href":"https:\/\/www.blogdelaautoescuela.com\/blog\/wp-json\/wp\/v2\/media?parent=4962"}],"wp:term":[{"taxonomy":"category","embeddable":true,"href":"https:\/\/www.blogdelaautoescuela.com\/blog\/wp-json\/wp\/v2\/categories?post=4962"},{"taxonomy":"post_tag","embeddable":true,"href":"https:\/\/www.blogdelaautoescuela.com\/blog\/wp-json\/wp\/v2\/tags?post=4962"}],"curies":[{"name":"wp","href":"https:\/\/api.w.org\/{rel}","templated":true}]}}