
{"id":4912,"date":"2010-07-07T13:06:47","date_gmt":"2010-07-07T11:06:47","guid":{"rendered":"http:\/\/www.blogdelaautoescuela.com\/blog\/?p=4912"},"modified":"2010-07-07T13:06:47","modified_gmt":"2010-07-07T11:06:47","slug":"en-san-pedro-de-alcantara-habra-una-pista-de-examenes","status":"publish","type":"post","link":"https:\/\/www.blogdelaautoescuela.com\/blog\/en-san-pedro-de-alcantara-habra-una-pista-de-examenes\/","title":{"rendered":"En San Pedro de Alc\u00e1ntara habr\u00e1 una pista de ex\u00e1menes"},"content":{"rendered":"<p style=\"text-align: center;\"><img loading=\"lazy\" decoding=\"async\" class=\"size-full wp-image-2796 aligncenter\" title=\"pista examen\" src=\"http:\/\/www.blogdelaautoescuela.com\/blog\/wp-content\/uploads\/2009\/12\/pista-examen.jpg\" alt=\"pista examen\" width=\"400\" height=\"300\" \/><\/p>\n<p>En <strong>San Pedro de Alc\u00e1ntara<\/strong>, municipio perteneciente a la provincia de M\u00e1laga, se podr\u00e1n realizar <strong>ex\u00e1menes de autoescuela<\/strong> y ya no ser\u00e1 necesario que los alumnos de autoescuela se tengan que desplazar para realizar las <strong>pruebas en pista<\/strong> como son los permisos de moto o los permisos profesionales.<\/p>\n<p>Seg\u00fan ha explicado <strong>Miguel Troyano, teniente de alcalde de la localidad<\/strong>, la <strong>Junta de Gobierno Local <\/strong>ha aprobado la <strong>cesi\u00f3n de terrerenos para realizar pr\u00e1cticas y ex\u00e1menes del permiso de conducir a la Asociaci\u00f3n de Autoescuelas de Marbella, San Pedro y Estepona<\/strong>. <em>&#8220;Se trata de la concesi\u00f3n de una parcela que s\u00f3lo se utiliza para la  feria y la instalaci\u00f3n del mercadillo los jueves, con lo que logramos  que los ciudadanos no tengan que ir a examinarse a Marbella, a Estepona o  a M\u00e1laga en funci\u00f3n del tipo de carn\u00e9 de conducir que deseen obtener&#8221;<\/em> dijo el teniente de alcalde.<\/p>\n<p>La <strong>parcela cedida a la Asociaci\u00f3n de Autoescuelas<\/strong> se encuentra en la <strong>zona de El Arquillo <\/strong>y dispone de <strong>46.800 metros cuadrados<\/strong>, en los que se habilitar\u00e1n las instalaciones necesarias para poder realizar tanto las pr\u00e1cticas como los ex\u00e1menes de conducir de todo tipo de veh\u00ed\u00adculos.<\/p>\n<p>Esta iniciativa de ceder la parcela para que se puedan relizar las pruebas en pista se debe, seg\u00fan explic\u00f3 <strong>Miguel Troyano<\/strong>, al <em>&#8220;compromiso adoptado con San Pedro desde el primer momento por parte de  los miembros del equipo de gobierno y como una muestra m\u00e1s de la  descentralizaci\u00f3n que estamos impulsando&#8221;.<\/em><\/p>\n","protected":false},"excerpt":{"rendered":"<p>En San Pedro de Alc\u00e1ntara, municipio perteneciente a la provincia de M\u00e1laga, se podr\u00e1n realizar ex\u00e1menes de autoescuela y ya no ser\u00e1 necesario que los alumnos de autoescuela se tengan que desplazar para realizar las pruebas en pista como son los permisos de moto o los permisos profesionales. Seg\u00fan ha explicado Miguel Troyano, teniente de [&hellip;]<\/p>\n","protected":false},"author":1,"featured_media":2796,"comment_status":"open","ping_status":"closed","sticky":false,"template":"","format":"standard","meta":{"footnotes":"","jetpack_publicize_message":"","jetpack_publicize_feature_enabled":true,"jetpack_social_post_already_shared":false,"jetpack_social_options":{"image_generator_settings":{"template":"highway","enabled":false},"version":2}},"categories":[3],"tags":[1664,590,1144],"class_list":["post-4912","post","type-post","status-publish","format-standard","has-post-thumbnail","hentry","category-autoescuela","tag-autoescuela","tag-examen","tag-san-pedro-de-alcantara"],"wppr_data":[],"jetpack_publicize_connections":[],"yoast_head":"<!-- This site is optimized with the Yoast SEO plugin v24.7 - https:\/\/yoast.com\/wordpress\/plugins\/seo\/ -->\n<title>En San Pedro de Alc\u00e1ntara habr\u00e1 una pista de ex\u00e1menes<\/title>\n<meta name=\"description\" content=\"la Junta de Gobierno Local de San Pedro de Alc\u00e1ntara ha aprobado la cesi\u00f3n de terrerenos a la Asociaci\u00f3n de Autoescuelas de Marbella, San Pedro y Estepona\" \/>\n<meta name=\"robots\" content=\"index, follow, max-snippet:-1, max-image-preview:large, max-video-preview:-1\" \/>\n<link rel=\"canonical\" href=\"https:\/\/www.blogdelaautoescuela.com\/blog\/en-san-pedro-de-alcantara-habra-una-pista-de-examenes\/\" \/>\n<meta property=\"og:locale\" content=\"es_ES\" \/>\n<meta property=\"og:type\" content=\"article\" \/>\n<meta property=\"og:title\" content=\"En San Pedro de Alc\u00e1ntara habr\u00e1 una pista de ex\u00e1menes\" \/>\n<meta property=\"og:description\" content=\"la Junta de Gobierno Local de San Pedro de Alc\u00e1ntara ha aprobado la cesi\u00f3n de terrerenos a la Asociaci\u00f3n de Autoescuelas de Marbella, San Pedro y Estepona\" \/>\n<meta property=\"og:url\" content=\"https:\/\/www.blogdelaautoescuela.com\/blog\/en-san-pedro-de-alcantara-habra-una-pista-de-examenes\/\" \/>\n<meta property=\"og:site_name\" content=\"Blog de la autoescuela\" \/>\n<meta property=\"article:author\" content=\"https:\/\/www.facebook.com\/blogdelaautoescuela\" \/>\n<meta property=\"article:published_time\" content=\"2010-07-07T11:06:47+00:00\" \/>\n<meta property=\"og:image\" content=\"https:\/\/www.blogdelaautoescuela.com\/blog\/wp-content\/uploads\/2009\/12\/pista-examen1.jpg\" \/>\n\t<meta property=\"og:image:width\" content=\"400\" \/>\n\t<meta property=\"og:image:height\" content=\"300\" \/>\n\t<meta property=\"og:image:type\" content=\"image\/jpeg\" \/>\n<meta name=\"author\" content=\"usr_blogauto\" \/>\n<meta name=\"twitter:label1\" content=\"Escrito por\" \/>\n\t<meta name=\"twitter:data1\" content=\"usr_blogauto\" \/>\n\t<meta name=\"twitter:label2\" content=\"Tiempo de lectura\" \/>\n\t<meta name=\"twitter:data2\" content=\"1 minuto\" \/>\n<script type=\"application\/ld+json\" class=\"yoast-schema-graph\">{\"@context\":\"https:\/\/schema.org\",\"@graph\":[{\"@type\":\"WebPage\",\"@id\":\"https:\/\/www.blogdelaautoescuela.com\/blog\/en-san-pedro-de-alcantara-habra-una-pista-de-examenes\/\",\"url\":\"https:\/\/www.blogdelaautoescuela.com\/blog\/en-san-pedro-de-alcantara-habra-una-pista-de-examenes\/\",\"name\":\"En San Pedro de Alc\u00e1ntara habr\u00e1 una pista de ex\u00e1menes\",\"isPartOf\":{\"@id\":\"https:\/\/www.blogdelaautoescuela.com\/blog\/#website\"},\"primaryImageOfPage\":{\"@id\":\"https:\/\/www.blogdelaautoescuela.com\/blog\/en-san-pedro-de-alcantara-habra-una-pista-de-examenes\/#primaryimage\"},\"image\":{\"@id\":\"https:\/\/www.blogdelaautoescuela.com\/blog\/en-san-pedro-de-alcantara-habra-una-pista-de-examenes\/#primaryimage\"},\"thumbnailUrl\":\"https:\/\/www.blogdelaautoescuela.com\/blog\/wp-content\/uploads\/2009\/12\/pista-examen1.jpg\",\"datePublished\":\"2010-07-07T11:06:47+00:00\",\"author\":{\"@id\":\"https:\/\/www.blogdelaautoescuela.com\/blog\/#\/schema\/person\/f209a64ca5dfe74b9acb6317240e792f\"},\"description\":\"la Junta de Gobierno Local de San Pedro de Alc\u00e1ntara ha aprobado la cesi\u00f3n de terrerenos a la Asociaci\u00f3n de Autoescuelas de Marbella, San Pedro y Estepona\",\"breadcrumb\":{\"@id\":\"https:\/\/www.blogdelaautoescuela.com\/blog\/en-san-pedro-de-alcantara-habra-una-pista-de-examenes\/#breadcrumb\"},\"inLanguage\":\"es\",\"potentialAction\":[{\"@type\":\"ReadAction\",\"target\":[\"https:\/\/www.blogdelaautoescuela.com\/blog\/en-san-pedro-de-alcantara-habra-una-pista-de-examenes\/\"]}]},{\"@type\":\"ImageObject\",\"inLanguage\":\"es\",\"@id\":\"https:\/\/www.blogdelaautoescuela.com\/blog\/en-san-pedro-de-alcantara-habra-una-pista-de-examenes\/#primaryimage\",\"url\":\"https:\/\/www.blogdelaautoescuela.com\/blog\/wp-content\/uploads\/2009\/12\/pista-examen1.jpg\",\"contentUrl\":\"https:\/\/www.blogdelaautoescuela.com\/blog\/wp-content\/uploads\/2009\/12\/pista-examen1.jpg\",\"width\":400,\"height\":300},{\"@type\":\"BreadcrumbList\",\"@id\":\"https:\/\/www.blogdelaautoescuela.com\/blog\/en-san-pedro-de-alcantara-habra-una-pista-de-examenes\/#breadcrumb\",\"itemListElement\":[{\"@type\":\"ListItem\",\"position\":1,\"name\":\"Portada\",\"item\":\"https:\/\/www.blogdelaautoescuela.com\/blog\/\"},{\"@type\":\"ListItem\",\"position\":2,\"name\":\"En San Pedro de Alc\u00e1ntara habr\u00e1 una pista de ex\u00e1menes\"}]},{\"@type\":\"WebSite\",\"@id\":\"https:\/\/www.blogdelaautoescuela.com\/blog\/#website\",\"url\":\"https:\/\/www.blogdelaautoescuela.com\/blog\/\",\"name\":\"Blog de la autoescuela\",\"description\":\"Noticias sobre autoescuelas y seguridad vial\",\"potentialAction\":[{\"@type\":\"SearchAction\",\"target\":{\"@type\":\"EntryPoint\",\"urlTemplate\":\"https:\/\/www.blogdelaautoescuela.com\/blog\/?s={search_term_string}\"},\"query-input\":{\"@type\":\"PropertyValueSpecification\",\"valueRequired\":true,\"valueName\":\"search_term_string\"}}],\"inLanguage\":\"es\"},{\"@type\":\"Person\",\"@id\":\"https:\/\/www.blogdelaautoescuela.com\/blog\/#\/schema\/person\/f209a64ca5dfe74b9acb6317240e792f\",\"name\":\"usr_blogauto\",\"image\":{\"@type\":\"ImageObject\",\"inLanguage\":\"es\",\"@id\":\"https:\/\/www.blogdelaautoescuela.com\/blog\/#\/schema\/person\/image\/\",\"url\":\"https:\/\/secure.gravatar.com\/avatar\/d3939d4ea521ac8421c86d2980321cc9?s=96&d=mm&r=g\",\"contentUrl\":\"https:\/\/secure.gravatar.com\/avatar\/d3939d4ea521ac8421c86d2980321cc9?s=96&d=mm&r=g\",\"caption\":\"usr_blogauto\"},\"description\":\"Blog dedicado a la conducci\u00f3n, las autoescuelas y la seguridad vial. Est\u00e1 creado por un grupo de profesionales de la formaci\u00f3n vial que comparten inquietudes y experiencias. Aqu\u00ed\u00ad podr\u00e1s encontrar informaci\u00f3n variada sobre el d\u00ed\u00ada a d\u00ed\u00ada de la autoescuela, ex\u00e1menes, test o novedades y consejos para una conducci\u00f3n m\u00e1s segura.\",\"sameAs\":[\"http:\/\/www.blogdelaautoescuela.com\/\",\"https:\/\/www.facebook.com\/blogdelaautoescuela\",\"https:\/\/x.com\/autoescuelas\"],\"url\":\"https:\/\/www.blogdelaautoescuela.com\/blog\/author\/usr_blogauto\/\"}]}<\/script>\n<!-- \/ Yoast SEO plugin. -->","yoast_head_json":{"title":"En San Pedro de Alc\u00e1ntara habr\u00e1 una pista de ex\u00e1menes","description":"la Junta de Gobierno Local de San Pedro de Alc\u00e1ntara ha aprobado la cesi\u00f3n de terrerenos a la Asociaci\u00f3n de Autoescuelas de Marbella, San Pedro y Estepona","robots":{"index":"index","follow":"follow","max-snippet":"max-snippet:-1","max-image-preview":"max-image-preview:large","max-video-preview":"max-video-preview:-1"},"canonical":"https:\/\/www.blogdelaautoescuela.com\/blog\/en-san-pedro-de-alcantara-habra-una-pista-de-examenes\/","og_locale":"es_ES","og_type":"article","og_title":"En San Pedro de Alc\u00e1ntara habr\u00e1 una pista de ex\u00e1menes","og_description":"la Junta de Gobierno Local de San Pedro de Alc\u00e1ntara ha aprobado la cesi\u00f3n de terrerenos a la Asociaci\u00f3n de Autoescuelas de Marbella, San Pedro y Estepona","og_url":"https:\/\/www.blogdelaautoescuela.com\/blog\/en-san-pedro-de-alcantara-habra-una-pista-de-examenes\/","og_site_name":"Blog de la autoescuela","article_author":"https:\/\/www.facebook.com\/blogdelaautoescuela","article_published_time":"2010-07-07T11:06:47+00:00","og_image":[{"width":400,"height":300,"url":"https:\/\/www.blogdelaautoescuela.com\/blog\/wp-content\/uploads\/2009\/12\/pista-examen1.jpg","type":"image\/jpeg"}],"author":"usr_blogauto","twitter_misc":{"Escrito por":"usr_blogauto","Tiempo de lectura":"1 minuto"},"schema":{"@context":"https:\/\/schema.org","@graph":[{"@type":"WebPage","@id":"https:\/\/www.blogdelaautoescuela.com\/blog\/en-san-pedro-de-alcantara-habra-una-pista-de-examenes\/","url":"https:\/\/www.blogdelaautoescuela.com\/blog\/en-san-pedro-de-alcantara-habra-una-pista-de-examenes\/","name":"En San Pedro de Alc\u00e1ntara habr\u00e1 una pista de ex\u00e1menes","isPartOf":{"@id":"https:\/\/www.blogdelaautoescuela.com\/blog\/#website"},"primaryImageOfPage":{"@id":"https:\/\/www.blogdelaautoescuela.com\/blog\/en-san-pedro-de-alcantara-habra-una-pista-de-examenes\/#primaryimage"},"image":{"@id":"https:\/\/www.blogdelaautoescuela.com\/blog\/en-san-pedro-de-alcantara-habra-una-pista-de-examenes\/#primaryimage"},"thumbnailUrl":"https:\/\/www.blogdelaautoescuela.com\/blog\/wp-content\/uploads\/2009\/12\/pista-examen1.jpg","datePublished":"2010-07-07T11:06:47+00:00","author":{"@id":"https:\/\/www.blogdelaautoescuela.com\/blog\/#\/schema\/person\/f209a64ca5dfe74b9acb6317240e792f"},"description":"la Junta de Gobierno Local de San Pedro de Alc\u00e1ntara ha aprobado la cesi\u00f3n de terrerenos a la Asociaci\u00f3n de Autoescuelas de Marbella, San Pedro y Estepona","breadcrumb":{"@id":"https:\/\/www.blogdelaautoescuela.com\/blog\/en-san-pedro-de-alcantara-habra-una-pista-de-examenes\/#breadcrumb"},"inLanguage":"es","potentialAction":[{"@type":"ReadAction","target":["https:\/\/www.blogdelaautoescuela.com\/blog\/en-san-pedro-de-alcantara-habra-una-pista-de-examenes\/"]}]},{"@type":"ImageObject","inLanguage":"es","@id":"https:\/\/www.blogdelaautoescuela.com\/blog\/en-san-pedro-de-alcantara-habra-una-pista-de-examenes\/#primaryimage","url":"https:\/\/www.blogdelaautoescuela.com\/blog\/wp-content\/uploads\/2009\/12\/pista-examen1.jpg","contentUrl":"https:\/\/www.blogdelaautoescuela.com\/blog\/wp-content\/uploads\/2009\/12\/pista-examen1.jpg","width":400,"height":300},{"@type":"BreadcrumbList","@id":"https:\/\/www.blogdelaautoescuela.com\/blog\/en-san-pedro-de-alcantara-habra-una-pista-de-examenes\/#breadcrumb","itemListElement":[{"@type":"ListItem","position":1,"name":"Portada","item":"https:\/\/www.blogdelaautoescuela.com\/blog\/"},{"@type":"ListItem","position":2,"name":"En San Pedro de Alc\u00e1ntara habr\u00e1 una pista de ex\u00e1menes"}]},{"@type":"WebSite","@id":"https:\/\/www.blogdelaautoescuela.com\/blog\/#website","url":"https:\/\/www.blogdelaautoescuela.com\/blog\/","name":"Blog de la autoescuela","description":"Noticias sobre autoescuelas y seguridad vial","potentialAction":[{"@type":"SearchAction","target":{"@type":"EntryPoint","urlTemplate":"https:\/\/www.blogdelaautoescuela.com\/blog\/?s={search_term_string}"},"query-input":{"@type":"PropertyValueSpecification","valueRequired":true,"valueName":"search_term_string"}}],"inLanguage":"es"},{"@type":"Person","@id":"https:\/\/www.blogdelaautoescuela.com\/blog\/#\/schema\/person\/f209a64ca5dfe74b9acb6317240e792f","name":"usr_blogauto","image":{"@type":"ImageObject","inLanguage":"es","@id":"https:\/\/www.blogdelaautoescuela.com\/blog\/#\/schema\/person\/image\/","url":"https:\/\/secure.gravatar.com\/avatar\/d3939d4ea521ac8421c86d2980321cc9?s=96&d=mm&r=g","contentUrl":"https:\/\/secure.gravatar.com\/avatar\/d3939d4ea521ac8421c86d2980321cc9?s=96&d=mm&r=g","caption":"usr_blogauto"},"description":"Blog dedicado a la conducci\u00f3n, las autoescuelas y la seguridad vial. Est\u00e1 creado por un grupo de profesionales de la formaci\u00f3n vial que comparten inquietudes y experiencias. Aqu\u00ed\u00ad podr\u00e1s encontrar informaci\u00f3n variada sobre el d\u00ed\u00ada a d\u00ed\u00ada de la autoescuela, ex\u00e1menes, test o novedades y consejos para una conducci\u00f3n m\u00e1s segura.","sameAs":["http:\/\/www.blogdelaautoescuela.com\/","https:\/\/www.facebook.com\/blogdelaautoescuela","https:\/\/x.com\/autoescuelas"],"url":"https:\/\/www.blogdelaautoescuela.com\/blog\/author\/usr_blogauto\/"}]}},"jetpack_featured_media_url":"https:\/\/www.blogdelaautoescuela.com\/blog\/wp-content\/uploads\/2009\/12\/pista-examen1.jpg","_links":{"self":[{"href":"https:\/\/www.blogdelaautoescuela.com\/blog\/wp-json\/wp\/v2\/posts\/4912","targetHints":{"allow":["GET"]}}],"collection":[{"href":"https:\/\/www.blogdelaautoescuela.com\/blog\/wp-json\/wp\/v2\/posts"}],"about":[{"href":"https:\/\/www.blogdelaautoescuela.com\/blog\/wp-json\/wp\/v2\/types\/post"}],"author":[{"embeddable":true,"href":"https:\/\/www.blogdelaautoescuela.com\/blog\/wp-json\/wp\/v2\/users\/1"}],"replies":[{"embeddable":true,"href":"https:\/\/www.blogdelaautoescuela.com\/blog\/wp-json\/wp\/v2\/comments?post=4912"}],"version-history":[{"count":0,"href":"https:\/\/www.blogdelaautoescuela.com\/blog\/wp-json\/wp\/v2\/posts\/4912\/revisions"}],"wp:featuredmedia":[{"embeddable":true,"href":"https:\/\/www.blogdelaautoescuela.com\/blog\/wp-json\/wp\/v2\/media\/2796"}],"wp:attachment":[{"href":"https:\/\/www.blogdelaautoescuela.com\/blog\/wp-json\/wp\/v2\/media?parent=4912"}],"wp:term":[{"taxonomy":"category","embeddable":true,"href":"https:\/\/www.blogdelaautoescuela.com\/blog\/wp-json\/wp\/v2\/categories?post=4912"},{"taxonomy":"post_tag","embeddable":true,"href":"https:\/\/www.blogdelaautoescuela.com\/blog\/wp-json\/wp\/v2\/tags?post=4912"}],"curies":[{"name":"wp","href":"https:\/\/api.w.org\/{rel}","templated":true}]}}