
{"id":4868,"date":"2010-07-01T11:45:55","date_gmt":"2010-07-01T09:45:55","guid":{"rendered":"http:\/\/www.blogdelaautoescuela.com\/blog\/?p=4868"},"modified":"2010-07-01T11:45:55","modified_gmt":"2010-07-01T09:45:55","slug":"no-se-limitara-la-edad-de-los-conductores-mas-mayores","status":"publish","type":"post","link":"https:\/\/www.blogdelaautoescuela.com\/blog\/no-se-limitara-la-edad-de-los-conductores-mas-mayores\/","title":{"rendered":"No se limitar\u00e1 la edad de los conductores m\u00e1s mayores"},"content":{"rendered":"<p style=\"text-align: center;\"><img loading=\"lazy\" decoding=\"async\" class=\"size-full wp-image-4869 aligncenter\" title=\"mayores\" src=\"http:\/\/www.blogdelaautoescuela.com\/blog\/wp-content\/uploads\/2010\/07\/mayores.jpg\" alt=\"mayores\" width=\"400\" height=\"292\" \/><\/p>\n<p>La <strong>poblaci\u00f3n mayor de 65 es la m\u00e1s suceptible de padecer accidentes de tr\u00e1fico<\/strong>, pero a pesa de ello <strong>Ana Ferrer, directora del Observatorio Nacional de Seguridad Vial de la Direcci\u00f3n  General de Tr\u00e1fico<\/strong>, cree que<strong> establecer una edad l\u00ed\u00admite para conducir es imposible.<\/strong><\/p>\n<p>En Espa\u00f1a cada vez hay una poblaci\u00f3n m\u00e1s envejecida, por lo que tambi\u00e9n es mayor el n\u00famero de conductores mayores, y por este motivo <strong>la responsabilidad de los conductores mayores se hace fundamental<\/strong> aunque no s\u00f3lo les corresponde a los propios conductores <strong>fijar sus &#8220;l\u00ed\u00admites&#8221;<\/strong>, la familia, los m\u00e9dicos y los centros de reconocimiento tambi\u00e9n tienen un papel muy importante para detectar si los conductores m\u00e1s mayores mantienen sus aptitudes para la conducci\u00f3n.<\/p>\n<p>En opini\u00f3n de <strong>Ana Ferrer<\/strong>, refiri\u00e9ndose a los conductores de m\u00e1s edad, <em>&#8220;tenemos que preservar su derecho a seguir viviendo con estas  condiciones de calidad de vida&#8221;<\/em> y seg\u00fan explic\u00f3\u00a0los estudios reflejan que este sector de la poblaci\u00f3n<em> &#8220;va adaptando su  movilidad&#8221;<\/em>, de manera que <em>&#8220;no salen en horas puntas ni conducen de  noche&#8221;.<\/em><\/p>\n<p>Por su parte <strong>Ram\u00f3n Garc\u00ed\u00ada-Moliner, presidente del Real Autom\u00f3vil Club de Espa\u00f1a (RACE)<\/strong>, asegur\u00f3 que en el RACE hay 1.200 socios con m\u00e1s de 80 a\u00f1os, y de ellos casi el 40% sigue conduciendo.<\/p>\n<p>Fuente: <a href=\"http:\/\/www.lavanguardia.es\/motor\/noticias\/20100701\/53956664275\/la-dgt-descarta-limitar-la-edad-de-los-conductores.html?utm_source=feedburner\">La Vanguardia<\/a><\/p>\n","protected":false},"excerpt":{"rendered":"<p>La poblaci\u00f3n mayor de 65 es la m\u00e1s suceptible de padecer accidentes de tr\u00e1fico, pero a pesa de ello Ana Ferrer, directora del Observatorio Nacional de Seguridad Vial de la Direcci\u00f3n General de Tr\u00e1fico, cree que establecer una edad l\u00ed\u00admite para conducir es imposible. En Espa\u00f1a cada vez hay una poblaci\u00f3n m\u00e1s envejecida, por lo [&hellip;]<\/p>\n","protected":false},"author":1,"featured_media":4869,"comment_status":"open","ping_status":"closed","sticky":false,"template":"","format":"standard","meta":{"footnotes":"","jetpack_publicize_message":"","jetpack_publicize_feature_enabled":true,"jetpack_social_post_already_shared":false,"jetpack_social_options":{"image_generator_settings":{"template":"highway","enabled":false},"version":2}},"categories":[12,19],"tags":[98,1672,1678],"class_list":["post-4868","post","type-post","status-publish","format-standard","has-post-thumbnail","hentry","category-noticias","category-seguridad-vial","tag-ancianos","tag-noticias","tag-seguridad-vial"],"wppr_data":[],"jetpack_publicize_connections":[],"yoast_head":"<!-- This site is optimized with the Yoast SEO plugin v24.7 - https:\/\/yoast.com\/wordpress\/plugins\/seo\/ -->\n<title>No se limitar\u00e1 la edad de los conductores m\u00e1s mayores<\/title>\n<meta name=\"description\" content=\"Ana Ferrer, directora del Observatorio Nacional de Seguridad Vial de la DGT, cree que establecer una edad l\u00ed\u00admite para conducir es imposible\" \/>\n<meta name=\"robots\" content=\"index, follow, max-snippet:-1, max-image-preview:large, max-video-preview:-1\" \/>\n<link rel=\"canonical\" href=\"https:\/\/www.blogdelaautoescuela.com\/blog\/no-se-limitara-la-edad-de-los-conductores-mas-mayores\/\" \/>\n<meta property=\"og:locale\" content=\"es_ES\" \/>\n<meta property=\"og:type\" content=\"article\" \/>\n<meta property=\"og:title\" content=\"No se limitar\u00e1 la edad de los conductores m\u00e1s mayores\" \/>\n<meta property=\"og:description\" content=\"Ana Ferrer, directora del Observatorio Nacional de Seguridad Vial de la DGT, cree que establecer una edad l\u00ed\u00admite para conducir es imposible\" \/>\n<meta property=\"og:url\" content=\"https:\/\/www.blogdelaautoescuela.com\/blog\/no-se-limitara-la-edad-de-los-conductores-mas-mayores\/\" \/>\n<meta property=\"og:site_name\" content=\"Blog de la autoescuela\" \/>\n<meta property=\"article:author\" content=\"https:\/\/www.facebook.com\/blogdelaautoescuela\" \/>\n<meta property=\"article:published_time\" content=\"2010-07-01T09:45:55+00:00\" \/>\n<meta property=\"og:image\" content=\"https:\/\/www.blogdelaautoescuela.com\/blog\/wp-content\/uploads\/2010\/07\/mayores1.jpg\" \/>\n\t<meta property=\"og:image:width\" content=\"400\" \/>\n\t<meta property=\"og:image:height\" content=\"292\" \/>\n\t<meta property=\"og:image:type\" content=\"image\/jpeg\" \/>\n<meta name=\"author\" content=\"usr_blogauto\" \/>\n<meta name=\"twitter:label1\" content=\"Escrito por\" \/>\n\t<meta name=\"twitter:data1\" content=\"usr_blogauto\" \/>\n\t<meta name=\"twitter:label2\" content=\"Tiempo de lectura\" \/>\n\t<meta name=\"twitter:data2\" content=\"1 minuto\" \/>\n<script type=\"application\/ld+json\" class=\"yoast-schema-graph\">{\"@context\":\"https:\/\/schema.org\",\"@graph\":[{\"@type\":\"WebPage\",\"@id\":\"https:\/\/www.blogdelaautoescuela.com\/blog\/no-se-limitara-la-edad-de-los-conductores-mas-mayores\/\",\"url\":\"https:\/\/www.blogdelaautoescuela.com\/blog\/no-se-limitara-la-edad-de-los-conductores-mas-mayores\/\",\"name\":\"No se limitar\u00e1 la edad de los conductores m\u00e1s mayores\",\"isPartOf\":{\"@id\":\"https:\/\/www.blogdelaautoescuela.com\/blog\/#website\"},\"primaryImageOfPage\":{\"@id\":\"https:\/\/www.blogdelaautoescuela.com\/blog\/no-se-limitara-la-edad-de-los-conductores-mas-mayores\/#primaryimage\"},\"image\":{\"@id\":\"https:\/\/www.blogdelaautoescuela.com\/blog\/no-se-limitara-la-edad-de-los-conductores-mas-mayores\/#primaryimage\"},\"thumbnailUrl\":\"https:\/\/www.blogdelaautoescuela.com\/blog\/wp-content\/uploads\/2010\/07\/mayores1.jpg\",\"datePublished\":\"2010-07-01T09:45:55+00:00\",\"author\":{\"@id\":\"https:\/\/www.blogdelaautoescuela.com\/blog\/#\/schema\/person\/f209a64ca5dfe74b9acb6317240e792f\"},\"description\":\"Ana Ferrer, directora del Observatorio Nacional de Seguridad Vial de la DGT, cree que establecer una edad l\u00ed\u00admite para conducir es imposible\",\"breadcrumb\":{\"@id\":\"https:\/\/www.blogdelaautoescuela.com\/blog\/no-se-limitara-la-edad-de-los-conductores-mas-mayores\/#breadcrumb\"},\"inLanguage\":\"es\",\"potentialAction\":[{\"@type\":\"ReadAction\",\"target\":[\"https:\/\/www.blogdelaautoescuela.com\/blog\/no-se-limitara-la-edad-de-los-conductores-mas-mayores\/\"]}]},{\"@type\":\"ImageObject\",\"inLanguage\":\"es\",\"@id\":\"https:\/\/www.blogdelaautoescuela.com\/blog\/no-se-limitara-la-edad-de-los-conductores-mas-mayores\/#primaryimage\",\"url\":\"https:\/\/www.blogdelaautoescuela.com\/blog\/wp-content\/uploads\/2010\/07\/mayores1.jpg\",\"contentUrl\":\"https:\/\/www.blogdelaautoescuela.com\/blog\/wp-content\/uploads\/2010\/07\/mayores1.jpg\",\"width\":400,\"height\":292},{\"@type\":\"BreadcrumbList\",\"@id\":\"https:\/\/www.blogdelaautoescuela.com\/blog\/no-se-limitara-la-edad-de-los-conductores-mas-mayores\/#breadcrumb\",\"itemListElement\":[{\"@type\":\"ListItem\",\"position\":1,\"name\":\"Portada\",\"item\":\"https:\/\/www.blogdelaautoescuela.com\/blog\/\"},{\"@type\":\"ListItem\",\"position\":2,\"name\":\"No se limitar\u00e1 la edad de los conductores m\u00e1s mayores\"}]},{\"@type\":\"WebSite\",\"@id\":\"https:\/\/www.blogdelaautoescuela.com\/blog\/#website\",\"url\":\"https:\/\/www.blogdelaautoescuela.com\/blog\/\",\"name\":\"Blog de la autoescuela\",\"description\":\"Noticias sobre autoescuelas y seguridad vial\",\"potentialAction\":[{\"@type\":\"SearchAction\",\"target\":{\"@type\":\"EntryPoint\",\"urlTemplate\":\"https:\/\/www.blogdelaautoescuela.com\/blog\/?s={search_term_string}\"},\"query-input\":{\"@type\":\"PropertyValueSpecification\",\"valueRequired\":true,\"valueName\":\"search_term_string\"}}],\"inLanguage\":\"es\"},{\"@type\":\"Person\",\"@id\":\"https:\/\/www.blogdelaautoescuela.com\/blog\/#\/schema\/person\/f209a64ca5dfe74b9acb6317240e792f\",\"name\":\"usr_blogauto\",\"image\":{\"@type\":\"ImageObject\",\"inLanguage\":\"es\",\"@id\":\"https:\/\/www.blogdelaautoescuela.com\/blog\/#\/schema\/person\/image\/\",\"url\":\"https:\/\/secure.gravatar.com\/avatar\/d3939d4ea521ac8421c86d2980321cc9?s=96&d=mm&r=g\",\"contentUrl\":\"https:\/\/secure.gravatar.com\/avatar\/d3939d4ea521ac8421c86d2980321cc9?s=96&d=mm&r=g\",\"caption\":\"usr_blogauto\"},\"description\":\"Blog dedicado a la conducci\u00f3n, las autoescuelas y la seguridad vial. Est\u00e1 creado por un grupo de profesionales de la formaci\u00f3n vial que comparten inquietudes y experiencias. Aqu\u00ed\u00ad podr\u00e1s encontrar informaci\u00f3n variada sobre el d\u00ed\u00ada a d\u00ed\u00ada de la autoescuela, ex\u00e1menes, test o novedades y consejos para una conducci\u00f3n m\u00e1s segura.\",\"sameAs\":[\"http:\/\/www.blogdelaautoescuela.com\/\",\"https:\/\/www.facebook.com\/blogdelaautoescuela\",\"https:\/\/x.com\/autoescuelas\"],\"url\":\"https:\/\/www.blogdelaautoescuela.com\/blog\/author\/usr_blogauto\/\"}]}<\/script>\n<!-- \/ Yoast SEO plugin. -->","yoast_head_json":{"title":"No se limitar\u00e1 la edad de los conductores m\u00e1s mayores","description":"Ana Ferrer, directora del Observatorio Nacional de Seguridad Vial de la DGT, cree que establecer una edad l\u00ed\u00admite para conducir es imposible","robots":{"index":"index","follow":"follow","max-snippet":"max-snippet:-1","max-image-preview":"max-image-preview:large","max-video-preview":"max-video-preview:-1"},"canonical":"https:\/\/www.blogdelaautoescuela.com\/blog\/no-se-limitara-la-edad-de-los-conductores-mas-mayores\/","og_locale":"es_ES","og_type":"article","og_title":"No se limitar\u00e1 la edad de los conductores m\u00e1s mayores","og_description":"Ana Ferrer, directora del Observatorio Nacional de Seguridad Vial de la DGT, cree que establecer una edad l\u00ed\u00admite para conducir es imposible","og_url":"https:\/\/www.blogdelaautoescuela.com\/blog\/no-se-limitara-la-edad-de-los-conductores-mas-mayores\/","og_site_name":"Blog de la autoescuela","article_author":"https:\/\/www.facebook.com\/blogdelaautoescuela","article_published_time":"2010-07-01T09:45:55+00:00","og_image":[{"width":400,"height":292,"url":"https:\/\/www.blogdelaautoescuela.com\/blog\/wp-content\/uploads\/2010\/07\/mayores1.jpg","type":"image\/jpeg"}],"author":"usr_blogauto","twitter_misc":{"Escrito por":"usr_blogauto","Tiempo de lectura":"1 minuto"},"schema":{"@context":"https:\/\/schema.org","@graph":[{"@type":"WebPage","@id":"https:\/\/www.blogdelaautoescuela.com\/blog\/no-se-limitara-la-edad-de-los-conductores-mas-mayores\/","url":"https:\/\/www.blogdelaautoescuela.com\/blog\/no-se-limitara-la-edad-de-los-conductores-mas-mayores\/","name":"No se limitar\u00e1 la edad de los conductores m\u00e1s mayores","isPartOf":{"@id":"https:\/\/www.blogdelaautoescuela.com\/blog\/#website"},"primaryImageOfPage":{"@id":"https:\/\/www.blogdelaautoescuela.com\/blog\/no-se-limitara-la-edad-de-los-conductores-mas-mayores\/#primaryimage"},"image":{"@id":"https:\/\/www.blogdelaautoescuela.com\/blog\/no-se-limitara-la-edad-de-los-conductores-mas-mayores\/#primaryimage"},"thumbnailUrl":"https:\/\/www.blogdelaautoescuela.com\/blog\/wp-content\/uploads\/2010\/07\/mayores1.jpg","datePublished":"2010-07-01T09:45:55+00:00","author":{"@id":"https:\/\/www.blogdelaautoescuela.com\/blog\/#\/schema\/person\/f209a64ca5dfe74b9acb6317240e792f"},"description":"Ana Ferrer, directora del Observatorio Nacional de Seguridad Vial de la DGT, cree que establecer una edad l\u00ed\u00admite para conducir es imposible","breadcrumb":{"@id":"https:\/\/www.blogdelaautoescuela.com\/blog\/no-se-limitara-la-edad-de-los-conductores-mas-mayores\/#breadcrumb"},"inLanguage":"es","potentialAction":[{"@type":"ReadAction","target":["https:\/\/www.blogdelaautoescuela.com\/blog\/no-se-limitara-la-edad-de-los-conductores-mas-mayores\/"]}]},{"@type":"ImageObject","inLanguage":"es","@id":"https:\/\/www.blogdelaautoescuela.com\/blog\/no-se-limitara-la-edad-de-los-conductores-mas-mayores\/#primaryimage","url":"https:\/\/www.blogdelaautoescuela.com\/blog\/wp-content\/uploads\/2010\/07\/mayores1.jpg","contentUrl":"https:\/\/www.blogdelaautoescuela.com\/blog\/wp-content\/uploads\/2010\/07\/mayores1.jpg","width":400,"height":292},{"@type":"BreadcrumbList","@id":"https:\/\/www.blogdelaautoescuela.com\/blog\/no-se-limitara-la-edad-de-los-conductores-mas-mayores\/#breadcrumb","itemListElement":[{"@type":"ListItem","position":1,"name":"Portada","item":"https:\/\/www.blogdelaautoescuela.com\/blog\/"},{"@type":"ListItem","position":2,"name":"No se limitar\u00e1 la edad de los conductores m\u00e1s mayores"}]},{"@type":"WebSite","@id":"https:\/\/www.blogdelaautoescuela.com\/blog\/#website","url":"https:\/\/www.blogdelaautoescuela.com\/blog\/","name":"Blog de la autoescuela","description":"Noticias sobre autoescuelas y seguridad vial","potentialAction":[{"@type":"SearchAction","target":{"@type":"EntryPoint","urlTemplate":"https:\/\/www.blogdelaautoescuela.com\/blog\/?s={search_term_string}"},"query-input":{"@type":"PropertyValueSpecification","valueRequired":true,"valueName":"search_term_string"}}],"inLanguage":"es"},{"@type":"Person","@id":"https:\/\/www.blogdelaautoescuela.com\/blog\/#\/schema\/person\/f209a64ca5dfe74b9acb6317240e792f","name":"usr_blogauto","image":{"@type":"ImageObject","inLanguage":"es","@id":"https:\/\/www.blogdelaautoescuela.com\/blog\/#\/schema\/person\/image\/","url":"https:\/\/secure.gravatar.com\/avatar\/d3939d4ea521ac8421c86d2980321cc9?s=96&d=mm&r=g","contentUrl":"https:\/\/secure.gravatar.com\/avatar\/d3939d4ea521ac8421c86d2980321cc9?s=96&d=mm&r=g","caption":"usr_blogauto"},"description":"Blog dedicado a la conducci\u00f3n, las autoescuelas y la seguridad vial. Est\u00e1 creado por un grupo de profesionales de la formaci\u00f3n vial que comparten inquietudes y experiencias. Aqu\u00ed\u00ad podr\u00e1s encontrar informaci\u00f3n variada sobre el d\u00ed\u00ada a d\u00ed\u00ada de la autoescuela, ex\u00e1menes, test o novedades y consejos para una conducci\u00f3n m\u00e1s segura.","sameAs":["http:\/\/www.blogdelaautoescuela.com\/","https:\/\/www.facebook.com\/blogdelaautoescuela","https:\/\/x.com\/autoescuelas"],"url":"https:\/\/www.blogdelaautoescuela.com\/blog\/author\/usr_blogauto\/"}]}},"jetpack_featured_media_url":"https:\/\/www.blogdelaautoescuela.com\/blog\/wp-content\/uploads\/2010\/07\/mayores1.jpg","_links":{"self":[{"href":"https:\/\/www.blogdelaautoescuela.com\/blog\/wp-json\/wp\/v2\/posts\/4868","targetHints":{"allow":["GET"]}}],"collection":[{"href":"https:\/\/www.blogdelaautoescuela.com\/blog\/wp-json\/wp\/v2\/posts"}],"about":[{"href":"https:\/\/www.blogdelaautoescuela.com\/blog\/wp-json\/wp\/v2\/types\/post"}],"author":[{"embeddable":true,"href":"https:\/\/www.blogdelaautoescuela.com\/blog\/wp-json\/wp\/v2\/users\/1"}],"replies":[{"embeddable":true,"href":"https:\/\/www.blogdelaautoescuela.com\/blog\/wp-json\/wp\/v2\/comments?post=4868"}],"version-history":[{"count":0,"href":"https:\/\/www.blogdelaautoescuela.com\/blog\/wp-json\/wp\/v2\/posts\/4868\/revisions"}],"wp:featuredmedia":[{"embeddable":true,"href":"https:\/\/www.blogdelaautoescuela.com\/blog\/wp-json\/wp\/v2\/media\/4869"}],"wp:attachment":[{"href":"https:\/\/www.blogdelaautoescuela.com\/blog\/wp-json\/wp\/v2\/media?parent=4868"}],"wp:term":[{"taxonomy":"category","embeddable":true,"href":"https:\/\/www.blogdelaautoescuela.com\/blog\/wp-json\/wp\/v2\/categories?post=4868"},{"taxonomy":"post_tag","embeddable":true,"href":"https:\/\/www.blogdelaautoescuela.com\/blog\/wp-json\/wp\/v2\/tags?post=4868"}],"curies":[{"name":"wp","href":"https:\/\/api.w.org\/{rel}","templated":true}]}}