
{"id":4863,"date":"2010-06-30T12:15:04","date_gmt":"2010-06-30T10:15:04","guid":{"rendered":"http:\/\/www.blogdelaautoescuela.com\/blog\/?p=4863"},"modified":"2010-06-30T12:15:04","modified_gmt":"2010-06-30T10:15:04","slug":"fechas-en-las-que-trafico-no-examina-segun-la-provincia","status":"publish","type":"post","link":"https:\/\/www.blogdelaautoescuela.com\/blog\/fechas-en-las-que-trafico-no-examina-segun-la-provincia\/","title":{"rendered":"Fechas en las que tr\u00e1fico no examina seg\u00fan la provincia"},"content":{"rendered":"<p style=\"text-align: center;\"><img loading=\"lazy\" decoding=\"async\" class=\"size-full wp-image-1659 aligncenter\" title=\"cerrado_por_vacaciones\" src=\"http:\/\/www.blogdelaautoescuela.com\/blog\/wp-content\/uploads\/2009\/07\/cerrado_por_vacaciones.jpg\" alt=\"cerrado_por_vacaciones\" width=\"400\" height=\"310\" \/><\/p>\n<p>Como ya sab\u00e9is en verano <strong>las Jefaturas Provinciales de Tr\u00e1fico se dan un descanso<\/strong> y no se realizan ex\u00e1menes de conducir.<\/p>\n<p>Poe este motivo os dejamos una lista con los d\u00ed\u00adas en que las diferentes jefaruras de tr\u00e1fico no realizar\u00e1n ex\u00e1menes.<\/p>\n<p><strong><span style=\"color: #99cc00;\">Fechas en las que Tr\u00e1fico no examina de los permisos de conducir dependiendo de las provincias:<\/span><\/strong><\/p>\n<ul>\n<li><strong>A\u00cc\u0081LAVA:<\/strong> Del 5 de agosto al 3 de septiembre, 11 de octubre, 7, 27, 28, 29 y 30 de diciembre.<\/li>\n<li><strong>ALBACETE: <\/strong>Del 19 de julio al 13 de agosto, 31 de mayo, 7, 27, 28, 29 y 30 de diciembre.<\/li>\n<li><strong>ALICANTE: <\/strong>Del 9 al 31 de agosto, 23, 24 y 25 de junio, 11 de octubre, 7, 27, 28, 29 y 30 de diciembre, 3, 4, 5 y 7 de enero.<\/li>\n<li><strong>ALMERI\u00cc\u0081A:<\/strong> 24 y 25 de junio, 16 de agosto, 11 de octubre y 7 de diciembre.<\/li>\n<li><strong>A\u00cc\u0081VILA: <\/strong>Del 19 de julio al 6 de agosto, 3 de mayo, 15 de octubre y del 27 al 30  de diciembre.<\/li>\n<li><strong>BADAJOZ: <\/strong>Agosto, 24 y 25 de junio, 8 de septiembre, 11 de octubre, 7, 27, 28, 29 y  30 de diciembre.<!--more--><\/li>\n<li><strong>ILLES BALEARS:<\/strong> Agosto, 11 de octubre, 7, 27, 28, 29 y 30 de diciembre, 7 y 21 de enero.<\/li>\n<li><strong>BARCELONA: <\/strong>Del 9 al 27 de agosto, 24 de mayo, 24 y 25 de junio y 24 de septiembre.<\/li>\n<li><strong>BURGOS: <\/strong>Del 30 de junio al 30 de julio, 11 y 29 de junio y del 27 al 30 de  diciembre.<\/li>\n<li><strong>CA\u00cc\u0081CERES: <\/strong>Del 19 de julio al 13 de agosto, 31 de mayo, 8 de septiembre, 11 de  octubre, 7, 27, 28, 29 y 30 de diciembre.<\/li>\n<li><strong>CA\u00cc\u0081DIZ: <\/strong>Del 26 de julio al 16 de agosto y del 27 al 30 de diciembre.<\/li>\n<li><strong>CASTELLO\u00cc\u0081N:<\/strong> Agosto, 28 y 29 de junio, 1 y 11 de octubre, 7, 27, 28, 29 y 30 de  diciembre.<\/li>\n<li><strong>CIUDAD REAL:<\/strong> Agosto, 24 y 31 de mayo, 11 de octubre, 7, 27, 28, 29 y 30 de diciembre,  4 y 5 de enero.<\/li>\n<li><strong>CO\u00cc\u0081RDOBA: <\/strong>Del 2 al 16 de agosto, 28 de mayo, 8 de septiembre, 25 de octubre y del  27 al 30 de diciembre.<\/li>\n<li><strong>A CORUN\u00cc\u0192A:<\/strong> Agosto y 17 de mayo.<\/li>\n<li><strong>CUENCA: <\/strong>Del 16 de agosto al 10 de septiembre, 31 de mayo y 1  de junio.<\/li>\n<li><strong>GIRONA: <\/strong>Agosto, 24 y 25 de junio, 26 de julio, 11 y 29 de octubre, 7, 27, 28, 29   y 30 de diciembre.<\/li>\n<li><strong>GRANADA: <\/strong>3 y 4 de junio, 16 de agosto, 20 de octubre y del 27 al 30 de diciembre.<\/li>\n<li><strong>GUADALAJARA: <\/strong>31 de mayo, 11 de octubre y 7 de diciembre.<\/li>\n<li><strong>GUIPU\u00cc\u0081ZCOA: <\/strong>Agosto y del 27 al 30 de diciembre.<\/li>\n<li><strong>HUELVA: <\/strong>Agosto, 20 de mayo, 8 de septiembre, 11 de octubre y 7 de diciembre.<\/li>\n<li><strong>HUESCA: <\/strong>Agosto, 1 y 11 de octubre, 7, 27, 28, 29 y 30 de diciembre.<\/li>\n<li><strong>JAE\u00cc\u0081N: <\/strong>Del 19 de julio al 20 de agosto, 11 de junio, 15 y 18 de octubre, 25 de noviembre, 7, 27, 28, 29 y 30 de diciembre.<\/li>\n<li><strong>LEO\u00cc\u0081N: <\/strong>Del19dejulioal13deagosto,24dejunio,5deoctubreydel27al30dediciembre.<\/li>\n<li><strong>LLEIDA:<\/strong> Del 19 de julio al 13 de agosto, 10 y 11 de mayo, 24 y 25 de junio, 29 de septiembre, 11 de octubre, 7, 27, 28, 29 y 30 de diciembre.<\/li>\n<li><strong>LA RIOJA: <\/strong>Agosto, del 7 al 11 de junio, del 20 al 24 de septiembre, 11 y 22 de octubre y 7 de diciembre.<\/li>\n<li><strong>LUGO: <\/strong>Del 2 al 27 de agosto, 17 de mayo, 4, 5 y 11 de octubre, 7, 27, 28, 29 y 30 de diciembre.<\/li>\n<li><strong>MADRID: <\/strong>Agosto, 3 y 4 de junio, 1 y 11 de octubre, 8 de noviembre, 7, 27, 28, 29 y 30 de diciembre.<\/li>\n<li><strong>MA\u00cc\u0081LAGA : <\/strong>Del 16 al 20 de agosto, 1 de junio, 8 de septiembre, 11 de octubre y 7 de diciembre.<\/li>\n<li><strong>MURCIA:<\/strong> Agosto, 9 de junio, 13 y 14 de septiembre, 1 y 11 de octubre, 7, 27, 28, 29 y 30 de diciembre.<\/li>\n<li><strong>NAVARRA: <\/strong>Del 5 al 16 de julio, 29 de noviembre, 3 y 7 de diciembre.<\/li>\n<li><strong>OURENSE: <\/strong>Del 2 al 27 de agosto, 17 de mayo, 11 de octubre, 11 y 12 de de noviembre, 7, 27, 28, 29 y 30 de diciembre.<\/li>\n<li><strong>ASTURIAS:<\/strong> 11 de octubre, 7, 27, 28, 29 y 30 de diciembre.<\/li>\n<li><strong>PALENCIA: <\/strong>Del 2 al 20 de agosto y 2 de septiembre.<\/li>\n<li><strong>LAS PALMAS:<\/strong> 31 de mayo, 24 de junio, 25 de agosto (Lanzarote), 8 de septiembre, 15 de septiembre (Lanzarote) y 18 de septiembre (Fuerteventura).<\/li>\n<li><strong>PONTEVEDRA:<\/strong> Agosto, 17 de mayo y del 27 al 30 de diciembre.<\/li>\n<li><strong>SALAMANCA:<\/strong> Del 19 de julio al 13 de agosto, 8 de septiembre, 7, 27, 28, 29 y 30 de diciembre.<\/li>\n<li><strong>STA. CRUZ DE TENERIFE: <\/strong>3 y 31 de mayo, 7, 27, 28, 29 y 30 de diciembre.<\/li>\n<li><strong>CANTABRIA: <\/strong>Del 2 al 13 de agosto, 24 de mayo, 28 de julio, 30 de agosto y 15 de septiembre.<\/li>\n<li><strong>SEGOVIA: <\/strong>Del 28 de junio al 16 de julio, 29 de junio, 11 y 25 de octubre, 7, 27, 28, 29 y 30 de diciembre.<\/li>\n<li><strong>SEVILLA: <\/strong>Agosto, 3 de junio, 7, 27, 28, 29 y 30 de diciembre, 3, 4 y 5 de enero.<\/li>\n<li><strong>SORIA: <\/strong>Del 25 de junio al 9 de julio, 24 de junio, del 16 al 20 de agosto, 2 de octubre y del 27 al 30 de diciembre.<\/li>\n<li><strong>TARRAGONA:<\/strong> Agosto, 24 y 25 de junio, 23 y 24 de septiembre, 11 de octubre, 7, 27, 28, 29 y 30 de diciembre.<\/li>\n<li><strong>TERUEL:<\/strong> Del 5 al 30 de julio y 16 de agosto.<\/li>\n<li><strong>TOLEDO:<\/strong> Agosto, 31 de mayo, 3 y 4 de junio,7, 27, 28 y 29 de diciembre, 3, 4 y 5 de enero.<\/li>\n<li><strong>VALENCIA: <\/strong>Agosto, 11 de octubre, 7, 27, 28, 29 y 30 de diciembre.<\/li>\n<li><strong>VALLADOLID: <\/strong>Del 26 de julio al 20 de agosto, 13 de mayo, 8 de septiembre y del 27 al 30 de diciembre.<\/li>\n<li><strong>VIZCAYA: <\/strong>Agosto y 7 de diciembre.<\/li>\n<li><strong>ZAMORA: <\/strong>Del 26 de julio al 13 de agosto, 24 de mayo, 29 de junio y 7 de diciembre.<\/li>\n<li><strong>ZARAGOZA:<\/strong> Del 2 al 20 de agosto y 11 de octubre.<\/li>\n<li><strong>CEUTA: <\/strong>Agosto, 2 de septiembre y 17 de noviembre.<\/li>\n<li><strong>MELILLA: <\/strong>Del 19 de julio al 13 de agosto, 17 de noviembre y del 20 al 23 de diciembre.<\/li>\n<\/ul>\n","protected":false},"excerpt":{"rendered":"<p>Como ya sab\u00e9is en verano las Jefaturas Provinciales de Tr\u00e1fico se dan un descanso y no se realizan ex\u00e1menes de conducir. Poe este motivo os dejamos una lista con los d\u00ed\u00adas en que las diferentes jefaruras de tr\u00e1fico no realizar\u00e1n ex\u00e1menes. Fechas en las que Tr\u00e1fico no examina de los permisos de conducir dependiendo de [&hellip;]<\/p>\n","protected":false},"author":1,"featured_media":1659,"comment_status":"open","ping_status":"closed","sticky":false,"template":"","format":"standard","meta":{"footnotes":"","jetpack_publicize_message":"","jetpack_publicize_feature_enabled":true,"jetpack_social_post_already_shared":false,"jetpack_social_options":{"image_generator_settings":{"template":"highway","enabled":false},"version":2}},"categories":[3],"tags":[],"class_list":["post-4863","post","type-post","status-publish","format-standard","has-post-thumbnail","hentry","category-autoescuela"],"wppr_data":[],"jetpack_publicize_connections":[],"yoast_head":"<!-- This site is optimized with the Yoast SEO plugin v24.7 - https:\/\/yoast.com\/wordpress\/plugins\/seo\/ -->\n<title>Fechas en las que tr\u00e1fico no examina seg\u00fan la provincia<\/title>\n<meta name=\"description\" content=\"Como ya sab\u00e9is en verano las Jefaturas Provinciales de Tr\u00e1fico se dan un descanso y no se realizan ex\u00e1menes de conducir.\" \/>\n<meta name=\"robots\" content=\"index, follow, max-snippet:-1, max-image-preview:large, max-video-preview:-1\" \/>\n<link rel=\"canonical\" href=\"https:\/\/www.blogdelaautoescuela.com\/blog\/fechas-en-las-que-trafico-no-examina-segun-la-provincia\/\" \/>\n<meta property=\"og:locale\" content=\"es_ES\" \/>\n<meta property=\"og:type\" content=\"article\" \/>\n<meta property=\"og:title\" content=\"Fechas en las que tr\u00e1fico no examina seg\u00fan la provincia\" \/>\n<meta property=\"og:description\" content=\"Como ya sab\u00e9is en verano las Jefaturas Provinciales de Tr\u00e1fico se dan un descanso y no se realizan ex\u00e1menes de conducir.\" \/>\n<meta property=\"og:url\" content=\"https:\/\/www.blogdelaautoescuela.com\/blog\/fechas-en-las-que-trafico-no-examina-segun-la-provincia\/\" \/>\n<meta property=\"og:site_name\" content=\"Blog de la autoescuela\" \/>\n<meta property=\"article:author\" content=\"https:\/\/www.facebook.com\/blogdelaautoescuela\" \/>\n<meta property=\"article:published_time\" content=\"2010-06-30T10:15:04+00:00\" \/>\n<meta property=\"og:image\" content=\"https:\/\/www.blogdelaautoescuela.com\/blog\/wp-content\/uploads\/2009\/07\/cerrado_por_vacaciones1.jpg\" \/>\n\t<meta property=\"og:image:width\" content=\"400\" \/>\n\t<meta property=\"og:image:height\" content=\"310\" \/>\n\t<meta property=\"og:image:type\" content=\"image\/jpeg\" \/>\n<meta name=\"author\" content=\"usr_blogauto\" \/>\n<meta name=\"twitter:label1\" content=\"Escrito por\" \/>\n\t<meta name=\"twitter:data1\" content=\"usr_blogauto\" \/>\n\t<meta name=\"twitter:label2\" content=\"Tiempo de lectura\" \/>\n\t<meta name=\"twitter:data2\" content=\"4 minutos\" \/>\n<script type=\"application\/ld+json\" class=\"yoast-schema-graph\">{\"@context\":\"https:\/\/schema.org\",\"@graph\":[{\"@type\":\"WebPage\",\"@id\":\"https:\/\/www.blogdelaautoescuela.com\/blog\/fechas-en-las-que-trafico-no-examina-segun-la-provincia\/\",\"url\":\"https:\/\/www.blogdelaautoescuela.com\/blog\/fechas-en-las-que-trafico-no-examina-segun-la-provincia\/\",\"name\":\"Fechas en las que tr\u00e1fico no examina seg\u00fan la provincia\",\"isPartOf\":{\"@id\":\"https:\/\/www.blogdelaautoescuela.com\/blog\/#website\"},\"primaryImageOfPage\":{\"@id\":\"https:\/\/www.blogdelaautoescuela.com\/blog\/fechas-en-las-que-trafico-no-examina-segun-la-provincia\/#primaryimage\"},\"image\":{\"@id\":\"https:\/\/www.blogdelaautoescuela.com\/blog\/fechas-en-las-que-trafico-no-examina-segun-la-provincia\/#primaryimage\"},\"thumbnailUrl\":\"https:\/\/www.blogdelaautoescuela.com\/blog\/wp-content\/uploads\/2009\/07\/cerrado_por_vacaciones1.jpg\",\"datePublished\":\"2010-06-30T10:15:04+00:00\",\"author\":{\"@id\":\"https:\/\/www.blogdelaautoescuela.com\/blog\/#\/schema\/person\/f209a64ca5dfe74b9acb6317240e792f\"},\"description\":\"Como ya sab\u00e9is en verano las Jefaturas Provinciales de Tr\u00e1fico se dan un descanso y no se realizan ex\u00e1menes de conducir.\",\"breadcrumb\":{\"@id\":\"https:\/\/www.blogdelaautoescuela.com\/blog\/fechas-en-las-que-trafico-no-examina-segun-la-provincia\/#breadcrumb\"},\"inLanguage\":\"es\",\"potentialAction\":[{\"@type\":\"ReadAction\",\"target\":[\"https:\/\/www.blogdelaautoescuela.com\/blog\/fechas-en-las-que-trafico-no-examina-segun-la-provincia\/\"]}]},{\"@type\":\"ImageObject\",\"inLanguage\":\"es\",\"@id\":\"https:\/\/www.blogdelaautoescuela.com\/blog\/fechas-en-las-que-trafico-no-examina-segun-la-provincia\/#primaryimage\",\"url\":\"https:\/\/www.blogdelaautoescuela.com\/blog\/wp-content\/uploads\/2009\/07\/cerrado_por_vacaciones1.jpg\",\"contentUrl\":\"https:\/\/www.blogdelaautoescuela.com\/blog\/wp-content\/uploads\/2009\/07\/cerrado_por_vacaciones1.jpg\",\"width\":400,\"height\":310},{\"@type\":\"BreadcrumbList\",\"@id\":\"https:\/\/www.blogdelaautoescuela.com\/blog\/fechas-en-las-que-trafico-no-examina-segun-la-provincia\/#breadcrumb\",\"itemListElement\":[{\"@type\":\"ListItem\",\"position\":1,\"name\":\"Portada\",\"item\":\"https:\/\/www.blogdelaautoescuela.com\/blog\/\"},{\"@type\":\"ListItem\",\"position\":2,\"name\":\"Fechas en las que tr\u00e1fico no examina seg\u00fan la provincia\"}]},{\"@type\":\"WebSite\",\"@id\":\"https:\/\/www.blogdelaautoescuela.com\/blog\/#website\",\"url\":\"https:\/\/www.blogdelaautoescuela.com\/blog\/\",\"name\":\"Blog de la autoescuela\",\"description\":\"Noticias sobre autoescuelas y seguridad vial\",\"potentialAction\":[{\"@type\":\"SearchAction\",\"target\":{\"@type\":\"EntryPoint\",\"urlTemplate\":\"https:\/\/www.blogdelaautoescuela.com\/blog\/?s={search_term_string}\"},\"query-input\":{\"@type\":\"PropertyValueSpecification\",\"valueRequired\":true,\"valueName\":\"search_term_string\"}}],\"inLanguage\":\"es\"},{\"@type\":\"Person\",\"@id\":\"https:\/\/www.blogdelaautoescuela.com\/blog\/#\/schema\/person\/f209a64ca5dfe74b9acb6317240e792f\",\"name\":\"usr_blogauto\",\"image\":{\"@type\":\"ImageObject\",\"inLanguage\":\"es\",\"@id\":\"https:\/\/www.blogdelaautoescuela.com\/blog\/#\/schema\/person\/image\/\",\"url\":\"https:\/\/secure.gravatar.com\/avatar\/d3939d4ea521ac8421c86d2980321cc9?s=96&d=mm&r=g\",\"contentUrl\":\"https:\/\/secure.gravatar.com\/avatar\/d3939d4ea521ac8421c86d2980321cc9?s=96&d=mm&r=g\",\"caption\":\"usr_blogauto\"},\"description\":\"Blog dedicado a la conducci\u00f3n, las autoescuelas y la seguridad vial. Est\u00e1 creado por un grupo de profesionales de la formaci\u00f3n vial que comparten inquietudes y experiencias. Aqu\u00ed\u00ad podr\u00e1s encontrar informaci\u00f3n variada sobre el d\u00ed\u00ada a d\u00ed\u00ada de la autoescuela, ex\u00e1menes, test o novedades y consejos para una conducci\u00f3n m\u00e1s segura.\",\"sameAs\":[\"http:\/\/www.blogdelaautoescuela.com\/\",\"https:\/\/www.facebook.com\/blogdelaautoescuela\",\"https:\/\/x.com\/autoescuelas\"],\"url\":\"https:\/\/www.blogdelaautoescuela.com\/blog\/author\/usr_blogauto\/\"}]}<\/script>\n<!-- \/ Yoast SEO plugin. -->","yoast_head_json":{"title":"Fechas en las que tr\u00e1fico no examina seg\u00fan la provincia","description":"Como ya sab\u00e9is en verano las Jefaturas Provinciales de Tr\u00e1fico se dan un descanso y no se realizan ex\u00e1menes de conducir.","robots":{"index":"index","follow":"follow","max-snippet":"max-snippet:-1","max-image-preview":"max-image-preview:large","max-video-preview":"max-video-preview:-1"},"canonical":"https:\/\/www.blogdelaautoescuela.com\/blog\/fechas-en-las-que-trafico-no-examina-segun-la-provincia\/","og_locale":"es_ES","og_type":"article","og_title":"Fechas en las que tr\u00e1fico no examina seg\u00fan la provincia","og_description":"Como ya sab\u00e9is en verano las Jefaturas Provinciales de Tr\u00e1fico se dan un descanso y no se realizan ex\u00e1menes de conducir.","og_url":"https:\/\/www.blogdelaautoescuela.com\/blog\/fechas-en-las-que-trafico-no-examina-segun-la-provincia\/","og_site_name":"Blog de la autoescuela","article_author":"https:\/\/www.facebook.com\/blogdelaautoescuela","article_published_time":"2010-06-30T10:15:04+00:00","og_image":[{"width":400,"height":310,"url":"https:\/\/www.blogdelaautoescuela.com\/blog\/wp-content\/uploads\/2009\/07\/cerrado_por_vacaciones1.jpg","type":"image\/jpeg"}],"author":"usr_blogauto","twitter_misc":{"Escrito por":"usr_blogauto","Tiempo de lectura":"4 minutos"},"schema":{"@context":"https:\/\/schema.org","@graph":[{"@type":"WebPage","@id":"https:\/\/www.blogdelaautoescuela.com\/blog\/fechas-en-las-que-trafico-no-examina-segun-la-provincia\/","url":"https:\/\/www.blogdelaautoescuela.com\/blog\/fechas-en-las-que-trafico-no-examina-segun-la-provincia\/","name":"Fechas en las que tr\u00e1fico no examina seg\u00fan la provincia","isPartOf":{"@id":"https:\/\/www.blogdelaautoescuela.com\/blog\/#website"},"primaryImageOfPage":{"@id":"https:\/\/www.blogdelaautoescuela.com\/blog\/fechas-en-las-que-trafico-no-examina-segun-la-provincia\/#primaryimage"},"image":{"@id":"https:\/\/www.blogdelaautoescuela.com\/blog\/fechas-en-las-que-trafico-no-examina-segun-la-provincia\/#primaryimage"},"thumbnailUrl":"https:\/\/www.blogdelaautoescuela.com\/blog\/wp-content\/uploads\/2009\/07\/cerrado_por_vacaciones1.jpg","datePublished":"2010-06-30T10:15:04+00:00","author":{"@id":"https:\/\/www.blogdelaautoescuela.com\/blog\/#\/schema\/person\/f209a64ca5dfe74b9acb6317240e792f"},"description":"Como ya sab\u00e9is en verano las Jefaturas Provinciales de Tr\u00e1fico se dan un descanso y no se realizan ex\u00e1menes de conducir.","breadcrumb":{"@id":"https:\/\/www.blogdelaautoescuela.com\/blog\/fechas-en-las-que-trafico-no-examina-segun-la-provincia\/#breadcrumb"},"inLanguage":"es","potentialAction":[{"@type":"ReadAction","target":["https:\/\/www.blogdelaautoescuela.com\/blog\/fechas-en-las-que-trafico-no-examina-segun-la-provincia\/"]}]},{"@type":"ImageObject","inLanguage":"es","@id":"https:\/\/www.blogdelaautoescuela.com\/blog\/fechas-en-las-que-trafico-no-examina-segun-la-provincia\/#primaryimage","url":"https:\/\/www.blogdelaautoescuela.com\/blog\/wp-content\/uploads\/2009\/07\/cerrado_por_vacaciones1.jpg","contentUrl":"https:\/\/www.blogdelaautoescuela.com\/blog\/wp-content\/uploads\/2009\/07\/cerrado_por_vacaciones1.jpg","width":400,"height":310},{"@type":"BreadcrumbList","@id":"https:\/\/www.blogdelaautoescuela.com\/blog\/fechas-en-las-que-trafico-no-examina-segun-la-provincia\/#breadcrumb","itemListElement":[{"@type":"ListItem","position":1,"name":"Portada","item":"https:\/\/www.blogdelaautoescuela.com\/blog\/"},{"@type":"ListItem","position":2,"name":"Fechas en las que tr\u00e1fico no examina seg\u00fan la provincia"}]},{"@type":"WebSite","@id":"https:\/\/www.blogdelaautoescuela.com\/blog\/#website","url":"https:\/\/www.blogdelaautoescuela.com\/blog\/","name":"Blog de la autoescuela","description":"Noticias sobre autoescuelas y seguridad vial","potentialAction":[{"@type":"SearchAction","target":{"@type":"EntryPoint","urlTemplate":"https:\/\/www.blogdelaautoescuela.com\/blog\/?s={search_term_string}"},"query-input":{"@type":"PropertyValueSpecification","valueRequired":true,"valueName":"search_term_string"}}],"inLanguage":"es"},{"@type":"Person","@id":"https:\/\/www.blogdelaautoescuela.com\/blog\/#\/schema\/person\/f209a64ca5dfe74b9acb6317240e792f","name":"usr_blogauto","image":{"@type":"ImageObject","inLanguage":"es","@id":"https:\/\/www.blogdelaautoescuela.com\/blog\/#\/schema\/person\/image\/","url":"https:\/\/secure.gravatar.com\/avatar\/d3939d4ea521ac8421c86d2980321cc9?s=96&d=mm&r=g","contentUrl":"https:\/\/secure.gravatar.com\/avatar\/d3939d4ea521ac8421c86d2980321cc9?s=96&d=mm&r=g","caption":"usr_blogauto"},"description":"Blog dedicado a la conducci\u00f3n, las autoescuelas y la seguridad vial. Est\u00e1 creado por un grupo de profesionales de la formaci\u00f3n vial que comparten inquietudes y experiencias. Aqu\u00ed\u00ad podr\u00e1s encontrar informaci\u00f3n variada sobre el d\u00ed\u00ada a d\u00ed\u00ada de la autoescuela, ex\u00e1menes, test o novedades y consejos para una conducci\u00f3n m\u00e1s segura.","sameAs":["http:\/\/www.blogdelaautoescuela.com\/","https:\/\/www.facebook.com\/blogdelaautoescuela","https:\/\/x.com\/autoescuelas"],"url":"https:\/\/www.blogdelaautoescuela.com\/blog\/author\/usr_blogauto\/"}]}},"jetpack_featured_media_url":"https:\/\/www.blogdelaautoescuela.com\/blog\/wp-content\/uploads\/2009\/07\/cerrado_por_vacaciones1.jpg","_links":{"self":[{"href":"https:\/\/www.blogdelaautoescuela.com\/blog\/wp-json\/wp\/v2\/posts\/4863","targetHints":{"allow":["GET"]}}],"collection":[{"href":"https:\/\/www.blogdelaautoescuela.com\/blog\/wp-json\/wp\/v2\/posts"}],"about":[{"href":"https:\/\/www.blogdelaautoescuela.com\/blog\/wp-json\/wp\/v2\/types\/post"}],"author":[{"embeddable":true,"href":"https:\/\/www.blogdelaautoescuela.com\/blog\/wp-json\/wp\/v2\/users\/1"}],"replies":[{"embeddable":true,"href":"https:\/\/www.blogdelaautoescuela.com\/blog\/wp-json\/wp\/v2\/comments?post=4863"}],"version-history":[{"count":0,"href":"https:\/\/www.blogdelaautoescuela.com\/blog\/wp-json\/wp\/v2\/posts\/4863\/revisions"}],"wp:featuredmedia":[{"embeddable":true,"href":"https:\/\/www.blogdelaautoescuela.com\/blog\/wp-json\/wp\/v2\/media\/1659"}],"wp:attachment":[{"href":"https:\/\/www.blogdelaautoescuela.com\/blog\/wp-json\/wp\/v2\/media?parent=4863"}],"wp:term":[{"taxonomy":"category","embeddable":true,"href":"https:\/\/www.blogdelaautoescuela.com\/blog\/wp-json\/wp\/v2\/categories?post=4863"},{"taxonomy":"post_tag","embeddable":true,"href":"https:\/\/www.blogdelaautoescuela.com\/blog\/wp-json\/wp\/v2\/tags?post=4863"}],"curies":[{"name":"wp","href":"https:\/\/api.w.org\/{rel}","templated":true}]}}