
{"id":4836,"date":"2010-06-25T12:29:26","date_gmt":"2010-06-25T10:29:26","guid":{"rendered":"http:\/\/www.blogdelaautoescuela.com\/blog\/?p=4836"},"modified":"2010-06-25T12:29:26","modified_gmt":"2010-06-25T10:29:26","slug":"el-20-de-julio-tendra-lugar-el-primer-examen-de-conducir-en-las-prisiones","status":"publish","type":"post","link":"https:\/\/www.blogdelaautoescuela.com\/blog\/el-20-de-julio-tendra-lugar-el-primer-examen-de-conducir-en-las-prisiones\/","title":{"rendered":"El 20 de julio tendr\u00e1 lugar el primer examen de conducir en las prisiones"},"content":{"rendered":"<p style=\"text-align: center;\"><img loading=\"lazy\" decoding=\"async\" class=\"size-full wp-image-1198 aligncenter\" title=\"curso-presos\" src=\"http:\/\/www.blogdelaautoescuela.com\/blog\/wp-content\/uploads\/2009\/05\/curso-presos.jpg\" alt=\"curso-presos\" width=\"400\" height=\"306\" \/><\/p>\n<p>El pr\u00f3ximo <strong>20 de julio<\/strong> tendr\u00e1 lugar un <strong>examen te\u00f3rico del permiso B<\/strong> muy especial, se trata del primer examen en el que participar\u00e1n <strong>presos acogidos al programa de universalizaci\u00f3n de la educaci\u00f3n vial en los centros penitenciarios.<\/strong><\/p>\n<p>Que este examen sea posible es gracias al acuerdo alcanzado en el pasado mes de febrero entre la <strong>Secretar\u00ed\u00ada de Instituciones Penitenciarias y la Confederaci\u00f3n Nacional de Autoescuelas (CNAE)<\/strong>, por el que las autoescueas adscritas a la CNAE est\u00e1n siendo las encargadas de impartir las clases en las prisiones espa\u00f1olas de forma totalmente gratuita.<\/p>\n<p>Seg\u00fan el <a href=\"http:\/\/www.blogdelaautoescuela.com\/blog\/los-presos-podran-sacarse-el-permiso-de-conducir-en-la-carcel\/\">acuerdo alcanzado entre Instituciones Penitenciarias y la CNAE <\/a>en cada una de las prisiones participantes se impartir\u00ed\u00adan <strong>3 cursos anuales de 25 horas<\/strong>, siempre que haya un m\u00ed\u00adnimo de 10 alumnos por curso, y estos cursos est\u00e1n empezando a dar sus resultados porque <strong>los primeros reclusos que se han acogido al programa ya est\u00e1n ultimando su preparaci\u00f3n antes del examen.<\/strong><\/p>\n<p>Si consiguen superar este examen te\u00f3rico los alumnos comenzar\u00e1n con su <strong>preparaci\u00f3n pr\u00e1ctica<\/strong> y llevaran a cabo sus clases <strong>fuera de la c\u00e1rcel.<\/strong><\/p>\n<p>Actualmente en esta iniciativa est\u00e1n participando 15 centros penitenciarios, pero en breve ser\u00e1n 68 las prisiones de nuestro pa\u00ed\u00ads en las que sus reclusos podr\u00e1n sacarse el permiso de conducir.<\/p>\n","protected":false},"excerpt":{"rendered":"<p>El pr\u00f3ximo 20 de julio tendr\u00e1 lugar un examen te\u00f3rico del permiso B muy especial, se trata del primer examen en el que participar\u00e1n presos acogidos al programa de universalizaci\u00f3n de la educaci\u00f3n vial en los centros penitenciarios. Que este examen sea posible es gracias al acuerdo alcanzado en el pasado mes de febrero entre [&hellip;]<\/p>\n","protected":false},"author":1,"featured_media":1198,"comment_status":"open","ping_status":"closed","sticky":false,"template":"","format":"standard","meta":{"footnotes":"","jetpack_publicize_message":"","jetpack_publicize_feature_enabled":true,"jetpack_social_post_already_shared":false,"jetpack_social_options":{"image_generator_settings":{"template":"highway","enabled":false},"version":2}},"categories":[3,12,19],"tags":[270,648,1678],"class_list":["post-4836","post","type-post","status-publish","format-standard","has-post-thumbnail","hentry","category-autoescuela","category-noticias","category-seguridad-vial","tag-carnet-de-conducir","tag-formacion-vial","tag-seguridad-vial"],"wppr_data":[],"jetpack_publicize_connections":[],"yoast_head":"<!-- This site is optimized with the Yoast SEO plugin v24.7 - https:\/\/yoast.com\/wordpress\/plugins\/seo\/ -->\n<title>El 20 de julio tendr\u00e1 lugar el primer examen de conducir en las prisiones<\/title>\n<meta name=\"description\" content=\"El pr\u00f3ximo 20 de julio tendr\u00e1 lugarel primer examen en el que participar\u00e1n presos acogidos al programa de universalizaci\u00f3n de la educaci\u00f3n vial en los centros penitenciarios\" \/>\n<meta name=\"robots\" content=\"index, follow, max-snippet:-1, max-image-preview:large, max-video-preview:-1\" \/>\n<link rel=\"canonical\" href=\"https:\/\/www.blogdelaautoescuela.com\/blog\/el-20-de-julio-tendra-lugar-el-primer-examen-de-conducir-en-las-prisiones\/\" \/>\n<meta property=\"og:locale\" content=\"es_ES\" \/>\n<meta property=\"og:type\" content=\"article\" \/>\n<meta property=\"og:title\" content=\"El 20 de julio tendr\u00e1 lugar el primer examen de conducir en las prisiones\" \/>\n<meta property=\"og:description\" content=\"El pr\u00f3ximo 20 de julio tendr\u00e1 lugarel primer examen en el que participar\u00e1n presos acogidos al programa de universalizaci\u00f3n de la educaci\u00f3n vial en los centros penitenciarios\" \/>\n<meta property=\"og:url\" content=\"https:\/\/www.blogdelaautoescuela.com\/blog\/el-20-de-julio-tendra-lugar-el-primer-examen-de-conducir-en-las-prisiones\/\" \/>\n<meta property=\"og:site_name\" content=\"Blog de la autoescuela\" \/>\n<meta property=\"article:author\" content=\"https:\/\/www.facebook.com\/blogdelaautoescuela\" \/>\n<meta property=\"article:published_time\" content=\"2010-06-25T10:29:26+00:00\" \/>\n<meta property=\"og:image\" content=\"https:\/\/www.blogdelaautoescuela.com\/blog\/wp-content\/uploads\/2009\/05\/curso-presos1.jpg\" \/>\n\t<meta property=\"og:image:width\" content=\"400\" \/>\n\t<meta property=\"og:image:height\" content=\"306\" \/>\n\t<meta property=\"og:image:type\" content=\"image\/jpeg\" \/>\n<meta name=\"author\" content=\"usr_blogauto\" \/>\n<meta name=\"twitter:label1\" content=\"Escrito por\" \/>\n\t<meta name=\"twitter:data1\" content=\"usr_blogauto\" \/>\n\t<meta name=\"twitter:label2\" content=\"Tiempo de lectura\" \/>\n\t<meta name=\"twitter:data2\" content=\"1 minuto\" \/>\n<script type=\"application\/ld+json\" class=\"yoast-schema-graph\">{\"@context\":\"https:\/\/schema.org\",\"@graph\":[{\"@type\":\"WebPage\",\"@id\":\"https:\/\/www.blogdelaautoescuela.com\/blog\/el-20-de-julio-tendra-lugar-el-primer-examen-de-conducir-en-las-prisiones\/\",\"url\":\"https:\/\/www.blogdelaautoescuela.com\/blog\/el-20-de-julio-tendra-lugar-el-primer-examen-de-conducir-en-las-prisiones\/\",\"name\":\"El 20 de julio tendr\u00e1 lugar el primer examen de conducir en las prisiones\",\"isPartOf\":{\"@id\":\"https:\/\/www.blogdelaautoescuela.com\/blog\/#website\"},\"primaryImageOfPage\":{\"@id\":\"https:\/\/www.blogdelaautoescuela.com\/blog\/el-20-de-julio-tendra-lugar-el-primer-examen-de-conducir-en-las-prisiones\/#primaryimage\"},\"image\":{\"@id\":\"https:\/\/www.blogdelaautoescuela.com\/blog\/el-20-de-julio-tendra-lugar-el-primer-examen-de-conducir-en-las-prisiones\/#primaryimage\"},\"thumbnailUrl\":\"https:\/\/www.blogdelaautoescuela.com\/blog\/wp-content\/uploads\/2009\/05\/curso-presos1.jpg\",\"datePublished\":\"2010-06-25T10:29:26+00:00\",\"author\":{\"@id\":\"https:\/\/www.blogdelaautoescuela.com\/blog\/#\/schema\/person\/f209a64ca5dfe74b9acb6317240e792f\"},\"description\":\"El pr\u00f3ximo 20 de julio tendr\u00e1 lugarel primer examen en el que participar\u00e1n presos acogidos al programa de universalizaci\u00f3n de la educaci\u00f3n vial en los centros penitenciarios\",\"breadcrumb\":{\"@id\":\"https:\/\/www.blogdelaautoescuela.com\/blog\/el-20-de-julio-tendra-lugar-el-primer-examen-de-conducir-en-las-prisiones\/#breadcrumb\"},\"inLanguage\":\"es\",\"potentialAction\":[{\"@type\":\"ReadAction\",\"target\":[\"https:\/\/www.blogdelaautoescuela.com\/blog\/el-20-de-julio-tendra-lugar-el-primer-examen-de-conducir-en-las-prisiones\/\"]}]},{\"@type\":\"ImageObject\",\"inLanguage\":\"es\",\"@id\":\"https:\/\/www.blogdelaautoescuela.com\/blog\/el-20-de-julio-tendra-lugar-el-primer-examen-de-conducir-en-las-prisiones\/#primaryimage\",\"url\":\"https:\/\/www.blogdelaautoescuela.com\/blog\/wp-content\/uploads\/2009\/05\/curso-presos1.jpg\",\"contentUrl\":\"https:\/\/www.blogdelaautoescuela.com\/blog\/wp-content\/uploads\/2009\/05\/curso-presos1.jpg\",\"width\":400,\"height\":306},{\"@type\":\"BreadcrumbList\",\"@id\":\"https:\/\/www.blogdelaautoescuela.com\/blog\/el-20-de-julio-tendra-lugar-el-primer-examen-de-conducir-en-las-prisiones\/#breadcrumb\",\"itemListElement\":[{\"@type\":\"ListItem\",\"position\":1,\"name\":\"Portada\",\"item\":\"https:\/\/www.blogdelaautoescuela.com\/blog\/\"},{\"@type\":\"ListItem\",\"position\":2,\"name\":\"El 20 de julio tendr\u00e1 lugar el primer examen de conducir en las prisiones\"}]},{\"@type\":\"WebSite\",\"@id\":\"https:\/\/www.blogdelaautoescuela.com\/blog\/#website\",\"url\":\"https:\/\/www.blogdelaautoescuela.com\/blog\/\",\"name\":\"Blog de la autoescuela\",\"description\":\"Noticias sobre autoescuelas y seguridad vial\",\"potentialAction\":[{\"@type\":\"SearchAction\",\"target\":{\"@type\":\"EntryPoint\",\"urlTemplate\":\"https:\/\/www.blogdelaautoescuela.com\/blog\/?s={search_term_string}\"},\"query-input\":{\"@type\":\"PropertyValueSpecification\",\"valueRequired\":true,\"valueName\":\"search_term_string\"}}],\"inLanguage\":\"es\"},{\"@type\":\"Person\",\"@id\":\"https:\/\/www.blogdelaautoescuela.com\/blog\/#\/schema\/person\/f209a64ca5dfe74b9acb6317240e792f\",\"name\":\"usr_blogauto\",\"image\":{\"@type\":\"ImageObject\",\"inLanguage\":\"es\",\"@id\":\"https:\/\/www.blogdelaautoescuela.com\/blog\/#\/schema\/person\/image\/\",\"url\":\"https:\/\/secure.gravatar.com\/avatar\/d3939d4ea521ac8421c86d2980321cc9?s=96&d=mm&r=g\",\"contentUrl\":\"https:\/\/secure.gravatar.com\/avatar\/d3939d4ea521ac8421c86d2980321cc9?s=96&d=mm&r=g\",\"caption\":\"usr_blogauto\"},\"description\":\"Blog dedicado a la conducci\u00f3n, las autoescuelas y la seguridad vial. Est\u00e1 creado por un grupo de profesionales de la formaci\u00f3n vial que comparten inquietudes y experiencias. Aqu\u00ed\u00ad podr\u00e1s encontrar informaci\u00f3n variada sobre el d\u00ed\u00ada a d\u00ed\u00ada de la autoescuela, ex\u00e1menes, test o novedades y consejos para una conducci\u00f3n m\u00e1s segura.\",\"sameAs\":[\"http:\/\/www.blogdelaautoescuela.com\/\",\"https:\/\/www.facebook.com\/blogdelaautoescuela\",\"https:\/\/x.com\/autoescuelas\"],\"url\":\"https:\/\/www.blogdelaautoescuela.com\/blog\/author\/usr_blogauto\/\"}]}<\/script>\n<!-- \/ Yoast SEO plugin. -->","yoast_head_json":{"title":"El 20 de julio tendr\u00e1 lugar el primer examen de conducir en las prisiones","description":"El pr\u00f3ximo 20 de julio tendr\u00e1 lugarel primer examen en el que participar\u00e1n presos acogidos al programa de universalizaci\u00f3n de la educaci\u00f3n vial en los centros penitenciarios","robots":{"index":"index","follow":"follow","max-snippet":"max-snippet:-1","max-image-preview":"max-image-preview:large","max-video-preview":"max-video-preview:-1"},"canonical":"https:\/\/www.blogdelaautoescuela.com\/blog\/el-20-de-julio-tendra-lugar-el-primer-examen-de-conducir-en-las-prisiones\/","og_locale":"es_ES","og_type":"article","og_title":"El 20 de julio tendr\u00e1 lugar el primer examen de conducir en las prisiones","og_description":"El pr\u00f3ximo 20 de julio tendr\u00e1 lugarel primer examen en el que participar\u00e1n presos acogidos al programa de universalizaci\u00f3n de la educaci\u00f3n vial en los centros penitenciarios","og_url":"https:\/\/www.blogdelaautoescuela.com\/blog\/el-20-de-julio-tendra-lugar-el-primer-examen-de-conducir-en-las-prisiones\/","og_site_name":"Blog de la autoescuela","article_author":"https:\/\/www.facebook.com\/blogdelaautoescuela","article_published_time":"2010-06-25T10:29:26+00:00","og_image":[{"width":400,"height":306,"url":"https:\/\/www.blogdelaautoescuela.com\/blog\/wp-content\/uploads\/2009\/05\/curso-presos1.jpg","type":"image\/jpeg"}],"author":"usr_blogauto","twitter_misc":{"Escrito por":"usr_blogauto","Tiempo de lectura":"1 minuto"},"schema":{"@context":"https:\/\/schema.org","@graph":[{"@type":"WebPage","@id":"https:\/\/www.blogdelaautoescuela.com\/blog\/el-20-de-julio-tendra-lugar-el-primer-examen-de-conducir-en-las-prisiones\/","url":"https:\/\/www.blogdelaautoescuela.com\/blog\/el-20-de-julio-tendra-lugar-el-primer-examen-de-conducir-en-las-prisiones\/","name":"El 20 de julio tendr\u00e1 lugar el primer examen de conducir en las prisiones","isPartOf":{"@id":"https:\/\/www.blogdelaautoescuela.com\/blog\/#website"},"primaryImageOfPage":{"@id":"https:\/\/www.blogdelaautoescuela.com\/blog\/el-20-de-julio-tendra-lugar-el-primer-examen-de-conducir-en-las-prisiones\/#primaryimage"},"image":{"@id":"https:\/\/www.blogdelaautoescuela.com\/blog\/el-20-de-julio-tendra-lugar-el-primer-examen-de-conducir-en-las-prisiones\/#primaryimage"},"thumbnailUrl":"https:\/\/www.blogdelaautoescuela.com\/blog\/wp-content\/uploads\/2009\/05\/curso-presos1.jpg","datePublished":"2010-06-25T10:29:26+00:00","author":{"@id":"https:\/\/www.blogdelaautoescuela.com\/blog\/#\/schema\/person\/f209a64ca5dfe74b9acb6317240e792f"},"description":"El pr\u00f3ximo 20 de julio tendr\u00e1 lugarel primer examen en el que participar\u00e1n presos acogidos al programa de universalizaci\u00f3n de la educaci\u00f3n vial en los centros penitenciarios","breadcrumb":{"@id":"https:\/\/www.blogdelaautoescuela.com\/blog\/el-20-de-julio-tendra-lugar-el-primer-examen-de-conducir-en-las-prisiones\/#breadcrumb"},"inLanguage":"es","potentialAction":[{"@type":"ReadAction","target":["https:\/\/www.blogdelaautoescuela.com\/blog\/el-20-de-julio-tendra-lugar-el-primer-examen-de-conducir-en-las-prisiones\/"]}]},{"@type":"ImageObject","inLanguage":"es","@id":"https:\/\/www.blogdelaautoescuela.com\/blog\/el-20-de-julio-tendra-lugar-el-primer-examen-de-conducir-en-las-prisiones\/#primaryimage","url":"https:\/\/www.blogdelaautoescuela.com\/blog\/wp-content\/uploads\/2009\/05\/curso-presos1.jpg","contentUrl":"https:\/\/www.blogdelaautoescuela.com\/blog\/wp-content\/uploads\/2009\/05\/curso-presos1.jpg","width":400,"height":306},{"@type":"BreadcrumbList","@id":"https:\/\/www.blogdelaautoescuela.com\/blog\/el-20-de-julio-tendra-lugar-el-primer-examen-de-conducir-en-las-prisiones\/#breadcrumb","itemListElement":[{"@type":"ListItem","position":1,"name":"Portada","item":"https:\/\/www.blogdelaautoescuela.com\/blog\/"},{"@type":"ListItem","position":2,"name":"El 20 de julio tendr\u00e1 lugar el primer examen de conducir en las prisiones"}]},{"@type":"WebSite","@id":"https:\/\/www.blogdelaautoescuela.com\/blog\/#website","url":"https:\/\/www.blogdelaautoescuela.com\/blog\/","name":"Blog de la autoescuela","description":"Noticias sobre autoescuelas y seguridad vial","potentialAction":[{"@type":"SearchAction","target":{"@type":"EntryPoint","urlTemplate":"https:\/\/www.blogdelaautoescuela.com\/blog\/?s={search_term_string}"},"query-input":{"@type":"PropertyValueSpecification","valueRequired":true,"valueName":"search_term_string"}}],"inLanguage":"es"},{"@type":"Person","@id":"https:\/\/www.blogdelaautoescuela.com\/blog\/#\/schema\/person\/f209a64ca5dfe74b9acb6317240e792f","name":"usr_blogauto","image":{"@type":"ImageObject","inLanguage":"es","@id":"https:\/\/www.blogdelaautoescuela.com\/blog\/#\/schema\/person\/image\/","url":"https:\/\/secure.gravatar.com\/avatar\/d3939d4ea521ac8421c86d2980321cc9?s=96&d=mm&r=g","contentUrl":"https:\/\/secure.gravatar.com\/avatar\/d3939d4ea521ac8421c86d2980321cc9?s=96&d=mm&r=g","caption":"usr_blogauto"},"description":"Blog dedicado a la conducci\u00f3n, las autoescuelas y la seguridad vial. Est\u00e1 creado por un grupo de profesionales de la formaci\u00f3n vial que comparten inquietudes y experiencias. Aqu\u00ed\u00ad podr\u00e1s encontrar informaci\u00f3n variada sobre el d\u00ed\u00ada a d\u00ed\u00ada de la autoescuela, ex\u00e1menes, test o novedades y consejos para una conducci\u00f3n m\u00e1s segura.","sameAs":["http:\/\/www.blogdelaautoescuela.com\/","https:\/\/www.facebook.com\/blogdelaautoescuela","https:\/\/x.com\/autoescuelas"],"url":"https:\/\/www.blogdelaautoescuela.com\/blog\/author\/usr_blogauto\/"}]}},"jetpack_featured_media_url":"https:\/\/www.blogdelaautoescuela.com\/blog\/wp-content\/uploads\/2009\/05\/curso-presos1.jpg","_links":{"self":[{"href":"https:\/\/www.blogdelaautoescuela.com\/blog\/wp-json\/wp\/v2\/posts\/4836","targetHints":{"allow":["GET"]}}],"collection":[{"href":"https:\/\/www.blogdelaautoescuela.com\/blog\/wp-json\/wp\/v2\/posts"}],"about":[{"href":"https:\/\/www.blogdelaautoescuela.com\/blog\/wp-json\/wp\/v2\/types\/post"}],"author":[{"embeddable":true,"href":"https:\/\/www.blogdelaautoescuela.com\/blog\/wp-json\/wp\/v2\/users\/1"}],"replies":[{"embeddable":true,"href":"https:\/\/www.blogdelaautoescuela.com\/blog\/wp-json\/wp\/v2\/comments?post=4836"}],"version-history":[{"count":0,"href":"https:\/\/www.blogdelaautoescuela.com\/blog\/wp-json\/wp\/v2\/posts\/4836\/revisions"}],"wp:featuredmedia":[{"embeddable":true,"href":"https:\/\/www.blogdelaautoescuela.com\/blog\/wp-json\/wp\/v2\/media\/1198"}],"wp:attachment":[{"href":"https:\/\/www.blogdelaautoescuela.com\/blog\/wp-json\/wp\/v2\/media?parent=4836"}],"wp:term":[{"taxonomy":"category","embeddable":true,"href":"https:\/\/www.blogdelaautoescuela.com\/blog\/wp-json\/wp\/v2\/categories?post=4836"},{"taxonomy":"post_tag","embeddable":true,"href":"https:\/\/www.blogdelaautoescuela.com\/blog\/wp-json\/wp\/v2\/tags?post=4836"}],"curies":[{"name":"wp","href":"https:\/\/api.w.org\/{rel}","templated":true}]}}