
{"id":4828,"date":"2010-06-24T11:27:34","date_gmt":"2010-06-24T09:27:34","guid":{"rendered":"http:\/\/www.blogdelaautoescuela.com\/blog\/?p=4828"},"modified":"2010-06-24T11:27:34","modified_gmt":"2010-06-24T09:27:34","slug":"manual-de-seguridad-vial-para-personas-mayores","status":"publish","type":"post","link":"https:\/\/www.blogdelaautoescuela.com\/blog\/manual-de-seguridad-vial-para-personas-mayores\/","title":{"rendered":"Manual de Seguridad Vial para Personas Mayores"},"content":{"rendered":"<p style=\"text-align: center;\"><img loading=\"lazy\" decoding=\"async\" class=\"size-full wp-image-4829 aligncenter\" title=\"manual mayores\" src=\"http:\/\/www.blogdelaautoescuela.com\/blog\/wp-content\/uploads\/2010\/06\/manual-mayores.jpg\" alt=\"manual mayores\" width=\"314\" height=\"400\" \/><\/p>\n<p>El <strong>Presidente de la Asociaci\u00f3n Provincial de Autoescuelas de C\u00e1ceres, Francisco Garc\u00ed\u00ada<\/strong>, ha escrito y publicado el<strong> libro &#8220;Manual de Seguridad Vial para Personas Mayores&#8221;.<\/strong><\/p>\n<p>Se trata de un libro en el que a trav\u00e9s de un lenguaje sencillo, ameno y \u00fatil se dan consejos y recomendaciones para<strong> prevenir los accidentes de tr\u00e1fico<\/strong> en los que se ven implicadas las <strong>personas mayores,<\/strong> adem\u00e1s para que el libro sea m\u00e1s ilustrativo contiene un gran n\u00famero de im\u00e1genes.<\/p>\n<p>El libro consta de un total 60 p\u00e1ginas y se divide en <strong>cuatro apartados<\/strong> que tratan  sobre el coche id\u00f3neo para los conductores mayores, las preucaciones que  deben tomar al volante, los medicamentos y la conducci\u00f3n y el anciano  como peat\u00f3n.<\/p>\n<p>El<strong> pr\u00f3logo<\/strong> del libro est\u00e1 escrito por <strong>Luis Montoro, catedr\u00e1tico de Seguridad Vial de la Universidad de Valencia y presidente de la Fundaci\u00f3n para la seguridad vial (FESVIAL)<\/strong>, y en \u00e9l ha querido destacar la incre\u00ed\u00adble revoluci\u00f3n que han supuesto los veh\u00ed\u00adculos a motor  con sus innumerables ventajas pero con el inconveniente de los  accidentes de tr\u00e1fico y las vidas que se pierden en ellos.<\/p>\n<p>Esperamos que este libro tenga una gran acogida y logre cumplir con su objetivo, <strong>reducir la siniestralidad en accidentes de tr\u00e1fico de las personas m\u00e1s mayores<\/strong>, que precisamente son las que tienen m\u00e1s posibilidad de morir o sufrir lesiones graves en los accidentes de tr\u00e1fico.<\/p>\n","protected":false},"excerpt":{"rendered":"<p>El Presidente de la Asociaci\u00f3n Provincial de Autoescuelas de C\u00e1ceres, Francisco Garc\u00ed\u00ada, ha escrito y publicado el libro &#8220;Manual de Seguridad Vial para Personas Mayores&#8221;. Se trata de un libro en el que a trav\u00e9s de un lenguaje sencillo, ameno y \u00fatil se dan consejos y recomendaciones para prevenir los accidentes de tr\u00e1fico en los [&hellip;]<\/p>\n","protected":false},"author":1,"featured_media":4829,"comment_status":"open","ping_status":"closed","sticky":false,"template":"","format":"standard","meta":{"footnotes":"","jetpack_publicize_message":"","jetpack_publicize_feature_enabled":true,"jetpack_social_post_already_shared":false,"jetpack_social_options":{"image_generator_settings":{"template":"highway","enabled":false},"version":2}},"categories":[12,19],"tags":[98,1678],"class_list":["post-4828","post","type-post","status-publish","format-standard","has-post-thumbnail","hentry","category-noticias","category-seguridad-vial","tag-ancianos","tag-seguridad-vial"],"wppr_data":[],"jetpack_publicize_connections":[],"yoast_head":"<!-- This site is optimized with the Yoast SEO plugin v24.7 - https:\/\/yoast.com\/wordpress\/plugins\/seo\/ -->\n<title>Manual de Seguridad Vial para Personas Mayores<\/title>\n<meta name=\"description\" content=\"El Presidente de la Asociaci\u00f3n Provincial de Autoescuelas de C\u00e1ceres, Francisco Garc\u00ed\u00ada, ha escrito el libro &quot;Manual de Seguridad Vial para Personas Mayores&quot;\" \/>\n<meta name=\"robots\" content=\"index, follow, max-snippet:-1, max-image-preview:large, max-video-preview:-1\" \/>\n<link rel=\"canonical\" href=\"https:\/\/www.blogdelaautoescuela.com\/blog\/manual-de-seguridad-vial-para-personas-mayores\/\" \/>\n<meta property=\"og:locale\" content=\"es_ES\" \/>\n<meta property=\"og:type\" content=\"article\" \/>\n<meta property=\"og:title\" content=\"Manual de Seguridad Vial para Personas Mayores\" \/>\n<meta property=\"og:description\" content=\"El Presidente de la Asociaci\u00f3n Provincial de Autoescuelas de C\u00e1ceres, Francisco Garc\u00ed\u00ada, ha escrito el libro &quot;Manual de Seguridad Vial para Personas Mayores&quot;\" \/>\n<meta property=\"og:url\" content=\"https:\/\/www.blogdelaautoescuela.com\/blog\/manual-de-seguridad-vial-para-personas-mayores\/\" \/>\n<meta property=\"og:site_name\" content=\"Blog de la autoescuela\" \/>\n<meta property=\"article:author\" content=\"https:\/\/www.facebook.com\/blogdelaautoescuela\" \/>\n<meta property=\"article:published_time\" content=\"2010-06-24T09:27:34+00:00\" \/>\n<meta property=\"og:image\" content=\"https:\/\/www.blogdelaautoescuela.com\/blog\/wp-content\/uploads\/2010\/06\/manual-mayores1.jpg\" \/>\n\t<meta property=\"og:image:width\" content=\"314\" \/>\n\t<meta property=\"og:image:height\" content=\"400\" \/>\n\t<meta property=\"og:image:type\" content=\"image\/jpeg\" \/>\n<meta name=\"author\" content=\"usr_blogauto\" \/>\n<meta name=\"twitter:label1\" content=\"Escrito por\" \/>\n\t<meta name=\"twitter:data1\" content=\"usr_blogauto\" \/>\n\t<meta name=\"twitter:label2\" content=\"Tiempo de lectura\" \/>\n\t<meta name=\"twitter:data2\" content=\"1 minuto\" \/>\n<script type=\"application\/ld+json\" class=\"yoast-schema-graph\">{\"@context\":\"https:\/\/schema.org\",\"@graph\":[{\"@type\":\"WebPage\",\"@id\":\"https:\/\/www.blogdelaautoescuela.com\/blog\/manual-de-seguridad-vial-para-personas-mayores\/\",\"url\":\"https:\/\/www.blogdelaautoescuela.com\/blog\/manual-de-seguridad-vial-para-personas-mayores\/\",\"name\":\"Manual de Seguridad Vial para Personas Mayores\",\"isPartOf\":{\"@id\":\"https:\/\/www.blogdelaautoescuela.com\/blog\/#website\"},\"primaryImageOfPage\":{\"@id\":\"https:\/\/www.blogdelaautoescuela.com\/blog\/manual-de-seguridad-vial-para-personas-mayores\/#primaryimage\"},\"image\":{\"@id\":\"https:\/\/www.blogdelaautoescuela.com\/blog\/manual-de-seguridad-vial-para-personas-mayores\/#primaryimage\"},\"thumbnailUrl\":\"https:\/\/www.blogdelaautoescuela.com\/blog\/wp-content\/uploads\/2010\/06\/manual-mayores1.jpg\",\"datePublished\":\"2010-06-24T09:27:34+00:00\",\"author\":{\"@id\":\"https:\/\/www.blogdelaautoescuela.com\/blog\/#\/schema\/person\/f209a64ca5dfe74b9acb6317240e792f\"},\"description\":\"El Presidente de la Asociaci\u00f3n Provincial de Autoescuelas de C\u00e1ceres, Francisco Garc\u00ed\u00ada, ha escrito el libro \\\"Manual de Seguridad Vial para Personas Mayores\\\"\",\"breadcrumb\":{\"@id\":\"https:\/\/www.blogdelaautoescuela.com\/blog\/manual-de-seguridad-vial-para-personas-mayores\/#breadcrumb\"},\"inLanguage\":\"es\",\"potentialAction\":[{\"@type\":\"ReadAction\",\"target\":[\"https:\/\/www.blogdelaautoescuela.com\/blog\/manual-de-seguridad-vial-para-personas-mayores\/\"]}]},{\"@type\":\"ImageObject\",\"inLanguage\":\"es\",\"@id\":\"https:\/\/www.blogdelaautoescuela.com\/blog\/manual-de-seguridad-vial-para-personas-mayores\/#primaryimage\",\"url\":\"https:\/\/www.blogdelaautoescuela.com\/blog\/wp-content\/uploads\/2010\/06\/manual-mayores1.jpg\",\"contentUrl\":\"https:\/\/www.blogdelaautoescuela.com\/blog\/wp-content\/uploads\/2010\/06\/manual-mayores1.jpg\",\"width\":314,\"height\":400},{\"@type\":\"BreadcrumbList\",\"@id\":\"https:\/\/www.blogdelaautoescuela.com\/blog\/manual-de-seguridad-vial-para-personas-mayores\/#breadcrumb\",\"itemListElement\":[{\"@type\":\"ListItem\",\"position\":1,\"name\":\"Portada\",\"item\":\"https:\/\/www.blogdelaautoescuela.com\/blog\/\"},{\"@type\":\"ListItem\",\"position\":2,\"name\":\"Manual de Seguridad Vial para Personas Mayores\"}]},{\"@type\":\"WebSite\",\"@id\":\"https:\/\/www.blogdelaautoescuela.com\/blog\/#website\",\"url\":\"https:\/\/www.blogdelaautoescuela.com\/blog\/\",\"name\":\"Blog de la autoescuela\",\"description\":\"Noticias sobre autoescuelas y seguridad vial\",\"potentialAction\":[{\"@type\":\"SearchAction\",\"target\":{\"@type\":\"EntryPoint\",\"urlTemplate\":\"https:\/\/www.blogdelaautoescuela.com\/blog\/?s={search_term_string}\"},\"query-input\":{\"@type\":\"PropertyValueSpecification\",\"valueRequired\":true,\"valueName\":\"search_term_string\"}}],\"inLanguage\":\"es\"},{\"@type\":\"Person\",\"@id\":\"https:\/\/www.blogdelaautoescuela.com\/blog\/#\/schema\/person\/f209a64ca5dfe74b9acb6317240e792f\",\"name\":\"usr_blogauto\",\"image\":{\"@type\":\"ImageObject\",\"inLanguage\":\"es\",\"@id\":\"https:\/\/www.blogdelaautoescuela.com\/blog\/#\/schema\/person\/image\/\",\"url\":\"https:\/\/secure.gravatar.com\/avatar\/d3939d4ea521ac8421c86d2980321cc9?s=96&d=mm&r=g\",\"contentUrl\":\"https:\/\/secure.gravatar.com\/avatar\/d3939d4ea521ac8421c86d2980321cc9?s=96&d=mm&r=g\",\"caption\":\"usr_blogauto\"},\"description\":\"Blog dedicado a la conducci\u00f3n, las autoescuelas y la seguridad vial. Est\u00e1 creado por un grupo de profesionales de la formaci\u00f3n vial que comparten inquietudes y experiencias. Aqu\u00ed\u00ad podr\u00e1s encontrar informaci\u00f3n variada sobre el d\u00ed\u00ada a d\u00ed\u00ada de la autoescuela, ex\u00e1menes, test o novedades y consejos para una conducci\u00f3n m\u00e1s segura.\",\"sameAs\":[\"http:\/\/www.blogdelaautoescuela.com\/\",\"https:\/\/www.facebook.com\/blogdelaautoescuela\",\"https:\/\/x.com\/autoescuelas\"],\"url\":\"https:\/\/www.blogdelaautoescuela.com\/blog\/author\/usr_blogauto\/\"}]}<\/script>\n<!-- \/ Yoast SEO plugin. -->","yoast_head_json":{"title":"Manual de Seguridad Vial para Personas Mayores","description":"El Presidente de la Asociaci\u00f3n Provincial de Autoescuelas de C\u00e1ceres, Francisco Garc\u00ed\u00ada, ha escrito el libro \"Manual de Seguridad Vial para Personas Mayores\"","robots":{"index":"index","follow":"follow","max-snippet":"max-snippet:-1","max-image-preview":"max-image-preview:large","max-video-preview":"max-video-preview:-1"},"canonical":"https:\/\/www.blogdelaautoescuela.com\/blog\/manual-de-seguridad-vial-para-personas-mayores\/","og_locale":"es_ES","og_type":"article","og_title":"Manual de Seguridad Vial para Personas Mayores","og_description":"El Presidente de la Asociaci\u00f3n Provincial de Autoescuelas de C\u00e1ceres, Francisco Garc\u00ed\u00ada, ha escrito el libro \"Manual de Seguridad Vial para Personas Mayores\"","og_url":"https:\/\/www.blogdelaautoescuela.com\/blog\/manual-de-seguridad-vial-para-personas-mayores\/","og_site_name":"Blog de la autoescuela","article_author":"https:\/\/www.facebook.com\/blogdelaautoescuela","article_published_time":"2010-06-24T09:27:34+00:00","og_image":[{"width":314,"height":400,"url":"https:\/\/www.blogdelaautoescuela.com\/blog\/wp-content\/uploads\/2010\/06\/manual-mayores1.jpg","type":"image\/jpeg"}],"author":"usr_blogauto","twitter_misc":{"Escrito por":"usr_blogauto","Tiempo de lectura":"1 minuto"},"schema":{"@context":"https:\/\/schema.org","@graph":[{"@type":"WebPage","@id":"https:\/\/www.blogdelaautoescuela.com\/blog\/manual-de-seguridad-vial-para-personas-mayores\/","url":"https:\/\/www.blogdelaautoescuela.com\/blog\/manual-de-seguridad-vial-para-personas-mayores\/","name":"Manual de Seguridad Vial para Personas Mayores","isPartOf":{"@id":"https:\/\/www.blogdelaautoescuela.com\/blog\/#website"},"primaryImageOfPage":{"@id":"https:\/\/www.blogdelaautoescuela.com\/blog\/manual-de-seguridad-vial-para-personas-mayores\/#primaryimage"},"image":{"@id":"https:\/\/www.blogdelaautoescuela.com\/blog\/manual-de-seguridad-vial-para-personas-mayores\/#primaryimage"},"thumbnailUrl":"https:\/\/www.blogdelaautoescuela.com\/blog\/wp-content\/uploads\/2010\/06\/manual-mayores1.jpg","datePublished":"2010-06-24T09:27:34+00:00","author":{"@id":"https:\/\/www.blogdelaautoescuela.com\/blog\/#\/schema\/person\/f209a64ca5dfe74b9acb6317240e792f"},"description":"El Presidente de la Asociaci\u00f3n Provincial de Autoescuelas de C\u00e1ceres, Francisco Garc\u00ed\u00ada, ha escrito el libro \"Manual de Seguridad Vial para Personas Mayores\"","breadcrumb":{"@id":"https:\/\/www.blogdelaautoescuela.com\/blog\/manual-de-seguridad-vial-para-personas-mayores\/#breadcrumb"},"inLanguage":"es","potentialAction":[{"@type":"ReadAction","target":["https:\/\/www.blogdelaautoescuela.com\/blog\/manual-de-seguridad-vial-para-personas-mayores\/"]}]},{"@type":"ImageObject","inLanguage":"es","@id":"https:\/\/www.blogdelaautoescuela.com\/blog\/manual-de-seguridad-vial-para-personas-mayores\/#primaryimage","url":"https:\/\/www.blogdelaautoescuela.com\/blog\/wp-content\/uploads\/2010\/06\/manual-mayores1.jpg","contentUrl":"https:\/\/www.blogdelaautoescuela.com\/blog\/wp-content\/uploads\/2010\/06\/manual-mayores1.jpg","width":314,"height":400},{"@type":"BreadcrumbList","@id":"https:\/\/www.blogdelaautoescuela.com\/blog\/manual-de-seguridad-vial-para-personas-mayores\/#breadcrumb","itemListElement":[{"@type":"ListItem","position":1,"name":"Portada","item":"https:\/\/www.blogdelaautoescuela.com\/blog\/"},{"@type":"ListItem","position":2,"name":"Manual de Seguridad Vial para Personas Mayores"}]},{"@type":"WebSite","@id":"https:\/\/www.blogdelaautoescuela.com\/blog\/#website","url":"https:\/\/www.blogdelaautoescuela.com\/blog\/","name":"Blog de la autoescuela","description":"Noticias sobre autoescuelas y seguridad vial","potentialAction":[{"@type":"SearchAction","target":{"@type":"EntryPoint","urlTemplate":"https:\/\/www.blogdelaautoescuela.com\/blog\/?s={search_term_string}"},"query-input":{"@type":"PropertyValueSpecification","valueRequired":true,"valueName":"search_term_string"}}],"inLanguage":"es"},{"@type":"Person","@id":"https:\/\/www.blogdelaautoescuela.com\/blog\/#\/schema\/person\/f209a64ca5dfe74b9acb6317240e792f","name":"usr_blogauto","image":{"@type":"ImageObject","inLanguage":"es","@id":"https:\/\/www.blogdelaautoescuela.com\/blog\/#\/schema\/person\/image\/","url":"https:\/\/secure.gravatar.com\/avatar\/d3939d4ea521ac8421c86d2980321cc9?s=96&d=mm&r=g","contentUrl":"https:\/\/secure.gravatar.com\/avatar\/d3939d4ea521ac8421c86d2980321cc9?s=96&d=mm&r=g","caption":"usr_blogauto"},"description":"Blog dedicado a la conducci\u00f3n, las autoescuelas y la seguridad vial. Est\u00e1 creado por un grupo de profesionales de la formaci\u00f3n vial que comparten inquietudes y experiencias. Aqu\u00ed\u00ad podr\u00e1s encontrar informaci\u00f3n variada sobre el d\u00ed\u00ada a d\u00ed\u00ada de la autoescuela, ex\u00e1menes, test o novedades y consejos para una conducci\u00f3n m\u00e1s segura.","sameAs":["http:\/\/www.blogdelaautoescuela.com\/","https:\/\/www.facebook.com\/blogdelaautoescuela","https:\/\/x.com\/autoescuelas"],"url":"https:\/\/www.blogdelaautoescuela.com\/blog\/author\/usr_blogauto\/"}]}},"jetpack_featured_media_url":"https:\/\/www.blogdelaautoescuela.com\/blog\/wp-content\/uploads\/2010\/06\/manual-mayores1.jpg","_links":{"self":[{"href":"https:\/\/www.blogdelaautoescuela.com\/blog\/wp-json\/wp\/v2\/posts\/4828","targetHints":{"allow":["GET"]}}],"collection":[{"href":"https:\/\/www.blogdelaautoescuela.com\/blog\/wp-json\/wp\/v2\/posts"}],"about":[{"href":"https:\/\/www.blogdelaautoescuela.com\/blog\/wp-json\/wp\/v2\/types\/post"}],"author":[{"embeddable":true,"href":"https:\/\/www.blogdelaautoescuela.com\/blog\/wp-json\/wp\/v2\/users\/1"}],"replies":[{"embeddable":true,"href":"https:\/\/www.blogdelaautoescuela.com\/blog\/wp-json\/wp\/v2\/comments?post=4828"}],"version-history":[{"count":0,"href":"https:\/\/www.blogdelaautoescuela.com\/blog\/wp-json\/wp\/v2\/posts\/4828\/revisions"}],"wp:featuredmedia":[{"embeddable":true,"href":"https:\/\/www.blogdelaautoescuela.com\/blog\/wp-json\/wp\/v2\/media\/4829"}],"wp:attachment":[{"href":"https:\/\/www.blogdelaautoescuela.com\/blog\/wp-json\/wp\/v2\/media?parent=4828"}],"wp:term":[{"taxonomy":"category","embeddable":true,"href":"https:\/\/www.blogdelaautoescuela.com\/blog\/wp-json\/wp\/v2\/categories?post=4828"},{"taxonomy":"post_tag","embeddable":true,"href":"https:\/\/www.blogdelaautoescuela.com\/blog\/wp-json\/wp\/v2\/tags?post=4828"}],"curies":[{"name":"wp","href":"https:\/\/api.w.org\/{rel}","templated":true}]}}