
{"id":4822,"date":"2010-06-23T12:36:42","date_gmt":"2010-06-23T10:36:42","guid":{"rendered":"http:\/\/www.blogdelaautoescuela.com\/blog\/?p=4822"},"modified":"2010-06-23T12:36:42","modified_gmt":"2010-06-23T10:36:42","slug":"quinta-edicion-del-concurso-de-verano-de-la-carta-europea-de-la-seguridad-vial","status":"publish","type":"post","link":"https:\/\/www.blogdelaautoescuela.com\/blog\/quinta-edicion-del-concurso-de-verano-de-la-carta-europea-de-la-seguridad-vial\/","title":{"rendered":"Quinta edici\u00f3n del Concurso de Verano de la Carta Europea de la Seguridad Vial"},"content":{"rendered":"<p style=\"text-align: center;\"><img loading=\"lazy\" decoding=\"async\" class=\"size-full wp-image-4823 aligncenter\" title=\"concurso_verano\" src=\"http:\/\/www.blogdelaautoescuela.com\/blog\/wp-content\/uploads\/2010\/06\/concurso_verano.jpg\" alt=\"concurso_verano\" width=\"400\" height=\"300\" \/><\/p>\n<p>Una vez m\u00e1s la <strong>Carta Europea de la Seguridad Vial<\/strong> vuelva a poner en marcha su <strong>Concurso de Verano.<\/strong><\/p>\n<p>En esta <strong>quinta edici\u00f3n del Concurso de Verano de la Carta Europea de la Seguridad Vial<\/strong>, se buscan <strong>buenas y malas pr\u00e1cticas de seguridad vial.<\/strong><\/p>\n<p>Podr\u00e1n participar en el concurso todos los <strong>miembros y ciudadanos de la Uni\u00f3n Europea <\/strong>que podr\u00e1n ganar uno de los <strong>5 fines de semana para dos personas<\/strong> en una capital europea que puede ser <strong>Bruselas<\/strong> (B\u00e9lgica),\u00a0 <strong>Copenhague<\/strong> (Dinamarca),\u00a0 <strong>Dubl\u00ed\u00adn<\/strong> (Irlanda),\u00a0 <strong>Madrid<\/strong> (Espa\u00f1a) y <strong>Viena<\/strong> (Austria), todas estas ciudades son signatarias de la Carta Europea de la Seguridad Vial.<\/p>\n<p>Los participantes s\u00f3lo tendr\u00e1n que escribir una<strong> breve historia,<\/strong> con un m\u00e1ximo de 200 palabras, enviar una<strong> imagen<\/strong>, que no supere los 2 MB y que tenga una resoluci\u00f3n superior a los 70 x 70 p\u00ed\u00adxeles, o un <strong>v\u00ed\u00addeo<\/strong> relacionado con la seguridad vial con un breve texto explicativo, los v\u00ed\u00addeos se deber\u00e1n subir Dailymotion, Google o Youtube y deber\u00e1 enviar el enlace.<\/p>\n<p>Entre todas estas <strong>buenas y malas pr\u00e1cticas<\/strong> que se reciban e<strong>l jurado designado por la Comisi\u00f3n Europea tendr\u00e1 que elegir a los 5 ganadores,<\/strong> para ello valorar\u00e1n la originalidad de los trabajos y su relaci\u00f3n con los problemas de seguridad vial, innovaci\u00f3n y creatividad, el plazo m\u00e1ximo que tiene el jurado para elegir a los ganadores es hasta finales de octubre de 2010.<\/p>\n","protected":false},"excerpt":{"rendered":"<p>Una vez m\u00e1s la Carta Europea de la Seguridad Vial vuelva a poner en marcha su Concurso de Verano. En esta quinta edici\u00f3n del Concurso de Verano de la Carta Europea de la Seguridad Vial, se buscan buenas y malas pr\u00e1cticas de seguridad vial. Podr\u00e1n participar en el concurso todos los miembros y ciudadanos de [&hellip;]<\/p>\n","protected":false},"author":1,"featured_media":4823,"comment_status":"open","ping_status":"closed","sticky":false,"template":"","format":"standard","meta":{"footnotes":"","jetpack_publicize_message":"","jetpack_publicize_feature_enabled":true,"jetpack_social_post_already_shared":false,"jetpack_social_options":{"image_generator_settings":{"template":"highway","enabled":false},"version":2}},"categories":[12,19],"tags":[287,362,1678],"class_list":["post-4822","post","type-post","status-publish","format-standard","has-post-thumbnail","hentry","category-noticias","category-seguridad-vial","tag-carta-europea-de-seguridad-vial","tag-concurso","tag-seguridad-vial"],"wppr_data":[],"jetpack_publicize_connections":[],"yoast_head":"<!-- This site is optimized with the Yoast SEO plugin v24.7 - https:\/\/yoast.com\/wordpress\/plugins\/seo\/ -->\n<title>Quinta edici\u00f3n del Concurso de Verano de la Carta Europea de la Seguridad Vial<\/title>\n<meta name=\"description\" content=\"En esta quinta edici\u00f3n del Concurso de Verano de la Carta Europea de la Seguridad Vial, se buscan buenas y malas pr\u00e1cticas de seguridad vial.\" \/>\n<meta name=\"robots\" content=\"index, follow, max-snippet:-1, max-image-preview:large, max-video-preview:-1\" \/>\n<link rel=\"canonical\" href=\"https:\/\/www.blogdelaautoescuela.com\/blog\/quinta-edicion-del-concurso-de-verano-de-la-carta-europea-de-la-seguridad-vial\/\" \/>\n<meta property=\"og:locale\" content=\"es_ES\" \/>\n<meta property=\"og:type\" content=\"article\" \/>\n<meta property=\"og:title\" content=\"Quinta edici\u00f3n del Concurso de Verano de la Carta Europea de la Seguridad Vial\" \/>\n<meta property=\"og:description\" content=\"En esta quinta edici\u00f3n del Concurso de Verano de la Carta Europea de la Seguridad Vial, se buscan buenas y malas pr\u00e1cticas de seguridad vial.\" \/>\n<meta property=\"og:url\" content=\"https:\/\/www.blogdelaautoescuela.com\/blog\/quinta-edicion-del-concurso-de-verano-de-la-carta-europea-de-la-seguridad-vial\/\" \/>\n<meta property=\"og:site_name\" content=\"Blog de la autoescuela\" \/>\n<meta property=\"article:author\" content=\"https:\/\/www.facebook.com\/blogdelaautoescuela\" \/>\n<meta property=\"article:published_time\" content=\"2010-06-23T10:36:42+00:00\" \/>\n<meta property=\"og:image\" content=\"https:\/\/www.blogdelaautoescuela.com\/blog\/wp-content\/uploads\/2010\/06\/concurso_verano1.jpg\" \/>\n\t<meta property=\"og:image:width\" content=\"400\" \/>\n\t<meta property=\"og:image:height\" content=\"300\" \/>\n\t<meta property=\"og:image:type\" content=\"image\/jpeg\" \/>\n<meta name=\"author\" content=\"usr_blogauto\" \/>\n<meta name=\"twitter:label1\" content=\"Escrito por\" \/>\n\t<meta name=\"twitter:data1\" content=\"usr_blogauto\" \/>\n\t<meta name=\"twitter:label2\" content=\"Tiempo de lectura\" \/>\n\t<meta name=\"twitter:data2\" content=\"1 minuto\" \/>\n<script type=\"application\/ld+json\" class=\"yoast-schema-graph\">{\"@context\":\"https:\/\/schema.org\",\"@graph\":[{\"@type\":\"WebPage\",\"@id\":\"https:\/\/www.blogdelaautoescuela.com\/blog\/quinta-edicion-del-concurso-de-verano-de-la-carta-europea-de-la-seguridad-vial\/\",\"url\":\"https:\/\/www.blogdelaautoescuela.com\/blog\/quinta-edicion-del-concurso-de-verano-de-la-carta-europea-de-la-seguridad-vial\/\",\"name\":\"Quinta edici\u00f3n del Concurso de Verano de la Carta Europea de la Seguridad Vial\",\"isPartOf\":{\"@id\":\"https:\/\/www.blogdelaautoescuela.com\/blog\/#website\"},\"primaryImageOfPage\":{\"@id\":\"https:\/\/www.blogdelaautoescuela.com\/blog\/quinta-edicion-del-concurso-de-verano-de-la-carta-europea-de-la-seguridad-vial\/#primaryimage\"},\"image\":{\"@id\":\"https:\/\/www.blogdelaautoescuela.com\/blog\/quinta-edicion-del-concurso-de-verano-de-la-carta-europea-de-la-seguridad-vial\/#primaryimage\"},\"thumbnailUrl\":\"https:\/\/www.blogdelaautoescuela.com\/blog\/wp-content\/uploads\/2010\/06\/concurso_verano1.jpg\",\"datePublished\":\"2010-06-23T10:36:42+00:00\",\"author\":{\"@id\":\"https:\/\/www.blogdelaautoescuela.com\/blog\/#\/schema\/person\/f209a64ca5dfe74b9acb6317240e792f\"},\"description\":\"En esta quinta edici\u00f3n del Concurso de Verano de la Carta Europea de la Seguridad Vial, se buscan buenas y malas pr\u00e1cticas de seguridad vial.\",\"breadcrumb\":{\"@id\":\"https:\/\/www.blogdelaautoescuela.com\/blog\/quinta-edicion-del-concurso-de-verano-de-la-carta-europea-de-la-seguridad-vial\/#breadcrumb\"},\"inLanguage\":\"es\",\"potentialAction\":[{\"@type\":\"ReadAction\",\"target\":[\"https:\/\/www.blogdelaautoescuela.com\/blog\/quinta-edicion-del-concurso-de-verano-de-la-carta-europea-de-la-seguridad-vial\/\"]}]},{\"@type\":\"ImageObject\",\"inLanguage\":\"es\",\"@id\":\"https:\/\/www.blogdelaautoescuela.com\/blog\/quinta-edicion-del-concurso-de-verano-de-la-carta-europea-de-la-seguridad-vial\/#primaryimage\",\"url\":\"https:\/\/www.blogdelaautoescuela.com\/blog\/wp-content\/uploads\/2010\/06\/concurso_verano1.jpg\",\"contentUrl\":\"https:\/\/www.blogdelaautoescuela.com\/blog\/wp-content\/uploads\/2010\/06\/concurso_verano1.jpg\",\"width\":400,\"height\":300},{\"@type\":\"BreadcrumbList\",\"@id\":\"https:\/\/www.blogdelaautoescuela.com\/blog\/quinta-edicion-del-concurso-de-verano-de-la-carta-europea-de-la-seguridad-vial\/#breadcrumb\",\"itemListElement\":[{\"@type\":\"ListItem\",\"position\":1,\"name\":\"Portada\",\"item\":\"https:\/\/www.blogdelaautoescuela.com\/blog\/\"},{\"@type\":\"ListItem\",\"position\":2,\"name\":\"Quinta edici\u00f3n del Concurso de Verano de la Carta Europea de la Seguridad Vial\"}]},{\"@type\":\"WebSite\",\"@id\":\"https:\/\/www.blogdelaautoescuela.com\/blog\/#website\",\"url\":\"https:\/\/www.blogdelaautoescuela.com\/blog\/\",\"name\":\"Blog de la autoescuela\",\"description\":\"Noticias sobre autoescuelas y seguridad vial\",\"potentialAction\":[{\"@type\":\"SearchAction\",\"target\":{\"@type\":\"EntryPoint\",\"urlTemplate\":\"https:\/\/www.blogdelaautoescuela.com\/blog\/?s={search_term_string}\"},\"query-input\":{\"@type\":\"PropertyValueSpecification\",\"valueRequired\":true,\"valueName\":\"search_term_string\"}}],\"inLanguage\":\"es\"},{\"@type\":\"Person\",\"@id\":\"https:\/\/www.blogdelaautoescuela.com\/blog\/#\/schema\/person\/f209a64ca5dfe74b9acb6317240e792f\",\"name\":\"usr_blogauto\",\"image\":{\"@type\":\"ImageObject\",\"inLanguage\":\"es\",\"@id\":\"https:\/\/www.blogdelaautoescuela.com\/blog\/#\/schema\/person\/image\/\",\"url\":\"https:\/\/secure.gravatar.com\/avatar\/d3939d4ea521ac8421c86d2980321cc9?s=96&d=mm&r=g\",\"contentUrl\":\"https:\/\/secure.gravatar.com\/avatar\/d3939d4ea521ac8421c86d2980321cc9?s=96&d=mm&r=g\",\"caption\":\"usr_blogauto\"},\"description\":\"Blog dedicado a la conducci\u00f3n, las autoescuelas y la seguridad vial. Est\u00e1 creado por un grupo de profesionales de la formaci\u00f3n vial que comparten inquietudes y experiencias. Aqu\u00ed\u00ad podr\u00e1s encontrar informaci\u00f3n variada sobre el d\u00ed\u00ada a d\u00ed\u00ada de la autoescuela, ex\u00e1menes, test o novedades y consejos para una conducci\u00f3n m\u00e1s segura.\",\"sameAs\":[\"http:\/\/www.blogdelaautoescuela.com\/\",\"https:\/\/www.facebook.com\/blogdelaautoescuela\",\"https:\/\/x.com\/autoescuelas\"],\"url\":\"https:\/\/www.blogdelaautoescuela.com\/blog\/author\/usr_blogauto\/\"}]}<\/script>\n<!-- \/ Yoast SEO plugin. -->","yoast_head_json":{"title":"Quinta edici\u00f3n del Concurso de Verano de la Carta Europea de la Seguridad Vial","description":"En esta quinta edici\u00f3n del Concurso de Verano de la Carta Europea de la Seguridad Vial, se buscan buenas y malas pr\u00e1cticas de seguridad vial.","robots":{"index":"index","follow":"follow","max-snippet":"max-snippet:-1","max-image-preview":"max-image-preview:large","max-video-preview":"max-video-preview:-1"},"canonical":"https:\/\/www.blogdelaautoescuela.com\/blog\/quinta-edicion-del-concurso-de-verano-de-la-carta-europea-de-la-seguridad-vial\/","og_locale":"es_ES","og_type":"article","og_title":"Quinta edici\u00f3n del Concurso de Verano de la Carta Europea de la Seguridad Vial","og_description":"En esta quinta edici\u00f3n del Concurso de Verano de la Carta Europea de la Seguridad Vial, se buscan buenas y malas pr\u00e1cticas de seguridad vial.","og_url":"https:\/\/www.blogdelaautoescuela.com\/blog\/quinta-edicion-del-concurso-de-verano-de-la-carta-europea-de-la-seguridad-vial\/","og_site_name":"Blog de la autoescuela","article_author":"https:\/\/www.facebook.com\/blogdelaautoescuela","article_published_time":"2010-06-23T10:36:42+00:00","og_image":[{"width":400,"height":300,"url":"https:\/\/www.blogdelaautoescuela.com\/blog\/wp-content\/uploads\/2010\/06\/concurso_verano1.jpg","type":"image\/jpeg"}],"author":"usr_blogauto","twitter_misc":{"Escrito por":"usr_blogauto","Tiempo de lectura":"1 minuto"},"schema":{"@context":"https:\/\/schema.org","@graph":[{"@type":"WebPage","@id":"https:\/\/www.blogdelaautoescuela.com\/blog\/quinta-edicion-del-concurso-de-verano-de-la-carta-europea-de-la-seguridad-vial\/","url":"https:\/\/www.blogdelaautoescuela.com\/blog\/quinta-edicion-del-concurso-de-verano-de-la-carta-europea-de-la-seguridad-vial\/","name":"Quinta edici\u00f3n del Concurso de Verano de la Carta Europea de la Seguridad Vial","isPartOf":{"@id":"https:\/\/www.blogdelaautoescuela.com\/blog\/#website"},"primaryImageOfPage":{"@id":"https:\/\/www.blogdelaautoescuela.com\/blog\/quinta-edicion-del-concurso-de-verano-de-la-carta-europea-de-la-seguridad-vial\/#primaryimage"},"image":{"@id":"https:\/\/www.blogdelaautoescuela.com\/blog\/quinta-edicion-del-concurso-de-verano-de-la-carta-europea-de-la-seguridad-vial\/#primaryimage"},"thumbnailUrl":"https:\/\/www.blogdelaautoescuela.com\/blog\/wp-content\/uploads\/2010\/06\/concurso_verano1.jpg","datePublished":"2010-06-23T10:36:42+00:00","author":{"@id":"https:\/\/www.blogdelaautoescuela.com\/blog\/#\/schema\/person\/f209a64ca5dfe74b9acb6317240e792f"},"description":"En esta quinta edici\u00f3n del Concurso de Verano de la Carta Europea de la Seguridad Vial, se buscan buenas y malas pr\u00e1cticas de seguridad vial.","breadcrumb":{"@id":"https:\/\/www.blogdelaautoescuela.com\/blog\/quinta-edicion-del-concurso-de-verano-de-la-carta-europea-de-la-seguridad-vial\/#breadcrumb"},"inLanguage":"es","potentialAction":[{"@type":"ReadAction","target":["https:\/\/www.blogdelaautoescuela.com\/blog\/quinta-edicion-del-concurso-de-verano-de-la-carta-europea-de-la-seguridad-vial\/"]}]},{"@type":"ImageObject","inLanguage":"es","@id":"https:\/\/www.blogdelaautoescuela.com\/blog\/quinta-edicion-del-concurso-de-verano-de-la-carta-europea-de-la-seguridad-vial\/#primaryimage","url":"https:\/\/www.blogdelaautoescuela.com\/blog\/wp-content\/uploads\/2010\/06\/concurso_verano1.jpg","contentUrl":"https:\/\/www.blogdelaautoescuela.com\/blog\/wp-content\/uploads\/2010\/06\/concurso_verano1.jpg","width":400,"height":300},{"@type":"BreadcrumbList","@id":"https:\/\/www.blogdelaautoescuela.com\/blog\/quinta-edicion-del-concurso-de-verano-de-la-carta-europea-de-la-seguridad-vial\/#breadcrumb","itemListElement":[{"@type":"ListItem","position":1,"name":"Portada","item":"https:\/\/www.blogdelaautoescuela.com\/blog\/"},{"@type":"ListItem","position":2,"name":"Quinta edici\u00f3n del Concurso de Verano de la Carta Europea de la Seguridad Vial"}]},{"@type":"WebSite","@id":"https:\/\/www.blogdelaautoescuela.com\/blog\/#website","url":"https:\/\/www.blogdelaautoescuela.com\/blog\/","name":"Blog de la autoescuela","description":"Noticias sobre autoescuelas y seguridad vial","potentialAction":[{"@type":"SearchAction","target":{"@type":"EntryPoint","urlTemplate":"https:\/\/www.blogdelaautoescuela.com\/blog\/?s={search_term_string}"},"query-input":{"@type":"PropertyValueSpecification","valueRequired":true,"valueName":"search_term_string"}}],"inLanguage":"es"},{"@type":"Person","@id":"https:\/\/www.blogdelaautoescuela.com\/blog\/#\/schema\/person\/f209a64ca5dfe74b9acb6317240e792f","name":"usr_blogauto","image":{"@type":"ImageObject","inLanguage":"es","@id":"https:\/\/www.blogdelaautoescuela.com\/blog\/#\/schema\/person\/image\/","url":"https:\/\/secure.gravatar.com\/avatar\/d3939d4ea521ac8421c86d2980321cc9?s=96&d=mm&r=g","contentUrl":"https:\/\/secure.gravatar.com\/avatar\/d3939d4ea521ac8421c86d2980321cc9?s=96&d=mm&r=g","caption":"usr_blogauto"},"description":"Blog dedicado a la conducci\u00f3n, las autoescuelas y la seguridad vial. Est\u00e1 creado por un grupo de profesionales de la formaci\u00f3n vial que comparten inquietudes y experiencias. Aqu\u00ed\u00ad podr\u00e1s encontrar informaci\u00f3n variada sobre el d\u00ed\u00ada a d\u00ed\u00ada de la autoescuela, ex\u00e1menes, test o novedades y consejos para una conducci\u00f3n m\u00e1s segura.","sameAs":["http:\/\/www.blogdelaautoescuela.com\/","https:\/\/www.facebook.com\/blogdelaautoescuela","https:\/\/x.com\/autoescuelas"],"url":"https:\/\/www.blogdelaautoescuela.com\/blog\/author\/usr_blogauto\/"}]}},"jetpack_featured_media_url":"https:\/\/www.blogdelaautoescuela.com\/blog\/wp-content\/uploads\/2010\/06\/concurso_verano1.jpg","_links":{"self":[{"href":"https:\/\/www.blogdelaautoescuela.com\/blog\/wp-json\/wp\/v2\/posts\/4822","targetHints":{"allow":["GET"]}}],"collection":[{"href":"https:\/\/www.blogdelaautoescuela.com\/blog\/wp-json\/wp\/v2\/posts"}],"about":[{"href":"https:\/\/www.blogdelaautoescuela.com\/blog\/wp-json\/wp\/v2\/types\/post"}],"author":[{"embeddable":true,"href":"https:\/\/www.blogdelaautoescuela.com\/blog\/wp-json\/wp\/v2\/users\/1"}],"replies":[{"embeddable":true,"href":"https:\/\/www.blogdelaautoescuela.com\/blog\/wp-json\/wp\/v2\/comments?post=4822"}],"version-history":[{"count":0,"href":"https:\/\/www.blogdelaautoescuela.com\/blog\/wp-json\/wp\/v2\/posts\/4822\/revisions"}],"wp:featuredmedia":[{"embeddable":true,"href":"https:\/\/www.blogdelaautoescuela.com\/blog\/wp-json\/wp\/v2\/media\/4823"}],"wp:attachment":[{"href":"https:\/\/www.blogdelaautoescuela.com\/blog\/wp-json\/wp\/v2\/media?parent=4822"}],"wp:term":[{"taxonomy":"category","embeddable":true,"href":"https:\/\/www.blogdelaautoescuela.com\/blog\/wp-json\/wp\/v2\/categories?post=4822"},{"taxonomy":"post_tag","embeddable":true,"href":"https:\/\/www.blogdelaautoescuela.com\/blog\/wp-json\/wp\/v2\/tags?post=4822"}],"curies":[{"name":"wp","href":"https:\/\/api.w.org\/{rel}","templated":true}]}}