
{"id":4795,"date":"2010-06-18T11:54:29","date_gmt":"2010-06-18T09:54:29","guid":{"rendered":"http:\/\/www.blogdelaautoescuela.com\/blog\/?p=4795"},"modified":"2010-06-18T11:54:29","modified_gmt":"2010-06-18T09:54:29","slug":"resultados-de-la-campana-especial-de-control-y-vigilancia-de-motos","status":"publish","type":"post","link":"https:\/\/www.blogdelaautoescuela.com\/blog\/resultados-de-la-campana-especial-de-control-y-vigilancia-de-motos\/","title":{"rendered":"Resultados de la campa\u00f1a especial de control y vigilancia de motos"},"content":{"rendered":"<p style=\"text-align: center;\"><img loading=\"lazy\" decoding=\"async\" class=\"size-full wp-image-1866 aligncenter\" title=\"motoristas\" src=\"http:\/\/www.blogdelaautoescuela.com\/blog\/wp-content\/uploads\/2009\/08\/motoristas.jpg\" alt=\"motoristas\" width=\"400\" height=\"255\" \/><\/p>\n<p>Como os comentamos <a href=\"http:\/\/www.blogdelaautoescuela.com\/blog\/hoy-comienza-una-campana-especial-de-control-y-vigilancia-de-motos\/\">entre los d\u00ed\u00adas 7 y 13 de junio ha tenido lugar una campa\u00f1a especial de control y vigilancia de motos<\/a>, y ya se conocen los resultados de esta campa\u00f1a.<\/p>\n<p>Durante la semana que ha durado esta campa\u00f1a los<strong> Agentes de la Agrupaci\u00f3n de Tr\u00e1fico de la Guardia Civil han controlado un total de 30.488 motocicletas y han interpuesto 491 denuncias a motoristas.<\/strong><\/p>\n<p>Entre las i<strong>nfracciones m\u00e1s habituales<\/strong> de los motoristas denunciados se encuentran los <strong>adelantamientos antirreglamentarios<\/strong>, estos adelantamientos han causado 70 denuncias, <strong>no utilizar o hacer un uso inadecuado del casco<\/strong>, en total 43 motoristas han sido sancionados por este motivo, y con el mismo n\u00famero de denuncias, 43, tambi\u00e9n se encuentra <strong>circular con exceso de velocidad.<\/strong><\/p>\n<p>Durante esta campa\u00f1a se han realizado pruebas de alcoholemia a los motoristas y 11 de ellos han dado positivo, adem\u00e1s otros 16 han sido denuciados por no llevar visible o llevar de modo ilegible las placas de la matr\u00ed\u00adculas, una pr\u00e1ctica habitual en algunos motoristas.<\/p>\n<p>Por otra parte, otro de los motivos que ha generado un gran n\u00famero de denuncias es <strong>no haber pasado la Inspecci\u00f3n T\u00e9cnica de Veh\u00ed\u00adculos<\/strong>, en toral 91 motoristas circulaban sin haber pasado la ITV, y otros 33 los hac\u00ed\u00adan sin el seguro obligatorio. La <strong>documentaci\u00f3n <\/strong>tambi\u00e9n ha sido una gran fuente de denuncias ya que 55 motoristas no ten\u00ed\u00adan en regla la documentaci\u00f3n de la moto o de ellos mismos.<\/p>\n<p>Junto con la <strong>campa\u00f1a especial de control y vigilancia de motos<\/strong> tambi\u00e9n se llev\u00f3 a cabo una <strong>campa\u00f1a de concienciaci\u00f3n<\/strong> para recordar a los motoristas que son vulnerables en la carretera y que deben ser prudentes en la conducci\u00f3n.<\/p>\n<p>Esperamos que la campa\u00f1a haya &#8220;calado&#8221; entre los mortiristas y bajen los \u00ed\u00adndices de siniestralidad de este colectivo.<\/p>\n","protected":false},"excerpt":{"rendered":"<p>Como os comentamos entre los d\u00ed\u00adas 7 y 13 de junio ha tenido lugar una campa\u00f1a especial de control y vigilancia de motos, y ya se conocen los resultados de esta campa\u00f1a. Durante la semana que ha durado esta campa\u00f1a los Agentes de la Agrupaci\u00f3n de Tr\u00e1fico de la Guardia Civil han controlado un total [&hellip;]<\/p>\n","protected":false},"author":1,"featured_media":1866,"comment_status":"open","ping_status":"closed","sticky":false,"template":"","format":"standard","meta":{"footnotes":"","jetpack_publicize_message":"","jetpack_publicize_feature_enabled":true,"jetpack_social_post_already_shared":false,"jetpack_social_options":{"image_generator_settings":{"template":"highway","enabled":false},"version":2}},"categories":[4,12,19],"tags":[255,741,1671,1678],"class_list":["post-4795","post","type-post","status-publish","format-standard","has-post-thumbnail","hentry","category-campanas-de-seguridad-vial","category-noticias","category-seguridad-vial","tag-campanas","tag-infracciones","tag-moto","tag-seguridad-vial"],"wppr_data":[],"jetpack_publicize_connections":[],"yoast_head":"<!-- This site is optimized with the Yoast SEO plugin v24.7 - https:\/\/yoast.com\/wordpress\/plugins\/seo\/ -->\n<title>Resultados de la campa\u00f1a especial de control y vigilancia de motos<\/title>\n<meta name=\"description\" content=\"los Agentes de la Agrupaci\u00f3n de Tr\u00e1fico de la Guardia Civil han controlado un total de 30.488 motocicletas y han interpuesto 491 denuncias a motoristas\" \/>\n<meta name=\"robots\" content=\"index, follow, max-snippet:-1, max-image-preview:large, max-video-preview:-1\" \/>\n<link rel=\"canonical\" href=\"https:\/\/www.blogdelaautoescuela.com\/blog\/resultados-de-la-campana-especial-de-control-y-vigilancia-de-motos\/\" \/>\n<meta property=\"og:locale\" content=\"es_ES\" \/>\n<meta property=\"og:type\" content=\"article\" \/>\n<meta property=\"og:title\" content=\"Resultados de la campa\u00f1a especial de control y vigilancia de motos\" \/>\n<meta property=\"og:description\" content=\"los Agentes de la Agrupaci\u00f3n de Tr\u00e1fico de la Guardia Civil han controlado un total de 30.488 motocicletas y han interpuesto 491 denuncias a motoristas\" \/>\n<meta property=\"og:url\" content=\"https:\/\/www.blogdelaautoescuela.com\/blog\/resultados-de-la-campana-especial-de-control-y-vigilancia-de-motos\/\" \/>\n<meta property=\"og:site_name\" content=\"Blog de la autoescuela\" \/>\n<meta property=\"article:author\" content=\"https:\/\/www.facebook.com\/blogdelaautoescuela\" \/>\n<meta property=\"article:published_time\" content=\"2010-06-18T09:54:29+00:00\" \/>\n<meta property=\"og:image\" content=\"https:\/\/www.blogdelaautoescuela.com\/blog\/wp-content\/uploads\/2009\/08\/motoristas1.jpg\" \/>\n\t<meta property=\"og:image:width\" content=\"400\" \/>\n\t<meta property=\"og:image:height\" content=\"255\" \/>\n\t<meta property=\"og:image:type\" content=\"image\/jpeg\" \/>\n<meta name=\"author\" content=\"usr_blogauto\" \/>\n<meta name=\"twitter:label1\" content=\"Escrito por\" \/>\n\t<meta name=\"twitter:data1\" content=\"usr_blogauto\" \/>\n\t<meta name=\"twitter:label2\" content=\"Tiempo de lectura\" \/>\n\t<meta name=\"twitter:data2\" content=\"2 minutos\" \/>\n<script type=\"application\/ld+json\" class=\"yoast-schema-graph\">{\"@context\":\"https:\/\/schema.org\",\"@graph\":[{\"@type\":\"WebPage\",\"@id\":\"https:\/\/www.blogdelaautoescuela.com\/blog\/resultados-de-la-campana-especial-de-control-y-vigilancia-de-motos\/\",\"url\":\"https:\/\/www.blogdelaautoescuela.com\/blog\/resultados-de-la-campana-especial-de-control-y-vigilancia-de-motos\/\",\"name\":\"Resultados de la campa\u00f1a especial de control y vigilancia de motos\",\"isPartOf\":{\"@id\":\"https:\/\/www.blogdelaautoescuela.com\/blog\/#website\"},\"primaryImageOfPage\":{\"@id\":\"https:\/\/www.blogdelaautoescuela.com\/blog\/resultados-de-la-campana-especial-de-control-y-vigilancia-de-motos\/#primaryimage\"},\"image\":{\"@id\":\"https:\/\/www.blogdelaautoescuela.com\/blog\/resultados-de-la-campana-especial-de-control-y-vigilancia-de-motos\/#primaryimage\"},\"thumbnailUrl\":\"https:\/\/www.blogdelaautoescuela.com\/blog\/wp-content\/uploads\/2009\/08\/motoristas1.jpg\",\"datePublished\":\"2010-06-18T09:54:29+00:00\",\"author\":{\"@id\":\"https:\/\/www.blogdelaautoescuela.com\/blog\/#\/schema\/person\/f209a64ca5dfe74b9acb6317240e792f\"},\"description\":\"los Agentes de la Agrupaci\u00f3n de Tr\u00e1fico de la Guardia Civil han controlado un total de 30.488 motocicletas y han interpuesto 491 denuncias a motoristas\",\"breadcrumb\":{\"@id\":\"https:\/\/www.blogdelaautoescuela.com\/blog\/resultados-de-la-campana-especial-de-control-y-vigilancia-de-motos\/#breadcrumb\"},\"inLanguage\":\"es\",\"potentialAction\":[{\"@type\":\"ReadAction\",\"target\":[\"https:\/\/www.blogdelaautoescuela.com\/blog\/resultados-de-la-campana-especial-de-control-y-vigilancia-de-motos\/\"]}]},{\"@type\":\"ImageObject\",\"inLanguage\":\"es\",\"@id\":\"https:\/\/www.blogdelaautoescuela.com\/blog\/resultados-de-la-campana-especial-de-control-y-vigilancia-de-motos\/#primaryimage\",\"url\":\"https:\/\/www.blogdelaautoescuela.com\/blog\/wp-content\/uploads\/2009\/08\/motoristas1.jpg\",\"contentUrl\":\"https:\/\/www.blogdelaautoescuela.com\/blog\/wp-content\/uploads\/2009\/08\/motoristas1.jpg\",\"width\":400,\"height\":255},{\"@type\":\"BreadcrumbList\",\"@id\":\"https:\/\/www.blogdelaautoescuela.com\/blog\/resultados-de-la-campana-especial-de-control-y-vigilancia-de-motos\/#breadcrumb\",\"itemListElement\":[{\"@type\":\"ListItem\",\"position\":1,\"name\":\"Portada\",\"item\":\"https:\/\/www.blogdelaautoescuela.com\/blog\/\"},{\"@type\":\"ListItem\",\"position\":2,\"name\":\"Resultados de la campa\u00f1a especial de control y vigilancia de motos\"}]},{\"@type\":\"WebSite\",\"@id\":\"https:\/\/www.blogdelaautoescuela.com\/blog\/#website\",\"url\":\"https:\/\/www.blogdelaautoescuela.com\/blog\/\",\"name\":\"Blog de la autoescuela\",\"description\":\"Noticias sobre autoescuelas y seguridad vial\",\"potentialAction\":[{\"@type\":\"SearchAction\",\"target\":{\"@type\":\"EntryPoint\",\"urlTemplate\":\"https:\/\/www.blogdelaautoescuela.com\/blog\/?s={search_term_string}\"},\"query-input\":{\"@type\":\"PropertyValueSpecification\",\"valueRequired\":true,\"valueName\":\"search_term_string\"}}],\"inLanguage\":\"es\"},{\"@type\":\"Person\",\"@id\":\"https:\/\/www.blogdelaautoescuela.com\/blog\/#\/schema\/person\/f209a64ca5dfe74b9acb6317240e792f\",\"name\":\"usr_blogauto\",\"image\":{\"@type\":\"ImageObject\",\"inLanguage\":\"es\",\"@id\":\"https:\/\/www.blogdelaautoescuela.com\/blog\/#\/schema\/person\/image\/\",\"url\":\"https:\/\/secure.gravatar.com\/avatar\/d3939d4ea521ac8421c86d2980321cc9?s=96&d=mm&r=g\",\"contentUrl\":\"https:\/\/secure.gravatar.com\/avatar\/d3939d4ea521ac8421c86d2980321cc9?s=96&d=mm&r=g\",\"caption\":\"usr_blogauto\"},\"description\":\"Blog dedicado a la conducci\u00f3n, las autoescuelas y la seguridad vial. Est\u00e1 creado por un grupo de profesionales de la formaci\u00f3n vial que comparten inquietudes y experiencias. Aqu\u00ed\u00ad podr\u00e1s encontrar informaci\u00f3n variada sobre el d\u00ed\u00ada a d\u00ed\u00ada de la autoescuela, ex\u00e1menes, test o novedades y consejos para una conducci\u00f3n m\u00e1s segura.\",\"sameAs\":[\"http:\/\/www.blogdelaautoescuela.com\/\",\"https:\/\/www.facebook.com\/blogdelaautoescuela\",\"https:\/\/x.com\/autoescuelas\"],\"url\":\"https:\/\/www.blogdelaautoescuela.com\/blog\/author\/usr_blogauto\/\"}]}<\/script>\n<!-- \/ Yoast SEO plugin. -->","yoast_head_json":{"title":"Resultados de la campa\u00f1a especial de control y vigilancia de motos","description":"los Agentes de la Agrupaci\u00f3n de Tr\u00e1fico de la Guardia Civil han controlado un total de 30.488 motocicletas y han interpuesto 491 denuncias a motoristas","robots":{"index":"index","follow":"follow","max-snippet":"max-snippet:-1","max-image-preview":"max-image-preview:large","max-video-preview":"max-video-preview:-1"},"canonical":"https:\/\/www.blogdelaautoescuela.com\/blog\/resultados-de-la-campana-especial-de-control-y-vigilancia-de-motos\/","og_locale":"es_ES","og_type":"article","og_title":"Resultados de la campa\u00f1a especial de control y vigilancia de motos","og_description":"los Agentes de la Agrupaci\u00f3n de Tr\u00e1fico de la Guardia Civil han controlado un total de 30.488 motocicletas y han interpuesto 491 denuncias a motoristas","og_url":"https:\/\/www.blogdelaautoescuela.com\/blog\/resultados-de-la-campana-especial-de-control-y-vigilancia-de-motos\/","og_site_name":"Blog de la autoescuela","article_author":"https:\/\/www.facebook.com\/blogdelaautoescuela","article_published_time":"2010-06-18T09:54:29+00:00","og_image":[{"width":400,"height":255,"url":"https:\/\/www.blogdelaautoescuela.com\/blog\/wp-content\/uploads\/2009\/08\/motoristas1.jpg","type":"image\/jpeg"}],"author":"usr_blogauto","twitter_misc":{"Escrito por":"usr_blogauto","Tiempo de lectura":"2 minutos"},"schema":{"@context":"https:\/\/schema.org","@graph":[{"@type":"WebPage","@id":"https:\/\/www.blogdelaautoescuela.com\/blog\/resultados-de-la-campana-especial-de-control-y-vigilancia-de-motos\/","url":"https:\/\/www.blogdelaautoescuela.com\/blog\/resultados-de-la-campana-especial-de-control-y-vigilancia-de-motos\/","name":"Resultados de la campa\u00f1a especial de control y vigilancia de motos","isPartOf":{"@id":"https:\/\/www.blogdelaautoescuela.com\/blog\/#website"},"primaryImageOfPage":{"@id":"https:\/\/www.blogdelaautoescuela.com\/blog\/resultados-de-la-campana-especial-de-control-y-vigilancia-de-motos\/#primaryimage"},"image":{"@id":"https:\/\/www.blogdelaautoescuela.com\/blog\/resultados-de-la-campana-especial-de-control-y-vigilancia-de-motos\/#primaryimage"},"thumbnailUrl":"https:\/\/www.blogdelaautoescuela.com\/blog\/wp-content\/uploads\/2009\/08\/motoristas1.jpg","datePublished":"2010-06-18T09:54:29+00:00","author":{"@id":"https:\/\/www.blogdelaautoescuela.com\/blog\/#\/schema\/person\/f209a64ca5dfe74b9acb6317240e792f"},"description":"los Agentes de la Agrupaci\u00f3n de Tr\u00e1fico de la Guardia Civil han controlado un total de 30.488 motocicletas y han interpuesto 491 denuncias a motoristas","breadcrumb":{"@id":"https:\/\/www.blogdelaautoescuela.com\/blog\/resultados-de-la-campana-especial-de-control-y-vigilancia-de-motos\/#breadcrumb"},"inLanguage":"es","potentialAction":[{"@type":"ReadAction","target":["https:\/\/www.blogdelaautoescuela.com\/blog\/resultados-de-la-campana-especial-de-control-y-vigilancia-de-motos\/"]}]},{"@type":"ImageObject","inLanguage":"es","@id":"https:\/\/www.blogdelaautoescuela.com\/blog\/resultados-de-la-campana-especial-de-control-y-vigilancia-de-motos\/#primaryimage","url":"https:\/\/www.blogdelaautoescuela.com\/blog\/wp-content\/uploads\/2009\/08\/motoristas1.jpg","contentUrl":"https:\/\/www.blogdelaautoescuela.com\/blog\/wp-content\/uploads\/2009\/08\/motoristas1.jpg","width":400,"height":255},{"@type":"BreadcrumbList","@id":"https:\/\/www.blogdelaautoescuela.com\/blog\/resultados-de-la-campana-especial-de-control-y-vigilancia-de-motos\/#breadcrumb","itemListElement":[{"@type":"ListItem","position":1,"name":"Portada","item":"https:\/\/www.blogdelaautoescuela.com\/blog\/"},{"@type":"ListItem","position":2,"name":"Resultados de la campa\u00f1a especial de control y vigilancia de motos"}]},{"@type":"WebSite","@id":"https:\/\/www.blogdelaautoescuela.com\/blog\/#website","url":"https:\/\/www.blogdelaautoescuela.com\/blog\/","name":"Blog de la autoescuela","description":"Noticias sobre autoescuelas y seguridad vial","potentialAction":[{"@type":"SearchAction","target":{"@type":"EntryPoint","urlTemplate":"https:\/\/www.blogdelaautoescuela.com\/blog\/?s={search_term_string}"},"query-input":{"@type":"PropertyValueSpecification","valueRequired":true,"valueName":"search_term_string"}}],"inLanguage":"es"},{"@type":"Person","@id":"https:\/\/www.blogdelaautoescuela.com\/blog\/#\/schema\/person\/f209a64ca5dfe74b9acb6317240e792f","name":"usr_blogauto","image":{"@type":"ImageObject","inLanguage":"es","@id":"https:\/\/www.blogdelaautoescuela.com\/blog\/#\/schema\/person\/image\/","url":"https:\/\/secure.gravatar.com\/avatar\/d3939d4ea521ac8421c86d2980321cc9?s=96&d=mm&r=g","contentUrl":"https:\/\/secure.gravatar.com\/avatar\/d3939d4ea521ac8421c86d2980321cc9?s=96&d=mm&r=g","caption":"usr_blogauto"},"description":"Blog dedicado a la conducci\u00f3n, las autoescuelas y la seguridad vial. Est\u00e1 creado por un grupo de profesionales de la formaci\u00f3n vial que comparten inquietudes y experiencias. Aqu\u00ed\u00ad podr\u00e1s encontrar informaci\u00f3n variada sobre el d\u00ed\u00ada a d\u00ed\u00ada de la autoescuela, ex\u00e1menes, test o novedades y consejos para una conducci\u00f3n m\u00e1s segura.","sameAs":["http:\/\/www.blogdelaautoescuela.com\/","https:\/\/www.facebook.com\/blogdelaautoescuela","https:\/\/x.com\/autoescuelas"],"url":"https:\/\/www.blogdelaautoescuela.com\/blog\/author\/usr_blogauto\/"}]}},"jetpack_featured_media_url":"https:\/\/www.blogdelaautoescuela.com\/blog\/wp-content\/uploads\/2009\/08\/motoristas1.jpg","_links":{"self":[{"href":"https:\/\/www.blogdelaautoescuela.com\/blog\/wp-json\/wp\/v2\/posts\/4795","targetHints":{"allow":["GET"]}}],"collection":[{"href":"https:\/\/www.blogdelaautoescuela.com\/blog\/wp-json\/wp\/v2\/posts"}],"about":[{"href":"https:\/\/www.blogdelaautoescuela.com\/blog\/wp-json\/wp\/v2\/types\/post"}],"author":[{"embeddable":true,"href":"https:\/\/www.blogdelaautoescuela.com\/blog\/wp-json\/wp\/v2\/users\/1"}],"replies":[{"embeddable":true,"href":"https:\/\/www.blogdelaautoescuela.com\/blog\/wp-json\/wp\/v2\/comments?post=4795"}],"version-history":[{"count":0,"href":"https:\/\/www.blogdelaautoescuela.com\/blog\/wp-json\/wp\/v2\/posts\/4795\/revisions"}],"wp:featuredmedia":[{"embeddable":true,"href":"https:\/\/www.blogdelaautoescuela.com\/blog\/wp-json\/wp\/v2\/media\/1866"}],"wp:attachment":[{"href":"https:\/\/www.blogdelaautoescuela.com\/blog\/wp-json\/wp\/v2\/media?parent=4795"}],"wp:term":[{"taxonomy":"category","embeddable":true,"href":"https:\/\/www.blogdelaautoescuela.com\/blog\/wp-json\/wp\/v2\/categories?post=4795"},{"taxonomy":"post_tag","embeddable":true,"href":"https:\/\/www.blogdelaautoescuela.com\/blog\/wp-json\/wp\/v2\/tags?post=4795"}],"curies":[{"name":"wp","href":"https:\/\/api.w.org\/{rel}","templated":true}]}}