
{"id":478,"date":"2009-02-16T07:16:24","date_gmt":"2009-02-16T14:16:24","guid":{"rendered":"http:\/\/www.blogdelaautoescuela.com\/blog\/?p=478"},"modified":"2009-02-16T07:16:24","modified_gmt":"2009-02-16T14:16:24","slug":"la-mayoria-de-los-conductores-espanoles-sufre-fatiga-al-volante","status":"publish","type":"post","link":"https:\/\/www.blogdelaautoescuela.com\/blog\/la-mayoria-de-los-conductores-espanoles-sufre-fatiga-al-volante\/","title":{"rendered":"La mayor\u00ed\u00ada de los conductores espa\u00f1oles sufre fatiga al volante"},"content":{"rendered":"<p style=\"text-align: center;\"><img loading=\"lazy\" decoding=\"async\" class=\"size-full wp-image-480 aligncenter\" title=\"fatiga\" src=\"http:\/\/www.blogdelaautoescuela.com\/blog\/wp-content\/uploads\/2009\/02\/fatiga.jpg\" alt=\"\" width=\"400\" height=\"265\" \/><\/p>\n<p>Un <strong>70% de los conductores reconoce sufrir fatiga al volante<\/strong>, entre los que reconocen conducir cansados se encuentran por ejemplo profesionales como repartidores, camioneros o comerciales que pasan mucho tiempo al volante.<\/p>\n<p>La <strong>fatiga<\/strong> en la conducci\u00f3n se ha convertido en la cuarta causa de siniestralidad en Espa\u00f1a, sin embargo en nuestro pa\u00ed\u00ads a\u00fan hay falta de concienciaci\u00f3n del riesgo que supone conducir con fatiga.<\/p>\n<p>Seg\u00fan <strong>Antonio Lucas<\/strong>, <strong>coordinador de Seguridad Vial de la RACE<\/strong> <em>&#8220;Cuando conducimos de forma autom\u00e1tica cometemos errores, sobre todo en la trayectoria del veh\u00ed\u00adculo&#8221;<\/em>, de hecho est\u00e1 demostrado que la <strong>fatiga<\/strong> aumenta entre un 10 y un 14% el riego de sufrir un accidente de tr\u00e1fico.<\/p>\n<p>El s\u00ed\u00adntoma de la fatiga el que m\u00e1s peligroso se considera es la <strong>somnolencia<\/strong>, aunque no es el \u00fanico. Algo que puede propiciar la aparici\u00f3n del cansancio mientras conducimos es es conducir tras una comida copiosa o con sed, estas circustancias hacen que el tiempo de reacci\u00f3n en carretera se llegue casi a duplicar.<\/p>\n<p>Es muy importante que tomemos conciencia para reconocer los <a href=\"http:\/\/www.blogdelaautoescuela.com\/blog\/como-reconocer-la-fatiga-al-volante\/\">s\u00ed\u00adntomas de la fatiga al volante<\/a> y tomemos los medios necesarios para que no se produzca porque puede ayudar a salvar vidas.<\/p>\n","protected":false},"excerpt":{"rendered":"<p>Un 70% de los conductores reconoce sufrir fatiga al volante, entre los que reconocen conducir cansados se encuentran por ejemplo profesionales como repartidores, camioneros o comerciales que pasan mucho tiempo al volante. La fatiga en la conducci\u00f3n se ha convertido en la cuarta causa de siniestralidad en Espa\u00f1a, sin embargo en nuestro pa\u00ed\u00ads a\u00fan hay [&hellip;]<\/p>\n","protected":false},"author":1,"featured_media":480,"comment_status":"open","ping_status":"closed","sticky":false,"template":"","format":"standard","meta":{"footnotes":"","jetpack_publicize_message":"","jetpack_publicize_feature_enabled":true,"jetpack_social_post_already_shared":false,"jetpack_social_options":{"image_generator_settings":{"template":"highway","enabled":false},"version":2}},"categories":[12,19],"tags":[50,618,1672,1678],"class_list":["post-478","post","type-post","status-publish","format-standard","has-post-thumbnail","hentry","category-noticias","category-seguridad-vial","tag-accidentes","tag-fatiga","tag-noticias","tag-seguridad-vial"],"wppr_data":[],"jetpack_publicize_connections":[],"yoast_head":"<!-- This site is optimized with the Yoast SEO plugin v24.7 - https:\/\/yoast.com\/wordpress\/plugins\/seo\/ -->\n<title>La mayor\u00ed\u00ada de los conductores espa\u00f1oles sufre fatiga al volante<\/title>\n<meta name=\"description\" content=\"La fatiga en la conducci\u00f3n se ha convertido en la cuarta causa de siniestralidad en Espa\u00f1a, sin embargo en nuestro pa\u00ed\u00ads a\u00fan hay falta de concienciaci\u00f3n del riesgo...\" \/>\n<meta name=\"robots\" content=\"index, follow, max-snippet:-1, max-image-preview:large, max-video-preview:-1\" \/>\n<link rel=\"canonical\" href=\"https:\/\/www.blogdelaautoescuela.com\/blog\/la-mayoria-de-los-conductores-espanoles-sufre-fatiga-al-volante\/\" \/>\n<meta property=\"og:locale\" content=\"es_ES\" \/>\n<meta property=\"og:type\" content=\"article\" \/>\n<meta property=\"og:title\" content=\"La mayor\u00ed\u00ada de los conductores espa\u00f1oles sufre fatiga al volante\" \/>\n<meta property=\"og:description\" content=\"La fatiga en la conducci\u00f3n se ha convertido en la cuarta causa de siniestralidad en Espa\u00f1a, sin embargo en nuestro pa\u00ed\u00ads a\u00fan hay falta de concienciaci\u00f3n del riesgo...\" \/>\n<meta property=\"og:url\" content=\"https:\/\/www.blogdelaautoescuela.com\/blog\/la-mayoria-de-los-conductores-espanoles-sufre-fatiga-al-volante\/\" \/>\n<meta property=\"og:site_name\" content=\"Blog de la autoescuela\" \/>\n<meta property=\"article:author\" content=\"https:\/\/www.facebook.com\/blogdelaautoescuela\" \/>\n<meta property=\"article:published_time\" content=\"2009-02-16T14:16:24+00:00\" \/>\n<meta property=\"og:image\" content=\"https:\/\/www.blogdelaautoescuela.com\/blog\/wp-content\/uploads\/2009\/02\/fatiga1.jpg\" \/>\n\t<meta property=\"og:image:width\" content=\"1400\" \/>\n\t<meta property=\"og:image:height\" content=\"932\" \/>\n\t<meta property=\"og:image:type\" content=\"image\/jpeg\" \/>\n<meta name=\"author\" content=\"usr_blogauto\" \/>\n<meta name=\"twitter:label1\" content=\"Escrito por\" \/>\n\t<meta name=\"twitter:data1\" content=\"usr_blogauto\" \/>\n\t<meta name=\"twitter:label2\" content=\"Tiempo de lectura\" \/>\n\t<meta name=\"twitter:data2\" content=\"1 minuto\" \/>\n<script type=\"application\/ld+json\" class=\"yoast-schema-graph\">{\"@context\":\"https:\/\/schema.org\",\"@graph\":[{\"@type\":\"WebPage\",\"@id\":\"https:\/\/www.blogdelaautoescuela.com\/blog\/la-mayoria-de-los-conductores-espanoles-sufre-fatiga-al-volante\/\",\"url\":\"https:\/\/www.blogdelaautoescuela.com\/blog\/la-mayoria-de-los-conductores-espanoles-sufre-fatiga-al-volante\/\",\"name\":\"La mayor\u00ed\u00ada de los conductores espa\u00f1oles sufre fatiga al volante\",\"isPartOf\":{\"@id\":\"https:\/\/www.blogdelaautoescuela.com\/blog\/#website\"},\"primaryImageOfPage\":{\"@id\":\"https:\/\/www.blogdelaautoescuela.com\/blog\/la-mayoria-de-los-conductores-espanoles-sufre-fatiga-al-volante\/#primaryimage\"},\"image\":{\"@id\":\"https:\/\/www.blogdelaautoescuela.com\/blog\/la-mayoria-de-los-conductores-espanoles-sufre-fatiga-al-volante\/#primaryimage\"},\"thumbnailUrl\":\"https:\/\/www.blogdelaautoescuela.com\/blog\/wp-content\/uploads\/2009\/02\/fatiga1.jpg\",\"datePublished\":\"2009-02-16T14:16:24+00:00\",\"author\":{\"@id\":\"https:\/\/www.blogdelaautoescuela.com\/blog\/#\/schema\/person\/f209a64ca5dfe74b9acb6317240e792f\"},\"description\":\"La fatiga en la conducci\u00f3n se ha convertido en la cuarta causa de siniestralidad en Espa\u00f1a, sin embargo en nuestro pa\u00ed\u00ads a\u00fan hay falta de concienciaci\u00f3n del riesgo...\",\"breadcrumb\":{\"@id\":\"https:\/\/www.blogdelaautoescuela.com\/blog\/la-mayoria-de-los-conductores-espanoles-sufre-fatiga-al-volante\/#breadcrumb\"},\"inLanguage\":\"es\",\"potentialAction\":[{\"@type\":\"ReadAction\",\"target\":[\"https:\/\/www.blogdelaautoescuela.com\/blog\/la-mayoria-de-los-conductores-espanoles-sufre-fatiga-al-volante\/\"]}]},{\"@type\":\"ImageObject\",\"inLanguage\":\"es\",\"@id\":\"https:\/\/www.blogdelaautoescuela.com\/blog\/la-mayoria-de-los-conductores-espanoles-sufre-fatiga-al-volante\/#primaryimage\",\"url\":\"https:\/\/www.blogdelaautoescuela.com\/blog\/wp-content\/uploads\/2009\/02\/fatiga1.jpg\",\"contentUrl\":\"https:\/\/www.blogdelaautoescuela.com\/blog\/wp-content\/uploads\/2009\/02\/fatiga1.jpg\",\"width\":1400,\"height\":932},{\"@type\":\"BreadcrumbList\",\"@id\":\"https:\/\/www.blogdelaautoescuela.com\/blog\/la-mayoria-de-los-conductores-espanoles-sufre-fatiga-al-volante\/#breadcrumb\",\"itemListElement\":[{\"@type\":\"ListItem\",\"position\":1,\"name\":\"Portada\",\"item\":\"https:\/\/www.blogdelaautoescuela.com\/blog\/\"},{\"@type\":\"ListItem\",\"position\":2,\"name\":\"La mayor\u00ed\u00ada de los conductores espa\u00f1oles sufre fatiga al volante\"}]},{\"@type\":\"WebSite\",\"@id\":\"https:\/\/www.blogdelaautoescuela.com\/blog\/#website\",\"url\":\"https:\/\/www.blogdelaautoescuela.com\/blog\/\",\"name\":\"Blog de la autoescuela\",\"description\":\"Noticias sobre autoescuelas y seguridad vial\",\"potentialAction\":[{\"@type\":\"SearchAction\",\"target\":{\"@type\":\"EntryPoint\",\"urlTemplate\":\"https:\/\/www.blogdelaautoescuela.com\/blog\/?s={search_term_string}\"},\"query-input\":{\"@type\":\"PropertyValueSpecification\",\"valueRequired\":true,\"valueName\":\"search_term_string\"}}],\"inLanguage\":\"es\"},{\"@type\":\"Person\",\"@id\":\"https:\/\/www.blogdelaautoescuela.com\/blog\/#\/schema\/person\/f209a64ca5dfe74b9acb6317240e792f\",\"name\":\"usr_blogauto\",\"image\":{\"@type\":\"ImageObject\",\"inLanguage\":\"es\",\"@id\":\"https:\/\/www.blogdelaautoescuela.com\/blog\/#\/schema\/person\/image\/\",\"url\":\"https:\/\/secure.gravatar.com\/avatar\/d3939d4ea521ac8421c86d2980321cc9?s=96&d=mm&r=g\",\"contentUrl\":\"https:\/\/secure.gravatar.com\/avatar\/d3939d4ea521ac8421c86d2980321cc9?s=96&d=mm&r=g\",\"caption\":\"usr_blogauto\"},\"description\":\"Blog dedicado a la conducci\u00f3n, las autoescuelas y la seguridad vial. Est\u00e1 creado por un grupo de profesionales de la formaci\u00f3n vial que comparten inquietudes y experiencias. Aqu\u00ed\u00ad podr\u00e1s encontrar informaci\u00f3n variada sobre el d\u00ed\u00ada a d\u00ed\u00ada de la autoescuela, ex\u00e1menes, test o novedades y consejos para una conducci\u00f3n m\u00e1s segura.\",\"sameAs\":[\"http:\/\/www.blogdelaautoescuela.com\/\",\"https:\/\/www.facebook.com\/blogdelaautoescuela\",\"https:\/\/x.com\/autoescuelas\"],\"url\":\"https:\/\/www.blogdelaautoescuela.com\/blog\/author\/usr_blogauto\/\"}]}<\/script>\n<!-- \/ Yoast SEO plugin. -->","yoast_head_json":{"title":"La mayor\u00ed\u00ada de los conductores espa\u00f1oles sufre fatiga al volante","description":"La fatiga en la conducci\u00f3n se ha convertido en la cuarta causa de siniestralidad en Espa\u00f1a, sin embargo en nuestro pa\u00ed\u00ads a\u00fan hay falta de concienciaci\u00f3n del riesgo...","robots":{"index":"index","follow":"follow","max-snippet":"max-snippet:-1","max-image-preview":"max-image-preview:large","max-video-preview":"max-video-preview:-1"},"canonical":"https:\/\/www.blogdelaautoescuela.com\/blog\/la-mayoria-de-los-conductores-espanoles-sufre-fatiga-al-volante\/","og_locale":"es_ES","og_type":"article","og_title":"La mayor\u00ed\u00ada de los conductores espa\u00f1oles sufre fatiga al volante","og_description":"La fatiga en la conducci\u00f3n se ha convertido en la cuarta causa de siniestralidad en Espa\u00f1a, sin embargo en nuestro pa\u00ed\u00ads a\u00fan hay falta de concienciaci\u00f3n del riesgo...","og_url":"https:\/\/www.blogdelaautoescuela.com\/blog\/la-mayoria-de-los-conductores-espanoles-sufre-fatiga-al-volante\/","og_site_name":"Blog de la autoescuela","article_author":"https:\/\/www.facebook.com\/blogdelaautoescuela","article_published_time":"2009-02-16T14:16:24+00:00","og_image":[{"width":1400,"height":932,"url":"https:\/\/www.blogdelaautoescuela.com\/blog\/wp-content\/uploads\/2009\/02\/fatiga1.jpg","type":"image\/jpeg"}],"author":"usr_blogauto","twitter_misc":{"Escrito por":"usr_blogauto","Tiempo de lectura":"1 minuto"},"schema":{"@context":"https:\/\/schema.org","@graph":[{"@type":"WebPage","@id":"https:\/\/www.blogdelaautoescuela.com\/blog\/la-mayoria-de-los-conductores-espanoles-sufre-fatiga-al-volante\/","url":"https:\/\/www.blogdelaautoescuela.com\/blog\/la-mayoria-de-los-conductores-espanoles-sufre-fatiga-al-volante\/","name":"La mayor\u00ed\u00ada de los conductores espa\u00f1oles sufre fatiga al volante","isPartOf":{"@id":"https:\/\/www.blogdelaautoescuela.com\/blog\/#website"},"primaryImageOfPage":{"@id":"https:\/\/www.blogdelaautoescuela.com\/blog\/la-mayoria-de-los-conductores-espanoles-sufre-fatiga-al-volante\/#primaryimage"},"image":{"@id":"https:\/\/www.blogdelaautoescuela.com\/blog\/la-mayoria-de-los-conductores-espanoles-sufre-fatiga-al-volante\/#primaryimage"},"thumbnailUrl":"https:\/\/www.blogdelaautoescuela.com\/blog\/wp-content\/uploads\/2009\/02\/fatiga1.jpg","datePublished":"2009-02-16T14:16:24+00:00","author":{"@id":"https:\/\/www.blogdelaautoescuela.com\/blog\/#\/schema\/person\/f209a64ca5dfe74b9acb6317240e792f"},"description":"La fatiga en la conducci\u00f3n se ha convertido en la cuarta causa de siniestralidad en Espa\u00f1a, sin embargo en nuestro pa\u00ed\u00ads a\u00fan hay falta de concienciaci\u00f3n del riesgo...","breadcrumb":{"@id":"https:\/\/www.blogdelaautoescuela.com\/blog\/la-mayoria-de-los-conductores-espanoles-sufre-fatiga-al-volante\/#breadcrumb"},"inLanguage":"es","potentialAction":[{"@type":"ReadAction","target":["https:\/\/www.blogdelaautoescuela.com\/blog\/la-mayoria-de-los-conductores-espanoles-sufre-fatiga-al-volante\/"]}]},{"@type":"ImageObject","inLanguage":"es","@id":"https:\/\/www.blogdelaautoescuela.com\/blog\/la-mayoria-de-los-conductores-espanoles-sufre-fatiga-al-volante\/#primaryimage","url":"https:\/\/www.blogdelaautoescuela.com\/blog\/wp-content\/uploads\/2009\/02\/fatiga1.jpg","contentUrl":"https:\/\/www.blogdelaautoescuela.com\/blog\/wp-content\/uploads\/2009\/02\/fatiga1.jpg","width":1400,"height":932},{"@type":"BreadcrumbList","@id":"https:\/\/www.blogdelaautoescuela.com\/blog\/la-mayoria-de-los-conductores-espanoles-sufre-fatiga-al-volante\/#breadcrumb","itemListElement":[{"@type":"ListItem","position":1,"name":"Portada","item":"https:\/\/www.blogdelaautoescuela.com\/blog\/"},{"@type":"ListItem","position":2,"name":"La mayor\u00ed\u00ada de los conductores espa\u00f1oles sufre fatiga al volante"}]},{"@type":"WebSite","@id":"https:\/\/www.blogdelaautoescuela.com\/blog\/#website","url":"https:\/\/www.blogdelaautoescuela.com\/blog\/","name":"Blog de la autoescuela","description":"Noticias sobre autoescuelas y seguridad vial","potentialAction":[{"@type":"SearchAction","target":{"@type":"EntryPoint","urlTemplate":"https:\/\/www.blogdelaautoescuela.com\/blog\/?s={search_term_string}"},"query-input":{"@type":"PropertyValueSpecification","valueRequired":true,"valueName":"search_term_string"}}],"inLanguage":"es"},{"@type":"Person","@id":"https:\/\/www.blogdelaautoescuela.com\/blog\/#\/schema\/person\/f209a64ca5dfe74b9acb6317240e792f","name":"usr_blogauto","image":{"@type":"ImageObject","inLanguage":"es","@id":"https:\/\/www.blogdelaautoescuela.com\/blog\/#\/schema\/person\/image\/","url":"https:\/\/secure.gravatar.com\/avatar\/d3939d4ea521ac8421c86d2980321cc9?s=96&d=mm&r=g","contentUrl":"https:\/\/secure.gravatar.com\/avatar\/d3939d4ea521ac8421c86d2980321cc9?s=96&d=mm&r=g","caption":"usr_blogauto"},"description":"Blog dedicado a la conducci\u00f3n, las autoescuelas y la seguridad vial. Est\u00e1 creado por un grupo de profesionales de la formaci\u00f3n vial que comparten inquietudes y experiencias. Aqu\u00ed\u00ad podr\u00e1s encontrar informaci\u00f3n variada sobre el d\u00ed\u00ada a d\u00ed\u00ada de la autoescuela, ex\u00e1menes, test o novedades y consejos para una conducci\u00f3n m\u00e1s segura.","sameAs":["http:\/\/www.blogdelaautoescuela.com\/","https:\/\/www.facebook.com\/blogdelaautoescuela","https:\/\/x.com\/autoescuelas"],"url":"https:\/\/www.blogdelaautoescuela.com\/blog\/author\/usr_blogauto\/"}]}},"jetpack_featured_media_url":"https:\/\/www.blogdelaautoescuela.com\/blog\/wp-content\/uploads\/2009\/02\/fatiga1.jpg","_links":{"self":[{"href":"https:\/\/www.blogdelaautoescuela.com\/blog\/wp-json\/wp\/v2\/posts\/478","targetHints":{"allow":["GET"]}}],"collection":[{"href":"https:\/\/www.blogdelaautoescuela.com\/blog\/wp-json\/wp\/v2\/posts"}],"about":[{"href":"https:\/\/www.blogdelaautoescuela.com\/blog\/wp-json\/wp\/v2\/types\/post"}],"author":[{"embeddable":true,"href":"https:\/\/www.blogdelaautoescuela.com\/blog\/wp-json\/wp\/v2\/users\/1"}],"replies":[{"embeddable":true,"href":"https:\/\/www.blogdelaautoescuela.com\/blog\/wp-json\/wp\/v2\/comments?post=478"}],"version-history":[{"count":0,"href":"https:\/\/www.blogdelaautoescuela.com\/blog\/wp-json\/wp\/v2\/posts\/478\/revisions"}],"wp:featuredmedia":[{"embeddable":true,"href":"https:\/\/www.blogdelaautoescuela.com\/blog\/wp-json\/wp\/v2\/media\/480"}],"wp:attachment":[{"href":"https:\/\/www.blogdelaautoescuela.com\/blog\/wp-json\/wp\/v2\/media?parent=478"}],"wp:term":[{"taxonomy":"category","embeddable":true,"href":"https:\/\/www.blogdelaautoescuela.com\/blog\/wp-json\/wp\/v2\/categories?post=478"},{"taxonomy":"post_tag","embeddable":true,"href":"https:\/\/www.blogdelaautoescuela.com\/blog\/wp-json\/wp\/v2\/tags?post=478"}],"curies":[{"name":"wp","href":"https:\/\/api.w.org\/{rel}","templated":true}]}}