
{"id":4766,"date":"2010-06-14T12:35:20","date_gmt":"2010-06-14T10:35:20","guid":{"rendered":"http:\/\/www.blogdelaautoescuela.com\/blog\/?p=4766"},"modified":"2010-06-14T12:35:20","modified_gmt":"2010-06-14T10:35:20","slug":"en-galicia-se-pide-mas-rigor-en-los-psicotecnicos-y-reciclaje-para-los-conductores-veteranos","status":"publish","type":"post","link":"https:\/\/www.blogdelaautoescuela.com\/blog\/en-galicia-se-pide-mas-rigor-en-los-psicotecnicos-y-reciclaje-para-los-conductores-veteranos\/","title":{"rendered":"En Galicia se pide m\u00e1s rigor en los psicot\u00e9cnicos y reciclaje para los conductores veteranos"},"content":{"rendered":"<p style=\"text-align: center;\"><img loading=\"lazy\" decoding=\"async\" class=\"size-full wp-image-4598 aligncenter\" title=\"seguridadvial\" src=\"http:\/\/www.blogdelaautoescuela.com\/blog\/wp-content\/uploads\/2010\/05\/seguridadvial.jpg\" alt=\"seguridadvial\" width=\"400\" height=\"398\" \/><\/p>\n<p>No hace mucho os coment\u00e1bamos el resultado de un <strong>estudio de Ponle Freno<\/strong> del que se desprend\u00ed\u00ada que <a href=\"http:\/\/www.blogdelaautoescuela.com\/blog\/el-68-de-los-centros-psicotecnicos-incumplen-la-normativa\/\">el 68% de los centros psicot\u00e9cnicos incumplen la normativa<\/a>, lo que supone un <strong>serio problema para la seguridad vial<\/strong>.<\/p>\n<p>Por este motivo el<strong> fiscal especializado en seguridad vial en Galicia, Carlos Gil<\/strong>, pide que haya un <strong>mayor rigor en las pruebas psicot\u00e9cnicas <\/strong>del permiso de conducir ya que en su opini\u00f3n <em>&#8220;no profundizan lo suficiente&#8221;<\/em> en las consecuencias de cualquier deficiencia f\u00ed\u00adsica o ps\u00ed\u00adquica de los examinados. Adem\u00e1s, seg\u00fan ha informado el propio fiscal de seguridad vial,<strong> a partir de ahora en Galicia se va a vigilar de una forma m\u00e1s estrecha la realizaci\u00f3n de estas pruebas<\/strong>, de las que dijo que <em>&#8220;no significa que hay que cambiarlas sino que hay que ser mucho  m\u00e1s estrictos&#8221;.<\/em><\/p>\n<p><strong>Carlos Gil<\/strong> adem\u00e1s opina que<strong> los conductores m\u00e1s veteranos se deber\u00ed\u00adan volver a examinar de una prueba te\u00f3rica cuando renuevan su permiso de conducir<\/strong>, al igual que se tienen que someter a una prueba psicot\u00e9cnica, para que de esta forma se mantengan al d\u00ed\u00ada de la normativa y de las variaciones en ella que se van introduciendo. El reciclaje de los conductores parece necesario si tenemos en cuenta que <a href=\"http:\/\/www.blogdelaautoescuela.com\/blog\/solo-conocemos-la-mitad-de-las-senales-de-trafico\/\">s\u00f3lo conocemos la mitad de las se\u00f1ales de tr\u00e1fico<\/a> y que <a href=\"http:\/\/www.blogdelaautoescuela.com\/blog\/el-965-de-los-conductores-espanoles-suspenderian-el-examen-teorico\/\">el 96,5% de los conductores espa\u00f1oles suspender\u00ed\u00adan el ex\u00e1men\u00a0 te\u00f3rico<\/a><\/p>\n","protected":false},"excerpt":{"rendered":"<p>No hace mucho os coment\u00e1bamos el resultado de un estudio de Ponle Freno del que se desprend\u00ed\u00ada que el 68% de los centros psicot\u00e9cnicos incumplen la normativa, lo que supone un serio problema para la seguridad vial. Por este motivo el fiscal especializado en seguridad vial en Galicia, Carlos Gil, pide que haya un mayor [&hellip;]<\/p>\n","protected":false},"author":1,"featured_media":4598,"comment_status":"open","ping_status":"closed","sticky":false,"template":"","format":"standard","meta":{"footnotes":"","jetpack_publicize_message":"","jetpack_publicize_feature_enabled":true,"jetpack_social_post_already_shared":false,"jetpack_social_options":{"image_generator_settings":{"template":"highway","enabled":false},"version":2}},"categories":[12,19],"tags":[1672,1082,1095,1678],"class_list":["post-4766","post","type-post","status-publish","format-standard","has-post-thumbnail","hentry","category-noticias","category-seguridad-vial","tag-noticias","tag-psicotecnico","tag-reciclaje","tag-seguridad-vial"],"wppr_data":[],"jetpack_publicize_connections":[],"yoast_head":"<!-- This site is optimized with the Yoast SEO plugin v24.7 - https:\/\/yoast.com\/wordpress\/plugins\/seo\/ -->\n<title>En Galicia se pide m\u00e1s rigor en los psicot\u00e9cnicos y reciclaje para los conductores veteranos<\/title>\n<meta name=\"description\" content=\"el fiscal especializado en seguridad vial en Galicia, Carlos Gil, pide que haya un mayor rigor en las pruebas psicot\u00e9cnicas del permiso de conducir\" \/>\n<meta name=\"robots\" content=\"index, follow, max-snippet:-1, max-image-preview:large, max-video-preview:-1\" \/>\n<link rel=\"canonical\" href=\"https:\/\/www.blogdelaautoescuela.com\/blog\/en-galicia-se-pide-mas-rigor-en-los-psicotecnicos-y-reciclaje-para-los-conductores-veteranos\/\" \/>\n<meta property=\"og:locale\" content=\"es_ES\" \/>\n<meta property=\"og:type\" content=\"article\" \/>\n<meta property=\"og:title\" content=\"En Galicia se pide m\u00e1s rigor en los psicot\u00e9cnicos y reciclaje para los conductores veteranos\" \/>\n<meta property=\"og:description\" content=\"el fiscal especializado en seguridad vial en Galicia, Carlos Gil, pide que haya un mayor rigor en las pruebas psicot\u00e9cnicas del permiso de conducir\" \/>\n<meta property=\"og:url\" content=\"https:\/\/www.blogdelaautoescuela.com\/blog\/en-galicia-se-pide-mas-rigor-en-los-psicotecnicos-y-reciclaje-para-los-conductores-veteranos\/\" \/>\n<meta property=\"og:site_name\" content=\"Blog de la autoescuela\" \/>\n<meta property=\"article:author\" content=\"https:\/\/www.facebook.com\/blogdelaautoescuela\" \/>\n<meta property=\"article:published_time\" content=\"2010-06-14T10:35:20+00:00\" \/>\n<meta property=\"og:image\" content=\"https:\/\/www.blogdelaautoescuela.com\/blog\/wp-content\/uploads\/2010\/05\/seguridadvial1.jpg\" \/>\n\t<meta property=\"og:image:width\" content=\"400\" \/>\n\t<meta property=\"og:image:height\" content=\"398\" \/>\n\t<meta property=\"og:image:type\" content=\"image\/jpeg\" \/>\n<meta name=\"author\" content=\"usr_blogauto\" \/>\n<meta name=\"twitter:label1\" content=\"Escrito por\" \/>\n\t<meta name=\"twitter:data1\" content=\"usr_blogauto\" \/>\n\t<meta name=\"twitter:label2\" content=\"Tiempo de lectura\" \/>\n\t<meta name=\"twitter:data2\" content=\"1 minuto\" \/>\n<script type=\"application\/ld+json\" class=\"yoast-schema-graph\">{\"@context\":\"https:\/\/schema.org\",\"@graph\":[{\"@type\":\"WebPage\",\"@id\":\"https:\/\/www.blogdelaautoescuela.com\/blog\/en-galicia-se-pide-mas-rigor-en-los-psicotecnicos-y-reciclaje-para-los-conductores-veteranos\/\",\"url\":\"https:\/\/www.blogdelaautoescuela.com\/blog\/en-galicia-se-pide-mas-rigor-en-los-psicotecnicos-y-reciclaje-para-los-conductores-veteranos\/\",\"name\":\"En Galicia se pide m\u00e1s rigor en los psicot\u00e9cnicos y reciclaje para los conductores veteranos\",\"isPartOf\":{\"@id\":\"https:\/\/www.blogdelaautoescuela.com\/blog\/#website\"},\"primaryImageOfPage\":{\"@id\":\"https:\/\/www.blogdelaautoescuela.com\/blog\/en-galicia-se-pide-mas-rigor-en-los-psicotecnicos-y-reciclaje-para-los-conductores-veteranos\/#primaryimage\"},\"image\":{\"@id\":\"https:\/\/www.blogdelaautoescuela.com\/blog\/en-galicia-se-pide-mas-rigor-en-los-psicotecnicos-y-reciclaje-para-los-conductores-veteranos\/#primaryimage\"},\"thumbnailUrl\":\"https:\/\/www.blogdelaautoescuela.com\/blog\/wp-content\/uploads\/2010\/05\/seguridadvial1.jpg\",\"datePublished\":\"2010-06-14T10:35:20+00:00\",\"author\":{\"@id\":\"https:\/\/www.blogdelaautoescuela.com\/blog\/#\/schema\/person\/f209a64ca5dfe74b9acb6317240e792f\"},\"description\":\"el fiscal especializado en seguridad vial en Galicia, Carlos Gil, pide que haya un mayor rigor en las pruebas psicot\u00e9cnicas del permiso de conducir\",\"breadcrumb\":{\"@id\":\"https:\/\/www.blogdelaautoescuela.com\/blog\/en-galicia-se-pide-mas-rigor-en-los-psicotecnicos-y-reciclaje-para-los-conductores-veteranos\/#breadcrumb\"},\"inLanguage\":\"es\",\"potentialAction\":[{\"@type\":\"ReadAction\",\"target\":[\"https:\/\/www.blogdelaautoescuela.com\/blog\/en-galicia-se-pide-mas-rigor-en-los-psicotecnicos-y-reciclaje-para-los-conductores-veteranos\/\"]}]},{\"@type\":\"ImageObject\",\"inLanguage\":\"es\",\"@id\":\"https:\/\/www.blogdelaautoescuela.com\/blog\/en-galicia-se-pide-mas-rigor-en-los-psicotecnicos-y-reciclaje-para-los-conductores-veteranos\/#primaryimage\",\"url\":\"https:\/\/www.blogdelaautoescuela.com\/blog\/wp-content\/uploads\/2010\/05\/seguridadvial1.jpg\",\"contentUrl\":\"https:\/\/www.blogdelaautoescuela.com\/blog\/wp-content\/uploads\/2010\/05\/seguridadvial1.jpg\",\"width\":400,\"height\":398},{\"@type\":\"BreadcrumbList\",\"@id\":\"https:\/\/www.blogdelaautoescuela.com\/blog\/en-galicia-se-pide-mas-rigor-en-los-psicotecnicos-y-reciclaje-para-los-conductores-veteranos\/#breadcrumb\",\"itemListElement\":[{\"@type\":\"ListItem\",\"position\":1,\"name\":\"Portada\",\"item\":\"https:\/\/www.blogdelaautoescuela.com\/blog\/\"},{\"@type\":\"ListItem\",\"position\":2,\"name\":\"En Galicia se pide m\u00e1s rigor en los psicot\u00e9cnicos y reciclaje para los conductores veteranos\"}]},{\"@type\":\"WebSite\",\"@id\":\"https:\/\/www.blogdelaautoescuela.com\/blog\/#website\",\"url\":\"https:\/\/www.blogdelaautoescuela.com\/blog\/\",\"name\":\"Blog de la autoescuela\",\"description\":\"Noticias sobre autoescuelas y seguridad vial\",\"potentialAction\":[{\"@type\":\"SearchAction\",\"target\":{\"@type\":\"EntryPoint\",\"urlTemplate\":\"https:\/\/www.blogdelaautoescuela.com\/blog\/?s={search_term_string}\"},\"query-input\":{\"@type\":\"PropertyValueSpecification\",\"valueRequired\":true,\"valueName\":\"search_term_string\"}}],\"inLanguage\":\"es\"},{\"@type\":\"Person\",\"@id\":\"https:\/\/www.blogdelaautoescuela.com\/blog\/#\/schema\/person\/f209a64ca5dfe74b9acb6317240e792f\",\"name\":\"usr_blogauto\",\"image\":{\"@type\":\"ImageObject\",\"inLanguage\":\"es\",\"@id\":\"https:\/\/www.blogdelaautoescuela.com\/blog\/#\/schema\/person\/image\/\",\"url\":\"https:\/\/secure.gravatar.com\/avatar\/d3939d4ea521ac8421c86d2980321cc9?s=96&d=mm&r=g\",\"contentUrl\":\"https:\/\/secure.gravatar.com\/avatar\/d3939d4ea521ac8421c86d2980321cc9?s=96&d=mm&r=g\",\"caption\":\"usr_blogauto\"},\"description\":\"Blog dedicado a la conducci\u00f3n, las autoescuelas y la seguridad vial. Est\u00e1 creado por un grupo de profesionales de la formaci\u00f3n vial que comparten inquietudes y experiencias. Aqu\u00ed\u00ad podr\u00e1s encontrar informaci\u00f3n variada sobre el d\u00ed\u00ada a d\u00ed\u00ada de la autoescuela, ex\u00e1menes, test o novedades y consejos para una conducci\u00f3n m\u00e1s segura.\",\"sameAs\":[\"http:\/\/www.blogdelaautoescuela.com\/\",\"https:\/\/www.facebook.com\/blogdelaautoescuela\",\"https:\/\/x.com\/autoescuelas\"],\"url\":\"https:\/\/www.blogdelaautoescuela.com\/blog\/author\/usr_blogauto\/\"}]}<\/script>\n<!-- \/ Yoast SEO plugin. -->","yoast_head_json":{"title":"En Galicia se pide m\u00e1s rigor en los psicot\u00e9cnicos y reciclaje para los conductores veteranos","description":"el fiscal especializado en seguridad vial en Galicia, Carlos Gil, pide que haya un mayor rigor en las pruebas psicot\u00e9cnicas del permiso de conducir","robots":{"index":"index","follow":"follow","max-snippet":"max-snippet:-1","max-image-preview":"max-image-preview:large","max-video-preview":"max-video-preview:-1"},"canonical":"https:\/\/www.blogdelaautoescuela.com\/blog\/en-galicia-se-pide-mas-rigor-en-los-psicotecnicos-y-reciclaje-para-los-conductores-veteranos\/","og_locale":"es_ES","og_type":"article","og_title":"En Galicia se pide m\u00e1s rigor en los psicot\u00e9cnicos y reciclaje para los conductores veteranos","og_description":"el fiscal especializado en seguridad vial en Galicia, Carlos Gil, pide que haya un mayor rigor en las pruebas psicot\u00e9cnicas del permiso de conducir","og_url":"https:\/\/www.blogdelaautoescuela.com\/blog\/en-galicia-se-pide-mas-rigor-en-los-psicotecnicos-y-reciclaje-para-los-conductores-veteranos\/","og_site_name":"Blog de la autoescuela","article_author":"https:\/\/www.facebook.com\/blogdelaautoescuela","article_published_time":"2010-06-14T10:35:20+00:00","og_image":[{"width":400,"height":398,"url":"https:\/\/www.blogdelaautoescuela.com\/blog\/wp-content\/uploads\/2010\/05\/seguridadvial1.jpg","type":"image\/jpeg"}],"author":"usr_blogauto","twitter_misc":{"Escrito por":"usr_blogauto","Tiempo de lectura":"1 minuto"},"schema":{"@context":"https:\/\/schema.org","@graph":[{"@type":"WebPage","@id":"https:\/\/www.blogdelaautoescuela.com\/blog\/en-galicia-se-pide-mas-rigor-en-los-psicotecnicos-y-reciclaje-para-los-conductores-veteranos\/","url":"https:\/\/www.blogdelaautoescuela.com\/blog\/en-galicia-se-pide-mas-rigor-en-los-psicotecnicos-y-reciclaje-para-los-conductores-veteranos\/","name":"En Galicia se pide m\u00e1s rigor en los psicot\u00e9cnicos y reciclaje para los conductores veteranos","isPartOf":{"@id":"https:\/\/www.blogdelaautoescuela.com\/blog\/#website"},"primaryImageOfPage":{"@id":"https:\/\/www.blogdelaautoescuela.com\/blog\/en-galicia-se-pide-mas-rigor-en-los-psicotecnicos-y-reciclaje-para-los-conductores-veteranos\/#primaryimage"},"image":{"@id":"https:\/\/www.blogdelaautoescuela.com\/blog\/en-galicia-se-pide-mas-rigor-en-los-psicotecnicos-y-reciclaje-para-los-conductores-veteranos\/#primaryimage"},"thumbnailUrl":"https:\/\/www.blogdelaautoescuela.com\/blog\/wp-content\/uploads\/2010\/05\/seguridadvial1.jpg","datePublished":"2010-06-14T10:35:20+00:00","author":{"@id":"https:\/\/www.blogdelaautoescuela.com\/blog\/#\/schema\/person\/f209a64ca5dfe74b9acb6317240e792f"},"description":"el fiscal especializado en seguridad vial en Galicia, Carlos Gil, pide que haya un mayor rigor en las pruebas psicot\u00e9cnicas del permiso de conducir","breadcrumb":{"@id":"https:\/\/www.blogdelaautoescuela.com\/blog\/en-galicia-se-pide-mas-rigor-en-los-psicotecnicos-y-reciclaje-para-los-conductores-veteranos\/#breadcrumb"},"inLanguage":"es","potentialAction":[{"@type":"ReadAction","target":["https:\/\/www.blogdelaautoescuela.com\/blog\/en-galicia-se-pide-mas-rigor-en-los-psicotecnicos-y-reciclaje-para-los-conductores-veteranos\/"]}]},{"@type":"ImageObject","inLanguage":"es","@id":"https:\/\/www.blogdelaautoescuela.com\/blog\/en-galicia-se-pide-mas-rigor-en-los-psicotecnicos-y-reciclaje-para-los-conductores-veteranos\/#primaryimage","url":"https:\/\/www.blogdelaautoescuela.com\/blog\/wp-content\/uploads\/2010\/05\/seguridadvial1.jpg","contentUrl":"https:\/\/www.blogdelaautoescuela.com\/blog\/wp-content\/uploads\/2010\/05\/seguridadvial1.jpg","width":400,"height":398},{"@type":"BreadcrumbList","@id":"https:\/\/www.blogdelaautoescuela.com\/blog\/en-galicia-se-pide-mas-rigor-en-los-psicotecnicos-y-reciclaje-para-los-conductores-veteranos\/#breadcrumb","itemListElement":[{"@type":"ListItem","position":1,"name":"Portada","item":"https:\/\/www.blogdelaautoescuela.com\/blog\/"},{"@type":"ListItem","position":2,"name":"En Galicia se pide m\u00e1s rigor en los psicot\u00e9cnicos y reciclaje para los conductores veteranos"}]},{"@type":"WebSite","@id":"https:\/\/www.blogdelaautoescuela.com\/blog\/#website","url":"https:\/\/www.blogdelaautoescuela.com\/blog\/","name":"Blog de la autoescuela","description":"Noticias sobre autoescuelas y seguridad vial","potentialAction":[{"@type":"SearchAction","target":{"@type":"EntryPoint","urlTemplate":"https:\/\/www.blogdelaautoescuela.com\/blog\/?s={search_term_string}"},"query-input":{"@type":"PropertyValueSpecification","valueRequired":true,"valueName":"search_term_string"}}],"inLanguage":"es"},{"@type":"Person","@id":"https:\/\/www.blogdelaautoescuela.com\/blog\/#\/schema\/person\/f209a64ca5dfe74b9acb6317240e792f","name":"usr_blogauto","image":{"@type":"ImageObject","inLanguage":"es","@id":"https:\/\/www.blogdelaautoescuela.com\/blog\/#\/schema\/person\/image\/","url":"https:\/\/secure.gravatar.com\/avatar\/d3939d4ea521ac8421c86d2980321cc9?s=96&d=mm&r=g","contentUrl":"https:\/\/secure.gravatar.com\/avatar\/d3939d4ea521ac8421c86d2980321cc9?s=96&d=mm&r=g","caption":"usr_blogauto"},"description":"Blog dedicado a la conducci\u00f3n, las autoescuelas y la seguridad vial. Est\u00e1 creado por un grupo de profesionales de la formaci\u00f3n vial que comparten inquietudes y experiencias. Aqu\u00ed\u00ad podr\u00e1s encontrar informaci\u00f3n variada sobre el d\u00ed\u00ada a d\u00ed\u00ada de la autoescuela, ex\u00e1menes, test o novedades y consejos para una conducci\u00f3n m\u00e1s segura.","sameAs":["http:\/\/www.blogdelaautoescuela.com\/","https:\/\/www.facebook.com\/blogdelaautoescuela","https:\/\/x.com\/autoescuelas"],"url":"https:\/\/www.blogdelaautoescuela.com\/blog\/author\/usr_blogauto\/"}]}},"jetpack_featured_media_url":"https:\/\/www.blogdelaautoescuela.com\/blog\/wp-content\/uploads\/2010\/05\/seguridadvial1.jpg","_links":{"self":[{"href":"https:\/\/www.blogdelaautoescuela.com\/blog\/wp-json\/wp\/v2\/posts\/4766","targetHints":{"allow":["GET"]}}],"collection":[{"href":"https:\/\/www.blogdelaautoescuela.com\/blog\/wp-json\/wp\/v2\/posts"}],"about":[{"href":"https:\/\/www.blogdelaautoescuela.com\/blog\/wp-json\/wp\/v2\/types\/post"}],"author":[{"embeddable":true,"href":"https:\/\/www.blogdelaautoescuela.com\/blog\/wp-json\/wp\/v2\/users\/1"}],"replies":[{"embeddable":true,"href":"https:\/\/www.blogdelaautoescuela.com\/blog\/wp-json\/wp\/v2\/comments?post=4766"}],"version-history":[{"count":0,"href":"https:\/\/www.blogdelaautoescuela.com\/blog\/wp-json\/wp\/v2\/posts\/4766\/revisions"}],"wp:featuredmedia":[{"embeddable":true,"href":"https:\/\/www.blogdelaautoescuela.com\/blog\/wp-json\/wp\/v2\/media\/4598"}],"wp:attachment":[{"href":"https:\/\/www.blogdelaautoescuela.com\/blog\/wp-json\/wp\/v2\/media?parent=4766"}],"wp:term":[{"taxonomy":"category","embeddable":true,"href":"https:\/\/www.blogdelaautoescuela.com\/blog\/wp-json\/wp\/v2\/categories?post=4766"},{"taxonomy":"post_tag","embeddable":true,"href":"https:\/\/www.blogdelaautoescuela.com\/blog\/wp-json\/wp\/v2\/tags?post=4766"}],"curies":[{"name":"wp","href":"https:\/\/api.w.org\/{rel}","templated":true}]}}