
{"id":4757,"date":"2010-06-11T16:25:21","date_gmt":"2010-06-11T14:25:21","guid":{"rendered":"http:\/\/www.blogdelaautoescuela.com\/blog\/?p=4757"},"modified":"2010-06-11T16:25:21","modified_gmt":"2010-06-11T14:25:21","slug":"cuando-circulamos-por-una-via-interurbana-insuficientemente-iluminada-que-alumbrado-tenemos-que-llevar","status":"publish","type":"post","link":"https:\/\/www.blogdelaautoescuela.com\/blog\/cuando-circulamos-por-una-via-interurbana-insuficientemente-iluminada-que-alumbrado-tenemos-que-llevar\/","title":{"rendered":"Cuando circulamos por una v\u00ed\u00ada interurbana insuficientemente iluminada \u00bfqu\u00e9 alumbrado tenemos que llevar?"},"content":{"rendered":"<blockquote><p><strong>Cuando circulamos por una v\u00ed\u00ada interurbana insuficientemente iluminada \u00bfqu\u00e9 alumbrado tenemos que llevar?<\/strong><\/p>\n<ul>\n<li>a) El alumbrado de cruce<\/li>\n<li>b) El alumbrado de carreterera<\/li>\n<li>c) El alumbrado de cruce o carretera indistintamente<\/li>\n<\/ul>\n<p><span style=\"color: #5cabc8;\">Respuesta: B<\/span><\/p><\/blockquote>\n<p><strong><span style=\"color: #99cc00;\">Explicaci\u00f3n:<\/span><\/strong><\/p>\n<p>Seg\u00fan el <strong>Reglamento de Circulaci\u00f3n<\/strong> cuando el conductor de un autom\u00f3vil circule por una <strong>v\u00ed\u00ada insuficientemente iluminada<\/strong>, situada <strong>fuera de poblado, <\/strong>a m\u00e1s de<strong> 40 km\/h y no exista posibilidad de deslumbrar<\/strong> a ning\u00fan usuario de la v\u00ed\u00ada, deber\u00e1 llevar encendido el <strong>alumbrado de carretera o largo alcance.<\/strong><\/p>\n<p>Adem\u00e1s de la infracci\u00f3n, los conductores que circulen s\u00f3lo con la <strong>luz de cruce<\/strong> tienen <strong>muy reducido su campo de visi\u00f3n<\/strong> por delante del veh\u00ed\u00adculo. Si circula a 100 km\/h, lo que equivale recorrer 33 metros por segundo, muy d\u00ed\u00adcilmente podr\u00e1 detener su veh\u00ed\u00adculo dentro del \u00e1rea iluminada en caso de que surja alg\u00fan peligro u obst\u00e1culo en la calzada.<\/p>\n<p>Sin embargo, circular con la <strong>luz de carretera<\/strong> le va a permitir adpatar mejor su velocidad a la zona iluminada y podr\u00e1 ver con mayor claridad a los peatones y usuarios que circulen por el arc\u00e9n.<\/p>\n","protected":false},"excerpt":{"rendered":"<p>Cuando circulamos por una v\u00ed\u00ada interurbana insuficientemente iluminada \u00bfqu\u00e9 alumbrado tenemos que llevar? a) El alumbrado de cruce b) El alumbrado de carreterera c) El alumbrado de cruce o carretera indistintamente Respuesta: B Explicaci\u00f3n: Seg\u00fan el Reglamento de Circulaci\u00f3n cuando el conductor de un autom\u00f3vil circule por una v\u00ed\u00ada insuficientemente iluminada, situada fuera de poblado, [&hellip;]<\/p>\n","protected":false},"author":1,"featured_media":0,"comment_status":"open","ping_status":"closed","sticky":false,"template":"","format":"standard","meta":{"footnotes":"","jetpack_publicize_message":"","jetpack_publicize_feature_enabled":true,"jetpack_social_post_already_shared":false,"jetpack_social_options":{"image_generator_settings":{"template":"highway","enabled":false},"version":2}},"categories":[7,8,15,19],"tags":[94,1668,1669,1039,1678,1292],"class_list":["post-4757","post","type-post","status-publish","format-standard","hentry","category-examen-teorico","category-maniobras","category-preguntas-test-explicadas","category-seguridad-vial","tag-alumbrado","tag-examen-teorico","tag-maniobras","tag-preguntas-text-explicadas","tag-seguridad-vial","tag-teoria"],"wppr_data":[],"jetpack_publicize_connections":[],"yoast_head":"<!-- This site is optimized with the Yoast SEO plugin v24.7 - https:\/\/yoast.com\/wordpress\/plugins\/seo\/ -->\n<title>Cuando circulamos por una v\u00ed\u00ada interurbana insuficientemente iluminada \u00bfqu\u00e9 alumbrado tenemos que llevar?<\/title>\n<meta name=\"description\" content=\"por una v\u00ed\u00ada insuficientemente iluminada fuera de poblado a m\u00e1s de 40 km\/h y sin posibilidad de deslumbrar, deber\u00e1 llevar el alumbrado de carretera o largo alcance\" \/>\n<meta name=\"robots\" content=\"index, follow, max-snippet:-1, max-image-preview:large, max-video-preview:-1\" \/>\n<link rel=\"canonical\" href=\"https:\/\/www.blogdelaautoescuela.com\/blog\/cuando-circulamos-por-una-via-interurbana-insuficientemente-iluminada-que-alumbrado-tenemos-que-llevar\/\" \/>\n<meta property=\"og:locale\" content=\"es_ES\" \/>\n<meta property=\"og:type\" content=\"article\" \/>\n<meta property=\"og:title\" content=\"Cuando circulamos por una v\u00ed\u00ada interurbana insuficientemente iluminada \u00bfqu\u00e9 alumbrado tenemos que llevar?\" \/>\n<meta property=\"og:description\" content=\"por una v\u00ed\u00ada insuficientemente iluminada fuera de poblado a m\u00e1s de 40 km\/h y sin posibilidad de deslumbrar, deber\u00e1 llevar el alumbrado de carretera o largo alcance\" \/>\n<meta property=\"og:url\" content=\"https:\/\/www.blogdelaautoescuela.com\/blog\/cuando-circulamos-por-una-via-interurbana-insuficientemente-iluminada-que-alumbrado-tenemos-que-llevar\/\" \/>\n<meta property=\"og:site_name\" content=\"Blog de la autoescuela\" \/>\n<meta property=\"article:author\" content=\"https:\/\/www.facebook.com\/blogdelaautoescuela\" \/>\n<meta property=\"article:published_time\" content=\"2010-06-11T14:25:21+00:00\" \/>\n<meta name=\"author\" content=\"usr_blogauto\" \/>\n<meta name=\"twitter:label1\" content=\"Escrito por\" \/>\n\t<meta name=\"twitter:data1\" content=\"usr_blogauto\" \/>\n\t<meta name=\"twitter:label2\" content=\"Tiempo de lectura\" \/>\n\t<meta name=\"twitter:data2\" content=\"1 minuto\" \/>\n<script type=\"application\/ld+json\" class=\"yoast-schema-graph\">{\"@context\":\"https:\/\/schema.org\",\"@graph\":[{\"@type\":\"WebPage\",\"@id\":\"https:\/\/www.blogdelaautoescuela.com\/blog\/cuando-circulamos-por-una-via-interurbana-insuficientemente-iluminada-que-alumbrado-tenemos-que-llevar\/\",\"url\":\"https:\/\/www.blogdelaautoescuela.com\/blog\/cuando-circulamos-por-una-via-interurbana-insuficientemente-iluminada-que-alumbrado-tenemos-que-llevar\/\",\"name\":\"Cuando circulamos por una v\u00ed\u00ada interurbana insuficientemente iluminada \u00bfqu\u00e9 alumbrado tenemos que llevar?\",\"isPartOf\":{\"@id\":\"https:\/\/www.blogdelaautoescuela.com\/blog\/#website\"},\"datePublished\":\"2010-06-11T14:25:21+00:00\",\"author\":{\"@id\":\"https:\/\/www.blogdelaautoescuela.com\/blog\/#\/schema\/person\/f209a64ca5dfe74b9acb6317240e792f\"},\"description\":\"por una v\u00ed\u00ada insuficientemente iluminada fuera de poblado a m\u00e1s de 40 km\/h y sin posibilidad de deslumbrar, deber\u00e1 llevar el alumbrado de carretera o largo alcance\",\"breadcrumb\":{\"@id\":\"https:\/\/www.blogdelaautoescuela.com\/blog\/cuando-circulamos-por-una-via-interurbana-insuficientemente-iluminada-que-alumbrado-tenemos-que-llevar\/#breadcrumb\"},\"inLanguage\":\"es\",\"potentialAction\":[{\"@type\":\"ReadAction\",\"target\":[\"https:\/\/www.blogdelaautoescuela.com\/blog\/cuando-circulamos-por-una-via-interurbana-insuficientemente-iluminada-que-alumbrado-tenemos-que-llevar\/\"]}]},{\"@type\":\"BreadcrumbList\",\"@id\":\"https:\/\/www.blogdelaautoescuela.com\/blog\/cuando-circulamos-por-una-via-interurbana-insuficientemente-iluminada-que-alumbrado-tenemos-que-llevar\/#breadcrumb\",\"itemListElement\":[{\"@type\":\"ListItem\",\"position\":1,\"name\":\"Portada\",\"item\":\"https:\/\/www.blogdelaautoescuela.com\/blog\/\"},{\"@type\":\"ListItem\",\"position\":2,\"name\":\"Cuando circulamos por una v\u00ed\u00ada interurbana insuficientemente iluminada \u00bfqu\u00e9 alumbrado tenemos que llevar?\"}]},{\"@type\":\"WebSite\",\"@id\":\"https:\/\/www.blogdelaautoescuela.com\/blog\/#website\",\"url\":\"https:\/\/www.blogdelaautoescuela.com\/blog\/\",\"name\":\"Blog de la autoescuela\",\"description\":\"Noticias sobre autoescuelas y seguridad vial\",\"potentialAction\":[{\"@type\":\"SearchAction\",\"target\":{\"@type\":\"EntryPoint\",\"urlTemplate\":\"https:\/\/www.blogdelaautoescuela.com\/blog\/?s={search_term_string}\"},\"query-input\":{\"@type\":\"PropertyValueSpecification\",\"valueRequired\":true,\"valueName\":\"search_term_string\"}}],\"inLanguage\":\"es\"},{\"@type\":\"Person\",\"@id\":\"https:\/\/www.blogdelaautoescuela.com\/blog\/#\/schema\/person\/f209a64ca5dfe74b9acb6317240e792f\",\"name\":\"usr_blogauto\",\"image\":{\"@type\":\"ImageObject\",\"inLanguage\":\"es\",\"@id\":\"https:\/\/www.blogdelaautoescuela.com\/blog\/#\/schema\/person\/image\/\",\"url\":\"https:\/\/secure.gravatar.com\/avatar\/d3939d4ea521ac8421c86d2980321cc9?s=96&d=mm&r=g\",\"contentUrl\":\"https:\/\/secure.gravatar.com\/avatar\/d3939d4ea521ac8421c86d2980321cc9?s=96&d=mm&r=g\",\"caption\":\"usr_blogauto\"},\"description\":\"Blog dedicado a la conducci\u00f3n, las autoescuelas y la seguridad vial. Est\u00e1 creado por un grupo de profesionales de la formaci\u00f3n vial que comparten inquietudes y experiencias. Aqu\u00ed\u00ad podr\u00e1s encontrar informaci\u00f3n variada sobre el d\u00ed\u00ada a d\u00ed\u00ada de la autoescuela, ex\u00e1menes, test o novedades y consejos para una conducci\u00f3n m\u00e1s segura.\",\"sameAs\":[\"http:\/\/www.blogdelaautoescuela.com\/\",\"https:\/\/www.facebook.com\/blogdelaautoescuela\",\"https:\/\/x.com\/autoescuelas\"],\"url\":\"https:\/\/www.blogdelaautoescuela.com\/blog\/author\/usr_blogauto\/\"}]}<\/script>\n<!-- \/ Yoast SEO plugin. -->","yoast_head_json":{"title":"Cuando circulamos por una v\u00ed\u00ada interurbana insuficientemente iluminada \u00bfqu\u00e9 alumbrado tenemos que llevar?","description":"por una v\u00ed\u00ada insuficientemente iluminada fuera de poblado a m\u00e1s de 40 km\/h y sin posibilidad de deslumbrar, deber\u00e1 llevar el alumbrado de carretera o largo alcance","robots":{"index":"index","follow":"follow","max-snippet":"max-snippet:-1","max-image-preview":"max-image-preview:large","max-video-preview":"max-video-preview:-1"},"canonical":"https:\/\/www.blogdelaautoescuela.com\/blog\/cuando-circulamos-por-una-via-interurbana-insuficientemente-iluminada-que-alumbrado-tenemos-que-llevar\/","og_locale":"es_ES","og_type":"article","og_title":"Cuando circulamos por una v\u00ed\u00ada interurbana insuficientemente iluminada \u00bfqu\u00e9 alumbrado tenemos que llevar?","og_description":"por una v\u00ed\u00ada insuficientemente iluminada fuera de poblado a m\u00e1s de 40 km\/h y sin posibilidad de deslumbrar, deber\u00e1 llevar el alumbrado de carretera o largo alcance","og_url":"https:\/\/www.blogdelaautoescuela.com\/blog\/cuando-circulamos-por-una-via-interurbana-insuficientemente-iluminada-que-alumbrado-tenemos-que-llevar\/","og_site_name":"Blog de la autoescuela","article_author":"https:\/\/www.facebook.com\/blogdelaautoescuela","article_published_time":"2010-06-11T14:25:21+00:00","author":"usr_blogauto","twitter_misc":{"Escrito por":"usr_blogauto","Tiempo de lectura":"1 minuto"},"schema":{"@context":"https:\/\/schema.org","@graph":[{"@type":"WebPage","@id":"https:\/\/www.blogdelaautoescuela.com\/blog\/cuando-circulamos-por-una-via-interurbana-insuficientemente-iluminada-que-alumbrado-tenemos-que-llevar\/","url":"https:\/\/www.blogdelaautoescuela.com\/blog\/cuando-circulamos-por-una-via-interurbana-insuficientemente-iluminada-que-alumbrado-tenemos-que-llevar\/","name":"Cuando circulamos por una v\u00ed\u00ada interurbana insuficientemente iluminada \u00bfqu\u00e9 alumbrado tenemos que llevar?","isPartOf":{"@id":"https:\/\/www.blogdelaautoescuela.com\/blog\/#website"},"datePublished":"2010-06-11T14:25:21+00:00","author":{"@id":"https:\/\/www.blogdelaautoescuela.com\/blog\/#\/schema\/person\/f209a64ca5dfe74b9acb6317240e792f"},"description":"por una v\u00ed\u00ada insuficientemente iluminada fuera de poblado a m\u00e1s de 40 km\/h y sin posibilidad de deslumbrar, deber\u00e1 llevar el alumbrado de carretera o largo alcance","breadcrumb":{"@id":"https:\/\/www.blogdelaautoescuela.com\/blog\/cuando-circulamos-por-una-via-interurbana-insuficientemente-iluminada-que-alumbrado-tenemos-que-llevar\/#breadcrumb"},"inLanguage":"es","potentialAction":[{"@type":"ReadAction","target":["https:\/\/www.blogdelaautoescuela.com\/blog\/cuando-circulamos-por-una-via-interurbana-insuficientemente-iluminada-que-alumbrado-tenemos-que-llevar\/"]}]},{"@type":"BreadcrumbList","@id":"https:\/\/www.blogdelaautoescuela.com\/blog\/cuando-circulamos-por-una-via-interurbana-insuficientemente-iluminada-que-alumbrado-tenemos-que-llevar\/#breadcrumb","itemListElement":[{"@type":"ListItem","position":1,"name":"Portada","item":"https:\/\/www.blogdelaautoescuela.com\/blog\/"},{"@type":"ListItem","position":2,"name":"Cuando circulamos por una v\u00ed\u00ada interurbana insuficientemente iluminada \u00bfqu\u00e9 alumbrado tenemos que llevar?"}]},{"@type":"WebSite","@id":"https:\/\/www.blogdelaautoescuela.com\/blog\/#website","url":"https:\/\/www.blogdelaautoescuela.com\/blog\/","name":"Blog de la autoescuela","description":"Noticias sobre autoescuelas y seguridad vial","potentialAction":[{"@type":"SearchAction","target":{"@type":"EntryPoint","urlTemplate":"https:\/\/www.blogdelaautoescuela.com\/blog\/?s={search_term_string}"},"query-input":{"@type":"PropertyValueSpecification","valueRequired":true,"valueName":"search_term_string"}}],"inLanguage":"es"},{"@type":"Person","@id":"https:\/\/www.blogdelaautoescuela.com\/blog\/#\/schema\/person\/f209a64ca5dfe74b9acb6317240e792f","name":"usr_blogauto","image":{"@type":"ImageObject","inLanguage":"es","@id":"https:\/\/www.blogdelaautoescuela.com\/blog\/#\/schema\/person\/image\/","url":"https:\/\/secure.gravatar.com\/avatar\/d3939d4ea521ac8421c86d2980321cc9?s=96&d=mm&r=g","contentUrl":"https:\/\/secure.gravatar.com\/avatar\/d3939d4ea521ac8421c86d2980321cc9?s=96&d=mm&r=g","caption":"usr_blogauto"},"description":"Blog dedicado a la conducci\u00f3n, las autoescuelas y la seguridad vial. Est\u00e1 creado por un grupo de profesionales de la formaci\u00f3n vial que comparten inquietudes y experiencias. Aqu\u00ed\u00ad podr\u00e1s encontrar informaci\u00f3n variada sobre el d\u00ed\u00ada a d\u00ed\u00ada de la autoescuela, ex\u00e1menes, test o novedades y consejos para una conducci\u00f3n m\u00e1s segura.","sameAs":["http:\/\/www.blogdelaautoescuela.com\/","https:\/\/www.facebook.com\/blogdelaautoescuela","https:\/\/x.com\/autoescuelas"],"url":"https:\/\/www.blogdelaautoescuela.com\/blog\/author\/usr_blogauto\/"}]}},"jetpack_featured_media_url":"","_links":{"self":[{"href":"https:\/\/www.blogdelaautoescuela.com\/blog\/wp-json\/wp\/v2\/posts\/4757","targetHints":{"allow":["GET"]}}],"collection":[{"href":"https:\/\/www.blogdelaautoescuela.com\/blog\/wp-json\/wp\/v2\/posts"}],"about":[{"href":"https:\/\/www.blogdelaautoescuela.com\/blog\/wp-json\/wp\/v2\/types\/post"}],"author":[{"embeddable":true,"href":"https:\/\/www.blogdelaautoescuela.com\/blog\/wp-json\/wp\/v2\/users\/1"}],"replies":[{"embeddable":true,"href":"https:\/\/www.blogdelaautoescuela.com\/blog\/wp-json\/wp\/v2\/comments?post=4757"}],"version-history":[{"count":0,"href":"https:\/\/www.blogdelaautoescuela.com\/blog\/wp-json\/wp\/v2\/posts\/4757\/revisions"}],"wp:attachment":[{"href":"https:\/\/www.blogdelaautoescuela.com\/blog\/wp-json\/wp\/v2\/media?parent=4757"}],"wp:term":[{"taxonomy":"category","embeddable":true,"href":"https:\/\/www.blogdelaautoescuela.com\/blog\/wp-json\/wp\/v2\/categories?post=4757"},{"taxonomy":"post_tag","embeddable":true,"href":"https:\/\/www.blogdelaautoescuela.com\/blog\/wp-json\/wp\/v2\/tags?post=4757"}],"curies":[{"name":"wp","href":"https:\/\/api.w.org\/{rel}","templated":true}]}}