
{"id":4751,"date":"2010-06-11T12:32:43","date_gmt":"2010-06-11T10:32:43","guid":{"rendered":"http:\/\/www.blogdelaautoescuela.com\/blog\/?p=4751"},"modified":"2010-06-11T12:32:43","modified_gmt":"2010-06-11T10:32:43","slug":"el-congreso-pide-que-se-estudien-los-limites-de-velocidad","status":"publish","type":"post","link":"https:\/\/www.blogdelaautoescuela.com\/blog\/el-congreso-pide-que-se-estudien-los-limites-de-velocidad\/","title":{"rendered":"El Congreso pide que se estudien los l\u00ed\u00admites de velocidad"},"content":{"rendered":"<p style=\"text-align: center;\"><img loading=\"lazy\" decoding=\"async\" class=\"size-full wp-image-1315 aligncenter\" title=\"velocimetro\" src=\"http:\/\/www.blogdelaautoescuela.com\/blog\/wp-content\/uploads\/2009\/06\/velocimetro.jpg\" alt=\"velocimetro\" width=\"400\" height=\"261\" \/><\/p>\n<p>Ya os comentamos que <a href=\"http:\/\/www.blogdelaautoescuela.com\/blog\/el-congreso-de-los-diputados-debatira-sobre-los-limites-de-velocidad\/\">el Congreso de los Diputados se iba a debatir sobre los l\u00ed\u00admites de velocidad<\/a>, y as\u00ed\u00ad ha sido.<\/p>\n<p>La <strong>Comisi\u00f3n de Seguridad Vial del Congreso de los Diputados<\/strong> ha pedido al Gobierno que <strong>actualice los l\u00ed\u00admites de velocidad<\/strong> que puedan resultar <strong>obsoletos o inadecuados<\/strong> y que impulse su armonizaci\u00f3n en la Uni\u00f3n Europea.<\/p>\n<p>Esta petici\u00f3n se ha hecho posible por una<strong> proposici\u00f3n no de ley presentada por el PP<\/strong> y que ha sido aprobada por unanimidad por el resto de grupos parlamentarios para que se armonice la velocidad seg\u00fan el tipo de v\u00ed\u00adas para eliminar la actual disparidad en funci\u00f3n de un tamo concreto de la v\u00ed\u00ada.<\/p>\n<p>Lo que se pide al Gobierno es que haga un<strong> estudio sobre los l\u00ed\u00admites de velocidad en todas las v\u00ed\u00adas nacionales<\/strong>, <strong>auton\u00f3micas y provinciales<\/strong> para que se puedan actualizar los l\u00ed\u00admites que no se ajustan a las necesidades de la v\u00ed\u00ada.<\/p>\n<p><strong>CiU <\/strong>adem\u00e1s ha querido recalcar que <strong>los radares se deben poner donde son necesarios<\/strong> y no donde es m\u00e1s f\u00e1cil sancionar.<\/p>\n<p>En cuanto a la <strong>posibilidad de subir los l\u00ed\u00admites de velocidad<\/strong> hay opiniones para todos los gustos mientras en el PP se ponen como ejemplo a Alemania, Francia e Italia donde los l\u00ed\u00admites de velocidad son de 130 km\/h desde el PSOE se recuerda que cuando se bajan los l\u00ed\u00admites de velocidad tambi\u00e9n bajan los siniestros.<\/p>\n","protected":false},"excerpt":{"rendered":"<p>Ya os comentamos que el Congreso de los Diputados se iba a debatir sobre los l\u00ed\u00admites de velocidad, y as\u00ed\u00ad ha sido. La Comisi\u00f3n de Seguridad Vial del Congreso de los Diputados ha pedido al Gobierno que actualice los l\u00ed\u00admites de velocidad que puedan resultar obsoletos o inadecuados y que impulse su armonizaci\u00f3n en la [&hellip;]<\/p>\n","protected":false},"author":1,"featured_media":1315,"comment_status":"open","ping_status":"closed","sticky":false,"template":"","format":"standard","meta":{"footnotes":"","jetpack_publicize_message":"","jetpack_publicize_feature_enabled":true,"jetpack_social_post_already_shared":false,"jetpack_social_options":{"image_generator_settings":{"template":"highway","enabled":false},"version":2}},"categories":[12,19],"tags":[807,1678,1360],"class_list":["post-4751","post","type-post","status-publish","format-standard","has-post-thumbnail","hentry","category-noticias","category-seguridad-vial","tag-limite-de-velocidad","tag-seguridad-vial","tag-velocidad"],"wppr_data":[],"jetpack_publicize_connections":[],"yoast_head":"<!-- This site is optimized with the Yoast SEO plugin v24.7 - https:\/\/yoast.com\/wordpress\/plugins\/seo\/ -->\n<title>El Congreso pide que se estudien los l\u00ed\u00admites de velocidad<\/title>\n<meta name=\"description\" content=\"se pide al Gobierno es que haga un estudio sobre los l\u00ed\u00admites de velocidad en todas las v\u00ed\u00adas nacionales, auton\u00f3micas y provinciales\" \/>\n<meta name=\"robots\" content=\"index, follow, max-snippet:-1, max-image-preview:large, max-video-preview:-1\" \/>\n<link rel=\"canonical\" href=\"https:\/\/www.blogdelaautoescuela.com\/blog\/el-congreso-pide-que-se-estudien-los-limites-de-velocidad\/\" \/>\n<meta property=\"og:locale\" content=\"es_ES\" \/>\n<meta property=\"og:type\" content=\"article\" \/>\n<meta property=\"og:title\" content=\"El Congreso pide que se estudien los l\u00ed\u00admites de velocidad\" \/>\n<meta property=\"og:description\" content=\"se pide al Gobierno es que haga un estudio sobre los l\u00ed\u00admites de velocidad en todas las v\u00ed\u00adas nacionales, auton\u00f3micas y provinciales\" \/>\n<meta property=\"og:url\" content=\"https:\/\/www.blogdelaautoescuela.com\/blog\/el-congreso-pide-que-se-estudien-los-limites-de-velocidad\/\" \/>\n<meta property=\"og:site_name\" content=\"Blog de la autoescuela\" \/>\n<meta property=\"article:author\" content=\"https:\/\/www.facebook.com\/blogdelaautoescuela\" \/>\n<meta property=\"article:published_time\" content=\"2010-06-11T10:32:43+00:00\" \/>\n<meta property=\"og:image\" content=\"https:\/\/www.blogdelaautoescuela.com\/blog\/wp-content\/uploads\/2009\/06\/velocimetro1.jpg\" \/>\n\t<meta property=\"og:image:width\" content=\"400\" \/>\n\t<meta property=\"og:image:height\" content=\"261\" \/>\n\t<meta property=\"og:image:type\" content=\"image\/jpeg\" \/>\n<meta name=\"author\" content=\"usr_blogauto\" \/>\n<meta name=\"twitter:label1\" content=\"Escrito por\" \/>\n\t<meta name=\"twitter:data1\" content=\"usr_blogauto\" \/>\n\t<meta name=\"twitter:label2\" content=\"Tiempo de lectura\" \/>\n\t<meta name=\"twitter:data2\" content=\"1 minuto\" \/>\n<script type=\"application\/ld+json\" class=\"yoast-schema-graph\">{\"@context\":\"https:\/\/schema.org\",\"@graph\":[{\"@type\":\"WebPage\",\"@id\":\"https:\/\/www.blogdelaautoescuela.com\/blog\/el-congreso-pide-que-se-estudien-los-limites-de-velocidad\/\",\"url\":\"https:\/\/www.blogdelaautoescuela.com\/blog\/el-congreso-pide-que-se-estudien-los-limites-de-velocidad\/\",\"name\":\"El Congreso pide que se estudien los l\u00ed\u00admites de velocidad\",\"isPartOf\":{\"@id\":\"https:\/\/www.blogdelaautoescuela.com\/blog\/#website\"},\"primaryImageOfPage\":{\"@id\":\"https:\/\/www.blogdelaautoescuela.com\/blog\/el-congreso-pide-que-se-estudien-los-limites-de-velocidad\/#primaryimage\"},\"image\":{\"@id\":\"https:\/\/www.blogdelaautoescuela.com\/blog\/el-congreso-pide-que-se-estudien-los-limites-de-velocidad\/#primaryimage\"},\"thumbnailUrl\":\"https:\/\/www.blogdelaautoescuela.com\/blog\/wp-content\/uploads\/2009\/06\/velocimetro1.jpg\",\"datePublished\":\"2010-06-11T10:32:43+00:00\",\"author\":{\"@id\":\"https:\/\/www.blogdelaautoescuela.com\/blog\/#\/schema\/person\/f209a64ca5dfe74b9acb6317240e792f\"},\"description\":\"se pide al Gobierno es que haga un estudio sobre los l\u00ed\u00admites de velocidad en todas las v\u00ed\u00adas nacionales, auton\u00f3micas y provinciales\",\"breadcrumb\":{\"@id\":\"https:\/\/www.blogdelaautoescuela.com\/blog\/el-congreso-pide-que-se-estudien-los-limites-de-velocidad\/#breadcrumb\"},\"inLanguage\":\"es\",\"potentialAction\":[{\"@type\":\"ReadAction\",\"target\":[\"https:\/\/www.blogdelaautoescuela.com\/blog\/el-congreso-pide-que-se-estudien-los-limites-de-velocidad\/\"]}]},{\"@type\":\"ImageObject\",\"inLanguage\":\"es\",\"@id\":\"https:\/\/www.blogdelaautoescuela.com\/blog\/el-congreso-pide-que-se-estudien-los-limites-de-velocidad\/#primaryimage\",\"url\":\"https:\/\/www.blogdelaautoescuela.com\/blog\/wp-content\/uploads\/2009\/06\/velocimetro1.jpg\",\"contentUrl\":\"https:\/\/www.blogdelaautoescuela.com\/blog\/wp-content\/uploads\/2009\/06\/velocimetro1.jpg\",\"width\":400,\"height\":261},{\"@type\":\"BreadcrumbList\",\"@id\":\"https:\/\/www.blogdelaautoescuela.com\/blog\/el-congreso-pide-que-se-estudien-los-limites-de-velocidad\/#breadcrumb\",\"itemListElement\":[{\"@type\":\"ListItem\",\"position\":1,\"name\":\"Portada\",\"item\":\"https:\/\/www.blogdelaautoescuela.com\/blog\/\"},{\"@type\":\"ListItem\",\"position\":2,\"name\":\"El Congreso pide que se estudien los l\u00ed\u00admites de velocidad\"}]},{\"@type\":\"WebSite\",\"@id\":\"https:\/\/www.blogdelaautoescuela.com\/blog\/#website\",\"url\":\"https:\/\/www.blogdelaautoescuela.com\/blog\/\",\"name\":\"Blog de la autoescuela\",\"description\":\"Noticias sobre autoescuelas y seguridad vial\",\"potentialAction\":[{\"@type\":\"SearchAction\",\"target\":{\"@type\":\"EntryPoint\",\"urlTemplate\":\"https:\/\/www.blogdelaautoescuela.com\/blog\/?s={search_term_string}\"},\"query-input\":{\"@type\":\"PropertyValueSpecification\",\"valueRequired\":true,\"valueName\":\"search_term_string\"}}],\"inLanguage\":\"es\"},{\"@type\":\"Person\",\"@id\":\"https:\/\/www.blogdelaautoescuela.com\/blog\/#\/schema\/person\/f209a64ca5dfe74b9acb6317240e792f\",\"name\":\"usr_blogauto\",\"image\":{\"@type\":\"ImageObject\",\"inLanguage\":\"es\",\"@id\":\"https:\/\/www.blogdelaautoescuela.com\/blog\/#\/schema\/person\/image\/\",\"url\":\"https:\/\/secure.gravatar.com\/avatar\/d3939d4ea521ac8421c86d2980321cc9?s=96&d=mm&r=g\",\"contentUrl\":\"https:\/\/secure.gravatar.com\/avatar\/d3939d4ea521ac8421c86d2980321cc9?s=96&d=mm&r=g\",\"caption\":\"usr_blogauto\"},\"description\":\"Blog dedicado a la conducci\u00f3n, las autoescuelas y la seguridad vial. Est\u00e1 creado por un grupo de profesionales de la formaci\u00f3n vial que comparten inquietudes y experiencias. Aqu\u00ed\u00ad podr\u00e1s encontrar informaci\u00f3n variada sobre el d\u00ed\u00ada a d\u00ed\u00ada de la autoescuela, ex\u00e1menes, test o novedades y consejos para una conducci\u00f3n m\u00e1s segura.\",\"sameAs\":[\"http:\/\/www.blogdelaautoescuela.com\/\",\"https:\/\/www.facebook.com\/blogdelaautoescuela\",\"https:\/\/x.com\/autoescuelas\"],\"url\":\"https:\/\/www.blogdelaautoescuela.com\/blog\/author\/usr_blogauto\/\"}]}<\/script>\n<!-- \/ Yoast SEO plugin. -->","yoast_head_json":{"title":"El Congreso pide que se estudien los l\u00ed\u00admites de velocidad","description":"se pide al Gobierno es que haga un estudio sobre los l\u00ed\u00admites de velocidad en todas las v\u00ed\u00adas nacionales, auton\u00f3micas y provinciales","robots":{"index":"index","follow":"follow","max-snippet":"max-snippet:-1","max-image-preview":"max-image-preview:large","max-video-preview":"max-video-preview:-1"},"canonical":"https:\/\/www.blogdelaautoescuela.com\/blog\/el-congreso-pide-que-se-estudien-los-limites-de-velocidad\/","og_locale":"es_ES","og_type":"article","og_title":"El Congreso pide que se estudien los l\u00ed\u00admites de velocidad","og_description":"se pide al Gobierno es que haga un estudio sobre los l\u00ed\u00admites de velocidad en todas las v\u00ed\u00adas nacionales, auton\u00f3micas y provinciales","og_url":"https:\/\/www.blogdelaautoescuela.com\/blog\/el-congreso-pide-que-se-estudien-los-limites-de-velocidad\/","og_site_name":"Blog de la autoescuela","article_author":"https:\/\/www.facebook.com\/blogdelaautoescuela","article_published_time":"2010-06-11T10:32:43+00:00","og_image":[{"width":400,"height":261,"url":"https:\/\/www.blogdelaautoescuela.com\/blog\/wp-content\/uploads\/2009\/06\/velocimetro1.jpg","type":"image\/jpeg"}],"author":"usr_blogauto","twitter_misc":{"Escrito por":"usr_blogauto","Tiempo de lectura":"1 minuto"},"schema":{"@context":"https:\/\/schema.org","@graph":[{"@type":"WebPage","@id":"https:\/\/www.blogdelaautoescuela.com\/blog\/el-congreso-pide-que-se-estudien-los-limites-de-velocidad\/","url":"https:\/\/www.blogdelaautoescuela.com\/blog\/el-congreso-pide-que-se-estudien-los-limites-de-velocidad\/","name":"El Congreso pide que se estudien los l\u00ed\u00admites de velocidad","isPartOf":{"@id":"https:\/\/www.blogdelaautoescuela.com\/blog\/#website"},"primaryImageOfPage":{"@id":"https:\/\/www.blogdelaautoescuela.com\/blog\/el-congreso-pide-que-se-estudien-los-limites-de-velocidad\/#primaryimage"},"image":{"@id":"https:\/\/www.blogdelaautoescuela.com\/blog\/el-congreso-pide-que-se-estudien-los-limites-de-velocidad\/#primaryimage"},"thumbnailUrl":"https:\/\/www.blogdelaautoescuela.com\/blog\/wp-content\/uploads\/2009\/06\/velocimetro1.jpg","datePublished":"2010-06-11T10:32:43+00:00","author":{"@id":"https:\/\/www.blogdelaautoescuela.com\/blog\/#\/schema\/person\/f209a64ca5dfe74b9acb6317240e792f"},"description":"se pide al Gobierno es que haga un estudio sobre los l\u00ed\u00admites de velocidad en todas las v\u00ed\u00adas nacionales, auton\u00f3micas y provinciales","breadcrumb":{"@id":"https:\/\/www.blogdelaautoescuela.com\/blog\/el-congreso-pide-que-se-estudien-los-limites-de-velocidad\/#breadcrumb"},"inLanguage":"es","potentialAction":[{"@type":"ReadAction","target":["https:\/\/www.blogdelaautoescuela.com\/blog\/el-congreso-pide-que-se-estudien-los-limites-de-velocidad\/"]}]},{"@type":"ImageObject","inLanguage":"es","@id":"https:\/\/www.blogdelaautoescuela.com\/blog\/el-congreso-pide-que-se-estudien-los-limites-de-velocidad\/#primaryimage","url":"https:\/\/www.blogdelaautoescuela.com\/blog\/wp-content\/uploads\/2009\/06\/velocimetro1.jpg","contentUrl":"https:\/\/www.blogdelaautoescuela.com\/blog\/wp-content\/uploads\/2009\/06\/velocimetro1.jpg","width":400,"height":261},{"@type":"BreadcrumbList","@id":"https:\/\/www.blogdelaautoescuela.com\/blog\/el-congreso-pide-que-se-estudien-los-limites-de-velocidad\/#breadcrumb","itemListElement":[{"@type":"ListItem","position":1,"name":"Portada","item":"https:\/\/www.blogdelaautoescuela.com\/blog\/"},{"@type":"ListItem","position":2,"name":"El Congreso pide que se estudien los l\u00ed\u00admites de velocidad"}]},{"@type":"WebSite","@id":"https:\/\/www.blogdelaautoescuela.com\/blog\/#website","url":"https:\/\/www.blogdelaautoescuela.com\/blog\/","name":"Blog de la autoescuela","description":"Noticias sobre autoescuelas y seguridad vial","potentialAction":[{"@type":"SearchAction","target":{"@type":"EntryPoint","urlTemplate":"https:\/\/www.blogdelaautoescuela.com\/blog\/?s={search_term_string}"},"query-input":{"@type":"PropertyValueSpecification","valueRequired":true,"valueName":"search_term_string"}}],"inLanguage":"es"},{"@type":"Person","@id":"https:\/\/www.blogdelaautoescuela.com\/blog\/#\/schema\/person\/f209a64ca5dfe74b9acb6317240e792f","name":"usr_blogauto","image":{"@type":"ImageObject","inLanguage":"es","@id":"https:\/\/www.blogdelaautoescuela.com\/blog\/#\/schema\/person\/image\/","url":"https:\/\/secure.gravatar.com\/avatar\/d3939d4ea521ac8421c86d2980321cc9?s=96&d=mm&r=g","contentUrl":"https:\/\/secure.gravatar.com\/avatar\/d3939d4ea521ac8421c86d2980321cc9?s=96&d=mm&r=g","caption":"usr_blogauto"},"description":"Blog dedicado a la conducci\u00f3n, las autoescuelas y la seguridad vial. Est\u00e1 creado por un grupo de profesionales de la formaci\u00f3n vial que comparten inquietudes y experiencias. Aqu\u00ed\u00ad podr\u00e1s encontrar informaci\u00f3n variada sobre el d\u00ed\u00ada a d\u00ed\u00ada de la autoescuela, ex\u00e1menes, test o novedades y consejos para una conducci\u00f3n m\u00e1s segura.","sameAs":["http:\/\/www.blogdelaautoescuela.com\/","https:\/\/www.facebook.com\/blogdelaautoescuela","https:\/\/x.com\/autoescuelas"],"url":"https:\/\/www.blogdelaautoescuela.com\/blog\/author\/usr_blogauto\/"}]}},"jetpack_featured_media_url":"https:\/\/www.blogdelaautoescuela.com\/blog\/wp-content\/uploads\/2009\/06\/velocimetro1.jpg","_links":{"self":[{"href":"https:\/\/www.blogdelaautoescuela.com\/blog\/wp-json\/wp\/v2\/posts\/4751","targetHints":{"allow":["GET"]}}],"collection":[{"href":"https:\/\/www.blogdelaautoescuela.com\/blog\/wp-json\/wp\/v2\/posts"}],"about":[{"href":"https:\/\/www.blogdelaautoescuela.com\/blog\/wp-json\/wp\/v2\/types\/post"}],"author":[{"embeddable":true,"href":"https:\/\/www.blogdelaautoescuela.com\/blog\/wp-json\/wp\/v2\/users\/1"}],"replies":[{"embeddable":true,"href":"https:\/\/www.blogdelaautoescuela.com\/blog\/wp-json\/wp\/v2\/comments?post=4751"}],"version-history":[{"count":0,"href":"https:\/\/www.blogdelaautoescuela.com\/blog\/wp-json\/wp\/v2\/posts\/4751\/revisions"}],"wp:featuredmedia":[{"embeddable":true,"href":"https:\/\/www.blogdelaautoescuela.com\/blog\/wp-json\/wp\/v2\/media\/1315"}],"wp:attachment":[{"href":"https:\/\/www.blogdelaautoescuela.com\/blog\/wp-json\/wp\/v2\/media?parent=4751"}],"wp:term":[{"taxonomy":"category","embeddable":true,"href":"https:\/\/www.blogdelaautoescuela.com\/blog\/wp-json\/wp\/v2\/categories?post=4751"},{"taxonomy":"post_tag","embeddable":true,"href":"https:\/\/www.blogdelaautoescuela.com\/blog\/wp-json\/wp\/v2\/tags?post=4751"}],"curies":[{"name":"wp","href":"https:\/\/api.w.org\/{rel}","templated":true}]}}