
{"id":4734,"date":"2010-06-09T13:00:43","date_gmt":"2010-06-09T11:00:43","guid":{"rendered":"http:\/\/www.blogdelaautoescuela.com\/blog\/?p=4734"},"modified":"2010-06-09T13:00:43","modified_gmt":"2010-06-09T11:00:43","slug":"cambios-en-el-examen-teorico-de-conducir-de-francia","status":"publish","type":"post","link":"https:\/\/www.blogdelaautoescuela.com\/blog\/cambios-en-el-examen-teorico-de-conducir-de-francia\/","title":{"rendered":"Cambios en el examen te\u00f3rico de conducir de Francia"},"content":{"rendered":"<p style=\"text-align: center;\"><img loading=\"lazy\" decoding=\"async\" class=\"size-full wp-image-4735 aligncenter\" title=\"permiso francia\" src=\"http:\/\/www.blogdelaautoescuela.com\/blog\/wp-content\/uploads\/2010\/06\/permiso-francia.jpg\" alt=\"permiso francia\" width=\"400\" height=\"384\" \/><\/p>\n<p>El <strong>examen de conducir te\u00f3rico de Francia<\/strong> ha cambiado desde mediados del pasado mes de abril, y se han introducido novedades tanto en el contenido del examen te\u00f3rico como en el formato del test al que los futuros conductores se tienen que enfrentar.<\/p>\n<p>Con este nuevo modelo de examen <strong>se han introducido nuevos temas <\/strong>que anteriormente no aparec\u00ed\u00adan como la<strong> percepci\u00f3n del riesgo<\/strong> y <strong>c\u00f3mo debemos compartir la v\u00ed\u00ada con el resto de usuarios<\/strong>, adem\u00e1s se profundiza m\u00e1s en<strong> temas de seguridad vial<\/strong> como el relativo al consumo de drogas o alcohol y se hace mayor hincapi\u00e9 en la <strong>conducci\u00f3n eficiente.<\/strong><\/p>\n<p>En el examen, que ya se realizaba de forma informatizada, una de las novedades m\u00e1s importantes es visual, ya que <strong>los aspirantes tienen que identificar en una imagen el \u00e1rea con m\u00e1s riesgo o escoger entre dos im\u00e1genes la que presenta mayor peligro.<\/strong><\/p>\n<p>El nuevo examen est\u00e1 compuesto por <strong>40 preguntas tipo test<\/strong> en los que hay <strong>cuatro posibles respuestas<\/strong> y al menos una de ellas es cierta, es decir es test es <strong>multirrespuesta<\/strong> ya que el aspirante pude elegir una, dos, tres o todas las respuestas como correctas. Para superar la prueba los alumnos deber\u00e1n contestar correctamente al menos 35 de estas preguntas.<\/p>\n","protected":false},"excerpt":{"rendered":"<p>El examen de conducir te\u00f3rico de Francia ha cambiado desde mediados del pasado mes de abril, y se han introducido novedades tanto en el contenido del examen te\u00f3rico como en el formato del test al que los futuros conductores se tienen que enfrentar. Con este nuevo modelo de examen se han introducido nuevos temas que [&hellip;]<\/p>\n","protected":false},"author":1,"featured_media":4735,"comment_status":"open","ping_status":"closed","sticky":false,"template":"","format":"standard","meta":{"footnotes":"","jetpack_publicize_message":"","jetpack_publicize_feature_enabled":true,"jetpack_social_post_already_shared":false,"jetpack_social_options":{"image_generator_settings":{"template":"highway","enabled":false},"version":2}},"categories":[3,7],"tags":[1664,1668,651],"class_list":["post-4734","post","type-post","status-publish","format-standard","has-post-thumbnail","hentry","category-autoescuela","category-examen-teorico","tag-autoescuela","tag-examen-teorico","tag-francia"],"wppr_data":[],"jetpack_publicize_connections":[],"yoast_head":"<!-- This site is optimized with the Yoast SEO plugin v24.7 - https:\/\/yoast.com\/wordpress\/plugins\/seo\/ -->\n<title>Cambios en el examen te\u00f3rico de conducir de Francia<\/title>\n<meta name=\"description\" content=\"El examen de conducir te\u00f3rico de Francia ha cambiado y se han introducido novedades tanto en el contenido del examen te\u00f3rico como en el formato del test\" \/>\n<meta name=\"robots\" content=\"index, follow, max-snippet:-1, max-image-preview:large, max-video-preview:-1\" \/>\n<link rel=\"canonical\" href=\"https:\/\/www.blogdelaautoescuela.com\/blog\/cambios-en-el-examen-teorico-de-conducir-de-francia\/\" \/>\n<meta property=\"og:locale\" content=\"es_ES\" \/>\n<meta property=\"og:type\" content=\"article\" \/>\n<meta property=\"og:title\" content=\"Cambios en el examen te\u00f3rico de conducir de Francia\" \/>\n<meta property=\"og:description\" content=\"El examen de conducir te\u00f3rico de Francia ha cambiado y se han introducido novedades tanto en el contenido del examen te\u00f3rico como en el formato del test\" \/>\n<meta property=\"og:url\" content=\"https:\/\/www.blogdelaautoescuela.com\/blog\/cambios-en-el-examen-teorico-de-conducir-de-francia\/\" \/>\n<meta property=\"og:site_name\" content=\"Blog de la autoescuela\" \/>\n<meta property=\"article:author\" content=\"https:\/\/www.facebook.com\/blogdelaautoescuela\" \/>\n<meta property=\"article:published_time\" content=\"2010-06-09T11:00:43+00:00\" \/>\n<meta property=\"og:image\" content=\"https:\/\/www.blogdelaautoescuela.com\/blog\/wp-content\/uploads\/2010\/06\/permiso-francia1.jpg\" \/>\n\t<meta property=\"og:image:width\" content=\"400\" \/>\n\t<meta property=\"og:image:height\" content=\"384\" \/>\n\t<meta property=\"og:image:type\" content=\"image\/jpeg\" \/>\n<meta name=\"author\" content=\"usr_blogauto\" \/>\n<meta name=\"twitter:label1\" content=\"Escrito por\" \/>\n\t<meta name=\"twitter:data1\" content=\"usr_blogauto\" \/>\n\t<meta name=\"twitter:label2\" content=\"Tiempo de lectura\" \/>\n\t<meta name=\"twitter:data2\" content=\"1 minuto\" \/>\n<script type=\"application\/ld+json\" class=\"yoast-schema-graph\">{\"@context\":\"https:\/\/schema.org\",\"@graph\":[{\"@type\":\"WebPage\",\"@id\":\"https:\/\/www.blogdelaautoescuela.com\/blog\/cambios-en-el-examen-teorico-de-conducir-de-francia\/\",\"url\":\"https:\/\/www.blogdelaautoescuela.com\/blog\/cambios-en-el-examen-teorico-de-conducir-de-francia\/\",\"name\":\"Cambios en el examen te\u00f3rico de conducir de Francia\",\"isPartOf\":{\"@id\":\"https:\/\/www.blogdelaautoescuela.com\/blog\/#website\"},\"primaryImageOfPage\":{\"@id\":\"https:\/\/www.blogdelaautoescuela.com\/blog\/cambios-en-el-examen-teorico-de-conducir-de-francia\/#primaryimage\"},\"image\":{\"@id\":\"https:\/\/www.blogdelaautoescuela.com\/blog\/cambios-en-el-examen-teorico-de-conducir-de-francia\/#primaryimage\"},\"thumbnailUrl\":\"https:\/\/www.blogdelaautoescuela.com\/blog\/wp-content\/uploads\/2010\/06\/permiso-francia1.jpg\",\"datePublished\":\"2010-06-09T11:00:43+00:00\",\"author\":{\"@id\":\"https:\/\/www.blogdelaautoescuela.com\/blog\/#\/schema\/person\/f209a64ca5dfe74b9acb6317240e792f\"},\"description\":\"El examen de conducir te\u00f3rico de Francia ha cambiado y se han introducido novedades tanto en el contenido del examen te\u00f3rico como en el formato del test\",\"breadcrumb\":{\"@id\":\"https:\/\/www.blogdelaautoescuela.com\/blog\/cambios-en-el-examen-teorico-de-conducir-de-francia\/#breadcrumb\"},\"inLanguage\":\"es\",\"potentialAction\":[{\"@type\":\"ReadAction\",\"target\":[\"https:\/\/www.blogdelaautoescuela.com\/blog\/cambios-en-el-examen-teorico-de-conducir-de-francia\/\"]}]},{\"@type\":\"ImageObject\",\"inLanguage\":\"es\",\"@id\":\"https:\/\/www.blogdelaautoescuela.com\/blog\/cambios-en-el-examen-teorico-de-conducir-de-francia\/#primaryimage\",\"url\":\"https:\/\/www.blogdelaautoescuela.com\/blog\/wp-content\/uploads\/2010\/06\/permiso-francia1.jpg\",\"contentUrl\":\"https:\/\/www.blogdelaautoescuela.com\/blog\/wp-content\/uploads\/2010\/06\/permiso-francia1.jpg\",\"width\":400,\"height\":384},{\"@type\":\"BreadcrumbList\",\"@id\":\"https:\/\/www.blogdelaautoescuela.com\/blog\/cambios-en-el-examen-teorico-de-conducir-de-francia\/#breadcrumb\",\"itemListElement\":[{\"@type\":\"ListItem\",\"position\":1,\"name\":\"Portada\",\"item\":\"https:\/\/www.blogdelaautoescuela.com\/blog\/\"},{\"@type\":\"ListItem\",\"position\":2,\"name\":\"Cambios en el examen te\u00f3rico de conducir de Francia\"}]},{\"@type\":\"WebSite\",\"@id\":\"https:\/\/www.blogdelaautoescuela.com\/blog\/#website\",\"url\":\"https:\/\/www.blogdelaautoescuela.com\/blog\/\",\"name\":\"Blog de la autoescuela\",\"description\":\"Noticias sobre autoescuelas y seguridad vial\",\"potentialAction\":[{\"@type\":\"SearchAction\",\"target\":{\"@type\":\"EntryPoint\",\"urlTemplate\":\"https:\/\/www.blogdelaautoescuela.com\/blog\/?s={search_term_string}\"},\"query-input\":{\"@type\":\"PropertyValueSpecification\",\"valueRequired\":true,\"valueName\":\"search_term_string\"}}],\"inLanguage\":\"es\"},{\"@type\":\"Person\",\"@id\":\"https:\/\/www.blogdelaautoescuela.com\/blog\/#\/schema\/person\/f209a64ca5dfe74b9acb6317240e792f\",\"name\":\"usr_blogauto\",\"image\":{\"@type\":\"ImageObject\",\"inLanguage\":\"es\",\"@id\":\"https:\/\/www.blogdelaautoescuela.com\/blog\/#\/schema\/person\/image\/\",\"url\":\"https:\/\/secure.gravatar.com\/avatar\/d3939d4ea521ac8421c86d2980321cc9?s=96&d=mm&r=g\",\"contentUrl\":\"https:\/\/secure.gravatar.com\/avatar\/d3939d4ea521ac8421c86d2980321cc9?s=96&d=mm&r=g\",\"caption\":\"usr_blogauto\"},\"description\":\"Blog dedicado a la conducci\u00f3n, las autoescuelas y la seguridad vial. Est\u00e1 creado por un grupo de profesionales de la formaci\u00f3n vial que comparten inquietudes y experiencias. Aqu\u00ed\u00ad podr\u00e1s encontrar informaci\u00f3n variada sobre el d\u00ed\u00ada a d\u00ed\u00ada de la autoescuela, ex\u00e1menes, test o novedades y consejos para una conducci\u00f3n m\u00e1s segura.\",\"sameAs\":[\"http:\/\/www.blogdelaautoescuela.com\/\",\"https:\/\/www.facebook.com\/blogdelaautoescuela\",\"https:\/\/x.com\/autoescuelas\"],\"url\":\"https:\/\/www.blogdelaautoescuela.com\/blog\/author\/usr_blogauto\/\"}]}<\/script>\n<!-- \/ Yoast SEO plugin. -->","yoast_head_json":{"title":"Cambios en el examen te\u00f3rico de conducir de Francia","description":"El examen de conducir te\u00f3rico de Francia ha cambiado y se han introducido novedades tanto en el contenido del examen te\u00f3rico como en el formato del test","robots":{"index":"index","follow":"follow","max-snippet":"max-snippet:-1","max-image-preview":"max-image-preview:large","max-video-preview":"max-video-preview:-1"},"canonical":"https:\/\/www.blogdelaautoescuela.com\/blog\/cambios-en-el-examen-teorico-de-conducir-de-francia\/","og_locale":"es_ES","og_type":"article","og_title":"Cambios en el examen te\u00f3rico de conducir de Francia","og_description":"El examen de conducir te\u00f3rico de Francia ha cambiado y se han introducido novedades tanto en el contenido del examen te\u00f3rico como en el formato del test","og_url":"https:\/\/www.blogdelaautoescuela.com\/blog\/cambios-en-el-examen-teorico-de-conducir-de-francia\/","og_site_name":"Blog de la autoescuela","article_author":"https:\/\/www.facebook.com\/blogdelaautoescuela","article_published_time":"2010-06-09T11:00:43+00:00","og_image":[{"width":400,"height":384,"url":"https:\/\/www.blogdelaautoescuela.com\/blog\/wp-content\/uploads\/2010\/06\/permiso-francia1.jpg","type":"image\/jpeg"}],"author":"usr_blogauto","twitter_misc":{"Escrito por":"usr_blogauto","Tiempo de lectura":"1 minuto"},"schema":{"@context":"https:\/\/schema.org","@graph":[{"@type":"WebPage","@id":"https:\/\/www.blogdelaautoescuela.com\/blog\/cambios-en-el-examen-teorico-de-conducir-de-francia\/","url":"https:\/\/www.blogdelaautoescuela.com\/blog\/cambios-en-el-examen-teorico-de-conducir-de-francia\/","name":"Cambios en el examen te\u00f3rico de conducir de Francia","isPartOf":{"@id":"https:\/\/www.blogdelaautoescuela.com\/blog\/#website"},"primaryImageOfPage":{"@id":"https:\/\/www.blogdelaautoescuela.com\/blog\/cambios-en-el-examen-teorico-de-conducir-de-francia\/#primaryimage"},"image":{"@id":"https:\/\/www.blogdelaautoescuela.com\/blog\/cambios-en-el-examen-teorico-de-conducir-de-francia\/#primaryimage"},"thumbnailUrl":"https:\/\/www.blogdelaautoescuela.com\/blog\/wp-content\/uploads\/2010\/06\/permiso-francia1.jpg","datePublished":"2010-06-09T11:00:43+00:00","author":{"@id":"https:\/\/www.blogdelaautoescuela.com\/blog\/#\/schema\/person\/f209a64ca5dfe74b9acb6317240e792f"},"description":"El examen de conducir te\u00f3rico de Francia ha cambiado y se han introducido novedades tanto en el contenido del examen te\u00f3rico como en el formato del test","breadcrumb":{"@id":"https:\/\/www.blogdelaautoescuela.com\/blog\/cambios-en-el-examen-teorico-de-conducir-de-francia\/#breadcrumb"},"inLanguage":"es","potentialAction":[{"@type":"ReadAction","target":["https:\/\/www.blogdelaautoescuela.com\/blog\/cambios-en-el-examen-teorico-de-conducir-de-francia\/"]}]},{"@type":"ImageObject","inLanguage":"es","@id":"https:\/\/www.blogdelaautoescuela.com\/blog\/cambios-en-el-examen-teorico-de-conducir-de-francia\/#primaryimage","url":"https:\/\/www.blogdelaautoescuela.com\/blog\/wp-content\/uploads\/2010\/06\/permiso-francia1.jpg","contentUrl":"https:\/\/www.blogdelaautoescuela.com\/blog\/wp-content\/uploads\/2010\/06\/permiso-francia1.jpg","width":400,"height":384},{"@type":"BreadcrumbList","@id":"https:\/\/www.blogdelaautoescuela.com\/blog\/cambios-en-el-examen-teorico-de-conducir-de-francia\/#breadcrumb","itemListElement":[{"@type":"ListItem","position":1,"name":"Portada","item":"https:\/\/www.blogdelaautoescuela.com\/blog\/"},{"@type":"ListItem","position":2,"name":"Cambios en el examen te\u00f3rico de conducir de Francia"}]},{"@type":"WebSite","@id":"https:\/\/www.blogdelaautoescuela.com\/blog\/#website","url":"https:\/\/www.blogdelaautoescuela.com\/blog\/","name":"Blog de la autoescuela","description":"Noticias sobre autoescuelas y seguridad vial","potentialAction":[{"@type":"SearchAction","target":{"@type":"EntryPoint","urlTemplate":"https:\/\/www.blogdelaautoescuela.com\/blog\/?s={search_term_string}"},"query-input":{"@type":"PropertyValueSpecification","valueRequired":true,"valueName":"search_term_string"}}],"inLanguage":"es"},{"@type":"Person","@id":"https:\/\/www.blogdelaautoescuela.com\/blog\/#\/schema\/person\/f209a64ca5dfe74b9acb6317240e792f","name":"usr_blogauto","image":{"@type":"ImageObject","inLanguage":"es","@id":"https:\/\/www.blogdelaautoescuela.com\/blog\/#\/schema\/person\/image\/","url":"https:\/\/secure.gravatar.com\/avatar\/d3939d4ea521ac8421c86d2980321cc9?s=96&d=mm&r=g","contentUrl":"https:\/\/secure.gravatar.com\/avatar\/d3939d4ea521ac8421c86d2980321cc9?s=96&d=mm&r=g","caption":"usr_blogauto"},"description":"Blog dedicado a la conducci\u00f3n, las autoescuelas y la seguridad vial. Est\u00e1 creado por un grupo de profesionales de la formaci\u00f3n vial que comparten inquietudes y experiencias. Aqu\u00ed\u00ad podr\u00e1s encontrar informaci\u00f3n variada sobre el d\u00ed\u00ada a d\u00ed\u00ada de la autoescuela, ex\u00e1menes, test o novedades y consejos para una conducci\u00f3n m\u00e1s segura.","sameAs":["http:\/\/www.blogdelaautoescuela.com\/","https:\/\/www.facebook.com\/blogdelaautoescuela","https:\/\/x.com\/autoescuelas"],"url":"https:\/\/www.blogdelaautoescuela.com\/blog\/author\/usr_blogauto\/"}]}},"jetpack_featured_media_url":"https:\/\/www.blogdelaautoescuela.com\/blog\/wp-content\/uploads\/2010\/06\/permiso-francia1.jpg","_links":{"self":[{"href":"https:\/\/www.blogdelaautoescuela.com\/blog\/wp-json\/wp\/v2\/posts\/4734","targetHints":{"allow":["GET"]}}],"collection":[{"href":"https:\/\/www.blogdelaautoescuela.com\/blog\/wp-json\/wp\/v2\/posts"}],"about":[{"href":"https:\/\/www.blogdelaautoescuela.com\/blog\/wp-json\/wp\/v2\/types\/post"}],"author":[{"embeddable":true,"href":"https:\/\/www.blogdelaautoescuela.com\/blog\/wp-json\/wp\/v2\/users\/1"}],"replies":[{"embeddable":true,"href":"https:\/\/www.blogdelaautoescuela.com\/blog\/wp-json\/wp\/v2\/comments?post=4734"}],"version-history":[{"count":0,"href":"https:\/\/www.blogdelaautoescuela.com\/blog\/wp-json\/wp\/v2\/posts\/4734\/revisions"}],"wp:featuredmedia":[{"embeddable":true,"href":"https:\/\/www.blogdelaautoescuela.com\/blog\/wp-json\/wp\/v2\/media\/4735"}],"wp:attachment":[{"href":"https:\/\/www.blogdelaautoescuela.com\/blog\/wp-json\/wp\/v2\/media?parent=4734"}],"wp:term":[{"taxonomy":"category","embeddable":true,"href":"https:\/\/www.blogdelaautoescuela.com\/blog\/wp-json\/wp\/v2\/categories?post=4734"},{"taxonomy":"post_tag","embeddable":true,"href":"https:\/\/www.blogdelaautoescuela.com\/blog\/wp-json\/wp\/v2\/tags?post=4734"}],"curies":[{"name":"wp","href":"https:\/\/api.w.org\/{rel}","templated":true}]}}