
{"id":4693,"date":"2010-06-02T12:40:43","date_gmt":"2010-06-02T10:40:43","guid":{"rendered":"http:\/\/www.blogdelaautoescuela.com\/blog\/?p=4693"},"modified":"2010-06-02T12:40:43","modified_gmt":"2010-06-02T10:40:43","slug":"los-accidentes-de-trafico-y-su-reincidencia","status":"publish","type":"post","link":"https:\/\/www.blogdelaautoescuela.com\/blog\/los-accidentes-de-trafico-y-su-reincidencia\/","title":{"rendered":"Los accidentes de tr\u00e1fico y su reincidencia"},"content":{"rendered":"<p style=\"text-align: center;\"><img loading=\"lazy\" decoding=\"async\" class=\"size-full wp-image-4695 aligncenter\" title=\"coche accidentado\" src=\"http:\/\/www.blogdelaautoescuela.com\/blog\/wp-content\/uploads\/2010\/06\/coche-accidentado.jpg\" alt=\"coche accidentado\" width=\"400\" height=\"341\" \/><\/p>\n<p>Seg\u00fan los datos de un <strong>estudio elaborado por la Fundaci\u00f3n Mutua Madrile\u00f1a<\/strong> <strong>en los \u00faltimos 3 a\u00f1os m\u00e1s de 3,5 millones de conductores<\/strong>, el 15% del total, <strong>han provocado al menos un accidente<\/strong> y unos 480.000 han provocado como m\u00ed\u00adnimo dos siniestros en este tiempo.<\/p>\n<p><strong><span style=\"color: #99cc00;\">Los datos m\u00e1s relevantes del estudio:<\/span><br \/>\n<\/strong><\/p>\n<ul>\n<li><strong>El grupo de de conductores m\u00e1s j\u00f3venes, entre los 18 y los 24 a\u00f1os, son los conductores con una mayor tasa de reincidencia<\/strong>. Adem\u00e1s los conductores menores de 30 a\u00f1os tienen casu 4 veces m\u00e1s accidentes con lesiones que los conductores m\u00e1s mayores, los mayores de 60 a\u00f1os y precisamente <strong>los conductores entre los 60 y los 65 a\u00f1os son los que menos accidentes sufren<\/strong>, aunque en este tramo aumentan los accidentes a la hora de aparcar.<\/li>\n<li>Aunque en general los hombres menores de 30 sufren hasta un 25% m\u00e1s accidentes que las mujeres de la misma edad esta diferencia no se nota en cuanto a la reincidencia y <strong>hombres y mujeres tras provocar un accidente tienes las mismas probabilidad de provocar otro.<\/strong><\/li>\n<li>Los <strong>accidentes m\u00e1s graves se dan con mayor frecuencia entre hombres de 40 a 50 a\u00f1os<\/strong>, ya que este tipo de conductores suele eleguir coches con mayor potencia, lo que agrava las consecuencias de sus siniestros. En este grupo de edad adem\u00e1s se puede dar un excenso de confianza y relajaci\u00f3n del cumplimiento de las normas de circulaci\u00f3n.<\/li>\n<li>Por<strong> Comunidades Aut\u00f3nomas<\/strong> Galicia, Asturias y Cantabria son las comunidades con una mayor tasa de reincidencia mientras que Madrid y Castilla la Mancha son en las que menos se reincide.<\/li>\n<\/ul>\n","protected":false},"excerpt":{"rendered":"<p>Seg\u00fan los datos de un estudio elaborado por la Fundaci\u00f3n Mutua Madrile\u00f1a en los \u00faltimos 3 a\u00f1os m\u00e1s de 3,5 millones de conductores, el 15% del total, han provocado al menos un accidente y unos 480.000 han provocado como m\u00ed\u00adnimo dos siniestros en este tiempo. Los datos m\u00e1s relevantes del estudio: El grupo de de [&hellip;]<\/p>\n","protected":false},"author":1,"featured_media":4695,"comment_status":"open","ping_status":"closed","sticky":false,"template":"","format":"standard","meta":{"footnotes":"","jetpack_publicize_message":"","jetpack_publicize_feature_enabled":true,"jetpack_social_post_already_shared":false,"jetpack_social_options":{"image_generator_settings":{"template":"highway","enabled":false},"version":2}},"categories":[12,19],"tags":[50,577,1672,1678],"class_list":["post-4693","post","type-post","status-publish","format-standard","has-post-thumbnail","hentry","category-noticias","category-seguridad-vial","tag-accidentes","tag-estudio","tag-noticias","tag-seguridad-vial"],"wppr_data":[],"jetpack_publicize_connections":[],"yoast_head":"<!-- This site is optimized with the Yoast SEO plugin v24.7 - https:\/\/yoast.com\/wordpress\/plugins\/seo\/ -->\n<title>Los accidentes de tr\u00e1fico y su reincidencia<\/title>\n<meta name=\"description\" content=\"estudio elaborado por la Fundaci\u00f3n Mutua Madrile\u00f1a en los \u00faltimos 3 a\u00f1os m\u00e1s de 3,5 millones de conductores han provocado al menos un accidente\" \/>\n<meta name=\"robots\" content=\"index, follow, max-snippet:-1, max-image-preview:large, max-video-preview:-1\" \/>\n<link rel=\"canonical\" href=\"https:\/\/www.blogdelaautoescuela.com\/blog\/los-accidentes-de-trafico-y-su-reincidencia\/\" \/>\n<meta property=\"og:locale\" content=\"es_ES\" \/>\n<meta property=\"og:type\" content=\"article\" \/>\n<meta property=\"og:title\" content=\"Los accidentes de tr\u00e1fico y su reincidencia\" \/>\n<meta property=\"og:description\" content=\"estudio elaborado por la Fundaci\u00f3n Mutua Madrile\u00f1a en los \u00faltimos 3 a\u00f1os m\u00e1s de 3,5 millones de conductores han provocado al menos un accidente\" \/>\n<meta property=\"og:url\" content=\"https:\/\/www.blogdelaautoescuela.com\/blog\/los-accidentes-de-trafico-y-su-reincidencia\/\" \/>\n<meta property=\"og:site_name\" content=\"Blog de la autoescuela\" \/>\n<meta property=\"article:author\" content=\"https:\/\/www.facebook.com\/blogdelaautoescuela\" \/>\n<meta property=\"article:published_time\" content=\"2010-06-02T10:40:43+00:00\" \/>\n<meta property=\"og:image\" content=\"https:\/\/www.blogdelaautoescuela.com\/blog\/wp-content\/uploads\/2010\/06\/coche-accidentado1.jpg\" \/>\n\t<meta property=\"og:image:width\" content=\"400\" \/>\n\t<meta property=\"og:image:height\" content=\"341\" \/>\n\t<meta property=\"og:image:type\" content=\"image\/jpeg\" \/>\n<meta name=\"author\" content=\"usr_blogauto\" \/>\n<meta name=\"twitter:label1\" content=\"Escrito por\" \/>\n\t<meta name=\"twitter:data1\" content=\"usr_blogauto\" \/>\n\t<meta name=\"twitter:label2\" content=\"Tiempo de lectura\" \/>\n\t<meta name=\"twitter:data2\" content=\"1 minuto\" \/>\n<script type=\"application\/ld+json\" class=\"yoast-schema-graph\">{\"@context\":\"https:\/\/schema.org\",\"@graph\":[{\"@type\":\"WebPage\",\"@id\":\"https:\/\/www.blogdelaautoescuela.com\/blog\/los-accidentes-de-trafico-y-su-reincidencia\/\",\"url\":\"https:\/\/www.blogdelaautoescuela.com\/blog\/los-accidentes-de-trafico-y-su-reincidencia\/\",\"name\":\"Los accidentes de tr\u00e1fico y su reincidencia\",\"isPartOf\":{\"@id\":\"https:\/\/www.blogdelaautoescuela.com\/blog\/#website\"},\"primaryImageOfPage\":{\"@id\":\"https:\/\/www.blogdelaautoescuela.com\/blog\/los-accidentes-de-trafico-y-su-reincidencia\/#primaryimage\"},\"image\":{\"@id\":\"https:\/\/www.blogdelaautoescuela.com\/blog\/los-accidentes-de-trafico-y-su-reincidencia\/#primaryimage\"},\"thumbnailUrl\":\"https:\/\/www.blogdelaautoescuela.com\/blog\/wp-content\/uploads\/2010\/06\/coche-accidentado1.jpg\",\"datePublished\":\"2010-06-02T10:40:43+00:00\",\"author\":{\"@id\":\"https:\/\/www.blogdelaautoescuela.com\/blog\/#\/schema\/person\/f209a64ca5dfe74b9acb6317240e792f\"},\"description\":\"estudio elaborado por la Fundaci\u00f3n Mutua Madrile\u00f1a en los \u00faltimos 3 a\u00f1os m\u00e1s de 3,5 millones de conductores han provocado al menos un accidente\",\"breadcrumb\":{\"@id\":\"https:\/\/www.blogdelaautoescuela.com\/blog\/los-accidentes-de-trafico-y-su-reincidencia\/#breadcrumb\"},\"inLanguage\":\"es\",\"potentialAction\":[{\"@type\":\"ReadAction\",\"target\":[\"https:\/\/www.blogdelaautoescuela.com\/blog\/los-accidentes-de-trafico-y-su-reincidencia\/\"]}]},{\"@type\":\"ImageObject\",\"inLanguage\":\"es\",\"@id\":\"https:\/\/www.blogdelaautoescuela.com\/blog\/los-accidentes-de-trafico-y-su-reincidencia\/#primaryimage\",\"url\":\"https:\/\/www.blogdelaautoescuela.com\/blog\/wp-content\/uploads\/2010\/06\/coche-accidentado1.jpg\",\"contentUrl\":\"https:\/\/www.blogdelaautoescuela.com\/blog\/wp-content\/uploads\/2010\/06\/coche-accidentado1.jpg\",\"width\":400,\"height\":341},{\"@type\":\"BreadcrumbList\",\"@id\":\"https:\/\/www.blogdelaautoescuela.com\/blog\/los-accidentes-de-trafico-y-su-reincidencia\/#breadcrumb\",\"itemListElement\":[{\"@type\":\"ListItem\",\"position\":1,\"name\":\"Portada\",\"item\":\"https:\/\/www.blogdelaautoescuela.com\/blog\/\"},{\"@type\":\"ListItem\",\"position\":2,\"name\":\"Los accidentes de tr\u00e1fico y su reincidencia\"}]},{\"@type\":\"WebSite\",\"@id\":\"https:\/\/www.blogdelaautoescuela.com\/blog\/#website\",\"url\":\"https:\/\/www.blogdelaautoescuela.com\/blog\/\",\"name\":\"Blog de la autoescuela\",\"description\":\"Noticias sobre autoescuelas y seguridad vial\",\"potentialAction\":[{\"@type\":\"SearchAction\",\"target\":{\"@type\":\"EntryPoint\",\"urlTemplate\":\"https:\/\/www.blogdelaautoescuela.com\/blog\/?s={search_term_string}\"},\"query-input\":{\"@type\":\"PropertyValueSpecification\",\"valueRequired\":true,\"valueName\":\"search_term_string\"}}],\"inLanguage\":\"es\"},{\"@type\":\"Person\",\"@id\":\"https:\/\/www.blogdelaautoescuela.com\/blog\/#\/schema\/person\/f209a64ca5dfe74b9acb6317240e792f\",\"name\":\"usr_blogauto\",\"image\":{\"@type\":\"ImageObject\",\"inLanguage\":\"es\",\"@id\":\"https:\/\/www.blogdelaautoescuela.com\/blog\/#\/schema\/person\/image\/\",\"url\":\"https:\/\/secure.gravatar.com\/avatar\/d3939d4ea521ac8421c86d2980321cc9?s=96&d=mm&r=g\",\"contentUrl\":\"https:\/\/secure.gravatar.com\/avatar\/d3939d4ea521ac8421c86d2980321cc9?s=96&d=mm&r=g\",\"caption\":\"usr_blogauto\"},\"description\":\"Blog dedicado a la conducci\u00f3n, las autoescuelas y la seguridad vial. Est\u00e1 creado por un grupo de profesionales de la formaci\u00f3n vial que comparten inquietudes y experiencias. Aqu\u00ed\u00ad podr\u00e1s encontrar informaci\u00f3n variada sobre el d\u00ed\u00ada a d\u00ed\u00ada de la autoescuela, ex\u00e1menes, test o novedades y consejos para una conducci\u00f3n m\u00e1s segura.\",\"sameAs\":[\"http:\/\/www.blogdelaautoescuela.com\/\",\"https:\/\/www.facebook.com\/blogdelaautoescuela\",\"https:\/\/x.com\/autoescuelas\"],\"url\":\"https:\/\/www.blogdelaautoescuela.com\/blog\/author\/usr_blogauto\/\"}]}<\/script>\n<!-- \/ Yoast SEO plugin. -->","yoast_head_json":{"title":"Los accidentes de tr\u00e1fico y su reincidencia","description":"estudio elaborado por la Fundaci\u00f3n Mutua Madrile\u00f1a en los \u00faltimos 3 a\u00f1os m\u00e1s de 3,5 millones de conductores han provocado al menos un accidente","robots":{"index":"index","follow":"follow","max-snippet":"max-snippet:-1","max-image-preview":"max-image-preview:large","max-video-preview":"max-video-preview:-1"},"canonical":"https:\/\/www.blogdelaautoescuela.com\/blog\/los-accidentes-de-trafico-y-su-reincidencia\/","og_locale":"es_ES","og_type":"article","og_title":"Los accidentes de tr\u00e1fico y su reincidencia","og_description":"estudio elaborado por la Fundaci\u00f3n Mutua Madrile\u00f1a en los \u00faltimos 3 a\u00f1os m\u00e1s de 3,5 millones de conductores han provocado al menos un accidente","og_url":"https:\/\/www.blogdelaautoescuela.com\/blog\/los-accidentes-de-trafico-y-su-reincidencia\/","og_site_name":"Blog de la autoescuela","article_author":"https:\/\/www.facebook.com\/blogdelaautoescuela","article_published_time":"2010-06-02T10:40:43+00:00","og_image":[{"width":400,"height":341,"url":"https:\/\/www.blogdelaautoescuela.com\/blog\/wp-content\/uploads\/2010\/06\/coche-accidentado1.jpg","type":"image\/jpeg"}],"author":"usr_blogauto","twitter_misc":{"Escrito por":"usr_blogauto","Tiempo de lectura":"1 minuto"},"schema":{"@context":"https:\/\/schema.org","@graph":[{"@type":"WebPage","@id":"https:\/\/www.blogdelaautoescuela.com\/blog\/los-accidentes-de-trafico-y-su-reincidencia\/","url":"https:\/\/www.blogdelaautoescuela.com\/blog\/los-accidentes-de-trafico-y-su-reincidencia\/","name":"Los accidentes de tr\u00e1fico y su reincidencia","isPartOf":{"@id":"https:\/\/www.blogdelaautoescuela.com\/blog\/#website"},"primaryImageOfPage":{"@id":"https:\/\/www.blogdelaautoescuela.com\/blog\/los-accidentes-de-trafico-y-su-reincidencia\/#primaryimage"},"image":{"@id":"https:\/\/www.blogdelaautoescuela.com\/blog\/los-accidentes-de-trafico-y-su-reincidencia\/#primaryimage"},"thumbnailUrl":"https:\/\/www.blogdelaautoescuela.com\/blog\/wp-content\/uploads\/2010\/06\/coche-accidentado1.jpg","datePublished":"2010-06-02T10:40:43+00:00","author":{"@id":"https:\/\/www.blogdelaautoescuela.com\/blog\/#\/schema\/person\/f209a64ca5dfe74b9acb6317240e792f"},"description":"estudio elaborado por la Fundaci\u00f3n Mutua Madrile\u00f1a en los \u00faltimos 3 a\u00f1os m\u00e1s de 3,5 millones de conductores han provocado al menos un accidente","breadcrumb":{"@id":"https:\/\/www.blogdelaautoescuela.com\/blog\/los-accidentes-de-trafico-y-su-reincidencia\/#breadcrumb"},"inLanguage":"es","potentialAction":[{"@type":"ReadAction","target":["https:\/\/www.blogdelaautoescuela.com\/blog\/los-accidentes-de-trafico-y-su-reincidencia\/"]}]},{"@type":"ImageObject","inLanguage":"es","@id":"https:\/\/www.blogdelaautoescuela.com\/blog\/los-accidentes-de-trafico-y-su-reincidencia\/#primaryimage","url":"https:\/\/www.blogdelaautoescuela.com\/blog\/wp-content\/uploads\/2010\/06\/coche-accidentado1.jpg","contentUrl":"https:\/\/www.blogdelaautoescuela.com\/blog\/wp-content\/uploads\/2010\/06\/coche-accidentado1.jpg","width":400,"height":341},{"@type":"BreadcrumbList","@id":"https:\/\/www.blogdelaautoescuela.com\/blog\/los-accidentes-de-trafico-y-su-reincidencia\/#breadcrumb","itemListElement":[{"@type":"ListItem","position":1,"name":"Portada","item":"https:\/\/www.blogdelaautoescuela.com\/blog\/"},{"@type":"ListItem","position":2,"name":"Los accidentes de tr\u00e1fico y su reincidencia"}]},{"@type":"WebSite","@id":"https:\/\/www.blogdelaautoescuela.com\/blog\/#website","url":"https:\/\/www.blogdelaautoescuela.com\/blog\/","name":"Blog de la autoescuela","description":"Noticias sobre autoescuelas y seguridad vial","potentialAction":[{"@type":"SearchAction","target":{"@type":"EntryPoint","urlTemplate":"https:\/\/www.blogdelaautoescuela.com\/blog\/?s={search_term_string}"},"query-input":{"@type":"PropertyValueSpecification","valueRequired":true,"valueName":"search_term_string"}}],"inLanguage":"es"},{"@type":"Person","@id":"https:\/\/www.blogdelaautoescuela.com\/blog\/#\/schema\/person\/f209a64ca5dfe74b9acb6317240e792f","name":"usr_blogauto","image":{"@type":"ImageObject","inLanguage":"es","@id":"https:\/\/www.blogdelaautoescuela.com\/blog\/#\/schema\/person\/image\/","url":"https:\/\/secure.gravatar.com\/avatar\/d3939d4ea521ac8421c86d2980321cc9?s=96&d=mm&r=g","contentUrl":"https:\/\/secure.gravatar.com\/avatar\/d3939d4ea521ac8421c86d2980321cc9?s=96&d=mm&r=g","caption":"usr_blogauto"},"description":"Blog dedicado a la conducci\u00f3n, las autoescuelas y la seguridad vial. Est\u00e1 creado por un grupo de profesionales de la formaci\u00f3n vial que comparten inquietudes y experiencias. Aqu\u00ed\u00ad podr\u00e1s encontrar informaci\u00f3n variada sobre el d\u00ed\u00ada a d\u00ed\u00ada de la autoescuela, ex\u00e1menes, test o novedades y consejos para una conducci\u00f3n m\u00e1s segura.","sameAs":["http:\/\/www.blogdelaautoescuela.com\/","https:\/\/www.facebook.com\/blogdelaautoescuela","https:\/\/x.com\/autoescuelas"],"url":"https:\/\/www.blogdelaautoescuela.com\/blog\/author\/usr_blogauto\/"}]}},"jetpack_featured_media_url":"https:\/\/www.blogdelaautoescuela.com\/blog\/wp-content\/uploads\/2010\/06\/coche-accidentado1.jpg","_links":{"self":[{"href":"https:\/\/www.blogdelaautoescuela.com\/blog\/wp-json\/wp\/v2\/posts\/4693","targetHints":{"allow":["GET"]}}],"collection":[{"href":"https:\/\/www.blogdelaautoescuela.com\/blog\/wp-json\/wp\/v2\/posts"}],"about":[{"href":"https:\/\/www.blogdelaautoescuela.com\/blog\/wp-json\/wp\/v2\/types\/post"}],"author":[{"embeddable":true,"href":"https:\/\/www.blogdelaautoescuela.com\/blog\/wp-json\/wp\/v2\/users\/1"}],"replies":[{"embeddable":true,"href":"https:\/\/www.blogdelaautoescuela.com\/blog\/wp-json\/wp\/v2\/comments?post=4693"}],"version-history":[{"count":0,"href":"https:\/\/www.blogdelaautoescuela.com\/blog\/wp-json\/wp\/v2\/posts\/4693\/revisions"}],"wp:featuredmedia":[{"embeddable":true,"href":"https:\/\/www.blogdelaautoescuela.com\/blog\/wp-json\/wp\/v2\/media\/4695"}],"wp:attachment":[{"href":"https:\/\/www.blogdelaautoescuela.com\/blog\/wp-json\/wp\/v2\/media?parent=4693"}],"wp:term":[{"taxonomy":"category","embeddable":true,"href":"https:\/\/www.blogdelaautoescuela.com\/blog\/wp-json\/wp\/v2\/categories?post=4693"},{"taxonomy":"post_tag","embeddable":true,"href":"https:\/\/www.blogdelaautoescuela.com\/blog\/wp-json\/wp\/v2\/tags?post=4693"}],"curies":[{"name":"wp","href":"https:\/\/api.w.org\/{rel}","templated":true}]}}