
{"id":4638,"date":"2010-05-25T10:19:49","date_gmt":"2010-05-25T08:19:49","guid":{"rendered":"http:\/\/www.blogdelaautoescuela.com\/blog\/?p=4638"},"modified":"2010-05-25T10:19:49","modified_gmt":"2010-05-25T08:19:49","slug":"finalmente-la-fase-de-presencia-comenzara-el-12-de-julio","status":"publish","type":"post","link":"https:\/\/www.blogdelaautoescuela.com\/blog\/finalmente-la-fase-de-presencia-comenzara-el-12-de-julio\/","title":{"rendered":"Finalmente la fase de presencia comenzar\u00e1 el 12 de julio"},"content":{"rendered":"<p style=\"text-align: center;\"><img loading=\"lazy\" decoding=\"async\" class=\"size-full wp-image-34 aligncenter\" title=\"profesor-autoescuela.jpg\" src=\"http:\/\/www.blogdelaautoescuela.com\/blog\/wp-content\/uploads\/2008\/11\/profesor-autoescuela1.jpg\" alt=\"profesor-autoescuela.jpg\" width=\"400\" height=\"300\" \/><\/p>\n<p>Ya os comentamos que <a href=\"http:\/\/www.blogdelaautoescuela.com\/blog\/los-futuros-profesores-de-autoescuela-estan-desesperados\/\">los futuros profesores de autoescuela estaban desesperados <\/a>porque se hab\u00ed\u00ada <a href=\"http:\/\/www.blogdelaautoescuela.com\/blog\/se-retrasa-la-fase-de-presencia-del-xiii-curso-de-profesores-de-formacion-vial\/\">retrasado la fase de presencia del XIII curso de profesores de formaci\u00f3n vial<\/a>, lo que supon\u00ed\u00ada que los <strong>1.900 aspirantes a profesores de autoescuela siguieran esperando a que finalizaran las pruebas, que comenzaron en el a\u00f1o 2007<\/strong>, para por fin poder ejercer como profesores de formaci\u00f3n vial.<\/p>\n<p>Finalmente, y tras una larga espera, <strong>la fase de presencia del XIII curso de profesores de formaci\u00f3n vial la fase de presencia dar\u00e1 comienzo el 12 de julio<\/strong>, se realizar\u00e1 en un \u00fanico turno y tendr\u00e1 <strong>10 semanas de duraci\u00f3n<\/strong>, aunque se ampliar\u00e1n en el caso de que haya fiestas ya sean locales o nacionales porque esos d\u00ed\u00adas se tendr\u00e1n que recuperar.<\/p>\n<p>Habr\u00e1 dos horarios diferentes, <strong>horario de ma\u00f1ana<\/strong>, desde las 8:00 hasta las 14:00 y <strong>horario de tarde<\/strong>, desde las 15:30 a las 21:30.<\/p>\n<p><strong><span style=\"color: #99cc00;\">Sedes donde se celebrar\u00e1n los cursos de la fase de presencia:<\/span><\/strong><\/p>\n<ul>\n<li><strong>Alicante:<\/strong> habr\u00e1 3 grupos en horario de ma\u00f1ana y otros 3 en horario de tarde. <a href=\"http:\/\/www.dgt.es\/was6\/portal\/contenidos\/es\/formacion_educacion\/cursos_prof_autoescuelas\/Curso041.pdf\">Alumnos sede Alicante.<\/a><\/li>\n<li>Santander: Habr\u00e1 un grupo por cada horario. <a href=\"http:\/\/www.dgt.es\/was6\/portal\/contenidos\/es\/formacion_educacion\/cursos_prof_autoescuelas\/Curso042.pdf\">Alumnos sede Santander.<\/a><\/li>\n<li><strong>Las Palmas de Gran Canaria<\/strong>, habr\u00e1 dos grupos en horario de ma\u00f1ana y uno en el de tarde. <a href=\"http:\/\/www.dgt.es\/was6\/portal\/contenidos\/es\/formacion_educacion\/cursos_prof_autoescuelas\/Curso043.pdf\">Alumnos sede Las Palmas.<\/a><\/li>\n<li><strong>Madrid,<\/strong> en hotario de ma\u00f1ana habr\u00e1 o grupos y 8 en el de tarde. <a href=\"http:\/\/www.dgt.es\/was6\/portal\/contenidos\/es\/formacion_educacion\/cursos_prof_autoescuelas\/Curso044.pdf\">Alumnos sede Madrid.<\/a><\/li>\n<li><strong>M\u00e1laga<\/strong>, habr\u00e1 5 grupos en cada horario. <a href=\"http:\/\/www.dgt.es\/was6\/portal\/contenidos\/es\/formacion_educacion\/cursos_prof_autoescuelas\/Curso045.pdf\">Alumnos sede M\u00e1laga.<\/a><\/li>\n<li><strong>Palma de Mallorca<\/strong>, un grupo por la ma\u00f1ana y otro por la tarde. <a href=\"http:\/\/www.dgt.es\/was6\/portal\/contenidos\/es\/formacion_educacion\/cursos_prof_autoescuelas\/Curso046.pdf\">Alumnos sede Palma de Mallorca.<\/a><\/li>\n<li><strong>Santiago de Compostela<\/strong>, 2 grupos en cada horario. <a href=\"http:\/\/www.dgt.es\/was6\/portal\/contenidos\/es\/formacion_educacion\/cursos_prof_autoescuelas\/Curso047.pdf\">Alumnos sede Santiago de Compostela.<\/a><\/li>\n<li><strong>Sevilla<\/strong>, 6 grupos por la ma\u00f1ana y otros 6 por la tarde. <a href=\"http:\/\/www.dgt.es\/was6\/portal\/contenidos\/es\/formacion_educacion\/cursos_prof_autoescuelas\/Curso048.pdf\">Alumnos sede Sevilla.<\/a><\/li>\n<li><strong>Valencia<\/strong>, habr\u00e1 3 grupos en horario de ma\u00f1ana y 2 en horario de tarde. <a href=\"http:\/\/www.dgt.es\/was6\/portal\/contenidos\/es\/formacion_educacion\/cursos_prof_autoescuelas\/Curso049.pdf\">Alumnos sede Valencia.<\/a><\/li>\n<li><strong>Valladolid<\/strong>, habr\u00e1 dos grupos por la ma\u00f1ana y uno por la tarde. <a href=\"http:\/\/www.dgt.es\/was6\/portal\/contenidos\/es\/formacion_educacion\/cursos_prof_autoescuelas\/Curso050.pdf\">Alumnos  sede Valladolid<\/a>.<\/li>\n<li><strong>Zaragoza<\/strong>, habr\u00e1 3 grupos por la ma\u00f1ana y 2 por la tarde. <a href=\"http:\/\/www.dgt.es\/was6\/portal\/contenidos\/es\/formacion_educacion\/cursos_prof_autoescuelas\/Curso051.pdf\">Alumnos sede Zaragoza.<\/a><\/li>\n<\/ul>\n<p>Quien lo desee pueda descargar la <a href=\"http:\/\/www.dgt.es\/was6\/portal\/contenidos\/es\/formacion_educacion\/cursos_prof_autoescuelas\/Curso040.pdf\">Nota informativa sobre la fase de presencia publicada por la DGT<\/a><\/p>\n","protected":false},"excerpt":{"rendered":"<p>Ya os comentamos que los futuros profesores de autoescuela estaban desesperados porque se hab\u00ed\u00ada retrasado la fase de presencia del XIII curso de profesores de formaci\u00f3n vial, lo que supon\u00ed\u00ada que los 1.900 aspirantes a profesores de autoescuela siguieran esperando a que finalizaran las pruebas, que comenzaron en el a\u00f1o 2007, para por fin poder [&hellip;]<\/p>\n","protected":false},"author":1,"featured_media":34,"comment_status":"open","ping_status":"closed","sticky":false,"template":"","format":"standard","meta":{"footnotes":"","jetpack_publicize_message":"","jetpack_publicize_feature_enabled":true,"jetpack_social_post_already_shared":false,"jetpack_social_options":{"image_generator_settings":{"template":"highway","enabled":false},"version":2}},"categories":[3,18],"tags":[1664,615,1677],"class_list":["post-4638","post","type-post","status-publish","format-standard","has-post-thumbnail","hentry","category-autoescuela","category-profesor-de-autoescuela","tag-autoescuela","tag-fase-presencial","tag-profesor-de-autoescuela"],"wppr_data":[],"jetpack_publicize_connections":[],"yoast_head":"<!-- This site is optimized with the Yoast SEO plugin v24.7 - https:\/\/yoast.com\/wordpress\/plugins\/seo\/ -->\n<title>Finalmente la fase de presencia comenzar\u00e1 el 12 de julio<\/title>\n<meta name=\"description\" content=\"la fase de presencia del XIII curso de profesores de formaci\u00f3n vial la fase de presencia dar\u00e1 comienzo el 12 de julio\" \/>\n<meta name=\"robots\" content=\"index, follow, max-snippet:-1, max-image-preview:large, max-video-preview:-1\" \/>\n<link rel=\"canonical\" href=\"https:\/\/www.blogdelaautoescuela.com\/blog\/finalmente-la-fase-de-presencia-comenzara-el-12-de-julio\/\" \/>\n<meta property=\"og:locale\" content=\"es_ES\" \/>\n<meta property=\"og:type\" content=\"article\" \/>\n<meta property=\"og:title\" content=\"Finalmente la fase de presencia comenzar\u00e1 el 12 de julio\" \/>\n<meta property=\"og:description\" content=\"la fase de presencia del XIII curso de profesores de formaci\u00f3n vial la fase de presencia dar\u00e1 comienzo el 12 de julio\" \/>\n<meta property=\"og:url\" content=\"https:\/\/www.blogdelaautoescuela.com\/blog\/finalmente-la-fase-de-presencia-comenzara-el-12-de-julio\/\" \/>\n<meta property=\"og:site_name\" content=\"Blog de la autoescuela\" \/>\n<meta property=\"article:author\" content=\"https:\/\/www.facebook.com\/blogdelaautoescuela\" \/>\n<meta property=\"article:published_time\" content=\"2010-05-25T08:19:49+00:00\" \/>\n<meta property=\"og:image\" content=\"https:\/\/www.blogdelaautoescuela.com\/blog\/wp-content\/uploads\/2008\/11\/profesor-autoescuela11.jpg\" \/>\n\t<meta property=\"og:image:width\" content=\"1049\" \/>\n\t<meta property=\"og:image:height\" content=\"850\" \/>\n\t<meta property=\"og:image:type\" content=\"image\/jpeg\" \/>\n<meta name=\"author\" content=\"usr_blogauto\" \/>\n<meta name=\"twitter:label1\" content=\"Escrito por\" \/>\n\t<meta name=\"twitter:data1\" content=\"usr_blogauto\" \/>\n\t<meta name=\"twitter:label2\" content=\"Tiempo de lectura\" \/>\n\t<meta name=\"twitter:data2\" content=\"2 minutos\" \/>\n<script type=\"application\/ld+json\" class=\"yoast-schema-graph\">{\"@context\":\"https:\/\/schema.org\",\"@graph\":[{\"@type\":\"WebPage\",\"@id\":\"https:\/\/www.blogdelaautoescuela.com\/blog\/finalmente-la-fase-de-presencia-comenzara-el-12-de-julio\/\",\"url\":\"https:\/\/www.blogdelaautoescuela.com\/blog\/finalmente-la-fase-de-presencia-comenzara-el-12-de-julio\/\",\"name\":\"Finalmente la fase de presencia comenzar\u00e1 el 12 de julio\",\"isPartOf\":{\"@id\":\"https:\/\/www.blogdelaautoescuela.com\/blog\/#website\"},\"primaryImageOfPage\":{\"@id\":\"https:\/\/www.blogdelaautoescuela.com\/blog\/finalmente-la-fase-de-presencia-comenzara-el-12-de-julio\/#primaryimage\"},\"image\":{\"@id\":\"https:\/\/www.blogdelaautoescuela.com\/blog\/finalmente-la-fase-de-presencia-comenzara-el-12-de-julio\/#primaryimage\"},\"thumbnailUrl\":\"https:\/\/www.blogdelaautoescuela.com\/blog\/wp-content\/uploads\/2008\/11\/profesor-autoescuela11.jpg\",\"datePublished\":\"2010-05-25T08:19:49+00:00\",\"author\":{\"@id\":\"https:\/\/www.blogdelaautoescuela.com\/blog\/#\/schema\/person\/f209a64ca5dfe74b9acb6317240e792f\"},\"description\":\"la fase de presencia del XIII curso de profesores de formaci\u00f3n vial la fase de presencia dar\u00e1 comienzo el 12 de julio\",\"breadcrumb\":{\"@id\":\"https:\/\/www.blogdelaautoescuela.com\/blog\/finalmente-la-fase-de-presencia-comenzara-el-12-de-julio\/#breadcrumb\"},\"inLanguage\":\"es\",\"potentialAction\":[{\"@type\":\"ReadAction\",\"target\":[\"https:\/\/www.blogdelaautoescuela.com\/blog\/finalmente-la-fase-de-presencia-comenzara-el-12-de-julio\/\"]}]},{\"@type\":\"ImageObject\",\"inLanguage\":\"es\",\"@id\":\"https:\/\/www.blogdelaautoescuela.com\/blog\/finalmente-la-fase-de-presencia-comenzara-el-12-de-julio\/#primaryimage\",\"url\":\"https:\/\/www.blogdelaautoescuela.com\/blog\/wp-content\/uploads\/2008\/11\/profesor-autoescuela11.jpg\",\"contentUrl\":\"https:\/\/www.blogdelaautoescuela.com\/blog\/wp-content\/uploads\/2008\/11\/profesor-autoescuela11.jpg\",\"width\":1049,\"height\":850,\"caption\":\"Examen profesor autoescuela\"},{\"@type\":\"BreadcrumbList\",\"@id\":\"https:\/\/www.blogdelaautoescuela.com\/blog\/finalmente-la-fase-de-presencia-comenzara-el-12-de-julio\/#breadcrumb\",\"itemListElement\":[{\"@type\":\"ListItem\",\"position\":1,\"name\":\"Portada\",\"item\":\"https:\/\/www.blogdelaautoescuela.com\/blog\/\"},{\"@type\":\"ListItem\",\"position\":2,\"name\":\"Finalmente la fase de presencia comenzar\u00e1 el 12 de julio\"}]},{\"@type\":\"WebSite\",\"@id\":\"https:\/\/www.blogdelaautoescuela.com\/blog\/#website\",\"url\":\"https:\/\/www.blogdelaautoescuela.com\/blog\/\",\"name\":\"Blog de la autoescuela\",\"description\":\"Noticias sobre autoescuelas y seguridad vial\",\"potentialAction\":[{\"@type\":\"SearchAction\",\"target\":{\"@type\":\"EntryPoint\",\"urlTemplate\":\"https:\/\/www.blogdelaautoescuela.com\/blog\/?s={search_term_string}\"},\"query-input\":{\"@type\":\"PropertyValueSpecification\",\"valueRequired\":true,\"valueName\":\"search_term_string\"}}],\"inLanguage\":\"es\"},{\"@type\":\"Person\",\"@id\":\"https:\/\/www.blogdelaautoescuela.com\/blog\/#\/schema\/person\/f209a64ca5dfe74b9acb6317240e792f\",\"name\":\"usr_blogauto\",\"image\":{\"@type\":\"ImageObject\",\"inLanguage\":\"es\",\"@id\":\"https:\/\/www.blogdelaautoescuela.com\/blog\/#\/schema\/person\/image\/\",\"url\":\"https:\/\/secure.gravatar.com\/avatar\/d3939d4ea521ac8421c86d2980321cc9?s=96&d=mm&r=g\",\"contentUrl\":\"https:\/\/secure.gravatar.com\/avatar\/d3939d4ea521ac8421c86d2980321cc9?s=96&d=mm&r=g\",\"caption\":\"usr_blogauto\"},\"description\":\"Blog dedicado a la conducci\u00f3n, las autoescuelas y la seguridad vial. Est\u00e1 creado por un grupo de profesionales de la formaci\u00f3n vial que comparten inquietudes y experiencias. Aqu\u00ed\u00ad podr\u00e1s encontrar informaci\u00f3n variada sobre el d\u00ed\u00ada a d\u00ed\u00ada de la autoescuela, ex\u00e1menes, test o novedades y consejos para una conducci\u00f3n m\u00e1s segura.\",\"sameAs\":[\"http:\/\/www.blogdelaautoescuela.com\/\",\"https:\/\/www.facebook.com\/blogdelaautoescuela\",\"https:\/\/x.com\/autoescuelas\"],\"url\":\"https:\/\/www.blogdelaautoescuela.com\/blog\/author\/usr_blogauto\/\"}]}<\/script>\n<!-- \/ Yoast SEO plugin. -->","yoast_head_json":{"title":"Finalmente la fase de presencia comenzar\u00e1 el 12 de julio","description":"la fase de presencia del XIII curso de profesores de formaci\u00f3n vial la fase de presencia dar\u00e1 comienzo el 12 de julio","robots":{"index":"index","follow":"follow","max-snippet":"max-snippet:-1","max-image-preview":"max-image-preview:large","max-video-preview":"max-video-preview:-1"},"canonical":"https:\/\/www.blogdelaautoescuela.com\/blog\/finalmente-la-fase-de-presencia-comenzara-el-12-de-julio\/","og_locale":"es_ES","og_type":"article","og_title":"Finalmente la fase de presencia comenzar\u00e1 el 12 de julio","og_description":"la fase de presencia del XIII curso de profesores de formaci\u00f3n vial la fase de presencia dar\u00e1 comienzo el 12 de julio","og_url":"https:\/\/www.blogdelaautoescuela.com\/blog\/finalmente-la-fase-de-presencia-comenzara-el-12-de-julio\/","og_site_name":"Blog de la autoescuela","article_author":"https:\/\/www.facebook.com\/blogdelaautoescuela","article_published_time":"2010-05-25T08:19:49+00:00","og_image":[{"width":1049,"height":850,"url":"https:\/\/www.blogdelaautoescuela.com\/blog\/wp-content\/uploads\/2008\/11\/profesor-autoescuela11.jpg","type":"image\/jpeg"}],"author":"usr_blogauto","twitter_misc":{"Escrito por":"usr_blogauto","Tiempo de lectura":"2 minutos"},"schema":{"@context":"https:\/\/schema.org","@graph":[{"@type":"WebPage","@id":"https:\/\/www.blogdelaautoescuela.com\/blog\/finalmente-la-fase-de-presencia-comenzara-el-12-de-julio\/","url":"https:\/\/www.blogdelaautoescuela.com\/blog\/finalmente-la-fase-de-presencia-comenzara-el-12-de-julio\/","name":"Finalmente la fase de presencia comenzar\u00e1 el 12 de julio","isPartOf":{"@id":"https:\/\/www.blogdelaautoescuela.com\/blog\/#website"},"primaryImageOfPage":{"@id":"https:\/\/www.blogdelaautoescuela.com\/blog\/finalmente-la-fase-de-presencia-comenzara-el-12-de-julio\/#primaryimage"},"image":{"@id":"https:\/\/www.blogdelaautoescuela.com\/blog\/finalmente-la-fase-de-presencia-comenzara-el-12-de-julio\/#primaryimage"},"thumbnailUrl":"https:\/\/www.blogdelaautoescuela.com\/blog\/wp-content\/uploads\/2008\/11\/profesor-autoescuela11.jpg","datePublished":"2010-05-25T08:19:49+00:00","author":{"@id":"https:\/\/www.blogdelaautoescuela.com\/blog\/#\/schema\/person\/f209a64ca5dfe74b9acb6317240e792f"},"description":"la fase de presencia del XIII curso de profesores de formaci\u00f3n vial la fase de presencia dar\u00e1 comienzo el 12 de julio","breadcrumb":{"@id":"https:\/\/www.blogdelaautoescuela.com\/blog\/finalmente-la-fase-de-presencia-comenzara-el-12-de-julio\/#breadcrumb"},"inLanguage":"es","potentialAction":[{"@type":"ReadAction","target":["https:\/\/www.blogdelaautoescuela.com\/blog\/finalmente-la-fase-de-presencia-comenzara-el-12-de-julio\/"]}]},{"@type":"ImageObject","inLanguage":"es","@id":"https:\/\/www.blogdelaautoescuela.com\/blog\/finalmente-la-fase-de-presencia-comenzara-el-12-de-julio\/#primaryimage","url":"https:\/\/www.blogdelaautoescuela.com\/blog\/wp-content\/uploads\/2008\/11\/profesor-autoescuela11.jpg","contentUrl":"https:\/\/www.blogdelaautoescuela.com\/blog\/wp-content\/uploads\/2008\/11\/profesor-autoescuela11.jpg","width":1049,"height":850,"caption":"Examen profesor autoescuela"},{"@type":"BreadcrumbList","@id":"https:\/\/www.blogdelaautoescuela.com\/blog\/finalmente-la-fase-de-presencia-comenzara-el-12-de-julio\/#breadcrumb","itemListElement":[{"@type":"ListItem","position":1,"name":"Portada","item":"https:\/\/www.blogdelaautoescuela.com\/blog\/"},{"@type":"ListItem","position":2,"name":"Finalmente la fase de presencia comenzar\u00e1 el 12 de julio"}]},{"@type":"WebSite","@id":"https:\/\/www.blogdelaautoescuela.com\/blog\/#website","url":"https:\/\/www.blogdelaautoescuela.com\/blog\/","name":"Blog de la autoescuela","description":"Noticias sobre autoescuelas y seguridad vial","potentialAction":[{"@type":"SearchAction","target":{"@type":"EntryPoint","urlTemplate":"https:\/\/www.blogdelaautoescuela.com\/blog\/?s={search_term_string}"},"query-input":{"@type":"PropertyValueSpecification","valueRequired":true,"valueName":"search_term_string"}}],"inLanguage":"es"},{"@type":"Person","@id":"https:\/\/www.blogdelaautoescuela.com\/blog\/#\/schema\/person\/f209a64ca5dfe74b9acb6317240e792f","name":"usr_blogauto","image":{"@type":"ImageObject","inLanguage":"es","@id":"https:\/\/www.blogdelaautoescuela.com\/blog\/#\/schema\/person\/image\/","url":"https:\/\/secure.gravatar.com\/avatar\/d3939d4ea521ac8421c86d2980321cc9?s=96&d=mm&r=g","contentUrl":"https:\/\/secure.gravatar.com\/avatar\/d3939d4ea521ac8421c86d2980321cc9?s=96&d=mm&r=g","caption":"usr_blogauto"},"description":"Blog dedicado a la conducci\u00f3n, las autoescuelas y la seguridad vial. Est\u00e1 creado por un grupo de profesionales de la formaci\u00f3n vial que comparten inquietudes y experiencias. Aqu\u00ed\u00ad podr\u00e1s encontrar informaci\u00f3n variada sobre el d\u00ed\u00ada a d\u00ed\u00ada de la autoescuela, ex\u00e1menes, test o novedades y consejos para una conducci\u00f3n m\u00e1s segura.","sameAs":["http:\/\/www.blogdelaautoescuela.com\/","https:\/\/www.facebook.com\/blogdelaautoescuela","https:\/\/x.com\/autoescuelas"],"url":"https:\/\/www.blogdelaautoescuela.com\/blog\/author\/usr_blogauto\/"}]}},"jetpack_featured_media_url":"https:\/\/www.blogdelaautoescuela.com\/blog\/wp-content\/uploads\/2008\/11\/profesor-autoescuela11.jpg","_links":{"self":[{"href":"https:\/\/www.blogdelaautoescuela.com\/blog\/wp-json\/wp\/v2\/posts\/4638","targetHints":{"allow":["GET"]}}],"collection":[{"href":"https:\/\/www.blogdelaautoescuela.com\/blog\/wp-json\/wp\/v2\/posts"}],"about":[{"href":"https:\/\/www.blogdelaautoescuela.com\/blog\/wp-json\/wp\/v2\/types\/post"}],"author":[{"embeddable":true,"href":"https:\/\/www.blogdelaautoescuela.com\/blog\/wp-json\/wp\/v2\/users\/1"}],"replies":[{"embeddable":true,"href":"https:\/\/www.blogdelaautoescuela.com\/blog\/wp-json\/wp\/v2\/comments?post=4638"}],"version-history":[{"count":0,"href":"https:\/\/www.blogdelaautoescuela.com\/blog\/wp-json\/wp\/v2\/posts\/4638\/revisions"}],"wp:featuredmedia":[{"embeddable":true,"href":"https:\/\/www.blogdelaautoescuela.com\/blog\/wp-json\/wp\/v2\/media\/34"}],"wp:attachment":[{"href":"https:\/\/www.blogdelaautoescuela.com\/blog\/wp-json\/wp\/v2\/media?parent=4638"}],"wp:term":[{"taxonomy":"category","embeddable":true,"href":"https:\/\/www.blogdelaautoescuela.com\/blog\/wp-json\/wp\/v2\/categories?post=4638"},{"taxonomy":"post_tag","embeddable":true,"href":"https:\/\/www.blogdelaautoescuela.com\/blog\/wp-json\/wp\/v2\/tags?post=4638"}],"curies":[{"name":"wp","href":"https:\/\/api.w.org\/{rel}","templated":true}]}}