
{"id":4597,"date":"2010-05-18T12:54:05","date_gmt":"2010-05-18T10:54:05","guid":{"rendered":"http:\/\/www.blogdelaautoescuela.com\/blog\/?p=4597"},"modified":"2010-05-18T12:54:05","modified_gmt":"2010-05-18T10:54:05","slug":"la-seguridad-vial-en-espana-grandes-mejoras-y-muchos-retos","status":"publish","type":"post","link":"https:\/\/www.blogdelaautoescuela.com\/blog\/la-seguridad-vial-en-espana-grandes-mejoras-y-muchos-retos\/","title":{"rendered":"La Seguridad Vial en Espa\u00f1a grandes mejoras y muchos retos"},"content":{"rendered":"<p style=\"text-align: center;\"><img loading=\"lazy\" decoding=\"async\" class=\"size-full wp-image-4598 aligncenter\" title=\"seguridadvial\" src=\"http:\/\/www.blogdelaautoescuela.com\/blog\/wp-content\/uploads\/2010\/05\/seguridadvial.jpg\" alt=\"seguridadvial\" width=\"400\" height=\"398\" \/><\/p>\n<p>Pasado ma\u00f1ana, jueves 20 de mayo, tendr\u00e1 lugar en Madrid la <strong>jornada <\/strong>que lleva por nombre<strong> &#8220;La Seguridad Vial en Espa\u00f1a grandes mejoras y muchos retos&#8221;.<\/strong><\/p>\n<p>Esta jornada en la que participar\u00e1n varios expertos sobre seguridad vial est\u00e1 organizada por la <strong>Confederaci\u00f3n Nacional de Autoescuelas (CNAE),<\/strong> la <strong>Fundaci\u00f3n Rayet<\/strong>, <strong>Global Castilla-La Mancha S.L<\/strong> y <strong>Global Hemares S.L.<\/strong><\/p>\n<p>El acto que dar\u00e1 comienzo a partir de las 9:30 tendr\u00e1 lugar en la sala de actos del Banco Popular, Edificio Beatriz, C\/ Jos\u00e9 Ortega y  Gasset, 29 de Madrid<\/p>\n<p><strong><span style=\"color: #99cc00;\">Programa de la jornada &#8220;La Seguridad Vial en Espa\u00f1a grandes mejoras y muchos retos&#8221;:<\/span><\/strong><\/p>\n<ul>\n<li><strong>10.00 a 10.30. Inauguraci\u00f3n.<\/strong> Justo Zambrana  Pineda, subsecretario de Interior; Miguel Bernal P\u00e9rez-Herrera,  vicepresidente de la Fundaci\u00f3n Rayet, y Jos\u00e9 Miguel B\u00e1ez Calvo,  presidente de la Confederaci\u00f3n Nacional de Autoescuelas.<\/li>\n<li> <strong>10.30 a 11.00. Ponencia de apertura<\/strong>. Pere Navarro Olivella, director  General de Tr\u00e1fico.<\/li>\n<li> <strong>11.00 a 11.30. Pausa-caf\u00e9<\/strong><\/li>\n<li> <strong>11.30 a 13.00. Ponencias<\/strong>. Javier Villalba Carrasquilla, subdirector  general adjunto de Recursos Direcci\u00f3n General de Tr\u00e1fico; Jos\u00e9 Miguel  B\u00e1ez Calvo, presidente de la Confederaci\u00f3n Nacional de Autoescuelas;  Miguel Mar\u00ed\u00ada Mu\u00f1oz Medina, presidente de la Asociaci\u00f3n Espa\u00f1ola de la  Carretera, y Luis Montoro Gonz\u00e1lez, catedr\u00e1tico de Seguridad Vial de la  Universidad de Valencia y presidente de la Fundaci\u00f3n Espa\u00f1ola para la  Seguridad Vial.<\/li>\n<li> <strong>13.00 a 14.00. Coloquio.<\/strong> Modera Mar\u00ed\u00ada del Mar Cogollos Paja, directora  de la Asociaci\u00f3n para el Estudio de la Lesi\u00f3n Medular Espinal.<\/li>\n<\/ul>\n","protected":false},"excerpt":{"rendered":"<p>Pasado ma\u00f1ana, jueves 20 de mayo, tendr\u00e1 lugar en Madrid la jornada que lleva por nombre &#8220;La Seguridad Vial en Espa\u00f1a grandes mejoras y muchos retos&#8221;. Esta jornada en la que participar\u00e1n varios expertos sobre seguridad vial est\u00e1 organizada por la Confederaci\u00f3n Nacional de Autoescuelas (CNAE), la Fundaci\u00f3n Rayet, Global Castilla-La Mancha S.L y Global [&hellip;]<\/p>\n","protected":false},"author":1,"featured_media":4598,"comment_status":"open","ping_status":"closed","sticky":false,"template":"","format":"standard","meta":{"footnotes":"","jetpack_publicize_message":"","jetpack_publicize_feature_enabled":true,"jetpack_social_post_already_shared":false,"jetpack_social_options":{"image_generator_settings":{"template":"highway","enabled":false},"version":2}},"categories":[19],"tags":[331,769,1678],"class_list":["post-4597","post","type-post","status-publish","format-standard","has-post-thumbnail","hentry","category-seguridad-vial","tag-cnae","tag-jornada","tag-seguridad-vial"],"wppr_data":[],"jetpack_publicize_connections":[],"yoast_head":"<!-- This site is optimized with the Yoast SEO plugin v24.7 - https:\/\/yoast.com\/wordpress\/plugins\/seo\/ -->\n<title>La Seguridad Vial en Espa\u00f1a grandes mejoras y muchos retos - Blog de la autoescuela<\/title>\n<meta name=\"description\" content=\"jueves 20 de mayo, tendr\u00e1 lugar en Madrid la jornada que lleva por nombre &quot;La Seguridad Vial en Espa\u00f1a grandes mejoras y muchos retos&quot;\" \/>\n<meta name=\"robots\" content=\"index, follow, max-snippet:-1, max-image-preview:large, max-video-preview:-1\" \/>\n<link rel=\"canonical\" href=\"https:\/\/www.blogdelaautoescuela.com\/blog\/la-seguridad-vial-en-espana-grandes-mejoras-y-muchos-retos\/\" \/>\n<meta property=\"og:locale\" content=\"es_ES\" \/>\n<meta property=\"og:type\" content=\"article\" \/>\n<meta property=\"og:title\" content=\"La Seguridad Vial en Espa\u00f1a grandes mejoras y muchos retos - Blog de la autoescuela\" \/>\n<meta property=\"og:description\" content=\"jueves 20 de mayo, tendr\u00e1 lugar en Madrid la jornada que lleva por nombre &quot;La Seguridad Vial en Espa\u00f1a grandes mejoras y muchos retos&quot;\" \/>\n<meta property=\"og:url\" content=\"https:\/\/www.blogdelaautoescuela.com\/blog\/la-seguridad-vial-en-espana-grandes-mejoras-y-muchos-retos\/\" \/>\n<meta property=\"og:site_name\" content=\"Blog de la autoescuela\" \/>\n<meta property=\"article:author\" content=\"https:\/\/www.facebook.com\/blogdelaautoescuela\" \/>\n<meta property=\"article:published_time\" content=\"2010-05-18T10:54:05+00:00\" \/>\n<meta property=\"og:image\" content=\"https:\/\/www.blogdelaautoescuela.com\/blog\/wp-content\/uploads\/2010\/05\/seguridadvial1.jpg\" \/>\n\t<meta property=\"og:image:width\" content=\"400\" \/>\n\t<meta property=\"og:image:height\" content=\"398\" \/>\n\t<meta property=\"og:image:type\" content=\"image\/jpeg\" \/>\n<meta name=\"author\" content=\"usr_blogauto\" \/>\n<meta name=\"twitter:label1\" content=\"Escrito por\" \/>\n\t<meta name=\"twitter:data1\" content=\"usr_blogauto\" \/>\n\t<meta name=\"twitter:label2\" content=\"Tiempo de lectura\" \/>\n\t<meta name=\"twitter:data2\" content=\"1 minuto\" \/>\n<script type=\"application\/ld+json\" class=\"yoast-schema-graph\">{\"@context\":\"https:\/\/schema.org\",\"@graph\":[{\"@type\":\"WebPage\",\"@id\":\"https:\/\/www.blogdelaautoescuela.com\/blog\/la-seguridad-vial-en-espana-grandes-mejoras-y-muchos-retos\/\",\"url\":\"https:\/\/www.blogdelaautoescuela.com\/blog\/la-seguridad-vial-en-espana-grandes-mejoras-y-muchos-retos\/\",\"name\":\"La Seguridad Vial en Espa\u00f1a grandes mejoras y muchos retos - Blog de la autoescuela\",\"isPartOf\":{\"@id\":\"https:\/\/www.blogdelaautoescuela.com\/blog\/#website\"},\"primaryImageOfPage\":{\"@id\":\"https:\/\/www.blogdelaautoescuela.com\/blog\/la-seguridad-vial-en-espana-grandes-mejoras-y-muchos-retos\/#primaryimage\"},\"image\":{\"@id\":\"https:\/\/www.blogdelaautoescuela.com\/blog\/la-seguridad-vial-en-espana-grandes-mejoras-y-muchos-retos\/#primaryimage\"},\"thumbnailUrl\":\"https:\/\/www.blogdelaautoescuela.com\/blog\/wp-content\/uploads\/2010\/05\/seguridadvial1.jpg\",\"datePublished\":\"2010-05-18T10:54:05+00:00\",\"author\":{\"@id\":\"https:\/\/www.blogdelaautoescuela.com\/blog\/#\/schema\/person\/f209a64ca5dfe74b9acb6317240e792f\"},\"description\":\"jueves 20 de mayo, tendr\u00e1 lugar en Madrid la jornada que lleva por nombre \\\"La Seguridad Vial en Espa\u00f1a grandes mejoras y muchos retos\\\"\",\"breadcrumb\":{\"@id\":\"https:\/\/www.blogdelaautoescuela.com\/blog\/la-seguridad-vial-en-espana-grandes-mejoras-y-muchos-retos\/#breadcrumb\"},\"inLanguage\":\"es\",\"potentialAction\":[{\"@type\":\"ReadAction\",\"target\":[\"https:\/\/www.blogdelaautoescuela.com\/blog\/la-seguridad-vial-en-espana-grandes-mejoras-y-muchos-retos\/\"]}]},{\"@type\":\"ImageObject\",\"inLanguage\":\"es\",\"@id\":\"https:\/\/www.blogdelaautoescuela.com\/blog\/la-seguridad-vial-en-espana-grandes-mejoras-y-muchos-retos\/#primaryimage\",\"url\":\"https:\/\/www.blogdelaautoescuela.com\/blog\/wp-content\/uploads\/2010\/05\/seguridadvial1.jpg\",\"contentUrl\":\"https:\/\/www.blogdelaautoescuela.com\/blog\/wp-content\/uploads\/2010\/05\/seguridadvial1.jpg\",\"width\":400,\"height\":398},{\"@type\":\"BreadcrumbList\",\"@id\":\"https:\/\/www.blogdelaautoescuela.com\/blog\/la-seguridad-vial-en-espana-grandes-mejoras-y-muchos-retos\/#breadcrumb\",\"itemListElement\":[{\"@type\":\"ListItem\",\"position\":1,\"name\":\"Portada\",\"item\":\"https:\/\/www.blogdelaautoescuela.com\/blog\/\"},{\"@type\":\"ListItem\",\"position\":2,\"name\":\"La Seguridad Vial en Espa\u00f1a grandes mejoras y muchos retos\"}]},{\"@type\":\"WebSite\",\"@id\":\"https:\/\/www.blogdelaautoescuela.com\/blog\/#website\",\"url\":\"https:\/\/www.blogdelaautoescuela.com\/blog\/\",\"name\":\"Blog de la autoescuela\",\"description\":\"Noticias sobre autoescuelas y seguridad vial\",\"potentialAction\":[{\"@type\":\"SearchAction\",\"target\":{\"@type\":\"EntryPoint\",\"urlTemplate\":\"https:\/\/www.blogdelaautoescuela.com\/blog\/?s={search_term_string}\"},\"query-input\":{\"@type\":\"PropertyValueSpecification\",\"valueRequired\":true,\"valueName\":\"search_term_string\"}}],\"inLanguage\":\"es\"},{\"@type\":\"Person\",\"@id\":\"https:\/\/www.blogdelaautoescuela.com\/blog\/#\/schema\/person\/f209a64ca5dfe74b9acb6317240e792f\",\"name\":\"usr_blogauto\",\"image\":{\"@type\":\"ImageObject\",\"inLanguage\":\"es\",\"@id\":\"https:\/\/www.blogdelaautoescuela.com\/blog\/#\/schema\/person\/image\/\",\"url\":\"https:\/\/secure.gravatar.com\/avatar\/d3939d4ea521ac8421c86d2980321cc9?s=96&d=mm&r=g\",\"contentUrl\":\"https:\/\/secure.gravatar.com\/avatar\/d3939d4ea521ac8421c86d2980321cc9?s=96&d=mm&r=g\",\"caption\":\"usr_blogauto\"},\"description\":\"Blog dedicado a la conducci\u00f3n, las autoescuelas y la seguridad vial. Est\u00e1 creado por un grupo de profesionales de la formaci\u00f3n vial que comparten inquietudes y experiencias. Aqu\u00ed\u00ad podr\u00e1s encontrar informaci\u00f3n variada sobre el d\u00ed\u00ada a d\u00ed\u00ada de la autoescuela, ex\u00e1menes, test o novedades y consejos para una conducci\u00f3n m\u00e1s segura.\",\"sameAs\":[\"http:\/\/www.blogdelaautoescuela.com\/\",\"https:\/\/www.facebook.com\/blogdelaautoescuela\",\"https:\/\/x.com\/autoescuelas\"],\"url\":\"https:\/\/www.blogdelaautoescuela.com\/blog\/author\/usr_blogauto\/\"}]}<\/script>\n<!-- \/ Yoast SEO plugin. -->","yoast_head_json":{"title":"La Seguridad Vial en Espa\u00f1a grandes mejoras y muchos retos - Blog de la autoescuela","description":"jueves 20 de mayo, tendr\u00e1 lugar en Madrid la jornada que lleva por nombre \"La Seguridad Vial en Espa\u00f1a grandes mejoras y muchos retos\"","robots":{"index":"index","follow":"follow","max-snippet":"max-snippet:-1","max-image-preview":"max-image-preview:large","max-video-preview":"max-video-preview:-1"},"canonical":"https:\/\/www.blogdelaautoescuela.com\/blog\/la-seguridad-vial-en-espana-grandes-mejoras-y-muchos-retos\/","og_locale":"es_ES","og_type":"article","og_title":"La Seguridad Vial en Espa\u00f1a grandes mejoras y muchos retos - Blog de la autoescuela","og_description":"jueves 20 de mayo, tendr\u00e1 lugar en Madrid la jornada que lleva por nombre \"La Seguridad Vial en Espa\u00f1a grandes mejoras y muchos retos\"","og_url":"https:\/\/www.blogdelaautoescuela.com\/blog\/la-seguridad-vial-en-espana-grandes-mejoras-y-muchos-retos\/","og_site_name":"Blog de la autoescuela","article_author":"https:\/\/www.facebook.com\/blogdelaautoescuela","article_published_time":"2010-05-18T10:54:05+00:00","og_image":[{"width":400,"height":398,"url":"https:\/\/www.blogdelaautoescuela.com\/blog\/wp-content\/uploads\/2010\/05\/seguridadvial1.jpg","type":"image\/jpeg"}],"author":"usr_blogauto","twitter_misc":{"Escrito por":"usr_blogauto","Tiempo de lectura":"1 minuto"},"schema":{"@context":"https:\/\/schema.org","@graph":[{"@type":"WebPage","@id":"https:\/\/www.blogdelaautoescuela.com\/blog\/la-seguridad-vial-en-espana-grandes-mejoras-y-muchos-retos\/","url":"https:\/\/www.blogdelaautoescuela.com\/blog\/la-seguridad-vial-en-espana-grandes-mejoras-y-muchos-retos\/","name":"La Seguridad Vial en Espa\u00f1a grandes mejoras y muchos retos - Blog de la autoescuela","isPartOf":{"@id":"https:\/\/www.blogdelaautoescuela.com\/blog\/#website"},"primaryImageOfPage":{"@id":"https:\/\/www.blogdelaautoescuela.com\/blog\/la-seguridad-vial-en-espana-grandes-mejoras-y-muchos-retos\/#primaryimage"},"image":{"@id":"https:\/\/www.blogdelaautoescuela.com\/blog\/la-seguridad-vial-en-espana-grandes-mejoras-y-muchos-retos\/#primaryimage"},"thumbnailUrl":"https:\/\/www.blogdelaautoescuela.com\/blog\/wp-content\/uploads\/2010\/05\/seguridadvial1.jpg","datePublished":"2010-05-18T10:54:05+00:00","author":{"@id":"https:\/\/www.blogdelaautoescuela.com\/blog\/#\/schema\/person\/f209a64ca5dfe74b9acb6317240e792f"},"description":"jueves 20 de mayo, tendr\u00e1 lugar en Madrid la jornada que lleva por nombre \"La Seguridad Vial en Espa\u00f1a grandes mejoras y muchos retos\"","breadcrumb":{"@id":"https:\/\/www.blogdelaautoescuela.com\/blog\/la-seguridad-vial-en-espana-grandes-mejoras-y-muchos-retos\/#breadcrumb"},"inLanguage":"es","potentialAction":[{"@type":"ReadAction","target":["https:\/\/www.blogdelaautoescuela.com\/blog\/la-seguridad-vial-en-espana-grandes-mejoras-y-muchos-retos\/"]}]},{"@type":"ImageObject","inLanguage":"es","@id":"https:\/\/www.blogdelaautoescuela.com\/blog\/la-seguridad-vial-en-espana-grandes-mejoras-y-muchos-retos\/#primaryimage","url":"https:\/\/www.blogdelaautoescuela.com\/blog\/wp-content\/uploads\/2010\/05\/seguridadvial1.jpg","contentUrl":"https:\/\/www.blogdelaautoescuela.com\/blog\/wp-content\/uploads\/2010\/05\/seguridadvial1.jpg","width":400,"height":398},{"@type":"BreadcrumbList","@id":"https:\/\/www.blogdelaautoescuela.com\/blog\/la-seguridad-vial-en-espana-grandes-mejoras-y-muchos-retos\/#breadcrumb","itemListElement":[{"@type":"ListItem","position":1,"name":"Portada","item":"https:\/\/www.blogdelaautoescuela.com\/blog\/"},{"@type":"ListItem","position":2,"name":"La Seguridad Vial en Espa\u00f1a grandes mejoras y muchos retos"}]},{"@type":"WebSite","@id":"https:\/\/www.blogdelaautoescuela.com\/blog\/#website","url":"https:\/\/www.blogdelaautoescuela.com\/blog\/","name":"Blog de la autoescuela","description":"Noticias sobre autoescuelas y seguridad vial","potentialAction":[{"@type":"SearchAction","target":{"@type":"EntryPoint","urlTemplate":"https:\/\/www.blogdelaautoescuela.com\/blog\/?s={search_term_string}"},"query-input":{"@type":"PropertyValueSpecification","valueRequired":true,"valueName":"search_term_string"}}],"inLanguage":"es"},{"@type":"Person","@id":"https:\/\/www.blogdelaautoescuela.com\/blog\/#\/schema\/person\/f209a64ca5dfe74b9acb6317240e792f","name":"usr_blogauto","image":{"@type":"ImageObject","inLanguage":"es","@id":"https:\/\/www.blogdelaautoescuela.com\/blog\/#\/schema\/person\/image\/","url":"https:\/\/secure.gravatar.com\/avatar\/d3939d4ea521ac8421c86d2980321cc9?s=96&d=mm&r=g","contentUrl":"https:\/\/secure.gravatar.com\/avatar\/d3939d4ea521ac8421c86d2980321cc9?s=96&d=mm&r=g","caption":"usr_blogauto"},"description":"Blog dedicado a la conducci\u00f3n, las autoescuelas y la seguridad vial. Est\u00e1 creado por un grupo de profesionales de la formaci\u00f3n vial que comparten inquietudes y experiencias. Aqu\u00ed\u00ad podr\u00e1s encontrar informaci\u00f3n variada sobre el d\u00ed\u00ada a d\u00ed\u00ada de la autoescuela, ex\u00e1menes, test o novedades y consejos para una conducci\u00f3n m\u00e1s segura.","sameAs":["http:\/\/www.blogdelaautoescuela.com\/","https:\/\/www.facebook.com\/blogdelaautoescuela","https:\/\/x.com\/autoescuelas"],"url":"https:\/\/www.blogdelaautoescuela.com\/blog\/author\/usr_blogauto\/"}]}},"jetpack_featured_media_url":"https:\/\/www.blogdelaautoescuela.com\/blog\/wp-content\/uploads\/2010\/05\/seguridadvial1.jpg","_links":{"self":[{"href":"https:\/\/www.blogdelaautoescuela.com\/blog\/wp-json\/wp\/v2\/posts\/4597","targetHints":{"allow":["GET"]}}],"collection":[{"href":"https:\/\/www.blogdelaautoescuela.com\/blog\/wp-json\/wp\/v2\/posts"}],"about":[{"href":"https:\/\/www.blogdelaautoescuela.com\/blog\/wp-json\/wp\/v2\/types\/post"}],"author":[{"embeddable":true,"href":"https:\/\/www.blogdelaautoescuela.com\/blog\/wp-json\/wp\/v2\/users\/1"}],"replies":[{"embeddable":true,"href":"https:\/\/www.blogdelaautoescuela.com\/blog\/wp-json\/wp\/v2\/comments?post=4597"}],"version-history":[{"count":0,"href":"https:\/\/www.blogdelaautoescuela.com\/blog\/wp-json\/wp\/v2\/posts\/4597\/revisions"}],"wp:featuredmedia":[{"embeddable":true,"href":"https:\/\/www.blogdelaautoescuela.com\/blog\/wp-json\/wp\/v2\/media\/4598"}],"wp:attachment":[{"href":"https:\/\/www.blogdelaautoescuela.com\/blog\/wp-json\/wp\/v2\/media?parent=4597"}],"wp:term":[{"taxonomy":"category","embeddable":true,"href":"https:\/\/www.blogdelaautoescuela.com\/blog\/wp-json\/wp\/v2\/categories?post=4597"},{"taxonomy":"post_tag","embeddable":true,"href":"https:\/\/www.blogdelaautoescuela.com\/blog\/wp-json\/wp\/v2\/tags?post=4597"}],"curies":[{"name":"wp","href":"https:\/\/api.w.org\/{rel}","templated":true}]}}