
{"id":4540,"date":"2010-05-11T10:06:46","date_gmt":"2010-05-11T08:06:46","guid":{"rendered":"http:\/\/www.blogdelaautoescuela.com\/blog\/?p=4540"},"modified":"2010-05-11T10:06:46","modified_gmt":"2010-05-11T08:06:46","slug":"el-congreso-de-los-diputados-debatira-sobre-los-limites-de-velocidad","status":"publish","type":"post","link":"https:\/\/www.blogdelaautoescuela.com\/blog\/el-congreso-de-los-diputados-debatira-sobre-los-limites-de-velocidad\/","title":{"rendered":"El Congreso de los Diputados debatir\u00e1 sobre los l\u00ed\u00admites de velocidad"},"content":{"rendered":"<p style=\"text-align: center;\"><img loading=\"lazy\" decoding=\"async\" class=\"size-full wp-image-2330 aligncenter\" title=\"control velocidad\" src=\"http:\/\/www.blogdelaautoescuela.com\/blog\/wp-content\/uploads\/2009\/10\/control-velocidad.jpg\" alt=\"control velocidad\" width=\"400\" height=\"282\" \/><\/p>\n<p>\u00daltimamente los <strong>l\u00ed\u00admites de velocidad<\/strong> est\u00e1n dando mucho que hablar y aunque el <strong>exceso de velocidad es una de las principales causas de accidentes de tr\u00e1fico<\/strong> en nuestro pa\u00ed\u00ads, lo cierto es que <strong>los l\u00ed\u00admites de velocidad es que en muchas ocasiones no se ajustan a las caracter\u00ed\u00adsticas de las v\u00ed\u00adas.<\/strong><\/p>\n<p>El pr\u00f3ximo jueves, 13 de mayo, los <strong>l\u00ed\u00admites de velocidad<\/strong> volver\u00e1n a convertirse en un tema de actualidad porque el<strong> PP llevar\u00e1 este tema al Congreso de los Diputados<\/strong> al considerar que muchos l\u00ed\u00admites son <em>&#8220;absurdos y no son respetados por la mayor\u00ed\u00ada de conductores&#8221;.<\/em><\/p>\n<p>Lo que se pedir\u00e1 en la pr\u00f3xima <strong>comisi\u00f3n de Seguridad Vial y Prevenci\u00f3n de Accidentes de Tr\u00e1fico es una proposici\u00f3n no de ley para que el Gobierno actualice los l\u00ed\u00admites que puedan resultar obsoletos e inadecuados<\/strong>. Esta petici\u00f3n se argumenta en estudios que aseguran que en la actualidad el 85% de los conductores circula entre 10 y 20 km\/h por encima del l\u00ed\u00admite previsto, por lo que se propondr\u00e1 fijar los l\u00ed\u00admites de velocidad entre los 130 o los 140 km\/h.<\/p>\n<p>Para que este cambio en los l\u00ed\u00admites de velocidad sea posible <strong>se pide que la Direcci\u00f3n General de Tr\u00e1fico (DGT) realice un estudio sobre la se\u00f1alizaci\u00f3n de la velocidad<\/strong> en las v\u00ed\u00adas nacionales, auton\u00f3micas y provinciales para que se pueda fijar un l\u00ed\u00admite de velocidad adecuado para cada tramo de carretera, seg\u00fan sus caracter\u00ed\u00adsticas t\u00e9cnicas y de capacidad.<\/p>\n<p>En opini\u00f3n de <strong>Federico Souvir\u00f3n, portavoz del PP en materia de seguridad vial,<\/strong> en v\u00ed\u00adas de alta capacidad <strong>el l\u00ed\u00admite gen\u00e9rico se deber\u00ed\u00ada aumentar al menos a 130 km\/h<\/strong> y pide que los l\u00ed\u00admites de velocidad se armonicen entre todos los pa\u00ed\u00adses de la Uni\u00f3n Europea.<\/p>\n","protected":false},"excerpt":{"rendered":"<p>\u00daltimamente los l\u00ed\u00admites de velocidad est\u00e1n dando mucho que hablar y aunque el exceso de velocidad es una de las principales causas de accidentes de tr\u00e1fico en nuestro pa\u00ed\u00ads, lo cierto es que los l\u00ed\u00admites de velocidad es que en muchas ocasiones no se ajustan a las caracter\u00ed\u00adsticas de las v\u00ed\u00adas. El pr\u00f3ximo jueves, 13 [&hellip;]<\/p>\n","protected":false},"author":1,"featured_media":2330,"comment_status":"open","ping_status":"closed","sticky":false,"template":"","format":"standard","meta":{"footnotes":"","jetpack_publicize_message":"","jetpack_publicize_feature_enabled":true,"jetpack_social_post_already_shared":false,"jetpack_social_options":{"image_generator_settings":{"template":"highway","enabled":false},"version":2}},"categories":[12,19],"tags":[730,1678,1360],"class_list":["post-4540","post","type-post","status-publish","format-standard","has-post-thumbnail","hentry","category-noticias","category-seguridad-vial","tag-imite-de-velocidad","tag-seguridad-vial","tag-velocidad"],"wppr_data":[],"jetpack_publicize_connections":[],"yoast_head":"<!-- This site is optimized with the Yoast SEO plugin v24.7 - https:\/\/yoast.com\/wordpress\/plugins\/seo\/ -->\n<title>El Congreso de los Diputados debatir\u00e1 sobre los l\u00ed\u00admites de velocidad<\/title>\n<meta name=\"description\" content=\"... una proposici\u00f3n no de ley para que el Gobierno actualice los l\u00ed\u00admites que puedan resultar obsoletos e inadecuados.\" \/>\n<meta name=\"robots\" content=\"index, follow, max-snippet:-1, max-image-preview:large, max-video-preview:-1\" \/>\n<link rel=\"canonical\" href=\"https:\/\/www.blogdelaautoescuela.com\/blog\/el-congreso-de-los-diputados-debatira-sobre-los-limites-de-velocidad\/\" \/>\n<meta property=\"og:locale\" content=\"es_ES\" \/>\n<meta property=\"og:type\" content=\"article\" \/>\n<meta property=\"og:title\" content=\"El Congreso de los Diputados debatir\u00e1 sobre los l\u00ed\u00admites de velocidad\" \/>\n<meta property=\"og:description\" content=\"... una proposici\u00f3n no de ley para que el Gobierno actualice los l\u00ed\u00admites que puedan resultar obsoletos e inadecuados.\" \/>\n<meta property=\"og:url\" content=\"https:\/\/www.blogdelaautoescuela.com\/blog\/el-congreso-de-los-diputados-debatira-sobre-los-limites-de-velocidad\/\" \/>\n<meta property=\"og:site_name\" content=\"Blog de la autoescuela\" \/>\n<meta property=\"article:author\" content=\"https:\/\/www.facebook.com\/blogdelaautoescuela\" \/>\n<meta property=\"article:published_time\" content=\"2010-05-11T08:06:46+00:00\" \/>\n<meta property=\"og:image\" content=\"https:\/\/www.blogdelaautoescuela.com\/blog\/wp-content\/uploads\/2009\/10\/control-velocidad1.jpg\" \/>\n\t<meta property=\"og:image:width\" content=\"400\" \/>\n\t<meta property=\"og:image:height\" content=\"282\" \/>\n\t<meta property=\"og:image:type\" content=\"image\/jpeg\" \/>\n<meta name=\"author\" content=\"usr_blogauto\" \/>\n<meta name=\"twitter:label1\" content=\"Escrito por\" \/>\n\t<meta name=\"twitter:data1\" content=\"usr_blogauto\" \/>\n\t<meta name=\"twitter:label2\" content=\"Tiempo de lectura\" \/>\n\t<meta name=\"twitter:data2\" content=\"2 minutos\" \/>\n<script type=\"application\/ld+json\" class=\"yoast-schema-graph\">{\"@context\":\"https:\/\/schema.org\",\"@graph\":[{\"@type\":\"WebPage\",\"@id\":\"https:\/\/www.blogdelaautoescuela.com\/blog\/el-congreso-de-los-diputados-debatira-sobre-los-limites-de-velocidad\/\",\"url\":\"https:\/\/www.blogdelaautoescuela.com\/blog\/el-congreso-de-los-diputados-debatira-sobre-los-limites-de-velocidad\/\",\"name\":\"El Congreso de los Diputados debatir\u00e1 sobre los l\u00ed\u00admites de velocidad\",\"isPartOf\":{\"@id\":\"https:\/\/www.blogdelaautoescuela.com\/blog\/#website\"},\"primaryImageOfPage\":{\"@id\":\"https:\/\/www.blogdelaautoescuela.com\/blog\/el-congreso-de-los-diputados-debatira-sobre-los-limites-de-velocidad\/#primaryimage\"},\"image\":{\"@id\":\"https:\/\/www.blogdelaautoescuela.com\/blog\/el-congreso-de-los-diputados-debatira-sobre-los-limites-de-velocidad\/#primaryimage\"},\"thumbnailUrl\":\"https:\/\/www.blogdelaautoescuela.com\/blog\/wp-content\/uploads\/2009\/10\/control-velocidad1.jpg\",\"datePublished\":\"2010-05-11T08:06:46+00:00\",\"author\":{\"@id\":\"https:\/\/www.blogdelaautoescuela.com\/blog\/#\/schema\/person\/f209a64ca5dfe74b9acb6317240e792f\"},\"description\":\"... una proposici\u00f3n no de ley para que el Gobierno actualice los l\u00ed\u00admites que puedan resultar obsoletos e inadecuados.\",\"breadcrumb\":{\"@id\":\"https:\/\/www.blogdelaautoescuela.com\/blog\/el-congreso-de-los-diputados-debatira-sobre-los-limites-de-velocidad\/#breadcrumb\"},\"inLanguage\":\"es\",\"potentialAction\":[{\"@type\":\"ReadAction\",\"target\":[\"https:\/\/www.blogdelaautoescuela.com\/blog\/el-congreso-de-los-diputados-debatira-sobre-los-limites-de-velocidad\/\"]}]},{\"@type\":\"ImageObject\",\"inLanguage\":\"es\",\"@id\":\"https:\/\/www.blogdelaautoescuela.com\/blog\/el-congreso-de-los-diputados-debatira-sobre-los-limites-de-velocidad\/#primaryimage\",\"url\":\"https:\/\/www.blogdelaautoescuela.com\/blog\/wp-content\/uploads\/2009\/10\/control-velocidad1.jpg\",\"contentUrl\":\"https:\/\/www.blogdelaautoescuela.com\/blog\/wp-content\/uploads\/2009\/10\/control-velocidad1.jpg\",\"width\":400,\"height\":282},{\"@type\":\"BreadcrumbList\",\"@id\":\"https:\/\/www.blogdelaautoescuela.com\/blog\/el-congreso-de-los-diputados-debatira-sobre-los-limites-de-velocidad\/#breadcrumb\",\"itemListElement\":[{\"@type\":\"ListItem\",\"position\":1,\"name\":\"Portada\",\"item\":\"https:\/\/www.blogdelaautoescuela.com\/blog\/\"},{\"@type\":\"ListItem\",\"position\":2,\"name\":\"El Congreso de los Diputados debatir\u00e1 sobre los l\u00ed\u00admites de velocidad\"}]},{\"@type\":\"WebSite\",\"@id\":\"https:\/\/www.blogdelaautoescuela.com\/blog\/#website\",\"url\":\"https:\/\/www.blogdelaautoescuela.com\/blog\/\",\"name\":\"Blog de la autoescuela\",\"description\":\"Noticias sobre autoescuelas y seguridad vial\",\"potentialAction\":[{\"@type\":\"SearchAction\",\"target\":{\"@type\":\"EntryPoint\",\"urlTemplate\":\"https:\/\/www.blogdelaautoescuela.com\/blog\/?s={search_term_string}\"},\"query-input\":{\"@type\":\"PropertyValueSpecification\",\"valueRequired\":true,\"valueName\":\"search_term_string\"}}],\"inLanguage\":\"es\"},{\"@type\":\"Person\",\"@id\":\"https:\/\/www.blogdelaautoescuela.com\/blog\/#\/schema\/person\/f209a64ca5dfe74b9acb6317240e792f\",\"name\":\"usr_blogauto\",\"image\":{\"@type\":\"ImageObject\",\"inLanguage\":\"es\",\"@id\":\"https:\/\/www.blogdelaautoescuela.com\/blog\/#\/schema\/person\/image\/\",\"url\":\"https:\/\/secure.gravatar.com\/avatar\/d3939d4ea521ac8421c86d2980321cc9?s=96&d=mm&r=g\",\"contentUrl\":\"https:\/\/secure.gravatar.com\/avatar\/d3939d4ea521ac8421c86d2980321cc9?s=96&d=mm&r=g\",\"caption\":\"usr_blogauto\"},\"description\":\"Blog dedicado a la conducci\u00f3n, las autoescuelas y la seguridad vial. Est\u00e1 creado por un grupo de profesionales de la formaci\u00f3n vial que comparten inquietudes y experiencias. Aqu\u00ed\u00ad podr\u00e1s encontrar informaci\u00f3n variada sobre el d\u00ed\u00ada a d\u00ed\u00ada de la autoescuela, ex\u00e1menes, test o novedades y consejos para una conducci\u00f3n m\u00e1s segura.\",\"sameAs\":[\"http:\/\/www.blogdelaautoescuela.com\/\",\"https:\/\/www.facebook.com\/blogdelaautoescuela\",\"https:\/\/x.com\/autoescuelas\"],\"url\":\"https:\/\/www.blogdelaautoescuela.com\/blog\/author\/usr_blogauto\/\"}]}<\/script>\n<!-- \/ Yoast SEO plugin. -->","yoast_head_json":{"title":"El Congreso de los Diputados debatir\u00e1 sobre los l\u00ed\u00admites de velocidad","description":"... una proposici\u00f3n no de ley para que el Gobierno actualice los l\u00ed\u00admites que puedan resultar obsoletos e inadecuados.","robots":{"index":"index","follow":"follow","max-snippet":"max-snippet:-1","max-image-preview":"max-image-preview:large","max-video-preview":"max-video-preview:-1"},"canonical":"https:\/\/www.blogdelaautoescuela.com\/blog\/el-congreso-de-los-diputados-debatira-sobre-los-limites-de-velocidad\/","og_locale":"es_ES","og_type":"article","og_title":"El Congreso de los Diputados debatir\u00e1 sobre los l\u00ed\u00admites de velocidad","og_description":"... una proposici\u00f3n no de ley para que el Gobierno actualice los l\u00ed\u00admites que puedan resultar obsoletos e inadecuados.","og_url":"https:\/\/www.blogdelaautoescuela.com\/blog\/el-congreso-de-los-diputados-debatira-sobre-los-limites-de-velocidad\/","og_site_name":"Blog de la autoescuela","article_author":"https:\/\/www.facebook.com\/blogdelaautoescuela","article_published_time":"2010-05-11T08:06:46+00:00","og_image":[{"width":400,"height":282,"url":"https:\/\/www.blogdelaautoescuela.com\/blog\/wp-content\/uploads\/2009\/10\/control-velocidad1.jpg","type":"image\/jpeg"}],"author":"usr_blogauto","twitter_misc":{"Escrito por":"usr_blogauto","Tiempo de lectura":"2 minutos"},"schema":{"@context":"https:\/\/schema.org","@graph":[{"@type":"WebPage","@id":"https:\/\/www.blogdelaautoescuela.com\/blog\/el-congreso-de-los-diputados-debatira-sobre-los-limites-de-velocidad\/","url":"https:\/\/www.blogdelaautoescuela.com\/blog\/el-congreso-de-los-diputados-debatira-sobre-los-limites-de-velocidad\/","name":"El Congreso de los Diputados debatir\u00e1 sobre los l\u00ed\u00admites de velocidad","isPartOf":{"@id":"https:\/\/www.blogdelaautoescuela.com\/blog\/#website"},"primaryImageOfPage":{"@id":"https:\/\/www.blogdelaautoescuela.com\/blog\/el-congreso-de-los-diputados-debatira-sobre-los-limites-de-velocidad\/#primaryimage"},"image":{"@id":"https:\/\/www.blogdelaautoescuela.com\/blog\/el-congreso-de-los-diputados-debatira-sobre-los-limites-de-velocidad\/#primaryimage"},"thumbnailUrl":"https:\/\/www.blogdelaautoescuela.com\/blog\/wp-content\/uploads\/2009\/10\/control-velocidad1.jpg","datePublished":"2010-05-11T08:06:46+00:00","author":{"@id":"https:\/\/www.blogdelaautoescuela.com\/blog\/#\/schema\/person\/f209a64ca5dfe74b9acb6317240e792f"},"description":"... una proposici\u00f3n no de ley para que el Gobierno actualice los l\u00ed\u00admites que puedan resultar obsoletos e inadecuados.","breadcrumb":{"@id":"https:\/\/www.blogdelaautoescuela.com\/blog\/el-congreso-de-los-diputados-debatira-sobre-los-limites-de-velocidad\/#breadcrumb"},"inLanguage":"es","potentialAction":[{"@type":"ReadAction","target":["https:\/\/www.blogdelaautoescuela.com\/blog\/el-congreso-de-los-diputados-debatira-sobre-los-limites-de-velocidad\/"]}]},{"@type":"ImageObject","inLanguage":"es","@id":"https:\/\/www.blogdelaautoescuela.com\/blog\/el-congreso-de-los-diputados-debatira-sobre-los-limites-de-velocidad\/#primaryimage","url":"https:\/\/www.blogdelaautoescuela.com\/blog\/wp-content\/uploads\/2009\/10\/control-velocidad1.jpg","contentUrl":"https:\/\/www.blogdelaautoescuela.com\/blog\/wp-content\/uploads\/2009\/10\/control-velocidad1.jpg","width":400,"height":282},{"@type":"BreadcrumbList","@id":"https:\/\/www.blogdelaautoescuela.com\/blog\/el-congreso-de-los-diputados-debatira-sobre-los-limites-de-velocidad\/#breadcrumb","itemListElement":[{"@type":"ListItem","position":1,"name":"Portada","item":"https:\/\/www.blogdelaautoescuela.com\/blog\/"},{"@type":"ListItem","position":2,"name":"El Congreso de los Diputados debatir\u00e1 sobre los l\u00ed\u00admites de velocidad"}]},{"@type":"WebSite","@id":"https:\/\/www.blogdelaautoescuela.com\/blog\/#website","url":"https:\/\/www.blogdelaautoescuela.com\/blog\/","name":"Blog de la autoescuela","description":"Noticias sobre autoescuelas y seguridad vial","potentialAction":[{"@type":"SearchAction","target":{"@type":"EntryPoint","urlTemplate":"https:\/\/www.blogdelaautoescuela.com\/blog\/?s={search_term_string}"},"query-input":{"@type":"PropertyValueSpecification","valueRequired":true,"valueName":"search_term_string"}}],"inLanguage":"es"},{"@type":"Person","@id":"https:\/\/www.blogdelaautoescuela.com\/blog\/#\/schema\/person\/f209a64ca5dfe74b9acb6317240e792f","name":"usr_blogauto","image":{"@type":"ImageObject","inLanguage":"es","@id":"https:\/\/www.blogdelaautoescuela.com\/blog\/#\/schema\/person\/image\/","url":"https:\/\/secure.gravatar.com\/avatar\/d3939d4ea521ac8421c86d2980321cc9?s=96&d=mm&r=g","contentUrl":"https:\/\/secure.gravatar.com\/avatar\/d3939d4ea521ac8421c86d2980321cc9?s=96&d=mm&r=g","caption":"usr_blogauto"},"description":"Blog dedicado a la conducci\u00f3n, las autoescuelas y la seguridad vial. Est\u00e1 creado por un grupo de profesionales de la formaci\u00f3n vial que comparten inquietudes y experiencias. Aqu\u00ed\u00ad podr\u00e1s encontrar informaci\u00f3n variada sobre el d\u00ed\u00ada a d\u00ed\u00ada de la autoescuela, ex\u00e1menes, test o novedades y consejos para una conducci\u00f3n m\u00e1s segura.","sameAs":["http:\/\/www.blogdelaautoescuela.com\/","https:\/\/www.facebook.com\/blogdelaautoescuela","https:\/\/x.com\/autoescuelas"],"url":"https:\/\/www.blogdelaautoescuela.com\/blog\/author\/usr_blogauto\/"}]}},"jetpack_featured_media_url":"https:\/\/www.blogdelaautoescuela.com\/blog\/wp-content\/uploads\/2009\/10\/control-velocidad1.jpg","_links":{"self":[{"href":"https:\/\/www.blogdelaautoescuela.com\/blog\/wp-json\/wp\/v2\/posts\/4540","targetHints":{"allow":["GET"]}}],"collection":[{"href":"https:\/\/www.blogdelaautoescuela.com\/blog\/wp-json\/wp\/v2\/posts"}],"about":[{"href":"https:\/\/www.blogdelaautoescuela.com\/blog\/wp-json\/wp\/v2\/types\/post"}],"author":[{"embeddable":true,"href":"https:\/\/www.blogdelaautoescuela.com\/blog\/wp-json\/wp\/v2\/users\/1"}],"replies":[{"embeddable":true,"href":"https:\/\/www.blogdelaautoescuela.com\/blog\/wp-json\/wp\/v2\/comments?post=4540"}],"version-history":[{"count":0,"href":"https:\/\/www.blogdelaautoescuela.com\/blog\/wp-json\/wp\/v2\/posts\/4540\/revisions"}],"wp:featuredmedia":[{"embeddable":true,"href":"https:\/\/www.blogdelaautoescuela.com\/blog\/wp-json\/wp\/v2\/media\/2330"}],"wp:attachment":[{"href":"https:\/\/www.blogdelaautoescuela.com\/blog\/wp-json\/wp\/v2\/media?parent=4540"}],"wp:term":[{"taxonomy":"category","embeddable":true,"href":"https:\/\/www.blogdelaautoescuela.com\/blog\/wp-json\/wp\/v2\/categories?post=4540"},{"taxonomy":"post_tag","embeddable":true,"href":"https:\/\/www.blogdelaautoescuela.com\/blog\/wp-json\/wp\/v2\/tags?post=4540"}],"curies":[{"name":"wp","href":"https:\/\/api.w.org\/{rel}","templated":true}]}}