
{"id":4506,"date":"2010-05-06T10:26:46","date_gmt":"2010-05-06T08:26:46","guid":{"rendered":"http:\/\/www.blogdelaautoescuela.com\/blog\/?p=4506"},"modified":"2010-05-06T10:26:46","modified_gmt":"2010-05-06T08:26:46","slug":"en-sevilla-finalmente-si-se-informara-del-resultado-del-examen-practico-tras-la-prueba","status":"publish","type":"post","link":"https:\/\/www.blogdelaautoescuela.com\/blog\/en-sevilla-finalmente-si-se-informara-del-resultado-del-examen-practico-tras-la-prueba\/","title":{"rendered":"En Sevilla finalmente s\u00ed\u00ad se informar\u00e1 del resultado del examen pr\u00e1ctico tras la prueba"},"content":{"rendered":"<p style=\"text-align: center;\"><img loading=\"lazy\" decoding=\"async\" class=\"size-full wp-image-4484 aligncenter\" title=\"volante\" src=\"http:\/\/www.blogdelaautoescuela.com\/blog\/wp-content\/uploads\/2010\/05\/volante.jpg\" alt=\"volante\" width=\"400\" height=\"258\" \/><\/p>\n<p>Si ayer os inform\u00e1bamos de que <a href=\"http:\/\/www.blogdelaautoescuela.com\/blog\/en-sevilla-ya-no-se-informara-del-resultado-del-examen-practico-en-el-momento\/\">en Sevilla ua no se informar\u00ed\u00ada del resultado del examen pr\u00e1ctico en el momento<\/a>, hoy os tenemos que informar de que<strong> finalmente s\u00ed\u00ad se seguir\u00e1 informando a los alumnos que se examinan del pr\u00e1ctico de si han aprobado o no la prueba tras terminarla.<\/strong><\/p>\n<p>A pesar de que el pasado lunes la <strong>Jefatura Provincial de Tr\u00e1fico de Sevilla<\/strong> autoriz\u00f3, a petici\u00f3n de la <strong>Asociaci\u00f3n Nacional de Examinadores de Tr\u00e1fico (Asextra)<\/strong>, que el resultado de las pruebas no se diera en el momento para evitar las posibles agresiones al<strong> evitar las reacciones de los alumnos en el momento en el que se les comunica el suspenso<\/strong>, ahora Tr\u00e1fico ha rectificado y esta medida, que s\u00f3lo se aplic\u00f3 ayer, ya no se aplicar\u00e1.<\/p>\n<p>Seg\u00fan se indica desde la <strong>Direcci\u00f3n General de Tr\u00e1fico<\/strong> <strong>&#8220;no se plantea&#8221; entregar los ex\u00e1menes m\u00e1s tarde por los inconvenientes  que eso podr\u00ed\u00ada suponer para algunos alumnos,<\/strong> &#8220;a no ser que se encuentren  medios&#8221; para permitir que los resultados no se comuniquen en el acto,  pero tampoco se &#8220;causen molestias&#8221; a la gente.<\/p>\n<p>Esta orden, que pretend\u00ed\u00ada poner fin a las agresiones sufridas por los examinadores, s\u00f3lo ha tenido un d\u00ed\u00ada de duraci\u00f3n, esperemos que se vuelva a estudiar o se lleven a cabo otras medidas que puedan acabar con estas agresiones.<\/p>\n","protected":false},"excerpt":{"rendered":"<p>Si ayer os inform\u00e1bamos de que en Sevilla ua no se informar\u00ed\u00ada del resultado del examen pr\u00e1ctico en el momento, hoy os tenemos que informar de que finalmente s\u00ed\u00ad se seguir\u00e1 informando a los alumnos que se examinan del pr\u00e1ctico de si han aprobado o no la prueba tras terminarla. A pesar de que el [&hellip;]<\/p>\n","protected":false},"author":1,"featured_media":4484,"comment_status":"open","ping_status":"closed","sticky":false,"template":"","format":"standard","meta":{"footnotes":"","jetpack_publicize_message":"","jetpack_publicize_feature_enabled":true,"jetpack_social_post_already_shared":false,"jetpack_social_options":{"image_generator_settings":{"template":"highway","enabled":false},"version":2}},"categories":[3,12],"tags":[1664,590,599],"class_list":["post-4506","post","type-post","status-publish","format-standard","has-post-thumbnail","hentry","category-autoescuela","category-noticias","tag-autoescuela","tag-examen","tag-examinadores-de-trafico"],"wppr_data":[],"jetpack_publicize_connections":[],"yoast_head":"<!-- This site is optimized with the Yoast SEO plugin v24.7 - https:\/\/yoast.com\/wordpress\/plugins\/seo\/ -->\n<title>En Sevilla finalmente s\u00ed\u00ad se informar\u00e1 del resultado del examen pr\u00e1ctico tras la prueba<\/title>\n<meta name=\"description\" content=\"En Sevilla finalmente s\u00ed\u00ad se seguir\u00e1 informando a los alumnos que se examinan del pr\u00e1ctico de si han aprobado o no la prueba tras terminarla.\" \/>\n<meta name=\"robots\" content=\"index, follow, max-snippet:-1, max-image-preview:large, max-video-preview:-1\" \/>\n<link rel=\"canonical\" href=\"https:\/\/www.blogdelaautoescuela.com\/blog\/en-sevilla-finalmente-si-se-informara-del-resultado-del-examen-practico-tras-la-prueba\/\" \/>\n<meta property=\"og:locale\" content=\"es_ES\" \/>\n<meta property=\"og:type\" content=\"article\" \/>\n<meta property=\"og:title\" content=\"En Sevilla finalmente s\u00ed\u00ad se informar\u00e1 del resultado del examen pr\u00e1ctico tras la prueba\" \/>\n<meta property=\"og:description\" content=\"En Sevilla finalmente s\u00ed\u00ad se seguir\u00e1 informando a los alumnos que se examinan del pr\u00e1ctico de si han aprobado o no la prueba tras terminarla.\" \/>\n<meta property=\"og:url\" content=\"https:\/\/www.blogdelaautoescuela.com\/blog\/en-sevilla-finalmente-si-se-informara-del-resultado-del-examen-practico-tras-la-prueba\/\" \/>\n<meta property=\"og:site_name\" content=\"Blog de la autoescuela\" \/>\n<meta property=\"article:author\" content=\"https:\/\/www.facebook.com\/blogdelaautoescuela\" \/>\n<meta property=\"article:published_time\" content=\"2010-05-06T08:26:46+00:00\" \/>\n<meta property=\"og:image\" content=\"https:\/\/www.blogdelaautoescuela.com\/blog\/wp-content\/uploads\/2010\/05\/volante1.jpg\" \/>\n\t<meta property=\"og:image:width\" content=\"400\" \/>\n\t<meta property=\"og:image:height\" content=\"258\" \/>\n\t<meta property=\"og:image:type\" content=\"image\/jpeg\" \/>\n<meta name=\"author\" content=\"usr_blogauto\" \/>\n<meta name=\"twitter:label1\" content=\"Escrito por\" \/>\n\t<meta name=\"twitter:data1\" content=\"usr_blogauto\" \/>\n\t<meta name=\"twitter:label2\" content=\"Tiempo de lectura\" \/>\n\t<meta name=\"twitter:data2\" content=\"1 minuto\" \/>\n<script type=\"application\/ld+json\" class=\"yoast-schema-graph\">{\"@context\":\"https:\/\/schema.org\",\"@graph\":[{\"@type\":\"WebPage\",\"@id\":\"https:\/\/www.blogdelaautoescuela.com\/blog\/en-sevilla-finalmente-si-se-informara-del-resultado-del-examen-practico-tras-la-prueba\/\",\"url\":\"https:\/\/www.blogdelaautoescuela.com\/blog\/en-sevilla-finalmente-si-se-informara-del-resultado-del-examen-practico-tras-la-prueba\/\",\"name\":\"En Sevilla finalmente s\u00ed\u00ad se informar\u00e1 del resultado del examen pr\u00e1ctico tras la prueba\",\"isPartOf\":{\"@id\":\"https:\/\/www.blogdelaautoescuela.com\/blog\/#website\"},\"primaryImageOfPage\":{\"@id\":\"https:\/\/www.blogdelaautoescuela.com\/blog\/en-sevilla-finalmente-si-se-informara-del-resultado-del-examen-practico-tras-la-prueba\/#primaryimage\"},\"image\":{\"@id\":\"https:\/\/www.blogdelaautoescuela.com\/blog\/en-sevilla-finalmente-si-se-informara-del-resultado-del-examen-practico-tras-la-prueba\/#primaryimage\"},\"thumbnailUrl\":\"https:\/\/www.blogdelaautoescuela.com\/blog\/wp-content\/uploads\/2010\/05\/volante1.jpg\",\"datePublished\":\"2010-05-06T08:26:46+00:00\",\"author\":{\"@id\":\"https:\/\/www.blogdelaautoescuela.com\/blog\/#\/schema\/person\/f209a64ca5dfe74b9acb6317240e792f\"},\"description\":\"En Sevilla finalmente s\u00ed\u00ad se seguir\u00e1 informando a los alumnos que se examinan del pr\u00e1ctico de si han aprobado o no la prueba tras terminarla.\",\"breadcrumb\":{\"@id\":\"https:\/\/www.blogdelaautoescuela.com\/blog\/en-sevilla-finalmente-si-se-informara-del-resultado-del-examen-practico-tras-la-prueba\/#breadcrumb\"},\"inLanguage\":\"es\",\"potentialAction\":[{\"@type\":\"ReadAction\",\"target\":[\"https:\/\/www.blogdelaautoescuela.com\/blog\/en-sevilla-finalmente-si-se-informara-del-resultado-del-examen-practico-tras-la-prueba\/\"]}]},{\"@type\":\"ImageObject\",\"inLanguage\":\"es\",\"@id\":\"https:\/\/www.blogdelaautoescuela.com\/blog\/en-sevilla-finalmente-si-se-informara-del-resultado-del-examen-practico-tras-la-prueba\/#primaryimage\",\"url\":\"https:\/\/www.blogdelaautoescuela.com\/blog\/wp-content\/uploads\/2010\/05\/volante1.jpg\",\"contentUrl\":\"https:\/\/www.blogdelaautoescuela.com\/blog\/wp-content\/uploads\/2010\/05\/volante1.jpg\",\"width\":400,\"height\":258},{\"@type\":\"BreadcrumbList\",\"@id\":\"https:\/\/www.blogdelaautoescuela.com\/blog\/en-sevilla-finalmente-si-se-informara-del-resultado-del-examen-practico-tras-la-prueba\/#breadcrumb\",\"itemListElement\":[{\"@type\":\"ListItem\",\"position\":1,\"name\":\"Portada\",\"item\":\"https:\/\/www.blogdelaautoescuela.com\/blog\/\"},{\"@type\":\"ListItem\",\"position\":2,\"name\":\"En Sevilla finalmente s\u00ed\u00ad se informar\u00e1 del resultado del examen pr\u00e1ctico tras la prueba\"}]},{\"@type\":\"WebSite\",\"@id\":\"https:\/\/www.blogdelaautoescuela.com\/blog\/#website\",\"url\":\"https:\/\/www.blogdelaautoescuela.com\/blog\/\",\"name\":\"Blog de la autoescuela\",\"description\":\"Noticias sobre autoescuelas y seguridad vial\",\"potentialAction\":[{\"@type\":\"SearchAction\",\"target\":{\"@type\":\"EntryPoint\",\"urlTemplate\":\"https:\/\/www.blogdelaautoescuela.com\/blog\/?s={search_term_string}\"},\"query-input\":{\"@type\":\"PropertyValueSpecification\",\"valueRequired\":true,\"valueName\":\"search_term_string\"}}],\"inLanguage\":\"es\"},{\"@type\":\"Person\",\"@id\":\"https:\/\/www.blogdelaautoescuela.com\/blog\/#\/schema\/person\/f209a64ca5dfe74b9acb6317240e792f\",\"name\":\"usr_blogauto\",\"image\":{\"@type\":\"ImageObject\",\"inLanguage\":\"es\",\"@id\":\"https:\/\/www.blogdelaautoescuela.com\/blog\/#\/schema\/person\/image\/\",\"url\":\"https:\/\/secure.gravatar.com\/avatar\/d3939d4ea521ac8421c86d2980321cc9?s=96&d=mm&r=g\",\"contentUrl\":\"https:\/\/secure.gravatar.com\/avatar\/d3939d4ea521ac8421c86d2980321cc9?s=96&d=mm&r=g\",\"caption\":\"usr_blogauto\"},\"description\":\"Blog dedicado a la conducci\u00f3n, las autoescuelas y la seguridad vial. Est\u00e1 creado por un grupo de profesionales de la formaci\u00f3n vial que comparten inquietudes y experiencias. Aqu\u00ed\u00ad podr\u00e1s encontrar informaci\u00f3n variada sobre el d\u00ed\u00ada a d\u00ed\u00ada de la autoescuela, ex\u00e1menes, test o novedades y consejos para una conducci\u00f3n m\u00e1s segura.\",\"sameAs\":[\"http:\/\/www.blogdelaautoescuela.com\/\",\"https:\/\/www.facebook.com\/blogdelaautoescuela\",\"https:\/\/x.com\/autoescuelas\"],\"url\":\"https:\/\/www.blogdelaautoescuela.com\/blog\/author\/usr_blogauto\/\"}]}<\/script>\n<!-- \/ Yoast SEO plugin. -->","yoast_head_json":{"title":"En Sevilla finalmente s\u00ed\u00ad se informar\u00e1 del resultado del examen pr\u00e1ctico tras la prueba","description":"En Sevilla finalmente s\u00ed\u00ad se seguir\u00e1 informando a los alumnos que se examinan del pr\u00e1ctico de si han aprobado o no la prueba tras terminarla.","robots":{"index":"index","follow":"follow","max-snippet":"max-snippet:-1","max-image-preview":"max-image-preview:large","max-video-preview":"max-video-preview:-1"},"canonical":"https:\/\/www.blogdelaautoescuela.com\/blog\/en-sevilla-finalmente-si-se-informara-del-resultado-del-examen-practico-tras-la-prueba\/","og_locale":"es_ES","og_type":"article","og_title":"En Sevilla finalmente s\u00ed\u00ad se informar\u00e1 del resultado del examen pr\u00e1ctico tras la prueba","og_description":"En Sevilla finalmente s\u00ed\u00ad se seguir\u00e1 informando a los alumnos que se examinan del pr\u00e1ctico de si han aprobado o no la prueba tras terminarla.","og_url":"https:\/\/www.blogdelaautoescuela.com\/blog\/en-sevilla-finalmente-si-se-informara-del-resultado-del-examen-practico-tras-la-prueba\/","og_site_name":"Blog de la autoescuela","article_author":"https:\/\/www.facebook.com\/blogdelaautoescuela","article_published_time":"2010-05-06T08:26:46+00:00","og_image":[{"width":400,"height":258,"url":"https:\/\/www.blogdelaautoescuela.com\/blog\/wp-content\/uploads\/2010\/05\/volante1.jpg","type":"image\/jpeg"}],"author":"usr_blogauto","twitter_misc":{"Escrito por":"usr_blogauto","Tiempo de lectura":"1 minuto"},"schema":{"@context":"https:\/\/schema.org","@graph":[{"@type":"WebPage","@id":"https:\/\/www.blogdelaautoescuela.com\/blog\/en-sevilla-finalmente-si-se-informara-del-resultado-del-examen-practico-tras-la-prueba\/","url":"https:\/\/www.blogdelaautoescuela.com\/blog\/en-sevilla-finalmente-si-se-informara-del-resultado-del-examen-practico-tras-la-prueba\/","name":"En Sevilla finalmente s\u00ed\u00ad se informar\u00e1 del resultado del examen pr\u00e1ctico tras la prueba","isPartOf":{"@id":"https:\/\/www.blogdelaautoescuela.com\/blog\/#website"},"primaryImageOfPage":{"@id":"https:\/\/www.blogdelaautoescuela.com\/blog\/en-sevilla-finalmente-si-se-informara-del-resultado-del-examen-practico-tras-la-prueba\/#primaryimage"},"image":{"@id":"https:\/\/www.blogdelaautoescuela.com\/blog\/en-sevilla-finalmente-si-se-informara-del-resultado-del-examen-practico-tras-la-prueba\/#primaryimage"},"thumbnailUrl":"https:\/\/www.blogdelaautoescuela.com\/blog\/wp-content\/uploads\/2010\/05\/volante1.jpg","datePublished":"2010-05-06T08:26:46+00:00","author":{"@id":"https:\/\/www.blogdelaautoescuela.com\/blog\/#\/schema\/person\/f209a64ca5dfe74b9acb6317240e792f"},"description":"En Sevilla finalmente s\u00ed\u00ad se seguir\u00e1 informando a los alumnos que se examinan del pr\u00e1ctico de si han aprobado o no la prueba tras terminarla.","breadcrumb":{"@id":"https:\/\/www.blogdelaautoescuela.com\/blog\/en-sevilla-finalmente-si-se-informara-del-resultado-del-examen-practico-tras-la-prueba\/#breadcrumb"},"inLanguage":"es","potentialAction":[{"@type":"ReadAction","target":["https:\/\/www.blogdelaautoescuela.com\/blog\/en-sevilla-finalmente-si-se-informara-del-resultado-del-examen-practico-tras-la-prueba\/"]}]},{"@type":"ImageObject","inLanguage":"es","@id":"https:\/\/www.blogdelaautoescuela.com\/blog\/en-sevilla-finalmente-si-se-informara-del-resultado-del-examen-practico-tras-la-prueba\/#primaryimage","url":"https:\/\/www.blogdelaautoescuela.com\/blog\/wp-content\/uploads\/2010\/05\/volante1.jpg","contentUrl":"https:\/\/www.blogdelaautoescuela.com\/blog\/wp-content\/uploads\/2010\/05\/volante1.jpg","width":400,"height":258},{"@type":"BreadcrumbList","@id":"https:\/\/www.blogdelaautoescuela.com\/blog\/en-sevilla-finalmente-si-se-informara-del-resultado-del-examen-practico-tras-la-prueba\/#breadcrumb","itemListElement":[{"@type":"ListItem","position":1,"name":"Portada","item":"https:\/\/www.blogdelaautoescuela.com\/blog\/"},{"@type":"ListItem","position":2,"name":"En Sevilla finalmente s\u00ed\u00ad se informar\u00e1 del resultado del examen pr\u00e1ctico tras la prueba"}]},{"@type":"WebSite","@id":"https:\/\/www.blogdelaautoescuela.com\/blog\/#website","url":"https:\/\/www.blogdelaautoescuela.com\/blog\/","name":"Blog de la autoescuela","description":"Noticias sobre autoescuelas y seguridad vial","potentialAction":[{"@type":"SearchAction","target":{"@type":"EntryPoint","urlTemplate":"https:\/\/www.blogdelaautoescuela.com\/blog\/?s={search_term_string}"},"query-input":{"@type":"PropertyValueSpecification","valueRequired":true,"valueName":"search_term_string"}}],"inLanguage":"es"},{"@type":"Person","@id":"https:\/\/www.blogdelaautoescuela.com\/blog\/#\/schema\/person\/f209a64ca5dfe74b9acb6317240e792f","name":"usr_blogauto","image":{"@type":"ImageObject","inLanguage":"es","@id":"https:\/\/www.blogdelaautoescuela.com\/blog\/#\/schema\/person\/image\/","url":"https:\/\/secure.gravatar.com\/avatar\/d3939d4ea521ac8421c86d2980321cc9?s=96&d=mm&r=g","contentUrl":"https:\/\/secure.gravatar.com\/avatar\/d3939d4ea521ac8421c86d2980321cc9?s=96&d=mm&r=g","caption":"usr_blogauto"},"description":"Blog dedicado a la conducci\u00f3n, las autoescuelas y la seguridad vial. Est\u00e1 creado por un grupo de profesionales de la formaci\u00f3n vial que comparten inquietudes y experiencias. Aqu\u00ed\u00ad podr\u00e1s encontrar informaci\u00f3n variada sobre el d\u00ed\u00ada a d\u00ed\u00ada de la autoescuela, ex\u00e1menes, test o novedades y consejos para una conducci\u00f3n m\u00e1s segura.","sameAs":["http:\/\/www.blogdelaautoescuela.com\/","https:\/\/www.facebook.com\/blogdelaautoescuela","https:\/\/x.com\/autoescuelas"],"url":"https:\/\/www.blogdelaautoescuela.com\/blog\/author\/usr_blogauto\/"}]}},"jetpack_featured_media_url":"https:\/\/www.blogdelaautoescuela.com\/blog\/wp-content\/uploads\/2010\/05\/volante1.jpg","_links":{"self":[{"href":"https:\/\/www.blogdelaautoescuela.com\/blog\/wp-json\/wp\/v2\/posts\/4506","targetHints":{"allow":["GET"]}}],"collection":[{"href":"https:\/\/www.blogdelaautoescuela.com\/blog\/wp-json\/wp\/v2\/posts"}],"about":[{"href":"https:\/\/www.blogdelaautoescuela.com\/blog\/wp-json\/wp\/v2\/types\/post"}],"author":[{"embeddable":true,"href":"https:\/\/www.blogdelaautoescuela.com\/blog\/wp-json\/wp\/v2\/users\/1"}],"replies":[{"embeddable":true,"href":"https:\/\/www.blogdelaautoescuela.com\/blog\/wp-json\/wp\/v2\/comments?post=4506"}],"version-history":[{"count":0,"href":"https:\/\/www.blogdelaautoescuela.com\/blog\/wp-json\/wp\/v2\/posts\/4506\/revisions"}],"wp:featuredmedia":[{"embeddable":true,"href":"https:\/\/www.blogdelaautoescuela.com\/blog\/wp-json\/wp\/v2\/media\/4484"}],"wp:attachment":[{"href":"https:\/\/www.blogdelaautoescuela.com\/blog\/wp-json\/wp\/v2\/media?parent=4506"}],"wp:term":[{"taxonomy":"category","embeddable":true,"href":"https:\/\/www.blogdelaautoescuela.com\/blog\/wp-json\/wp\/v2\/categories?post=4506"},{"taxonomy":"post_tag","embeddable":true,"href":"https:\/\/www.blogdelaautoescuela.com\/blog\/wp-json\/wp\/v2\/tags?post=4506"}],"curies":[{"name":"wp","href":"https:\/\/api.w.org\/{rel}","templated":true}]}}