
{"id":4483,"date":"2010-05-05T10:20:47","date_gmt":"2010-05-05T08:20:47","guid":{"rendered":"http:\/\/www.blogdelaautoescuela.com\/blog\/?p=4483"},"modified":"2010-05-05T10:20:47","modified_gmt":"2010-05-05T08:20:47","slug":"en-sevilla-ya-no-se-informara-del-resultado-del-examen-practico-en-el-momento","status":"publish","type":"post","link":"https:\/\/www.blogdelaautoescuela.com\/blog\/en-sevilla-ya-no-se-informara-del-resultado-del-examen-practico-en-el-momento\/","title":{"rendered":"En Sevilla ya no se informar\u00e1 del resultado del examen pr\u00e1ctico en el momento"},"content":{"rendered":"<p style=\"text-align: center;\"><img loading=\"lazy\" decoding=\"async\" class=\"size-full wp-image-4484 aligncenter\" title=\"volante\" src=\"http:\/\/www.blogdelaautoescuela.com\/blog\/wp-content\/uploads\/2010\/05\/volante.jpg\" alt=\"volante\" width=\"400\" height=\"258\" \/><\/p>\n<p>Como ya hemos comentado en varias ocasiones <strong>los examinadores de tr\u00e1fico piden medidas para cambiar su situaci\u00f3n<\/strong>, ya que en muchas ocasiones se convierten en las <strong>v\u00ed\u00adctimas de sus examinados <\/strong>y se sienten totalmente desprotegidos ante ellos.<\/p>\n<p>Para protestar por esta situaci\u00f3n<a href=\"http:\/\/www.blogdelaautoescuela.com\/blog\/los-examidores-de-trafico-de-toda-espana-se-concentran-para-protestar-por-su-situacion\/\"> los examinadores de toda Espa\u00f1a se han concentrado y piden que sean considerados como autoridad<\/a>, para que de este modo las agresiones que sufren se castiguen con m\u00e1s dureza y los alumnos se lo piensen dos veces antes de agredirlos.<\/p>\n<p>Hoy se pondr\u00e1 en marcha en<strong> Sevilla<\/strong> una medida para intentar poner fin a estas agresiones, <strong>el resultado del examen pr\u00e1ctico de conducir ya no se dar\u00e1 en el momento de terminar la prueba<\/strong>, ni al alumno que se ha examinado ni al profesor, sino que al terminar la jornada los examinadores har\u00e1n entrega de las calificaciones y la documentaci\u00f3n en la Jefatura Provincial de Tr\u00e1fico, donde a partir de las 15 horas los responsables de las autoescuelas podr\u00e1n comprobar si sus alumnos han superado o no la prueba.<\/p>\n<p>Seg\u00fan ha explicado<strong> Joaqu\u00ed\u00adn Jim\u00e9nez, presidente de la Asociaci\u00f3n Nacional de Examinadores de Tr\u00e1fico (Asextra)<\/strong>, <em>&#8220;Creemos que es una buena medida de prevenci\u00f3n para as\u00ed\u00ad evitar la reacci\u00f3n en caliente del alumno cuando le dices que ha suspendido&#8221;<\/em><\/p>\n<p>Aunque <strong>de momento esta medida s\u00f3lo se pone hoy en marcha en Sevilla se espera que se generalice en toda Espa\u00f1a<\/strong> y esperemos que no sea necesario tener que volver a informar de agresiones sufridas por los examinadores de tr\u00e1fico por parte de los aspirantes a conductores que examinan.<\/p>\n","protected":false},"excerpt":{"rendered":"<p>Como ya hemos comentado en varias ocasiones los examinadores de tr\u00e1fico piden medidas para cambiar su situaci\u00f3n, ya que en muchas ocasiones se convierten en las v\u00ed\u00adctimas de sus examinados y se sienten totalmente desprotegidos ante ellos. Para protestar por esta situaci\u00f3n los examinadores de toda Espa\u00f1a se han concentrado y piden que sean considerados [&hellip;]<\/p>\n","protected":false},"author":1,"featured_media":4484,"comment_status":"open","ping_status":"closed","sticky":false,"template":"","format":"standard","meta":{"footnotes":"","jetpack_publicize_message":"","jetpack_publicize_feature_enabled":true,"jetpack_social_post_already_shared":false,"jetpack_social_options":{"image_generator_settings":{"template":"highway","enabled":false},"version":2}},"categories":[3,12],"tags":[1664,590,599],"class_list":["post-4483","post","type-post","status-publish","format-standard","has-post-thumbnail","hentry","category-autoescuela","category-noticias","tag-autoescuela","tag-examen","tag-examinadores-de-trafico"],"wppr_data":[],"jetpack_publicize_connections":[],"yoast_head":"<!-- This site is optimized with the Yoast SEO plugin v24.7 - https:\/\/yoast.com\/wordpress\/plugins\/seo\/ -->\n<title>En Sevilla ya no se informar\u00e1 del resultado del examen pr\u00e1ctico en el momento<\/title>\n<meta name=\"description\" content=\"en Sevilla para intentar poner fin a estas agresiones, el resultado del examen pr\u00e1ctico de conducir ya no se dar\u00e1 en el momento de terminar la prueba\" \/>\n<meta name=\"robots\" content=\"index, follow, max-snippet:-1, max-image-preview:large, max-video-preview:-1\" \/>\n<link rel=\"canonical\" href=\"https:\/\/www.blogdelaautoescuela.com\/blog\/en-sevilla-ya-no-se-informara-del-resultado-del-examen-practico-en-el-momento\/\" \/>\n<meta property=\"og:locale\" content=\"es_ES\" \/>\n<meta property=\"og:type\" content=\"article\" \/>\n<meta property=\"og:title\" content=\"En Sevilla ya no se informar\u00e1 del resultado del examen pr\u00e1ctico en el momento\" \/>\n<meta property=\"og:description\" content=\"en Sevilla para intentar poner fin a estas agresiones, el resultado del examen pr\u00e1ctico de conducir ya no se dar\u00e1 en el momento de terminar la prueba\" \/>\n<meta property=\"og:url\" content=\"https:\/\/www.blogdelaautoescuela.com\/blog\/en-sevilla-ya-no-se-informara-del-resultado-del-examen-practico-en-el-momento\/\" \/>\n<meta property=\"og:site_name\" content=\"Blog de la autoescuela\" \/>\n<meta property=\"article:author\" content=\"https:\/\/www.facebook.com\/blogdelaautoescuela\" \/>\n<meta property=\"article:published_time\" content=\"2010-05-05T08:20:47+00:00\" \/>\n<meta property=\"og:image\" content=\"https:\/\/www.blogdelaautoescuela.com\/blog\/wp-content\/uploads\/2010\/05\/volante1.jpg\" \/>\n\t<meta property=\"og:image:width\" content=\"400\" \/>\n\t<meta property=\"og:image:height\" content=\"258\" \/>\n\t<meta property=\"og:image:type\" content=\"image\/jpeg\" \/>\n<meta name=\"author\" content=\"usr_blogauto\" \/>\n<meta name=\"twitter:label1\" content=\"Escrito por\" \/>\n\t<meta name=\"twitter:data1\" content=\"usr_blogauto\" \/>\n\t<meta name=\"twitter:label2\" content=\"Tiempo de lectura\" \/>\n\t<meta name=\"twitter:data2\" content=\"1 minuto\" \/>\n<script type=\"application\/ld+json\" class=\"yoast-schema-graph\">{\"@context\":\"https:\/\/schema.org\",\"@graph\":[{\"@type\":\"WebPage\",\"@id\":\"https:\/\/www.blogdelaautoescuela.com\/blog\/en-sevilla-ya-no-se-informara-del-resultado-del-examen-practico-en-el-momento\/\",\"url\":\"https:\/\/www.blogdelaautoescuela.com\/blog\/en-sevilla-ya-no-se-informara-del-resultado-del-examen-practico-en-el-momento\/\",\"name\":\"En Sevilla ya no se informar\u00e1 del resultado del examen pr\u00e1ctico en el momento\",\"isPartOf\":{\"@id\":\"https:\/\/www.blogdelaautoescuela.com\/blog\/#website\"},\"primaryImageOfPage\":{\"@id\":\"https:\/\/www.blogdelaautoescuela.com\/blog\/en-sevilla-ya-no-se-informara-del-resultado-del-examen-practico-en-el-momento\/#primaryimage\"},\"image\":{\"@id\":\"https:\/\/www.blogdelaautoescuela.com\/blog\/en-sevilla-ya-no-se-informara-del-resultado-del-examen-practico-en-el-momento\/#primaryimage\"},\"thumbnailUrl\":\"https:\/\/www.blogdelaautoescuela.com\/blog\/wp-content\/uploads\/2010\/05\/volante1.jpg\",\"datePublished\":\"2010-05-05T08:20:47+00:00\",\"author\":{\"@id\":\"https:\/\/www.blogdelaautoescuela.com\/blog\/#\/schema\/person\/f209a64ca5dfe74b9acb6317240e792f\"},\"description\":\"en Sevilla para intentar poner fin a estas agresiones, el resultado del examen pr\u00e1ctico de conducir ya no se dar\u00e1 en el momento de terminar la prueba\",\"breadcrumb\":{\"@id\":\"https:\/\/www.blogdelaautoescuela.com\/blog\/en-sevilla-ya-no-se-informara-del-resultado-del-examen-practico-en-el-momento\/#breadcrumb\"},\"inLanguage\":\"es\",\"potentialAction\":[{\"@type\":\"ReadAction\",\"target\":[\"https:\/\/www.blogdelaautoescuela.com\/blog\/en-sevilla-ya-no-se-informara-del-resultado-del-examen-practico-en-el-momento\/\"]}]},{\"@type\":\"ImageObject\",\"inLanguage\":\"es\",\"@id\":\"https:\/\/www.blogdelaautoescuela.com\/blog\/en-sevilla-ya-no-se-informara-del-resultado-del-examen-practico-en-el-momento\/#primaryimage\",\"url\":\"https:\/\/www.blogdelaautoescuela.com\/blog\/wp-content\/uploads\/2010\/05\/volante1.jpg\",\"contentUrl\":\"https:\/\/www.blogdelaautoescuela.com\/blog\/wp-content\/uploads\/2010\/05\/volante1.jpg\",\"width\":400,\"height\":258},{\"@type\":\"BreadcrumbList\",\"@id\":\"https:\/\/www.blogdelaautoescuela.com\/blog\/en-sevilla-ya-no-se-informara-del-resultado-del-examen-practico-en-el-momento\/#breadcrumb\",\"itemListElement\":[{\"@type\":\"ListItem\",\"position\":1,\"name\":\"Portada\",\"item\":\"https:\/\/www.blogdelaautoescuela.com\/blog\/\"},{\"@type\":\"ListItem\",\"position\":2,\"name\":\"En Sevilla ya no se informar\u00e1 del resultado del examen pr\u00e1ctico en el momento\"}]},{\"@type\":\"WebSite\",\"@id\":\"https:\/\/www.blogdelaautoescuela.com\/blog\/#website\",\"url\":\"https:\/\/www.blogdelaautoescuela.com\/blog\/\",\"name\":\"Blog de la autoescuela\",\"description\":\"Noticias sobre autoescuelas y seguridad vial\",\"potentialAction\":[{\"@type\":\"SearchAction\",\"target\":{\"@type\":\"EntryPoint\",\"urlTemplate\":\"https:\/\/www.blogdelaautoescuela.com\/blog\/?s={search_term_string}\"},\"query-input\":{\"@type\":\"PropertyValueSpecification\",\"valueRequired\":true,\"valueName\":\"search_term_string\"}}],\"inLanguage\":\"es\"},{\"@type\":\"Person\",\"@id\":\"https:\/\/www.blogdelaautoescuela.com\/blog\/#\/schema\/person\/f209a64ca5dfe74b9acb6317240e792f\",\"name\":\"usr_blogauto\",\"image\":{\"@type\":\"ImageObject\",\"inLanguage\":\"es\",\"@id\":\"https:\/\/www.blogdelaautoescuela.com\/blog\/#\/schema\/person\/image\/\",\"url\":\"https:\/\/secure.gravatar.com\/avatar\/d3939d4ea521ac8421c86d2980321cc9?s=96&d=mm&r=g\",\"contentUrl\":\"https:\/\/secure.gravatar.com\/avatar\/d3939d4ea521ac8421c86d2980321cc9?s=96&d=mm&r=g\",\"caption\":\"usr_blogauto\"},\"description\":\"Blog dedicado a la conducci\u00f3n, las autoescuelas y la seguridad vial. Est\u00e1 creado por un grupo de profesionales de la formaci\u00f3n vial que comparten inquietudes y experiencias. Aqu\u00ed\u00ad podr\u00e1s encontrar informaci\u00f3n variada sobre el d\u00ed\u00ada a d\u00ed\u00ada de la autoescuela, ex\u00e1menes, test o novedades y consejos para una conducci\u00f3n m\u00e1s segura.\",\"sameAs\":[\"http:\/\/www.blogdelaautoescuela.com\/\",\"https:\/\/www.facebook.com\/blogdelaautoescuela\",\"https:\/\/x.com\/autoescuelas\"],\"url\":\"https:\/\/www.blogdelaautoescuela.com\/blog\/author\/usr_blogauto\/\"}]}<\/script>\n<!-- \/ Yoast SEO plugin. -->","yoast_head_json":{"title":"En Sevilla ya no se informar\u00e1 del resultado del examen pr\u00e1ctico en el momento","description":"en Sevilla para intentar poner fin a estas agresiones, el resultado del examen pr\u00e1ctico de conducir ya no se dar\u00e1 en el momento de terminar la prueba","robots":{"index":"index","follow":"follow","max-snippet":"max-snippet:-1","max-image-preview":"max-image-preview:large","max-video-preview":"max-video-preview:-1"},"canonical":"https:\/\/www.blogdelaautoescuela.com\/blog\/en-sevilla-ya-no-se-informara-del-resultado-del-examen-practico-en-el-momento\/","og_locale":"es_ES","og_type":"article","og_title":"En Sevilla ya no se informar\u00e1 del resultado del examen pr\u00e1ctico en el momento","og_description":"en Sevilla para intentar poner fin a estas agresiones, el resultado del examen pr\u00e1ctico de conducir ya no se dar\u00e1 en el momento de terminar la prueba","og_url":"https:\/\/www.blogdelaautoescuela.com\/blog\/en-sevilla-ya-no-se-informara-del-resultado-del-examen-practico-en-el-momento\/","og_site_name":"Blog de la autoescuela","article_author":"https:\/\/www.facebook.com\/blogdelaautoescuela","article_published_time":"2010-05-05T08:20:47+00:00","og_image":[{"width":400,"height":258,"url":"https:\/\/www.blogdelaautoescuela.com\/blog\/wp-content\/uploads\/2010\/05\/volante1.jpg","type":"image\/jpeg"}],"author":"usr_blogauto","twitter_misc":{"Escrito por":"usr_blogauto","Tiempo de lectura":"1 minuto"},"schema":{"@context":"https:\/\/schema.org","@graph":[{"@type":"WebPage","@id":"https:\/\/www.blogdelaautoescuela.com\/blog\/en-sevilla-ya-no-se-informara-del-resultado-del-examen-practico-en-el-momento\/","url":"https:\/\/www.blogdelaautoescuela.com\/blog\/en-sevilla-ya-no-se-informara-del-resultado-del-examen-practico-en-el-momento\/","name":"En Sevilla ya no se informar\u00e1 del resultado del examen pr\u00e1ctico en el momento","isPartOf":{"@id":"https:\/\/www.blogdelaautoescuela.com\/blog\/#website"},"primaryImageOfPage":{"@id":"https:\/\/www.blogdelaautoescuela.com\/blog\/en-sevilla-ya-no-se-informara-del-resultado-del-examen-practico-en-el-momento\/#primaryimage"},"image":{"@id":"https:\/\/www.blogdelaautoescuela.com\/blog\/en-sevilla-ya-no-se-informara-del-resultado-del-examen-practico-en-el-momento\/#primaryimage"},"thumbnailUrl":"https:\/\/www.blogdelaautoescuela.com\/blog\/wp-content\/uploads\/2010\/05\/volante1.jpg","datePublished":"2010-05-05T08:20:47+00:00","author":{"@id":"https:\/\/www.blogdelaautoescuela.com\/blog\/#\/schema\/person\/f209a64ca5dfe74b9acb6317240e792f"},"description":"en Sevilla para intentar poner fin a estas agresiones, el resultado del examen pr\u00e1ctico de conducir ya no se dar\u00e1 en el momento de terminar la prueba","breadcrumb":{"@id":"https:\/\/www.blogdelaautoescuela.com\/blog\/en-sevilla-ya-no-se-informara-del-resultado-del-examen-practico-en-el-momento\/#breadcrumb"},"inLanguage":"es","potentialAction":[{"@type":"ReadAction","target":["https:\/\/www.blogdelaautoescuela.com\/blog\/en-sevilla-ya-no-se-informara-del-resultado-del-examen-practico-en-el-momento\/"]}]},{"@type":"ImageObject","inLanguage":"es","@id":"https:\/\/www.blogdelaautoescuela.com\/blog\/en-sevilla-ya-no-se-informara-del-resultado-del-examen-practico-en-el-momento\/#primaryimage","url":"https:\/\/www.blogdelaautoescuela.com\/blog\/wp-content\/uploads\/2010\/05\/volante1.jpg","contentUrl":"https:\/\/www.blogdelaautoescuela.com\/blog\/wp-content\/uploads\/2010\/05\/volante1.jpg","width":400,"height":258},{"@type":"BreadcrumbList","@id":"https:\/\/www.blogdelaautoescuela.com\/blog\/en-sevilla-ya-no-se-informara-del-resultado-del-examen-practico-en-el-momento\/#breadcrumb","itemListElement":[{"@type":"ListItem","position":1,"name":"Portada","item":"https:\/\/www.blogdelaautoescuela.com\/blog\/"},{"@type":"ListItem","position":2,"name":"En Sevilla ya no se informar\u00e1 del resultado del examen pr\u00e1ctico en el momento"}]},{"@type":"WebSite","@id":"https:\/\/www.blogdelaautoescuela.com\/blog\/#website","url":"https:\/\/www.blogdelaautoescuela.com\/blog\/","name":"Blog de la autoescuela","description":"Noticias sobre autoescuelas y seguridad vial","potentialAction":[{"@type":"SearchAction","target":{"@type":"EntryPoint","urlTemplate":"https:\/\/www.blogdelaautoescuela.com\/blog\/?s={search_term_string}"},"query-input":{"@type":"PropertyValueSpecification","valueRequired":true,"valueName":"search_term_string"}}],"inLanguage":"es"},{"@type":"Person","@id":"https:\/\/www.blogdelaautoescuela.com\/blog\/#\/schema\/person\/f209a64ca5dfe74b9acb6317240e792f","name":"usr_blogauto","image":{"@type":"ImageObject","inLanguage":"es","@id":"https:\/\/www.blogdelaautoescuela.com\/blog\/#\/schema\/person\/image\/","url":"https:\/\/secure.gravatar.com\/avatar\/d3939d4ea521ac8421c86d2980321cc9?s=96&d=mm&r=g","contentUrl":"https:\/\/secure.gravatar.com\/avatar\/d3939d4ea521ac8421c86d2980321cc9?s=96&d=mm&r=g","caption":"usr_blogauto"},"description":"Blog dedicado a la conducci\u00f3n, las autoescuelas y la seguridad vial. Est\u00e1 creado por un grupo de profesionales de la formaci\u00f3n vial que comparten inquietudes y experiencias. Aqu\u00ed\u00ad podr\u00e1s encontrar informaci\u00f3n variada sobre el d\u00ed\u00ada a d\u00ed\u00ada de la autoescuela, ex\u00e1menes, test o novedades y consejos para una conducci\u00f3n m\u00e1s segura.","sameAs":["http:\/\/www.blogdelaautoescuela.com\/","https:\/\/www.facebook.com\/blogdelaautoescuela","https:\/\/x.com\/autoescuelas"],"url":"https:\/\/www.blogdelaautoescuela.com\/blog\/author\/usr_blogauto\/"}]}},"jetpack_featured_media_url":"https:\/\/www.blogdelaautoescuela.com\/blog\/wp-content\/uploads\/2010\/05\/volante1.jpg","_links":{"self":[{"href":"https:\/\/www.blogdelaautoescuela.com\/blog\/wp-json\/wp\/v2\/posts\/4483","targetHints":{"allow":["GET"]}}],"collection":[{"href":"https:\/\/www.blogdelaautoescuela.com\/blog\/wp-json\/wp\/v2\/posts"}],"about":[{"href":"https:\/\/www.blogdelaautoescuela.com\/blog\/wp-json\/wp\/v2\/types\/post"}],"author":[{"embeddable":true,"href":"https:\/\/www.blogdelaautoescuela.com\/blog\/wp-json\/wp\/v2\/users\/1"}],"replies":[{"embeddable":true,"href":"https:\/\/www.blogdelaautoescuela.com\/blog\/wp-json\/wp\/v2\/comments?post=4483"}],"version-history":[{"count":0,"href":"https:\/\/www.blogdelaautoescuela.com\/blog\/wp-json\/wp\/v2\/posts\/4483\/revisions"}],"wp:featuredmedia":[{"embeddable":true,"href":"https:\/\/www.blogdelaautoescuela.com\/blog\/wp-json\/wp\/v2\/media\/4484"}],"wp:attachment":[{"href":"https:\/\/www.blogdelaautoescuela.com\/blog\/wp-json\/wp\/v2\/media?parent=4483"}],"wp:term":[{"taxonomy":"category","embeddable":true,"href":"https:\/\/www.blogdelaautoescuela.com\/blog\/wp-json\/wp\/v2\/categories?post=4483"},{"taxonomy":"post_tag","embeddable":true,"href":"https:\/\/www.blogdelaautoescuela.com\/blog\/wp-json\/wp\/v2\/tags?post=4483"}],"curies":[{"name":"wp","href":"https:\/\/api.w.org\/{rel}","templated":true}]}}